{"id":68266,"date":"2024-02-07T15:48:30","date_gmt":"2024-02-07T20:48:30","guid":{"rendered":"https:\/\/luchonoticias.com\/?p=68266"},"modified":"2024-02-07T15:48:32","modified_gmt":"2024-02-07T20:48:32","slug":"el-huila-se-alista-para-anato-2024","status":"publish","type":"post","link":"https:\/\/luchonoticias.com\/editor\/el-huila-se-alista-para-anato-2024\/","title":{"rendered":"El Huila se alista para Anato 2024"},"content":{"rendered":"\n<p>Con el objetivo de consolidar al Huila como un destino tur\u00edstico integral, la gobernaci\u00f3n del Huila a trav\u00e9s de la Secretar\u00eda de Desarrollo Econ\u00f3mico y Turismo ha dise\u00f1ado estrat\u00e9gicamente diferentes espacios para satisfacer las expectativas de los diversos actores del turismo presentes en la feria.<\/p>\n\n\n\n<p>Son varios los espacios que se tendr\u00e1n para que los visitantes conozcan toda la oferta tur\u00edstica de nuestro departamento, as\u00ed lo dio a conocer el secretario de Desarrollo Econ\u00f3mico y Turismo, Ricardo Vera Torres, \u201cHemos dise\u00f1ado diferentes espacios que nos permita atender cada una de las expectativas de los actores del turismo, lo primero es entender que Anato es un espacio comercial donde van a estar las diferentes agencias mayoristas y minoristas con un menor p\u00fablico que tambien atienden el turismo, donde la finalidad de todo esto es articularnos de muy buena manera con las agencias, para eso lo primero que dise\u00f1amos un stand que est\u00e1 estructurado entorno a experiencias y va a ser una sala de ventas\u201d.<\/p>\n\n\n\n<p><strong>Stand de Experiencias y Sala de Ventas:<\/strong><\/p>\n\n\n\n<p>Para optimizar la interacci\u00f3n con agencias mayoristas y minoristas, se ha creado un stand en torno a experiencias, que funcionar\u00e1 simult\u00e1neamente como sala de ventas. Este espacio acoger\u00e1 a representantes de los 37 municipios, ofreciendo una plataforma para la promoci\u00f3n de destinos locales y servicios tur\u00edsticos.<\/p>\n\n\n\n<p><strong>Sal\u00f3n de Reuniones para Ruedas de Negocios:<\/strong><\/p>\n\n\n\n<p>Adicionalmente, contaremos con un sal\u00f3n dedicado exclusivamente a reuniones y ruedas de negocios. A trav\u00e9s de convocatorias e invitaciones personalizadas mediante correos electr\u00f3nicos, cartas y llamadas, se busca fortalecer la conexi\u00f3n con agencias y operadores tur\u00edsticos interesados en participar en Anato.<\/p>\n\n\n\n<p><strong>Eventos Destacados en las Tarimas:<\/strong><\/p>\n\n\n\n<p>En las tarimas de nuestro espacio, destacaremos dos eventos importantes. En primer lugar, presentaremos el Festival del Bambuco San Juan y San Pedro, una muestra aut\u00e9ntica de nuestra riqueza cultural. Adem\u00e1s, en colaboraci\u00f3n con la Secretar\u00eda de Cultura, celebraremos el 9\u00ba Encuentro Iberoamericano de Turismo Rural Comunitario.<\/p>\n\n\n\n<p><strong>Convocatorias Abiertas para agencias, destinos y operadores<\/strong><\/p>\n\n\n\n<p>Para aquellas, agencias, destinos y operadores tur\u00edsticos interesados en hacer parte de los eventos y presentaciones, est\u00e1 abierta las convocatorias que estar\u00e1n disponibles desde hoy hasta el pr\u00f3ximo domingo 11 de febrero a las 4 de la tarde. Agencias, destinos y operadores pueden inscribirse a trav\u00e9s del siguiente enlace:<\/p>\n\n\n\n<p><a href=\"https:\/\/www.huila.gov.co\/productividad-competitividad\/publicaciones\/14650\/convocatoria-de-participacion-en-los-espacios-para-huila-un-paraiso-por-descubrir-en-la-vitrina-turistica-de-anato-colombia-abierta-al-mundo\/\">https:\/\/www.huila.gov.co\/productividad-competitividad\/publicaciones\/14650\/convocatoria-de-participacion-en-los-espacios-para-huila-un-paraiso-por-descubrir-en-la-vitrina-turistica-de-anato-colombia-abierta-al-mundo\/<\/a><\/p>\n","protected":false},"excerpt":{"rendered":"<p>Con el objetivo de consolidar al Huila como un destino tur\u00edstico integral, la gobernaci\u00f3n del Huila a trav\u00e9s de la Secretar\u00eda de Desarrollo Econ\u00f3mico y Turismo ha dise\u00f1ado estrat\u00e9gicamente diferentes espacios para satisfacer las expectativas de los diversos actores del turismo presentes en la feria. Son varios los espacios que se tendr\u00e1n para que los [&hellip;]<\/p>\n","protected":false},"author":2,"featured_media":0,"comment_status":"open","ping_status":"open","sticky":false,"template":"","format":"standard","meta":{"footnotes":""},"categories":[36,35],"tags":[],"class_list":["post-68266","post","type-post","status-publish","format-standard","hentry","category-destacado","category-regional"],"yoast_head":"<!-- This site is optimized with the Yoast SEO plugin v26.6 - https:\/\/yoast.com\/wordpress\/plugins\/seo\/ -->\n<title>El Huila se alista para Anato 2024 -<\/title>\n<meta name=\"robots\" content=\"index, follow, max-snippet:-1, max-image-preview:large, max-video-preview:-1\" \/>\n<link rel=\"canonical\" href=\"https:\/\/luchonoticias.com\/editor\/el-huila-se-alista-para-anato-2024\/\" \/>\n<meta property=\"og:locale\" content=\"es_ES\" \/>\n<meta property=\"og:type\" content=\"article\" \/>\n<meta property=\"og:title\" content=\"El Huila se alista para Anato 2024 -\" \/>\n<meta property=\"og:url\" content=\"https:\/\/luchonoticias.com\/editor\/el-huila-se-alista-para-anato-2024\/\" \/>\n<meta property=\"article:publisher\" content=\"https:\/\/www.facebook.com\/luchonoticiasneiva\" \/>\n<meta property=\"article:published_time\" content=\"2024-02-07T20:48:30+00:00\" \/>\n<meta property=\"article:modified_time\" content=\"2024-02-07T20:48:32+00:00\" \/>\n<meta name=\"author\" content=\"Editor General\" \/>\n<meta name=\"twitter:card\" content=\"summary_large_image\" \/>\n<meta name=\"twitter:label1\" content=\"Escrito por\" \/>\n\t<meta name=\"twitter:data1\" content=\"Editor General\" \/>\n\t<meta name=\"twitter:label2\" content=\"Tiempo de lectura\" \/>\n\t<meta name=\"twitter:data2\" content=\"2 minutos\" \/>\n<script type=\"application\/ld+json\" class=\"yoast-schema-graph\">{\"@context\":\"https:\/\/schema.org\",\"@graph\":[{\"@type\":\"Article\",\"@id\":\"https:\/\/luchonoticias.com\/editor\/el-huila-se-alista-para-anato-2024\/#article\",\"isPartOf\":{\"@id\":\"https:\/\/luchonoticias.com\/editor\/el-huila-se-alista-para-anato-2024\/\"},\"author\":{\"name\":\"Editor General\",\"@id\":\"https:\/\/luchonoticias.com\/editor\/#\/schema\/person\/29217990ddf6f14e35912b2866d591fb\"},\"headline\":\"El Huila se alista para Anato 2024\",\"datePublished\":\"2024-02-07T20:48:30+00:00\",\"dateModified\":\"2024-02-07T20:48:32+00:00\",\"mainEntityOfPage\":{\"@id\":\"https:\/\/luchonoticias.com\/editor\/el-huila-se-alista-para-anato-2024\/\"},\"wordCount\":413,\"commentCount\":0,\"publisher\":{\"@id\":\"https:\/\/luchonoticias.com\/editor\/#\/schema\/person\/7a7fd911f58561fd056dbac7b55af9cd\"},\"articleSection\":[\"Destacado\",\"Regional\"],\"inLanguage\":\"es\",\"potentialAction\":[{\"@type\":\"CommentAction\",\"name\":\"Comment\",\"target\":[\"https:\/\/luchonoticias.com\/editor\/el-huila-se-alista-para-anato-2024\/#respond\"]}]},{\"@type\":\"WebPage\",\"@id\":\"https:\/\/luchonoticias.com\/editor\/el-huila-se-alista-para-anato-2024\/\",\"url\":\"https:\/\/luchonoticias.com\/editor\/el-huila-se-alista-para-anato-2024\/\",\"name\":\"El Huila se alista para Anato 2024 -\",\"isPartOf\":{\"@id\":\"https:\/\/luchonoticias.com\/editor\/#website\"},\"datePublished\":\"2024-02-07T20:48:30+00:00\",\"dateModified\":\"2024-02-07T20:48:32+00:00\",\"breadcrumb\":{\"@id\":\"https:\/\/luchonoticias.com\/editor\/el-huila-se-alista-para-anato-2024\/#breadcrumb\"},\"inLanguage\":\"es\",\"potentialAction\":[{\"@type\":\"ReadAction\",\"target\":[\"https:\/\/luchonoticias.com\/editor\/el-huila-se-alista-para-anato-2024\/\"]}]},{\"@type\":\"BreadcrumbList\",\"@id\":\"https:\/\/luchonoticias.com\/editor\/el-huila-se-alista-para-anato-2024\/#breadcrumb\",\"itemListElement\":[{\"@type\":\"ListItem\",\"position\":1,\"name\":\"Portada\",\"item\":\"https:\/\/luchonoticias.com\/editor\/\"},{\"@type\":\"ListItem\",\"position\":2,\"name\":\"El Huila se alista para Anato 2024\"}]},{\"@type\":\"WebSite\",\"@id\":\"https:\/\/luchonoticias.com\/editor\/#website\",\"url\":\"https:\/\/luchonoticias.com\/editor\/\",\"name\":\"\",\"description\":\"\",\"publisher\":{\"@id\":\"https:\/\/luchonoticias.com\/editor\/#\/schema\/person\/7a7fd911f58561fd056dbac7b55af9cd\"},\"potentialAction\":[{\"@type\":\"SearchAction\",\"target\":{\"@type\":\"EntryPoint\",\"urlTemplate\":\"https:\/\/luchonoticias.com\/editor\/?s={search_term_string}\"},\"query-input\":{\"@type\":\"PropertyValueSpecification\",\"valueRequired\":true,\"valueName\":\"search_term_string\"}}],\"inLanguage\":\"es\"},{\"@type\":[\"Person\",\"Organization\"],\"@id\":\"https:\/\/luchonoticias.com\/editor\/#\/schema\/person\/7a7fd911f58561fd056dbac7b55af9cd\",\"name\":\"admin\",\"image\":{\"@type\":\"ImageObject\",\"inLanguage\":\"es\",\"@id\":\"https:\/\/luchonoticias.com\/editor\/#\/schema\/person\/image\/\",\"url\":\"https:\/\/luchonoticias.com\/editor\/wp-content\/uploads\/2024\/02\/cropped-cropped-logolu.webp\",\"contentUrl\":\"https:\/\/luchonoticias.com\/editor\/wp-content\/uploads\/2024\/02\/cropped-cropped-logolu.webp\",\"width\":382,\"height\":170,\"caption\":\"admin\"},\"logo\":{\"@id\":\"https:\/\/luchonoticias.com\/editor\/#\/schema\/person\/image\/\"},\"sameAs\":[\"https:\/\/www.facebook.com\/luchonoticiasneiva\"]},{\"@type\":\"Person\",\"@id\":\"https:\/\/luchonoticias.com\/editor\/#\/schema\/person\/29217990ddf6f14e35912b2866d591fb\",\"name\":\"Editor General\",\"image\":{\"@type\":\"ImageObject\",\"inLanguage\":\"es\",\"@id\":\"https:\/\/luchonoticias.com\/editor\/#\/schema\/person\/image\/\",\"url\":\"https:\/\/luchonoticias.com\/editor\/wp-content\/uploads\/2024\/02\/cropped-cropped-logolu-150x150.webp\",\"contentUrl\":\"https:\/\/luchonoticias.com\/editor\/wp-content\/uploads\/2024\/02\/cropped-cropped-logolu-150x150.webp\",\"caption\":\"Editor General\"},\"sameAs\":[\"https:\/\/luchonoticias.com\/\"],\"url\":\"https:\/\/luchonoticias.com\/editor\/author\/editor-general\/\"}]}<\/script>\n<!-- \/ Yoast SEO plugin. -->","yoast_head_json":{"title":"El Huila se alista para Anato 2024 -","robots":{"index":"index","follow":"follow","max-snippet":"max-snippet:-1","max-image-preview":"max-image-preview:large","max-video-preview":"max-video-preview:-1"},"canonical":"https:\/\/luchonoticias.com\/editor\/el-huila-se-alista-para-anato-2024\/","og_locale":"es_ES","og_type":"article","og_title":"El Huila se alista para Anato 2024 -","og_url":"https:\/\/luchonoticias.com\/editor\/el-huila-se-alista-para-anato-2024\/","article_publisher":"https:\/\/www.facebook.com\/luchonoticiasneiva","article_published_time":"2024-02-07T20:48:30+00:00","article_modified_time":"2024-02-07T20:48:32+00:00","author":"Editor General","twitter_card":"summary_large_image","twitter_misc":{"Escrito por":"Editor General","Tiempo de lectura":"2 minutos"},"schema":{"@context":"https:\/\/schema.org","@graph":[{"@type":"Article","@id":"https:\/\/luchonoticias.com\/editor\/el-huila-se-alista-para-anato-2024\/#article","isPartOf":{"@id":"https:\/\/luchonoticias.com\/editor\/el-huila-se-alista-para-anato-2024\/"},"author":{"name":"Editor General","@id":"https:\/\/luchonoticias.com\/editor\/#\/schema\/person\/29217990ddf6f14e35912b2866d591fb"},"headline":"El Huila se alista para Anato 2024","datePublished":"2024-02-07T20:48:30+00:00","dateModified":"2024-02-07T20:48:32+00:00","mainEntityOfPage":{"@id":"https:\/\/luchonoticias.com\/editor\/el-huila-se-alista-para-anato-2024\/"},"wordCount":413,"commentCount":0,"publisher":{"@id":"https:\/\/luchonoticias.com\/editor\/#\/schema\/person\/7a7fd911f58561fd056dbac7b55af9cd"},"articleSection":["Destacado","Regional"],"inLanguage":"es","potentialAction":[{"@type":"CommentAction","name":"Comment","target":["https:\/\/luchonoticias.com\/editor\/el-huila-se-alista-para-anato-2024\/#respond"]}]},{"@type":"WebPage","@id":"https:\/\/luchonoticias.com\/editor\/el-huila-se-alista-para-anato-2024\/","url":"https:\/\/luchonoticias.com\/editor\/el-huila-se-alista-para-anato-2024\/","name":"El Huila se alista para Anato 2024 -","isPartOf":{"@id":"https:\/\/luchonoticias.com\/editor\/#website"},"datePublished":"2024-02-07T20:48:30+00:00","dateModified":"2024-02-07T20:48:32+00:00","breadcrumb":{"@id":"https:\/\/luchonoticias.com\/editor\/el-huila-se-alista-para-anato-2024\/#breadcrumb"},"inLanguage":"es","potentialAction":[{"@type":"ReadAction","target":["https:\/\/luchonoticias.com\/editor\/el-huila-se-alista-para-anato-2024\/"]}]},{"@type":"BreadcrumbList","@id":"https:\/\/luchonoticias.com\/editor\/el-huila-se-alista-para-anato-2024\/#breadcrumb","itemListElement":[{"@type":"ListItem","position":1,"name":"Portada","item":"https:\/\/luchonoticias.com\/editor\/"},{"@type":"ListItem","position":2,"name":"El Huila se alista para Anato 2024"}]},{"@type":"WebSite","@id":"https:\/\/luchonoticias.com\/editor\/#website","url":"https:\/\/luchonoticias.com\/editor\/","name":"","description":"","publisher":{"@id":"https:\/\/luchonoticias.com\/editor\/#\/schema\/person\/7a7fd911f58561fd056dbac7b55af9cd"},"potentialAction":[{"@type":"SearchAction","target":{"@type":"EntryPoint","urlTemplate":"https:\/\/luchonoticias.com\/editor\/?s={search_term_string}"},"query-input":{"@type":"PropertyValueSpecification","valueRequired":true,"valueName":"search_term_string"}}],"inLanguage":"es"},{"@type":["Person","Organization"],"@id":"https:\/\/luchonoticias.com\/editor\/#\/schema\/person\/7a7fd911f58561fd056dbac7b55af9cd","name":"admin","image":{"@type":"ImageObject","inLanguage":"es","@id":"https:\/\/luchonoticias.com\/editor\/#\/schema\/person\/image\/","url":"https:\/\/luchonoticias.com\/editor\/wp-content\/uploads\/2024\/02\/cropped-cropped-logolu.webp","contentUrl":"https:\/\/luchonoticias.com\/editor\/wp-content\/uploads\/2024\/02\/cropped-cropped-logolu.webp","width":382,"height":170,"caption":"admin"},"logo":{"@id":"https:\/\/luchonoticias.com\/editor\/#\/schema\/person\/image\/"},"sameAs":["https:\/\/www.facebook.com\/luchonoticiasneiva"]},{"@type":"Person","@id":"https:\/\/luchonoticias.com\/editor\/#\/schema\/person\/29217990ddf6f14e35912b2866d591fb","name":"Editor General","image":{"@type":"ImageObject","inLanguage":"es","@id":"https:\/\/luchonoticias.com\/editor\/#\/schema\/person\/image\/","url":"https:\/\/luchonoticias.com\/editor\/wp-content\/uploads\/2024\/02\/cropped-cropped-logolu-150x150.webp","contentUrl":"https:\/\/luchonoticias.com\/editor\/wp-content\/uploads\/2024\/02\/cropped-cropped-logolu-150x150.webp","caption":"Editor General"},"sameAs":["https:\/\/luchonoticias.com\/"],"url":"https:\/\/luchonoticias.com\/editor\/author\/editor-general\/"}]}},"_links":{"self":[{"href":"https:\/\/luchonoticias.com\/editor\/wp-json\/wp\/v2\/posts\/68266","targetHints":{"allow":["GET"]}}],"collection":[{"href":"https:\/\/luchonoticias.com\/editor\/wp-json\/wp\/v2\/posts"}],"about":[{"href":"https:\/\/luchonoticias.com\/editor\/wp-json\/wp\/v2\/types\/post"}],"author":[{"embeddable":true,"href":"https:\/\/luchonoticias.com\/editor\/wp-json\/wp\/v2\/users\/2"}],"replies":[{"embeddable":true,"href":"https:\/\/luchonoticias.com\/editor\/wp-json\/wp\/v2\/comments?post=68266"}],"version-history":[{"count":0,"href":"https:\/\/luchonoticias.com\/editor\/wp-json\/wp\/v2\/posts\/68266\/revisions"}],"wp:attachment":[{"href":"https:\/\/luchonoticias.com\/editor\/wp-json\/wp\/v2\/media?parent=68266"}],"wp:term":[{"taxonomy":"category","embeddable":true,"href":"https:\/\/luchonoticias.com\/editor\/wp-json\/wp\/v2\/categories?post=68266"},{"taxonomy":"post_tag","embeddable":true,"href":"https:\/\/luchonoticias.com\/editor\/wp-json\/wp\/v2\/tags?post=68266"}],"curies":[{"name":"wp","href":"https:\/\/api.w.org\/{rel}","templated":true}]}}