{"id":68269,"date":"2024-02-07T15:51:07","date_gmt":"2024-02-07T20:51:07","guid":{"rendered":"https:\/\/luchonoticias.com\/?p=68269"},"modified":"2024-02-07T15:51:08","modified_gmt":"2024-02-07T20:51:08","slug":"aldo-cadena-asumio-la-representacion-legal-de-nueva-eps","status":"publish","type":"post","link":"https:\/\/luchonoticias.com\/editor\/aldo-cadena-asumio-la-representacion-legal-de-nueva-eps\/","title":{"rendered":"Aldo Cadena asumi\u00f3 la representaci\u00f3n legal de NUEVA EPS"},"content":{"rendered":"\n<p>Con el total respaldo de los accionistas y el voto un\u00e1nime de la Junta Directiva el pasado 16 de enero el Dr. Aldo Cadena fue designado como Presidente de la NUEVA EPS.&nbsp; Asumi\u00f3 la representaci\u00f3n legal de la entidad bajo el registro de la C\u00e1mara de Comercio de Bogot\u00e1 No. 03057919, del pasado 24 de enero del a\u00f1o 2024.<\/p>\n\n\n\n<p><strong>Amplia trayectoria profesional<\/strong><\/p>\n\n\n\n<p>El Dr. Aldo Enrique Cadena Rojas, es Profesional en Derecho, con especializaciones en Derecho Laboral, Salud y Seguridad Social y Derecho Administrativo de las universidades Nacional y Libre de Colombia, reconocido por m\u00e1s de 30 a\u00f1os, por su amplia experticia laboral, administrativa, gerencial y de investigaci\u00f3n en el campo de salud. &nbsp;<\/p>\n\n\n\n<p>Trayectoria destacada en la coordinaci\u00f3n del modelo de salud de Bogot\u00e1, bajo el gobierno del presidente Gustavo Petro, la participaci\u00f3n en tres reformas de salud en Colombia, incluida la ley estatutaria del 2015, y su notorio paso por el distrito, donde lider\u00f3 las pol\u00edticas en salud de la capital, como secretario y subsecretario de salud de Bogot\u00e1 y director del Instituto Distrital de Recreaci\u00f3n y Deporte -IDRD.<\/p>\n\n\n\n<p>En dos oportunidades fue miembro del Consejo Nacional de Seguridad Social en Salud- CNSS- m\u00e1ximo organismo de direcci\u00f3n del sistema general de salud y seguridad social en Colombia, e integrante de la Junta Directiva de diferentes hospitales de la ciudad; adicionalmente cuenta con una amplia experiencia en la atenci\u00f3n primaria en salud en el \u00e1rea de saneamiento ambiental y control de alimentos, asimismo, durante varios a\u00f1os fue presidente nacional de uno de los sectores b\u00e1sicos m\u00e1s importantes del sector salud, agrupados en el sindicato nacional de la salud y seguridad social, SINDESS.<\/p>\n\n\n\n<p>Bajo el liderazgo del Dr. Aldo Enrique Cadena Rojas, NUEVA EPS, entidad con m\u00e1s de 10 millones de afiliados, con presencia en los 32 departamentos y el 99.8% de los municipios; siendo la m\u00e1s grande del pa\u00eds, se convierte en el instrumento principal para garantizar el derecho fundamental de la salud de los colombianos en todos los rincones del territorio nacional.<\/p>\n\n\n\n<p>Tras su designaci\u00f3n, el Dr. Cadena Rojas estableci\u00f3 mesas de trabajo, tom\u00f3 medidas de choque para atender las \u00e1reas m\u00e1s sensibles de la entidad; se reuni\u00f3 con los trabajadores y gerentes regionales, zonales y directores y convoc\u00f3 el esfuerzo colectivo para fortalecer de manera integral las capacidades de la entidad, poni\u00e9ndola a tono con el nuevo enfoque en la garant\u00eda del derecho fundamental de la salud.<\/p>\n","protected":false},"excerpt":{"rendered":"<p>Con el total respaldo de los accionistas y el voto un\u00e1nime de la Junta Directiva el pasado 16 de enero el Dr. Aldo Cadena fue designado como Presidente de la NUEVA EPS.&nbsp; Asumi\u00f3 la representaci\u00f3n legal de la entidad bajo el registro de la C\u00e1mara de Comercio de Bogot\u00e1 No. 03057919, del pasado 24 de [&hellip;]<\/p>\n","protected":false},"author":2,"featured_media":0,"comment_status":"open","ping_status":"open","sticky":false,"template":"","format":"standard","meta":{"footnotes":""},"categories":[28,36],"tags":[],"class_list":["post-68269","post","type-post","status-publish","format-standard","hentry","category-actualidad","category-destacado"],"yoast_head":"<!-- This site is optimized with the Yoast SEO plugin v26.6 - https:\/\/yoast.com\/wordpress\/plugins\/seo\/ -->\n<title>Aldo Cadena asumi\u00f3 la representaci\u00f3n legal de NUEVA EPS -<\/title>\n<meta name=\"robots\" content=\"index, follow, max-snippet:-1, max-image-preview:large, max-video-preview:-1\" \/>\n<link rel=\"canonical\" href=\"https:\/\/luchonoticias.com\/editor\/aldo-cadena-asumio-la-representacion-legal-de-nueva-eps\/\" \/>\n<meta property=\"og:locale\" content=\"es_ES\" \/>\n<meta property=\"og:type\" content=\"article\" \/>\n<meta property=\"og:title\" content=\"Aldo Cadena asumi\u00f3 la representaci\u00f3n legal de NUEVA EPS -\" \/>\n<meta property=\"og:url\" content=\"https:\/\/luchonoticias.com\/editor\/aldo-cadena-asumio-la-representacion-legal-de-nueva-eps\/\" \/>\n<meta property=\"article:publisher\" content=\"https:\/\/www.facebook.com\/luchonoticiasneiva\" \/>\n<meta property=\"article:published_time\" content=\"2024-02-07T20:51:07+00:00\" \/>\n<meta property=\"article:modified_time\" content=\"2024-02-07T20:51:08+00:00\" \/>\n<meta name=\"author\" content=\"Editor General\" \/>\n<meta name=\"twitter:card\" content=\"summary_large_image\" \/>\n<meta name=\"twitter:label1\" content=\"Escrito por\" \/>\n\t<meta name=\"twitter:data1\" content=\"Editor General\" \/>\n\t<meta name=\"twitter:label2\" content=\"Tiempo de lectura\" \/>\n\t<meta name=\"twitter:data2\" content=\"2 minutos\" \/>\n<script type=\"application\/ld+json\" class=\"yoast-schema-graph\">{\"@context\":\"https:\/\/schema.org\",\"@graph\":[{\"@type\":\"Article\",\"@id\":\"https:\/\/luchonoticias.com\/editor\/aldo-cadena-asumio-la-representacion-legal-de-nueva-eps\/#article\",\"isPartOf\":{\"@id\":\"https:\/\/luchonoticias.com\/editor\/aldo-cadena-asumio-la-representacion-legal-de-nueva-eps\/\"},\"author\":{\"name\":\"Editor General\",\"@id\":\"https:\/\/luchonoticias.com\/editor\/#\/schema\/person\/29217990ddf6f14e35912b2866d591fb\"},\"headline\":\"Aldo Cadena asumi\u00f3 la representaci\u00f3n legal de NUEVA EPS\",\"datePublished\":\"2024-02-07T20:51:07+00:00\",\"dateModified\":\"2024-02-07T20:51:08+00:00\",\"mainEntityOfPage\":{\"@id\":\"https:\/\/luchonoticias.com\/editor\/aldo-cadena-asumio-la-representacion-legal-de-nueva-eps\/\"},\"wordCount\":426,\"commentCount\":0,\"publisher\":{\"@id\":\"https:\/\/luchonoticias.com\/editor\/#\/schema\/person\/7a7fd911f58561fd056dbac7b55af9cd\"},\"articleSection\":[\"Actualidad\",\"Destacado\"],\"inLanguage\":\"es\",\"potentialAction\":[{\"@type\":\"CommentAction\",\"name\":\"Comment\",\"target\":[\"https:\/\/luchonoticias.com\/editor\/aldo-cadena-asumio-la-representacion-legal-de-nueva-eps\/#respond\"]}]},{\"@type\":\"WebPage\",\"@id\":\"https:\/\/luchonoticias.com\/editor\/aldo-cadena-asumio-la-representacion-legal-de-nueva-eps\/\",\"url\":\"https:\/\/luchonoticias.com\/editor\/aldo-cadena-asumio-la-representacion-legal-de-nueva-eps\/\",\"name\":\"Aldo Cadena asumi\u00f3 la representaci\u00f3n legal de NUEVA EPS -\",\"isPartOf\":{\"@id\":\"https:\/\/luchonoticias.com\/editor\/#website\"},\"datePublished\":\"2024-02-07T20:51:07+00:00\",\"dateModified\":\"2024-02-07T20:51:08+00:00\",\"breadcrumb\":{\"@id\":\"https:\/\/luchonoticias.com\/editor\/aldo-cadena-asumio-la-representacion-legal-de-nueva-eps\/#breadcrumb\"},\"inLanguage\":\"es\",\"potentialAction\":[{\"@type\":\"ReadAction\",\"target\":[\"https:\/\/luchonoticias.com\/editor\/aldo-cadena-asumio-la-representacion-legal-de-nueva-eps\/\"]}]},{\"@type\":\"BreadcrumbList\",\"@id\":\"https:\/\/luchonoticias.com\/editor\/aldo-cadena-asumio-la-representacion-legal-de-nueva-eps\/#breadcrumb\",\"itemListElement\":[{\"@type\":\"ListItem\",\"position\":1,\"name\":\"Portada\",\"item\":\"https:\/\/luchonoticias.com\/editor\/\"},{\"@type\":\"ListItem\",\"position\":2,\"name\":\"Aldo Cadena asumi\u00f3 la representaci\u00f3n legal de NUEVA EPS\"}]},{\"@type\":\"WebSite\",\"@id\":\"https:\/\/luchonoticias.com\/editor\/#website\",\"url\":\"https:\/\/luchonoticias.com\/editor\/\",\"name\":\"\",\"description\":\"\",\"publisher\":{\"@id\":\"https:\/\/luchonoticias.com\/editor\/#\/schema\/person\/7a7fd911f58561fd056dbac7b55af9cd\"},\"potentialAction\":[{\"@type\":\"SearchAction\",\"target\":{\"@type\":\"EntryPoint\",\"urlTemplate\":\"https:\/\/luchonoticias.com\/editor\/?s={search_term_string}\"},\"query-input\":{\"@type\":\"PropertyValueSpecification\",\"valueRequired\":true,\"valueName\":\"search_term_string\"}}],\"inLanguage\":\"es\"},{\"@type\":[\"Person\",\"Organization\"],\"@id\":\"https:\/\/luchonoticias.com\/editor\/#\/schema\/person\/7a7fd911f58561fd056dbac7b55af9cd\",\"name\":\"admin\",\"image\":{\"@type\":\"ImageObject\",\"inLanguage\":\"es\",\"@id\":\"https:\/\/luchonoticias.com\/editor\/#\/schema\/person\/image\/\",\"url\":\"https:\/\/luchonoticias.com\/editor\/wp-content\/uploads\/2024\/02\/cropped-cropped-logolu.webp\",\"contentUrl\":\"https:\/\/luchonoticias.com\/editor\/wp-content\/uploads\/2024\/02\/cropped-cropped-logolu.webp\",\"width\":382,\"height\":170,\"caption\":\"admin\"},\"logo\":{\"@id\":\"https:\/\/luchonoticias.com\/editor\/#\/schema\/person\/image\/\"},\"sameAs\":[\"https:\/\/www.facebook.com\/luchonoticiasneiva\"]},{\"@type\":\"Person\",\"@id\":\"https:\/\/luchonoticias.com\/editor\/#\/schema\/person\/29217990ddf6f14e35912b2866d591fb\",\"name\":\"Editor General\",\"image\":{\"@type\":\"ImageObject\",\"inLanguage\":\"es\",\"@id\":\"https:\/\/luchonoticias.com\/editor\/#\/schema\/person\/image\/\",\"url\":\"https:\/\/luchonoticias.com\/editor\/wp-content\/uploads\/2024\/02\/cropped-cropped-logolu-150x150.webp\",\"contentUrl\":\"https:\/\/luchonoticias.com\/editor\/wp-content\/uploads\/2024\/02\/cropped-cropped-logolu-150x150.webp\",\"caption\":\"Editor General\"},\"sameAs\":[\"https:\/\/luchonoticias.com\/\"],\"url\":\"https:\/\/luchonoticias.com\/editor\/author\/editor-general\/\"}]}<\/script>\n<!-- \/ Yoast SEO plugin. -->","yoast_head_json":{"title":"Aldo Cadena asumi\u00f3 la representaci\u00f3n legal de NUEVA EPS -","robots":{"index":"index","follow":"follow","max-snippet":"max-snippet:-1","max-image-preview":"max-image-preview:large","max-video-preview":"max-video-preview:-1"},"canonical":"https:\/\/luchonoticias.com\/editor\/aldo-cadena-asumio-la-representacion-legal-de-nueva-eps\/","og_locale":"es_ES","og_type":"article","og_title":"Aldo Cadena asumi\u00f3 la representaci\u00f3n legal de NUEVA EPS -","og_url":"https:\/\/luchonoticias.com\/editor\/aldo-cadena-asumio-la-representacion-legal-de-nueva-eps\/","article_publisher":"https:\/\/www.facebook.com\/luchonoticiasneiva","article_published_time":"2024-02-07T20:51:07+00:00","article_modified_time":"2024-02-07T20:51:08+00:00","author":"Editor General","twitter_card":"summary_large_image","twitter_misc":{"Escrito por":"Editor General","Tiempo de lectura":"2 minutos"},"schema":{"@context":"https:\/\/schema.org","@graph":[{"@type":"Article","@id":"https:\/\/luchonoticias.com\/editor\/aldo-cadena-asumio-la-representacion-legal-de-nueva-eps\/#article","isPartOf":{"@id":"https:\/\/luchonoticias.com\/editor\/aldo-cadena-asumio-la-representacion-legal-de-nueva-eps\/"},"author":{"name":"Editor General","@id":"https:\/\/luchonoticias.com\/editor\/#\/schema\/person\/29217990ddf6f14e35912b2866d591fb"},"headline":"Aldo Cadena asumi\u00f3 la representaci\u00f3n legal de NUEVA EPS","datePublished":"2024-02-07T20:51:07+00:00","dateModified":"2024-02-07T20:51:08+00:00","mainEntityOfPage":{"@id":"https:\/\/luchonoticias.com\/editor\/aldo-cadena-asumio-la-representacion-legal-de-nueva-eps\/"},"wordCount":426,"commentCount":0,"publisher":{"@id":"https:\/\/luchonoticias.com\/editor\/#\/schema\/person\/7a7fd911f58561fd056dbac7b55af9cd"},"articleSection":["Actualidad","Destacado"],"inLanguage":"es","potentialAction":[{"@type":"CommentAction","name":"Comment","target":["https:\/\/luchonoticias.com\/editor\/aldo-cadena-asumio-la-representacion-legal-de-nueva-eps\/#respond"]}]},{"@type":"WebPage","@id":"https:\/\/luchonoticias.com\/editor\/aldo-cadena-asumio-la-representacion-legal-de-nueva-eps\/","url":"https:\/\/luchonoticias.com\/editor\/aldo-cadena-asumio-la-representacion-legal-de-nueva-eps\/","name":"Aldo Cadena asumi\u00f3 la representaci\u00f3n legal de NUEVA EPS -","isPartOf":{"@id":"https:\/\/luchonoticias.com\/editor\/#website"},"datePublished":"2024-02-07T20:51:07+00:00","dateModified":"2024-02-07T20:51:08+00:00","breadcrumb":{"@id":"https:\/\/luchonoticias.com\/editor\/aldo-cadena-asumio-la-representacion-legal-de-nueva-eps\/#breadcrumb"},"inLanguage":"es","potentialAction":[{"@type":"ReadAction","target":["https:\/\/luchonoticias.com\/editor\/aldo-cadena-asumio-la-representacion-legal-de-nueva-eps\/"]}]},{"@type":"BreadcrumbList","@id":"https:\/\/luchonoticias.com\/editor\/aldo-cadena-asumio-la-representacion-legal-de-nueva-eps\/#breadcrumb","itemListElement":[{"@type":"ListItem","position":1,"name":"Portada","item":"https:\/\/luchonoticias.com\/editor\/"},{"@type":"ListItem","position":2,"name":"Aldo Cadena asumi\u00f3 la representaci\u00f3n legal de NUEVA EPS"}]},{"@type":"WebSite","@id":"https:\/\/luchonoticias.com\/editor\/#website","url":"https:\/\/luchonoticias.com\/editor\/","name":"","description":"","publisher":{"@id":"https:\/\/luchonoticias.com\/editor\/#\/schema\/person\/7a7fd911f58561fd056dbac7b55af9cd"},"potentialAction":[{"@type":"SearchAction","target":{"@type":"EntryPoint","urlTemplate":"https:\/\/luchonoticias.com\/editor\/?s={search_term_string}"},"query-input":{"@type":"PropertyValueSpecification","valueRequired":true,"valueName":"search_term_string"}}],"inLanguage":"es"},{"@type":["Person","Organization"],"@id":"https:\/\/luchonoticias.com\/editor\/#\/schema\/person\/7a7fd911f58561fd056dbac7b55af9cd","name":"admin","image":{"@type":"ImageObject","inLanguage":"es","@id":"https:\/\/luchonoticias.com\/editor\/#\/schema\/person\/image\/","url":"https:\/\/luchonoticias.com\/editor\/wp-content\/uploads\/2024\/02\/cropped-cropped-logolu.webp","contentUrl":"https:\/\/luchonoticias.com\/editor\/wp-content\/uploads\/2024\/02\/cropped-cropped-logolu.webp","width":382,"height":170,"caption":"admin"},"logo":{"@id":"https:\/\/luchonoticias.com\/editor\/#\/schema\/person\/image\/"},"sameAs":["https:\/\/www.facebook.com\/luchonoticiasneiva"]},{"@type":"Person","@id":"https:\/\/luchonoticias.com\/editor\/#\/schema\/person\/29217990ddf6f14e35912b2866d591fb","name":"Editor General","image":{"@type":"ImageObject","inLanguage":"es","@id":"https:\/\/luchonoticias.com\/editor\/#\/schema\/person\/image\/","url":"https:\/\/luchonoticias.com\/editor\/wp-content\/uploads\/2024\/02\/cropped-cropped-logolu-150x150.webp","contentUrl":"https:\/\/luchonoticias.com\/editor\/wp-content\/uploads\/2024\/02\/cropped-cropped-logolu-150x150.webp","caption":"Editor General"},"sameAs":["https:\/\/luchonoticias.com\/"],"url":"https:\/\/luchonoticias.com\/editor\/author\/editor-general\/"}]}},"_links":{"self":[{"href":"https:\/\/luchonoticias.com\/editor\/wp-json\/wp\/v2\/posts\/68269","targetHints":{"allow":["GET"]}}],"collection":[{"href":"https:\/\/luchonoticias.com\/editor\/wp-json\/wp\/v2\/posts"}],"about":[{"href":"https:\/\/luchonoticias.com\/editor\/wp-json\/wp\/v2\/types\/post"}],"author":[{"embeddable":true,"href":"https:\/\/luchonoticias.com\/editor\/wp-json\/wp\/v2\/users\/2"}],"replies":[{"embeddable":true,"href":"https:\/\/luchonoticias.com\/editor\/wp-json\/wp\/v2\/comments?post=68269"}],"version-history":[{"count":0,"href":"https:\/\/luchonoticias.com\/editor\/wp-json\/wp\/v2\/posts\/68269\/revisions"}],"wp:attachment":[{"href":"https:\/\/luchonoticias.com\/editor\/wp-json\/wp\/v2\/media?parent=68269"}],"wp:term":[{"taxonomy":"category","embeddable":true,"href":"https:\/\/luchonoticias.com\/editor\/wp-json\/wp\/v2\/categories?post=68269"},{"taxonomy":"post_tag","embeddable":true,"href":"https:\/\/luchonoticias.com\/editor\/wp-json\/wp\/v2\/tags?post=68269"}],"curies":[{"name":"wp","href":"https:\/\/api.w.org\/{rel}","templated":true}]}}