{"id":68272,"date":"2024-02-07T15:57:10","date_gmt":"2024-02-07T20:57:10","guid":{"rendered":"https:\/\/luchonoticias.com\/?p=68272"},"modified":"2024-02-07T15:57:12","modified_gmt":"2024-02-07T20:57:12","slug":"procuraduria-abrio-al-ministro-de-relaciones-exteriores-alvaro-leyva-duran-una-nueva-investigacion-por-presunto-desacato-y-ordeno-compulsar-penalmente-ante-la-fiscalia-general","status":"publish","type":"post","link":"https:\/\/luchonoticias.com\/editor\/procuraduria-abrio-al-ministro-de-relaciones-exteriores-alvaro-leyva-duran-una-nueva-investigacion-por-presunto-desacato-y-ordeno-compulsar-penalmente-ante-la-fiscalia-general\/","title":{"rendered":"Procuradur\u00eda abri\u00f3 al ministro de Relaciones Exteriores, \u00c1lvaro Leyva Dur\u00e1n, una nueva investigaci\u00f3n por presunto desacato y orden\u00f3 compulsar penalmente ante la Fiscal\u00eda General"},"content":{"rendered":"\n<p>La&nbsp;<strong>Procuradur\u00eda General de la Naci\u00f3n<\/strong>&nbsp;confirm\u00f3 la suspensi\u00f3n provisional por tres meses ordenada contra el&nbsp;<strong>ministro de Relaciones Exteriores, \u00c1lvaro Leyva Dur\u00e1n<\/strong>, proferida el pasado 24 de enero de 2024 por la Sala de Instrucci\u00f3n Disciplinaria, por las posibles irregularidades que se&nbsp;<strong>presentaron durante el proceso para la licitaci\u00f3n de pasaportes.&nbsp;<\/strong><\/p>\n\n\n\n<p>El Ente de control sostuvo que la<strong>&nbsp;decisi\u00f3n inicial fue adoptada legalmente<\/strong>, conclusi\u00f3n a la que lleg\u00f3 luego de analizar los hechos, las pruebas y&nbsp;<strong>la actuaci\u00f3n procesal adelantada<\/strong>&nbsp;por la Sala; as\u00ed como la&nbsp;<strong>revisi\u00f3n del ordenamiento jur\u00eddico, la jurisprudencia&nbsp;<\/strong>y las respuestas dadas a los alegatos presentados&nbsp; por la defensa.<\/p>\n\n\n\n<p>As\u00ed mismo, se\u00f1al\u00f3 que la&nbsp;<strong>Procuradora General, Margarita Cabello Blanco<\/strong>, no vulner\u00f3 los derechos y las garant\u00edas del disciplinable,&nbsp;<strong>en tanto se limit\u00f3 a anunciar<\/strong>&nbsp;que se formularon cargos, sin que eso<strong>&nbsp;implique que se haya afectado la imparcialidad<\/strong>, y confirmar que no se hicieron comentarios o emitieron&nbsp;<strong>calificativos sobre el caso espec\u00edfico.&nbsp;<\/strong><\/p>\n\n\n\n<h4 class=\"wp-block-heading\">Nueva investigaci\u00f3n contra el canciller<\/h4>\n\n\n\n<p><strong>El Ministerio P\u00fablico<\/strong>&nbsp;orden\u00f3 la apertura de una nueva investigaci\u00f3n disciplinaria contra Leyva Dur\u00e1n por el presunto<strong>&nbsp;desacato de la medida de suspensi\u00f3n provisional,&nbsp;<\/strong>a pesar de que le fue debidamente notificada y la misma debi\u00f3 ser&nbsp;<strong>cumplida de manera inmediata.<\/strong><\/p>\n\n\n\n<p>La<strong>&nbsp;Sala Disciplinaria de Instrucci\u00f3n&nbsp;<\/strong>se\u00f1al\u00f3 que dentro de los hechos que ser\u00e1n objeto de revisi\u00f3n se encuentran las determinaciones que<strong>&nbsp;el titular de la cartera habr\u00eda adoptado<\/strong>&nbsp;y las comunicaciones enviadas representando a la Canciller\u00eda, desconociendo que se encontraba apartado del cargo e inhabilitado para<strong>&nbsp;ejercer las funciones correspondientes.<\/strong><\/p>\n\n\n\n<p>En el mismo sentido,<strong>&nbsp;el organismo de control<\/strong>&nbsp;sostuvo que investigar\u00e1 el supuesto incumplimiento de&nbsp;<strong>Leyva Dur\u00e1n del que informaron varios medios<\/strong>&nbsp;de comunicaci\u00f3n del pa\u00eds, y en el que se alude su<strong>&nbsp;continuidad en el cargo y su decisi\u00f3n de solo apartarse<\/strong>&nbsp;del mismo una vez el presidente nombre su reemplazo.<\/p>\n\n\n\n<p>La Entidad solicit\u00f3 pruebas con el&nbsp;<strong>objeto de verificar la ocurrencia de los hechos<\/strong>&nbsp;enunciados, determinar si son constitutivos de falta disciplinaria; y definir si se actu\u00f3 o no al amparo de una<strong>&nbsp;causal de exclusi\u00f3n de responsabilidad.<\/strong><\/p>\n\n\n\n<p>Finalmente,<strong>&nbsp;la Procuradur\u00eda compuls\u00f3 copias<\/strong>&nbsp;de la actuaci\u00f3n disciplinaria a las Fiscal\u00edas Delegadas ante la<strong>&nbsp;Corte Suprema de Justicia<\/strong>&nbsp;para que se eval\u00fae si el posible comportamiento del&nbsp;<strong>ministro de Relaciones Exteriores<\/strong>&nbsp;constituye alguna conducta penal que amerite ser investigada por esa entidad.<\/p>\n","protected":false},"excerpt":{"rendered":"<p>La&nbsp;Procuradur\u00eda General de la Naci\u00f3n&nbsp;confirm\u00f3 la suspensi\u00f3n provisional por tres meses ordenada contra el&nbsp;ministro de Relaciones Exteriores, \u00c1lvaro Leyva Dur\u00e1n, proferida el pasado 24 de enero de 2024 por la Sala de Instrucci\u00f3n Disciplinaria, por las posibles irregularidades que se&nbsp;presentaron durante el proceso para la licitaci\u00f3n de pasaportes.&nbsp; El Ente de control sostuvo que la&nbsp;decisi\u00f3n [&hellip;]<\/p>\n","protected":false},"author":2,"featured_media":0,"comment_status":"open","ping_status":"open","sticky":false,"template":"","format":"standard","meta":{"footnotes":""},"categories":[28,32],"tags":[],"class_list":["post-68272","post","type-post","status-publish","format-standard","hentry","category-actualidad","category-nacional"],"yoast_head":"<!-- This site is optimized with the Yoast SEO plugin v26.6 - https:\/\/yoast.com\/wordpress\/plugins\/seo\/ -->\n<title>Procuradur\u00eda abri\u00f3 al ministro de Relaciones Exteriores, \u00c1lvaro Leyva Dur\u00e1n, una nueva investigaci\u00f3n por presunto desacato y orden\u00f3 compulsar penalmente ante la Fiscal\u00eda General -<\/title>\n<meta name=\"robots\" content=\"index, follow, max-snippet:-1, max-image-preview:large, max-video-preview:-1\" \/>\n<link rel=\"canonical\" href=\"https:\/\/luchonoticias.com\/editor\/procuraduria-abrio-al-ministro-de-relaciones-exteriores-alvaro-leyva-duran-una-nueva-investigacion-por-presunto-desacato-y-ordeno-compulsar-penalmente-ante-la-fiscalia-general\/\" \/>\n<meta property=\"og:locale\" content=\"es_ES\" \/>\n<meta property=\"og:type\" content=\"article\" \/>\n<meta property=\"og:title\" content=\"Procuradur\u00eda abri\u00f3 al ministro de Relaciones Exteriores, \u00c1lvaro Leyva Dur\u00e1n, una nueva investigaci\u00f3n por presunto desacato y orden\u00f3 compulsar penalmente ante la Fiscal\u00eda General -\" \/>\n<meta property=\"og:url\" content=\"https:\/\/luchonoticias.com\/editor\/procuraduria-abrio-al-ministro-de-relaciones-exteriores-alvaro-leyva-duran-una-nueva-investigacion-por-presunto-desacato-y-ordeno-compulsar-penalmente-ante-la-fiscalia-general\/\" \/>\n<meta property=\"article:publisher\" content=\"https:\/\/www.facebook.com\/luchonoticiasneiva\" \/>\n<meta property=\"article:published_time\" content=\"2024-02-07T20:57:10+00:00\" \/>\n<meta property=\"article:modified_time\" content=\"2024-02-07T20:57:12+00:00\" \/>\n<meta name=\"author\" content=\"Editor General\" \/>\n<meta name=\"twitter:card\" content=\"summary_large_image\" \/>\n<meta name=\"twitter:label1\" content=\"Escrito por\" \/>\n\t<meta name=\"twitter:data1\" content=\"Editor General\" \/>\n\t<meta name=\"twitter:label2\" content=\"Tiempo de lectura\" \/>\n\t<meta name=\"twitter:data2\" content=\"2 minutos\" \/>\n<script type=\"application\/ld+json\" class=\"yoast-schema-graph\">{\"@context\":\"https:\/\/schema.org\",\"@graph\":[{\"@type\":\"Article\",\"@id\":\"https:\/\/luchonoticias.com\/editor\/procuraduria-abrio-al-ministro-de-relaciones-exteriores-alvaro-leyva-duran-una-nueva-investigacion-por-presunto-desacato-y-ordeno-compulsar-penalmente-ante-la-fiscalia-general\/#article\",\"isPartOf\":{\"@id\":\"https:\/\/luchonoticias.com\/editor\/procuraduria-abrio-al-ministro-de-relaciones-exteriores-alvaro-leyva-duran-una-nueva-investigacion-por-presunto-desacato-y-ordeno-compulsar-penalmente-ante-la-fiscalia-general\/\"},\"author\":{\"name\":\"Editor General\",\"@id\":\"https:\/\/luchonoticias.com\/editor\/#\/schema\/person\/29217990ddf6f14e35912b2866d591fb\"},\"headline\":\"Procuradur\u00eda abri\u00f3 al ministro de Relaciones Exteriores, \u00c1lvaro Leyva Dur\u00e1n, una nueva investigaci\u00f3n por presunto desacato y orden\u00f3 compulsar penalmente ante la Fiscal\u00eda General\",\"datePublished\":\"2024-02-07T20:57:10+00:00\",\"dateModified\":\"2024-02-07T20:57:12+00:00\",\"mainEntityOfPage\":{\"@id\":\"https:\/\/luchonoticias.com\/editor\/procuraduria-abrio-al-ministro-de-relaciones-exteriores-alvaro-leyva-duran-una-nueva-investigacion-por-presunto-desacato-y-ordeno-compulsar-penalmente-ante-la-fiscalia-general\/\"},\"wordCount\":487,\"commentCount\":0,\"publisher\":{\"@id\":\"https:\/\/luchonoticias.com\/editor\/#\/schema\/person\/7a7fd911f58561fd056dbac7b55af9cd\"},\"articleSection\":[\"Actualidad\",\"Nacional\"],\"inLanguage\":\"es\",\"potentialAction\":[{\"@type\":\"CommentAction\",\"name\":\"Comment\",\"target\":[\"https:\/\/luchonoticias.com\/editor\/procuraduria-abrio-al-ministro-de-relaciones-exteriores-alvaro-leyva-duran-una-nueva-investigacion-por-presunto-desacato-y-ordeno-compulsar-penalmente-ante-la-fiscalia-general\/#respond\"]}]},{\"@type\":\"WebPage\",\"@id\":\"https:\/\/luchonoticias.com\/editor\/procuraduria-abrio-al-ministro-de-relaciones-exteriores-alvaro-leyva-duran-una-nueva-investigacion-por-presunto-desacato-y-ordeno-compulsar-penalmente-ante-la-fiscalia-general\/\",\"url\":\"https:\/\/luchonoticias.com\/editor\/procuraduria-abrio-al-ministro-de-relaciones-exteriores-alvaro-leyva-duran-una-nueva-investigacion-por-presunto-desacato-y-ordeno-compulsar-penalmente-ante-la-fiscalia-general\/\",\"name\":\"Procuradur\u00eda abri\u00f3 al ministro de Relaciones Exteriores, \u00c1lvaro Leyva Dur\u00e1n, una nueva investigaci\u00f3n por presunto desacato y orden\u00f3 compulsar penalmente ante la Fiscal\u00eda General -\",\"isPartOf\":{\"@id\":\"https:\/\/luchonoticias.com\/editor\/#website\"},\"datePublished\":\"2024-02-07T20:57:10+00:00\",\"dateModified\":\"2024-02-07T20:57:12+00:00\",\"breadcrumb\":{\"@id\":\"https:\/\/luchonoticias.com\/editor\/procuraduria-abrio-al-ministro-de-relaciones-exteriores-alvaro-leyva-duran-una-nueva-investigacion-por-presunto-desacato-y-ordeno-compulsar-penalmente-ante-la-fiscalia-general\/#breadcrumb\"},\"inLanguage\":\"es\",\"potentialAction\":[{\"@type\":\"ReadAction\",\"target\":[\"https:\/\/luchonoticias.com\/editor\/procuraduria-abrio-al-ministro-de-relaciones-exteriores-alvaro-leyva-duran-una-nueva-investigacion-por-presunto-desacato-y-ordeno-compulsar-penalmente-ante-la-fiscalia-general\/\"]}]},{\"@type\":\"BreadcrumbList\",\"@id\":\"https:\/\/luchonoticias.com\/editor\/procuraduria-abrio-al-ministro-de-relaciones-exteriores-alvaro-leyva-duran-una-nueva-investigacion-por-presunto-desacato-y-ordeno-compulsar-penalmente-ante-la-fiscalia-general\/#breadcrumb\",\"itemListElement\":[{\"@type\":\"ListItem\",\"position\":1,\"name\":\"Portada\",\"item\":\"https:\/\/luchonoticias.com\/editor\/\"},{\"@type\":\"ListItem\",\"position\":2,\"name\":\"Procuradur\u00eda abri\u00f3 al ministro de Relaciones Exteriores, \u00c1lvaro Leyva Dur\u00e1n, una nueva investigaci\u00f3n por presunto desacato y orden\u00f3 compulsar penalmente ante la Fiscal\u00eda General\"}]},{\"@type\":\"WebSite\",\"@id\":\"https:\/\/luchonoticias.com\/editor\/#website\",\"url\":\"https:\/\/luchonoticias.com\/editor\/\",\"name\":\"\",\"description\":\"\",\"publisher\":{\"@id\":\"https:\/\/luchonoticias.com\/editor\/#\/schema\/person\/7a7fd911f58561fd056dbac7b55af9cd\"},\"potentialAction\":[{\"@type\":\"SearchAction\",\"target\":{\"@type\":\"EntryPoint\",\"urlTemplate\":\"https:\/\/luchonoticias.com\/editor\/?s={search_term_string}\"},\"query-input\":{\"@type\":\"PropertyValueSpecification\",\"valueRequired\":true,\"valueName\":\"search_term_string\"}}],\"inLanguage\":\"es\"},{\"@type\":[\"Person\",\"Organization\"],\"@id\":\"https:\/\/luchonoticias.com\/editor\/#\/schema\/person\/7a7fd911f58561fd056dbac7b55af9cd\",\"name\":\"admin\",\"image\":{\"@type\":\"ImageObject\",\"inLanguage\":\"es\",\"@id\":\"https:\/\/luchonoticias.com\/editor\/#\/schema\/person\/image\/\",\"url\":\"https:\/\/luchonoticias.com\/editor\/wp-content\/uploads\/2024\/02\/cropped-cropped-logolu.webp\",\"contentUrl\":\"https:\/\/luchonoticias.com\/editor\/wp-content\/uploads\/2024\/02\/cropped-cropped-logolu.webp\",\"width\":382,\"height\":170,\"caption\":\"admin\"},\"logo\":{\"@id\":\"https:\/\/luchonoticias.com\/editor\/#\/schema\/person\/image\/\"},\"sameAs\":[\"https:\/\/www.facebook.com\/luchonoticiasneiva\"]},{\"@type\":\"Person\",\"@id\":\"https:\/\/luchonoticias.com\/editor\/#\/schema\/person\/29217990ddf6f14e35912b2866d591fb\",\"name\":\"Editor General\",\"image\":{\"@type\":\"ImageObject\",\"inLanguage\":\"es\",\"@id\":\"https:\/\/luchonoticias.com\/editor\/#\/schema\/person\/image\/\",\"url\":\"https:\/\/luchonoticias.com\/editor\/wp-content\/uploads\/2024\/02\/cropped-cropped-logolu-150x150.webp\",\"contentUrl\":\"https:\/\/luchonoticias.com\/editor\/wp-content\/uploads\/2024\/02\/cropped-cropped-logolu-150x150.webp\",\"caption\":\"Editor General\"},\"sameAs\":[\"https:\/\/luchonoticias.com\/\"],\"url\":\"https:\/\/luchonoticias.com\/editor\/author\/editor-general\/\"}]}<\/script>\n<!-- \/ Yoast SEO plugin. -->","yoast_head_json":{"title":"Procuradur\u00eda abri\u00f3 al ministro de Relaciones Exteriores, \u00c1lvaro Leyva Dur\u00e1n, una nueva investigaci\u00f3n por presunto desacato y orden\u00f3 compulsar penalmente ante la Fiscal\u00eda General -","robots":{"index":"index","follow":"follow","max-snippet":"max-snippet:-1","max-image-preview":"max-image-preview:large","max-video-preview":"max-video-preview:-1"},"canonical":"https:\/\/luchonoticias.com\/editor\/procuraduria-abrio-al-ministro-de-relaciones-exteriores-alvaro-leyva-duran-una-nueva-investigacion-por-presunto-desacato-y-ordeno-compulsar-penalmente-ante-la-fiscalia-general\/","og_locale":"es_ES","og_type":"article","og_title":"Procuradur\u00eda abri\u00f3 al ministro de Relaciones Exteriores, \u00c1lvaro Leyva Dur\u00e1n, una nueva investigaci\u00f3n por presunto desacato y orden\u00f3 compulsar penalmente ante la Fiscal\u00eda General -","og_url":"https:\/\/luchonoticias.com\/editor\/procuraduria-abrio-al-ministro-de-relaciones-exteriores-alvaro-leyva-duran-una-nueva-investigacion-por-presunto-desacato-y-ordeno-compulsar-penalmente-ante-la-fiscalia-general\/","article_publisher":"https:\/\/www.facebook.com\/luchonoticiasneiva","article_published_time":"2024-02-07T20:57:10+00:00","article_modified_time":"2024-02-07T20:57:12+00:00","author":"Editor General","twitter_card":"summary_large_image","twitter_misc":{"Escrito por":"Editor General","Tiempo de lectura":"2 minutos"},"schema":{"@context":"https:\/\/schema.org","@graph":[{"@type":"Article","@id":"https:\/\/luchonoticias.com\/editor\/procuraduria-abrio-al-ministro-de-relaciones-exteriores-alvaro-leyva-duran-una-nueva-investigacion-por-presunto-desacato-y-ordeno-compulsar-penalmente-ante-la-fiscalia-general\/#article","isPartOf":{"@id":"https:\/\/luchonoticias.com\/editor\/procuraduria-abrio-al-ministro-de-relaciones-exteriores-alvaro-leyva-duran-una-nueva-investigacion-por-presunto-desacato-y-ordeno-compulsar-penalmente-ante-la-fiscalia-general\/"},"author":{"name":"Editor General","@id":"https:\/\/luchonoticias.com\/editor\/#\/schema\/person\/29217990ddf6f14e35912b2866d591fb"},"headline":"Procuradur\u00eda abri\u00f3 al ministro de Relaciones Exteriores, \u00c1lvaro Leyva Dur\u00e1n, una nueva investigaci\u00f3n por presunto desacato y orden\u00f3 compulsar penalmente ante la Fiscal\u00eda General","datePublished":"2024-02-07T20:57:10+00:00","dateModified":"2024-02-07T20:57:12+00:00","mainEntityOfPage":{"@id":"https:\/\/luchonoticias.com\/editor\/procuraduria-abrio-al-ministro-de-relaciones-exteriores-alvaro-leyva-duran-una-nueva-investigacion-por-presunto-desacato-y-ordeno-compulsar-penalmente-ante-la-fiscalia-general\/"},"wordCount":487,"commentCount":0,"publisher":{"@id":"https:\/\/luchonoticias.com\/editor\/#\/schema\/person\/7a7fd911f58561fd056dbac7b55af9cd"},"articleSection":["Actualidad","Nacional"],"inLanguage":"es","potentialAction":[{"@type":"CommentAction","name":"Comment","target":["https:\/\/luchonoticias.com\/editor\/procuraduria-abrio-al-ministro-de-relaciones-exteriores-alvaro-leyva-duran-una-nueva-investigacion-por-presunto-desacato-y-ordeno-compulsar-penalmente-ante-la-fiscalia-general\/#respond"]}]},{"@type":"WebPage","@id":"https:\/\/luchonoticias.com\/editor\/procuraduria-abrio-al-ministro-de-relaciones-exteriores-alvaro-leyva-duran-una-nueva-investigacion-por-presunto-desacato-y-ordeno-compulsar-penalmente-ante-la-fiscalia-general\/","url":"https:\/\/luchonoticias.com\/editor\/procuraduria-abrio-al-ministro-de-relaciones-exteriores-alvaro-leyva-duran-una-nueva-investigacion-por-presunto-desacato-y-ordeno-compulsar-penalmente-ante-la-fiscalia-general\/","name":"Procuradur\u00eda abri\u00f3 al ministro de Relaciones Exteriores, \u00c1lvaro Leyva Dur\u00e1n, una nueva investigaci\u00f3n por presunto desacato y orden\u00f3 compulsar penalmente ante la Fiscal\u00eda General -","isPartOf":{"@id":"https:\/\/luchonoticias.com\/editor\/#website"},"datePublished":"2024-02-07T20:57:10+00:00","dateModified":"2024-02-07T20:57:12+00:00","breadcrumb":{"@id":"https:\/\/luchonoticias.com\/editor\/procuraduria-abrio-al-ministro-de-relaciones-exteriores-alvaro-leyva-duran-una-nueva-investigacion-por-presunto-desacato-y-ordeno-compulsar-penalmente-ante-la-fiscalia-general\/#breadcrumb"},"inLanguage":"es","potentialAction":[{"@type":"ReadAction","target":["https:\/\/luchonoticias.com\/editor\/procuraduria-abrio-al-ministro-de-relaciones-exteriores-alvaro-leyva-duran-una-nueva-investigacion-por-presunto-desacato-y-ordeno-compulsar-penalmente-ante-la-fiscalia-general\/"]}]},{"@type":"BreadcrumbList","@id":"https:\/\/luchonoticias.com\/editor\/procuraduria-abrio-al-ministro-de-relaciones-exteriores-alvaro-leyva-duran-una-nueva-investigacion-por-presunto-desacato-y-ordeno-compulsar-penalmente-ante-la-fiscalia-general\/#breadcrumb","itemListElement":[{"@type":"ListItem","position":1,"name":"Portada","item":"https:\/\/luchonoticias.com\/editor\/"},{"@type":"ListItem","position":2,"name":"Procuradur\u00eda abri\u00f3 al ministro de Relaciones Exteriores, \u00c1lvaro Leyva Dur\u00e1n, una nueva investigaci\u00f3n por presunto desacato y orden\u00f3 compulsar penalmente ante la Fiscal\u00eda General"}]},{"@type":"WebSite","@id":"https:\/\/luchonoticias.com\/editor\/#website","url":"https:\/\/luchonoticias.com\/editor\/","name":"","description":"","publisher":{"@id":"https:\/\/luchonoticias.com\/editor\/#\/schema\/person\/7a7fd911f58561fd056dbac7b55af9cd"},"potentialAction":[{"@type":"SearchAction","target":{"@type":"EntryPoint","urlTemplate":"https:\/\/luchonoticias.com\/editor\/?s={search_term_string}"},"query-input":{"@type":"PropertyValueSpecification","valueRequired":true,"valueName":"search_term_string"}}],"inLanguage":"es"},{"@type":["Person","Organization"],"@id":"https:\/\/luchonoticias.com\/editor\/#\/schema\/person\/7a7fd911f58561fd056dbac7b55af9cd","name":"admin","image":{"@type":"ImageObject","inLanguage":"es","@id":"https:\/\/luchonoticias.com\/editor\/#\/schema\/person\/image\/","url":"https:\/\/luchonoticias.com\/editor\/wp-content\/uploads\/2024\/02\/cropped-cropped-logolu.webp","contentUrl":"https:\/\/luchonoticias.com\/editor\/wp-content\/uploads\/2024\/02\/cropped-cropped-logolu.webp","width":382,"height":170,"caption":"admin"},"logo":{"@id":"https:\/\/luchonoticias.com\/editor\/#\/schema\/person\/image\/"},"sameAs":["https:\/\/www.facebook.com\/luchonoticiasneiva"]},{"@type":"Person","@id":"https:\/\/luchonoticias.com\/editor\/#\/schema\/person\/29217990ddf6f14e35912b2866d591fb","name":"Editor General","image":{"@type":"ImageObject","inLanguage":"es","@id":"https:\/\/luchonoticias.com\/editor\/#\/schema\/person\/image\/","url":"https:\/\/luchonoticias.com\/editor\/wp-content\/uploads\/2024\/02\/cropped-cropped-logolu-150x150.webp","contentUrl":"https:\/\/luchonoticias.com\/editor\/wp-content\/uploads\/2024\/02\/cropped-cropped-logolu-150x150.webp","caption":"Editor General"},"sameAs":["https:\/\/luchonoticias.com\/"],"url":"https:\/\/luchonoticias.com\/editor\/author\/editor-general\/"}]}},"_links":{"self":[{"href":"https:\/\/luchonoticias.com\/editor\/wp-json\/wp\/v2\/posts\/68272","targetHints":{"allow":["GET"]}}],"collection":[{"href":"https:\/\/luchonoticias.com\/editor\/wp-json\/wp\/v2\/posts"}],"about":[{"href":"https:\/\/luchonoticias.com\/editor\/wp-json\/wp\/v2\/types\/post"}],"author":[{"embeddable":true,"href":"https:\/\/luchonoticias.com\/editor\/wp-json\/wp\/v2\/users\/2"}],"replies":[{"embeddable":true,"href":"https:\/\/luchonoticias.com\/editor\/wp-json\/wp\/v2\/comments?post=68272"}],"version-history":[{"count":0,"href":"https:\/\/luchonoticias.com\/editor\/wp-json\/wp\/v2\/posts\/68272\/revisions"}],"wp:attachment":[{"href":"https:\/\/luchonoticias.com\/editor\/wp-json\/wp\/v2\/media?parent=68272"}],"wp:term":[{"taxonomy":"category","embeddable":true,"href":"https:\/\/luchonoticias.com\/editor\/wp-json\/wp\/v2\/categories?post=68272"},{"taxonomy":"post_tag","embeddable":true,"href":"https:\/\/luchonoticias.com\/editor\/wp-json\/wp\/v2\/tags?post=68272"}],"curies":[{"name":"wp","href":"https:\/\/api.w.org\/{rel}","templated":true}]}}