{"id":68275,"date":"2024-02-07T16:03:07","date_gmt":"2024-02-07T21:03:07","guid":{"rendered":"https:\/\/luchonoticias.com\/?p=68275"},"modified":"2024-02-07T16:03:08","modified_gmt":"2024-02-07T21:03:08","slug":"gobierno-nacional-oficializo-nombramiento-de-armando-benedetti-como-embajador-de-colombia-ante-fao","status":"publish","type":"post","link":"https:\/\/luchonoticias.com\/editor\/gobierno-nacional-oficializo-nombramiento-de-armando-benedetti-como-embajador-de-colombia-ante-fao\/","title":{"rendered":"Gobierno Nacional oficializ\u00f3 nombramiento de Armando Benedetti como embajador de Colombia ante FAO"},"content":{"rendered":"\n<p>En las \u00faltimas horas fue publicado el Decreto 0108 del 6 de febrero de 2024 en el Departamento Administrativo de la Presidencia de la Rep\u00fablica (Dapre) con el que el Gobierno oficializa el nombramiento de Armando Benedetti como embajador de Colombia ante la Organizaci\u00f3n de la ONU para la Alimentaci\u00f3n y la Agricultura, FAO, con sede en Italia.<\/p>\n\n\n\n<p>Vale mencionar que la normativa fue firmada por el canciller \u00c1lvaro Leyva, quien est\u00e1 suspendido por un t\u00e9rmino de tres meses. Su defensa se\u00f1al\u00f3 que seguir\u00e1 en el cargo hasta que el presidente Gustavo Petro nombre a su reemplazo provisional.<\/p>\n\n\n\n<p>En el Decreto se lee que las erogaciones (desembolso de los recursos) \u00abque ocasione el cumplimiento del presente decreto, se pagar\u00e1n con cargo a los presupuestos del Ministerio de Relaciones Exteriores y su Fondo Rotatorio\u00bb.<\/p>\n\n\n\n<figure class=\"wp-block-image size-large\"><img decoding=\"async\" src=\"https:\/\/luchonoticias.com\/wp-content\/uploads\/2024\/02\/gfvniegx0aamiuc-663x1024.jpg\" alt=\"\" class=\"wp-image-68277\"\/><\/figure>\n","protected":false},"excerpt":{"rendered":"<p>En las \u00faltimas horas fue publicado el Decreto 0108 del 6 de febrero de 2024 en el Departamento Administrativo de la Presidencia de la Rep\u00fablica (Dapre) con el que el Gobierno oficializa el nombramiento de Armando Benedetti como embajador de Colombia ante la Organizaci\u00f3n de la ONU para la Alimentaci\u00f3n y la Agricultura, FAO, con [&hellip;]<\/p>\n","protected":false},"author":2,"featured_media":0,"comment_status":"open","ping_status":"open","sticky":false,"template":"","format":"standard","meta":{"footnotes":""},"categories":[36,32],"tags":[],"class_list":["post-68275","post","type-post","status-publish","format-standard","hentry","category-destacado","category-nacional"],"yoast_head":"<!-- This site is optimized with the Yoast SEO plugin v26.6 - https:\/\/yoast.com\/wordpress\/plugins\/seo\/ -->\n<title>Gobierno Nacional oficializ\u00f3 nombramiento de Armando Benedetti como embajador de Colombia ante FAO -<\/title>\n<meta name=\"robots\" content=\"index, follow, max-snippet:-1, max-image-preview:large, max-video-preview:-1\" \/>\n<link rel=\"canonical\" href=\"https:\/\/luchonoticias.com\/editor\/gobierno-nacional-oficializo-nombramiento-de-armando-benedetti-como-embajador-de-colombia-ante-fao\/\" \/>\n<meta property=\"og:locale\" content=\"es_ES\" \/>\n<meta property=\"og:type\" content=\"article\" \/>\n<meta property=\"og:title\" content=\"Gobierno Nacional oficializ\u00f3 nombramiento de Armando Benedetti como embajador de Colombia ante FAO -\" \/>\n<meta property=\"og:url\" content=\"https:\/\/luchonoticias.com\/editor\/gobierno-nacional-oficializo-nombramiento-de-armando-benedetti-como-embajador-de-colombia-ante-fao\/\" \/>\n<meta property=\"article:publisher\" content=\"https:\/\/www.facebook.com\/luchonoticiasneiva\" \/>\n<meta property=\"article:published_time\" content=\"2024-02-07T21:03:07+00:00\" \/>\n<meta property=\"article:modified_time\" content=\"2024-02-07T21:03:08+00:00\" \/>\n<meta property=\"og:image\" content=\"https:\/\/luchonoticias.com\/wp-content\/uploads\/2024\/02\/gfvniegx0aamiuc-663x1024.jpg\" \/>\n<meta name=\"author\" content=\"Editor General\" \/>\n<meta name=\"twitter:card\" content=\"summary_large_image\" \/>\n<meta name=\"twitter:label1\" content=\"Escrito por\" \/>\n\t<meta name=\"twitter:data1\" content=\"Editor General\" \/>\n\t<meta name=\"twitter:label2\" content=\"Tiempo de lectura\" \/>\n\t<meta name=\"twitter:data2\" content=\"1 minuto\" \/>\n<script type=\"application\/ld+json\" class=\"yoast-schema-graph\">{\"@context\":\"https:\/\/schema.org\",\"@graph\":[{\"@type\":\"Article\",\"@id\":\"https:\/\/luchonoticias.com\/editor\/gobierno-nacional-oficializo-nombramiento-de-armando-benedetti-como-embajador-de-colombia-ante-fao\/#article\",\"isPartOf\":{\"@id\":\"https:\/\/luchonoticias.com\/editor\/gobierno-nacional-oficializo-nombramiento-de-armando-benedetti-como-embajador-de-colombia-ante-fao\/\"},\"author\":{\"name\":\"Editor General\",\"@id\":\"https:\/\/luchonoticias.com\/editor\/#\/schema\/person\/29217990ddf6f14e35912b2866d591fb\"},\"headline\":\"Gobierno Nacional oficializ\u00f3 nombramiento de Armando Benedetti como embajador de Colombia ante FAO\",\"datePublished\":\"2024-02-07T21:03:07+00:00\",\"dateModified\":\"2024-02-07T21:03:08+00:00\",\"mainEntityOfPage\":{\"@id\":\"https:\/\/luchonoticias.com\/editor\/gobierno-nacional-oficializo-nombramiento-de-armando-benedetti-como-embajador-de-colombia-ante-fao\/\"},\"wordCount\":149,\"commentCount\":0,\"publisher\":{\"@id\":\"https:\/\/luchonoticias.com\/editor\/#\/schema\/person\/7a7fd911f58561fd056dbac7b55af9cd\"},\"image\":{\"@id\":\"https:\/\/luchonoticias.com\/editor\/gobierno-nacional-oficializo-nombramiento-de-armando-benedetti-como-embajador-de-colombia-ante-fao\/#primaryimage\"},\"thumbnailUrl\":\"https:\/\/luchonoticias.com\/wp-content\/uploads\/2024\/02\/gfvniegx0aamiuc-663x1024.jpg\",\"articleSection\":[\"Destacado\",\"Nacional\"],\"inLanguage\":\"es\",\"potentialAction\":[{\"@type\":\"CommentAction\",\"name\":\"Comment\",\"target\":[\"https:\/\/luchonoticias.com\/editor\/gobierno-nacional-oficializo-nombramiento-de-armando-benedetti-como-embajador-de-colombia-ante-fao\/#respond\"]}]},{\"@type\":\"WebPage\",\"@id\":\"https:\/\/luchonoticias.com\/editor\/gobierno-nacional-oficializo-nombramiento-de-armando-benedetti-como-embajador-de-colombia-ante-fao\/\",\"url\":\"https:\/\/luchonoticias.com\/editor\/gobierno-nacional-oficializo-nombramiento-de-armando-benedetti-como-embajador-de-colombia-ante-fao\/\",\"name\":\"Gobierno Nacional oficializ\u00f3 nombramiento de Armando Benedetti como embajador de Colombia ante FAO -\",\"isPartOf\":{\"@id\":\"https:\/\/luchonoticias.com\/editor\/#website\"},\"primaryImageOfPage\":{\"@id\":\"https:\/\/luchonoticias.com\/editor\/gobierno-nacional-oficializo-nombramiento-de-armando-benedetti-como-embajador-de-colombia-ante-fao\/#primaryimage\"},\"image\":{\"@id\":\"https:\/\/luchonoticias.com\/editor\/gobierno-nacional-oficializo-nombramiento-de-armando-benedetti-como-embajador-de-colombia-ante-fao\/#primaryimage\"},\"thumbnailUrl\":\"https:\/\/luchonoticias.com\/wp-content\/uploads\/2024\/02\/gfvniegx0aamiuc-663x1024.jpg\",\"datePublished\":\"2024-02-07T21:03:07+00:00\",\"dateModified\":\"2024-02-07T21:03:08+00:00\",\"breadcrumb\":{\"@id\":\"https:\/\/luchonoticias.com\/editor\/gobierno-nacional-oficializo-nombramiento-de-armando-benedetti-como-embajador-de-colombia-ante-fao\/#breadcrumb\"},\"inLanguage\":\"es\",\"potentialAction\":[{\"@type\":\"ReadAction\",\"target\":[\"https:\/\/luchonoticias.com\/editor\/gobierno-nacional-oficializo-nombramiento-de-armando-benedetti-como-embajador-de-colombia-ante-fao\/\"]}]},{\"@type\":\"ImageObject\",\"inLanguage\":\"es\",\"@id\":\"https:\/\/luchonoticias.com\/editor\/gobierno-nacional-oficializo-nombramiento-de-armando-benedetti-como-embajador-de-colombia-ante-fao\/#primaryimage\",\"url\":\"https:\/\/luchonoticias.com\/wp-content\/uploads\/2024\/02\/gfvniegx0aamiuc-663x1024.jpg\",\"contentUrl\":\"https:\/\/luchonoticias.com\/wp-content\/uploads\/2024\/02\/gfvniegx0aamiuc-663x1024.jpg\"},{\"@type\":\"BreadcrumbList\",\"@id\":\"https:\/\/luchonoticias.com\/editor\/gobierno-nacional-oficializo-nombramiento-de-armando-benedetti-como-embajador-de-colombia-ante-fao\/#breadcrumb\",\"itemListElement\":[{\"@type\":\"ListItem\",\"position\":1,\"name\":\"Portada\",\"item\":\"https:\/\/luchonoticias.com\/editor\/\"},{\"@type\":\"ListItem\",\"position\":2,\"name\":\"Gobierno Nacional oficializ\u00f3 nombramiento de Armando Benedetti como embajador de Colombia ante FAO\"}]},{\"@type\":\"WebSite\",\"@id\":\"https:\/\/luchonoticias.com\/editor\/#website\",\"url\":\"https:\/\/luchonoticias.com\/editor\/\",\"name\":\"\",\"description\":\"\",\"publisher\":{\"@id\":\"https:\/\/luchonoticias.com\/editor\/#\/schema\/person\/7a7fd911f58561fd056dbac7b55af9cd\"},\"potentialAction\":[{\"@type\":\"SearchAction\",\"target\":{\"@type\":\"EntryPoint\",\"urlTemplate\":\"https:\/\/luchonoticias.com\/editor\/?s={search_term_string}\"},\"query-input\":{\"@type\":\"PropertyValueSpecification\",\"valueRequired\":true,\"valueName\":\"search_term_string\"}}],\"inLanguage\":\"es\"},{\"@type\":[\"Person\",\"Organization\"],\"@id\":\"https:\/\/luchonoticias.com\/editor\/#\/schema\/person\/7a7fd911f58561fd056dbac7b55af9cd\",\"name\":\"admin\",\"image\":{\"@type\":\"ImageObject\",\"inLanguage\":\"es\",\"@id\":\"https:\/\/luchonoticias.com\/editor\/#\/schema\/person\/image\/\",\"url\":\"https:\/\/luchonoticias.com\/editor\/wp-content\/uploads\/2024\/02\/cropped-cropped-logolu.webp\",\"contentUrl\":\"https:\/\/luchonoticias.com\/editor\/wp-content\/uploads\/2024\/02\/cropped-cropped-logolu.webp\",\"width\":382,\"height\":170,\"caption\":\"admin\"},\"logo\":{\"@id\":\"https:\/\/luchonoticias.com\/editor\/#\/schema\/person\/image\/\"},\"sameAs\":[\"https:\/\/www.facebook.com\/luchonoticiasneiva\"]},{\"@type\":\"Person\",\"@id\":\"https:\/\/luchonoticias.com\/editor\/#\/schema\/person\/29217990ddf6f14e35912b2866d591fb\",\"name\":\"Editor General\",\"image\":{\"@type\":\"ImageObject\",\"inLanguage\":\"es\",\"@id\":\"https:\/\/luchonoticias.com\/editor\/#\/schema\/person\/image\/\",\"url\":\"https:\/\/luchonoticias.com\/editor\/wp-content\/uploads\/2024\/02\/cropped-cropped-logolu-150x150.webp\",\"contentUrl\":\"https:\/\/luchonoticias.com\/editor\/wp-content\/uploads\/2024\/02\/cropped-cropped-logolu-150x150.webp\",\"caption\":\"Editor General\"},\"sameAs\":[\"https:\/\/luchonoticias.com\/\"],\"url\":\"https:\/\/luchonoticias.com\/editor\/author\/editor-general\/\"}]}<\/script>\n<!-- \/ Yoast SEO plugin. -->","yoast_head_json":{"title":"Gobierno Nacional oficializ\u00f3 nombramiento de Armando Benedetti como embajador de Colombia ante FAO -","robots":{"index":"index","follow":"follow","max-snippet":"max-snippet:-1","max-image-preview":"max-image-preview:large","max-video-preview":"max-video-preview:-1"},"canonical":"https:\/\/luchonoticias.com\/editor\/gobierno-nacional-oficializo-nombramiento-de-armando-benedetti-como-embajador-de-colombia-ante-fao\/","og_locale":"es_ES","og_type":"article","og_title":"Gobierno Nacional oficializ\u00f3 nombramiento de Armando Benedetti como embajador de Colombia ante FAO -","og_url":"https:\/\/luchonoticias.com\/editor\/gobierno-nacional-oficializo-nombramiento-de-armando-benedetti-como-embajador-de-colombia-ante-fao\/","article_publisher":"https:\/\/www.facebook.com\/luchonoticiasneiva","article_published_time":"2024-02-07T21:03:07+00:00","article_modified_time":"2024-02-07T21:03:08+00:00","og_image":[{"url":"https:\/\/luchonoticias.com\/wp-content\/uploads\/2024\/02\/gfvniegx0aamiuc-663x1024.jpg","type":"","width":"","height":""}],"author":"Editor General","twitter_card":"summary_large_image","twitter_misc":{"Escrito por":"Editor General","Tiempo de lectura":"1 minuto"},"schema":{"@context":"https:\/\/schema.org","@graph":[{"@type":"Article","@id":"https:\/\/luchonoticias.com\/editor\/gobierno-nacional-oficializo-nombramiento-de-armando-benedetti-como-embajador-de-colombia-ante-fao\/#article","isPartOf":{"@id":"https:\/\/luchonoticias.com\/editor\/gobierno-nacional-oficializo-nombramiento-de-armando-benedetti-como-embajador-de-colombia-ante-fao\/"},"author":{"name":"Editor General","@id":"https:\/\/luchonoticias.com\/editor\/#\/schema\/person\/29217990ddf6f14e35912b2866d591fb"},"headline":"Gobierno Nacional oficializ\u00f3 nombramiento de Armando Benedetti como embajador de Colombia ante FAO","datePublished":"2024-02-07T21:03:07+00:00","dateModified":"2024-02-07T21:03:08+00:00","mainEntityOfPage":{"@id":"https:\/\/luchonoticias.com\/editor\/gobierno-nacional-oficializo-nombramiento-de-armando-benedetti-como-embajador-de-colombia-ante-fao\/"},"wordCount":149,"commentCount":0,"publisher":{"@id":"https:\/\/luchonoticias.com\/editor\/#\/schema\/person\/7a7fd911f58561fd056dbac7b55af9cd"},"image":{"@id":"https:\/\/luchonoticias.com\/editor\/gobierno-nacional-oficializo-nombramiento-de-armando-benedetti-como-embajador-de-colombia-ante-fao\/#primaryimage"},"thumbnailUrl":"https:\/\/luchonoticias.com\/wp-content\/uploads\/2024\/02\/gfvniegx0aamiuc-663x1024.jpg","articleSection":["Destacado","Nacional"],"inLanguage":"es","potentialAction":[{"@type":"CommentAction","name":"Comment","target":["https:\/\/luchonoticias.com\/editor\/gobierno-nacional-oficializo-nombramiento-de-armando-benedetti-como-embajador-de-colombia-ante-fao\/#respond"]}]},{"@type":"WebPage","@id":"https:\/\/luchonoticias.com\/editor\/gobierno-nacional-oficializo-nombramiento-de-armando-benedetti-como-embajador-de-colombia-ante-fao\/","url":"https:\/\/luchonoticias.com\/editor\/gobierno-nacional-oficializo-nombramiento-de-armando-benedetti-como-embajador-de-colombia-ante-fao\/","name":"Gobierno Nacional oficializ\u00f3 nombramiento de Armando Benedetti como embajador de Colombia ante FAO -","isPartOf":{"@id":"https:\/\/luchonoticias.com\/editor\/#website"},"primaryImageOfPage":{"@id":"https:\/\/luchonoticias.com\/editor\/gobierno-nacional-oficializo-nombramiento-de-armando-benedetti-como-embajador-de-colombia-ante-fao\/#primaryimage"},"image":{"@id":"https:\/\/luchonoticias.com\/editor\/gobierno-nacional-oficializo-nombramiento-de-armando-benedetti-como-embajador-de-colombia-ante-fao\/#primaryimage"},"thumbnailUrl":"https:\/\/luchonoticias.com\/wp-content\/uploads\/2024\/02\/gfvniegx0aamiuc-663x1024.jpg","datePublished":"2024-02-07T21:03:07+00:00","dateModified":"2024-02-07T21:03:08+00:00","breadcrumb":{"@id":"https:\/\/luchonoticias.com\/editor\/gobierno-nacional-oficializo-nombramiento-de-armando-benedetti-como-embajador-de-colombia-ante-fao\/#breadcrumb"},"inLanguage":"es","potentialAction":[{"@type":"ReadAction","target":["https:\/\/luchonoticias.com\/editor\/gobierno-nacional-oficializo-nombramiento-de-armando-benedetti-como-embajador-de-colombia-ante-fao\/"]}]},{"@type":"ImageObject","inLanguage":"es","@id":"https:\/\/luchonoticias.com\/editor\/gobierno-nacional-oficializo-nombramiento-de-armando-benedetti-como-embajador-de-colombia-ante-fao\/#primaryimage","url":"https:\/\/luchonoticias.com\/wp-content\/uploads\/2024\/02\/gfvniegx0aamiuc-663x1024.jpg","contentUrl":"https:\/\/luchonoticias.com\/wp-content\/uploads\/2024\/02\/gfvniegx0aamiuc-663x1024.jpg"},{"@type":"BreadcrumbList","@id":"https:\/\/luchonoticias.com\/editor\/gobierno-nacional-oficializo-nombramiento-de-armando-benedetti-como-embajador-de-colombia-ante-fao\/#breadcrumb","itemListElement":[{"@type":"ListItem","position":1,"name":"Portada","item":"https:\/\/luchonoticias.com\/editor\/"},{"@type":"ListItem","position":2,"name":"Gobierno Nacional oficializ\u00f3 nombramiento de Armando Benedetti como embajador de Colombia ante FAO"}]},{"@type":"WebSite","@id":"https:\/\/luchonoticias.com\/editor\/#website","url":"https:\/\/luchonoticias.com\/editor\/","name":"","description":"","publisher":{"@id":"https:\/\/luchonoticias.com\/editor\/#\/schema\/person\/7a7fd911f58561fd056dbac7b55af9cd"},"potentialAction":[{"@type":"SearchAction","target":{"@type":"EntryPoint","urlTemplate":"https:\/\/luchonoticias.com\/editor\/?s={search_term_string}"},"query-input":{"@type":"PropertyValueSpecification","valueRequired":true,"valueName":"search_term_string"}}],"inLanguage":"es"},{"@type":["Person","Organization"],"@id":"https:\/\/luchonoticias.com\/editor\/#\/schema\/person\/7a7fd911f58561fd056dbac7b55af9cd","name":"admin","image":{"@type":"ImageObject","inLanguage":"es","@id":"https:\/\/luchonoticias.com\/editor\/#\/schema\/person\/image\/","url":"https:\/\/luchonoticias.com\/editor\/wp-content\/uploads\/2024\/02\/cropped-cropped-logolu.webp","contentUrl":"https:\/\/luchonoticias.com\/editor\/wp-content\/uploads\/2024\/02\/cropped-cropped-logolu.webp","width":382,"height":170,"caption":"admin"},"logo":{"@id":"https:\/\/luchonoticias.com\/editor\/#\/schema\/person\/image\/"},"sameAs":["https:\/\/www.facebook.com\/luchonoticiasneiva"]},{"@type":"Person","@id":"https:\/\/luchonoticias.com\/editor\/#\/schema\/person\/29217990ddf6f14e35912b2866d591fb","name":"Editor General","image":{"@type":"ImageObject","inLanguage":"es","@id":"https:\/\/luchonoticias.com\/editor\/#\/schema\/person\/image\/","url":"https:\/\/luchonoticias.com\/editor\/wp-content\/uploads\/2024\/02\/cropped-cropped-logolu-150x150.webp","contentUrl":"https:\/\/luchonoticias.com\/editor\/wp-content\/uploads\/2024\/02\/cropped-cropped-logolu-150x150.webp","caption":"Editor General"},"sameAs":["https:\/\/luchonoticias.com\/"],"url":"https:\/\/luchonoticias.com\/editor\/author\/editor-general\/"}]}},"_links":{"self":[{"href":"https:\/\/luchonoticias.com\/editor\/wp-json\/wp\/v2\/posts\/68275","targetHints":{"allow":["GET"]}}],"collection":[{"href":"https:\/\/luchonoticias.com\/editor\/wp-json\/wp\/v2\/posts"}],"about":[{"href":"https:\/\/luchonoticias.com\/editor\/wp-json\/wp\/v2\/types\/post"}],"author":[{"embeddable":true,"href":"https:\/\/luchonoticias.com\/editor\/wp-json\/wp\/v2\/users\/2"}],"replies":[{"embeddable":true,"href":"https:\/\/luchonoticias.com\/editor\/wp-json\/wp\/v2\/comments?post=68275"}],"version-history":[{"count":0,"href":"https:\/\/luchonoticias.com\/editor\/wp-json\/wp\/v2\/posts\/68275\/revisions"}],"wp:attachment":[{"href":"https:\/\/luchonoticias.com\/editor\/wp-json\/wp\/v2\/media?parent=68275"}],"wp:term":[{"taxonomy":"category","embeddable":true,"href":"https:\/\/luchonoticias.com\/editor\/wp-json\/wp\/v2\/categories?post=68275"},{"taxonomy":"post_tag","embeddable":true,"href":"https:\/\/luchonoticias.com\/editor\/wp-json\/wp\/v2\/tags?post=68275"}],"curies":[{"name":"wp","href":"https:\/\/api.w.org\/{rel}","templated":true}]}}