{"id":68287,"date":"2024-02-07T16:13:50","date_gmt":"2024-02-07T21:13:50","guid":{"rendered":"https:\/\/luchonoticias.com\/?p=68287"},"modified":"2024-02-07T16:13:52","modified_gmt":"2024-02-07T21:13:52","slug":"cayo-por-homicidio-en-campoalegre-alias-el-loro","status":"publish","type":"post","link":"https:\/\/luchonoticias.com\/editor\/cayo-por-homicidio-en-campoalegre-alias-el-loro\/","title":{"rendered":"Cay\u00f3 por homicidio en Campoalegre alias &#8216; El Loro&#8217;"},"content":{"rendered":"\n<p>En un trabajo investigativo que dur\u00f3 un poco m\u00e1s de un mes y gracias a la articulaci\u00f3n de capacidades interinstitucionales de la fiscal\u00eda general de la naci\u00f3n y la administraci\u00f3n municipal de Campoalegre, se logr\u00f3 la captura de un presunto homicida en la capital arrocera del departamento.<\/p>\n\n\n\n<p>Este sujeto conocido en el mundo del crimen como alias &#8216;El Loro&#8217; y secuaz del capturado por homicidio en d\u00edas anteriores alias &#8216;Cantor&#8217;, ser\u00edan los determinadores del homicidio del se\u00f1or Pedro Morales el pasado 23 de diciembre de 2023 en jurisdicci\u00f3n de la vereda Arrayanes, al parecer en medio de un presunto intento de hurto.<\/p>\n\n\n\n<p>Alias &#8216;El Loro&#8217; fue dejado a disposici\u00f3n de la fiscal\u00eda general de la naci\u00f3n para que responda por el presunto homicidio del se\u00f1or Morales de 82 a\u00f1os de edad, los hechos se habr\u00edan cometido con la utilizaci\u00f3n de armas de fuego y los sujetos se habr\u00edan movilizado en motocicletas cuando cometieron el crimen.<\/p>\n\n\n\n<p>\u00abDe esta manera la Polic\u00eda Nacional env\u00eda un mensaje muy claro a los criminales donde quiera que se escondan y cuando menos lo esperen ser\u00e1n capturados por la polic\u00eda para que respondan por los cr\u00edmenes que han cometido en el municipio de Campoalegre\u00bb, asegur\u00f3 el coronel William Javier Lara Avenda\u00f1o.<\/p>\n","protected":false},"excerpt":{"rendered":"<p>En un trabajo investigativo que dur\u00f3 un poco m\u00e1s de un mes y gracias a la articulaci\u00f3n de capacidades interinstitucionales de la fiscal\u00eda general de la naci\u00f3n y la administraci\u00f3n municipal de Campoalegre, se logr\u00f3 la captura de un presunto homicida en la capital arrocera del departamento. Este sujeto conocido en el mundo del crimen [&hellip;]<\/p>\n","protected":false},"author":2,"featured_media":0,"comment_status":"open","ping_status":"open","sticky":false,"template":"","format":"standard","meta":{"footnotes":""},"categories":[36,29],"tags":[],"class_list":["post-68287","post","type-post","status-publish","format-standard","hentry","category-destacado","category-judicial"],"yoast_head":"<!-- This site is optimized with the Yoast SEO plugin v26.6 - https:\/\/yoast.com\/wordpress\/plugins\/seo\/ -->\n<title>Cay\u00f3 por homicidio en Campoalegre alias &#039; El Loro&#039; -<\/title>\n<meta name=\"robots\" content=\"index, follow, max-snippet:-1, max-image-preview:large, max-video-preview:-1\" \/>\n<link rel=\"canonical\" href=\"https:\/\/luchonoticias.com\/editor\/cayo-por-homicidio-en-campoalegre-alias-el-loro\/\" \/>\n<meta property=\"og:locale\" content=\"es_ES\" \/>\n<meta property=\"og:type\" content=\"article\" \/>\n<meta property=\"og:title\" content=\"Cay\u00f3 por homicidio en Campoalegre alias &#039; El Loro&#039; -\" \/>\n<meta property=\"og:url\" content=\"https:\/\/luchonoticias.com\/editor\/cayo-por-homicidio-en-campoalegre-alias-el-loro\/\" \/>\n<meta property=\"article:publisher\" content=\"https:\/\/www.facebook.com\/luchonoticiasneiva\" \/>\n<meta property=\"article:published_time\" content=\"2024-02-07T21:13:50+00:00\" \/>\n<meta property=\"article:modified_time\" content=\"2024-02-07T21:13:52+00:00\" \/>\n<meta name=\"author\" content=\"Editor General\" \/>\n<meta name=\"twitter:card\" content=\"summary_large_image\" \/>\n<meta name=\"twitter:label1\" content=\"Escrito por\" \/>\n\t<meta name=\"twitter:data1\" content=\"Editor General\" \/>\n\t<meta name=\"twitter:label2\" content=\"Tiempo de lectura\" \/>\n\t<meta name=\"twitter:data2\" content=\"1 minuto\" \/>\n<script type=\"application\/ld+json\" class=\"yoast-schema-graph\">{\"@context\":\"https:\/\/schema.org\",\"@graph\":[{\"@type\":\"Article\",\"@id\":\"https:\/\/luchonoticias.com\/editor\/cayo-por-homicidio-en-campoalegre-alias-el-loro\/#article\",\"isPartOf\":{\"@id\":\"https:\/\/luchonoticias.com\/editor\/cayo-por-homicidio-en-campoalegre-alias-el-loro\/\"},\"author\":{\"name\":\"Editor General\",\"@id\":\"https:\/\/luchonoticias.com\/editor\/#\/schema\/person\/29217990ddf6f14e35912b2866d591fb\"},\"headline\":\"Cay\u00f3 por homicidio en Campoalegre alias &#8216; El Loro&#8217;\",\"datePublished\":\"2024-02-07T21:13:50+00:00\",\"dateModified\":\"2024-02-07T21:13:52+00:00\",\"mainEntityOfPage\":{\"@id\":\"https:\/\/luchonoticias.com\/editor\/cayo-por-homicidio-en-campoalegre-alias-el-loro\/\"},\"wordCount\":233,\"commentCount\":0,\"publisher\":{\"@id\":\"https:\/\/luchonoticias.com\/editor\/#\/schema\/person\/7a7fd911f58561fd056dbac7b55af9cd\"},\"articleSection\":[\"Destacado\",\"Judicial\"],\"inLanguage\":\"es\",\"potentialAction\":[{\"@type\":\"CommentAction\",\"name\":\"Comment\",\"target\":[\"https:\/\/luchonoticias.com\/editor\/cayo-por-homicidio-en-campoalegre-alias-el-loro\/#respond\"]}]},{\"@type\":\"WebPage\",\"@id\":\"https:\/\/luchonoticias.com\/editor\/cayo-por-homicidio-en-campoalegre-alias-el-loro\/\",\"url\":\"https:\/\/luchonoticias.com\/editor\/cayo-por-homicidio-en-campoalegre-alias-el-loro\/\",\"name\":\"Cay\u00f3 por homicidio en Campoalegre alias ' El Loro' -\",\"isPartOf\":{\"@id\":\"https:\/\/luchonoticias.com\/editor\/#website\"},\"datePublished\":\"2024-02-07T21:13:50+00:00\",\"dateModified\":\"2024-02-07T21:13:52+00:00\",\"breadcrumb\":{\"@id\":\"https:\/\/luchonoticias.com\/editor\/cayo-por-homicidio-en-campoalegre-alias-el-loro\/#breadcrumb\"},\"inLanguage\":\"es\",\"potentialAction\":[{\"@type\":\"ReadAction\",\"target\":[\"https:\/\/luchonoticias.com\/editor\/cayo-por-homicidio-en-campoalegre-alias-el-loro\/\"]}]},{\"@type\":\"BreadcrumbList\",\"@id\":\"https:\/\/luchonoticias.com\/editor\/cayo-por-homicidio-en-campoalegre-alias-el-loro\/#breadcrumb\",\"itemListElement\":[{\"@type\":\"ListItem\",\"position\":1,\"name\":\"Portada\",\"item\":\"https:\/\/luchonoticias.com\/editor\/\"},{\"@type\":\"ListItem\",\"position\":2,\"name\":\"Cay\u00f3 por homicidio en Campoalegre alias &#8216; El Loro&#8217;\"}]},{\"@type\":\"WebSite\",\"@id\":\"https:\/\/luchonoticias.com\/editor\/#website\",\"url\":\"https:\/\/luchonoticias.com\/editor\/\",\"name\":\"\",\"description\":\"\",\"publisher\":{\"@id\":\"https:\/\/luchonoticias.com\/editor\/#\/schema\/person\/7a7fd911f58561fd056dbac7b55af9cd\"},\"potentialAction\":[{\"@type\":\"SearchAction\",\"target\":{\"@type\":\"EntryPoint\",\"urlTemplate\":\"https:\/\/luchonoticias.com\/editor\/?s={search_term_string}\"},\"query-input\":{\"@type\":\"PropertyValueSpecification\",\"valueRequired\":true,\"valueName\":\"search_term_string\"}}],\"inLanguage\":\"es\"},{\"@type\":[\"Person\",\"Organization\"],\"@id\":\"https:\/\/luchonoticias.com\/editor\/#\/schema\/person\/7a7fd911f58561fd056dbac7b55af9cd\",\"name\":\"admin\",\"image\":{\"@type\":\"ImageObject\",\"inLanguage\":\"es\",\"@id\":\"https:\/\/luchonoticias.com\/editor\/#\/schema\/person\/image\/\",\"url\":\"https:\/\/luchonoticias.com\/editor\/wp-content\/uploads\/2024\/02\/cropped-cropped-logolu.webp\",\"contentUrl\":\"https:\/\/luchonoticias.com\/editor\/wp-content\/uploads\/2024\/02\/cropped-cropped-logolu.webp\",\"width\":382,\"height\":170,\"caption\":\"admin\"},\"logo\":{\"@id\":\"https:\/\/luchonoticias.com\/editor\/#\/schema\/person\/image\/\"},\"sameAs\":[\"https:\/\/www.facebook.com\/luchonoticiasneiva\"]},{\"@type\":\"Person\",\"@id\":\"https:\/\/luchonoticias.com\/editor\/#\/schema\/person\/29217990ddf6f14e35912b2866d591fb\",\"name\":\"Editor General\",\"image\":{\"@type\":\"ImageObject\",\"inLanguage\":\"es\",\"@id\":\"https:\/\/luchonoticias.com\/editor\/#\/schema\/person\/image\/\",\"url\":\"https:\/\/luchonoticias.com\/editor\/wp-content\/uploads\/2024\/02\/cropped-cropped-logolu-150x150.webp\",\"contentUrl\":\"https:\/\/luchonoticias.com\/editor\/wp-content\/uploads\/2024\/02\/cropped-cropped-logolu-150x150.webp\",\"caption\":\"Editor General\"},\"sameAs\":[\"https:\/\/luchonoticias.com\/\"],\"url\":\"https:\/\/luchonoticias.com\/editor\/author\/editor-general\/\"}]}<\/script>\n<!-- \/ Yoast SEO plugin. -->","yoast_head_json":{"title":"Cay\u00f3 por homicidio en Campoalegre alias ' El Loro' -","robots":{"index":"index","follow":"follow","max-snippet":"max-snippet:-1","max-image-preview":"max-image-preview:large","max-video-preview":"max-video-preview:-1"},"canonical":"https:\/\/luchonoticias.com\/editor\/cayo-por-homicidio-en-campoalegre-alias-el-loro\/","og_locale":"es_ES","og_type":"article","og_title":"Cay\u00f3 por homicidio en Campoalegre alias ' El Loro' -","og_url":"https:\/\/luchonoticias.com\/editor\/cayo-por-homicidio-en-campoalegre-alias-el-loro\/","article_publisher":"https:\/\/www.facebook.com\/luchonoticiasneiva","article_published_time":"2024-02-07T21:13:50+00:00","article_modified_time":"2024-02-07T21:13:52+00:00","author":"Editor General","twitter_card":"summary_large_image","twitter_misc":{"Escrito por":"Editor General","Tiempo de lectura":"1 minuto"},"schema":{"@context":"https:\/\/schema.org","@graph":[{"@type":"Article","@id":"https:\/\/luchonoticias.com\/editor\/cayo-por-homicidio-en-campoalegre-alias-el-loro\/#article","isPartOf":{"@id":"https:\/\/luchonoticias.com\/editor\/cayo-por-homicidio-en-campoalegre-alias-el-loro\/"},"author":{"name":"Editor General","@id":"https:\/\/luchonoticias.com\/editor\/#\/schema\/person\/29217990ddf6f14e35912b2866d591fb"},"headline":"Cay\u00f3 por homicidio en Campoalegre alias &#8216; El Loro&#8217;","datePublished":"2024-02-07T21:13:50+00:00","dateModified":"2024-02-07T21:13:52+00:00","mainEntityOfPage":{"@id":"https:\/\/luchonoticias.com\/editor\/cayo-por-homicidio-en-campoalegre-alias-el-loro\/"},"wordCount":233,"commentCount":0,"publisher":{"@id":"https:\/\/luchonoticias.com\/editor\/#\/schema\/person\/7a7fd911f58561fd056dbac7b55af9cd"},"articleSection":["Destacado","Judicial"],"inLanguage":"es","potentialAction":[{"@type":"CommentAction","name":"Comment","target":["https:\/\/luchonoticias.com\/editor\/cayo-por-homicidio-en-campoalegre-alias-el-loro\/#respond"]}]},{"@type":"WebPage","@id":"https:\/\/luchonoticias.com\/editor\/cayo-por-homicidio-en-campoalegre-alias-el-loro\/","url":"https:\/\/luchonoticias.com\/editor\/cayo-por-homicidio-en-campoalegre-alias-el-loro\/","name":"Cay\u00f3 por homicidio en Campoalegre alias ' El Loro' -","isPartOf":{"@id":"https:\/\/luchonoticias.com\/editor\/#website"},"datePublished":"2024-02-07T21:13:50+00:00","dateModified":"2024-02-07T21:13:52+00:00","breadcrumb":{"@id":"https:\/\/luchonoticias.com\/editor\/cayo-por-homicidio-en-campoalegre-alias-el-loro\/#breadcrumb"},"inLanguage":"es","potentialAction":[{"@type":"ReadAction","target":["https:\/\/luchonoticias.com\/editor\/cayo-por-homicidio-en-campoalegre-alias-el-loro\/"]}]},{"@type":"BreadcrumbList","@id":"https:\/\/luchonoticias.com\/editor\/cayo-por-homicidio-en-campoalegre-alias-el-loro\/#breadcrumb","itemListElement":[{"@type":"ListItem","position":1,"name":"Portada","item":"https:\/\/luchonoticias.com\/editor\/"},{"@type":"ListItem","position":2,"name":"Cay\u00f3 por homicidio en Campoalegre alias &#8216; El Loro&#8217;"}]},{"@type":"WebSite","@id":"https:\/\/luchonoticias.com\/editor\/#website","url":"https:\/\/luchonoticias.com\/editor\/","name":"","description":"","publisher":{"@id":"https:\/\/luchonoticias.com\/editor\/#\/schema\/person\/7a7fd911f58561fd056dbac7b55af9cd"},"potentialAction":[{"@type":"SearchAction","target":{"@type":"EntryPoint","urlTemplate":"https:\/\/luchonoticias.com\/editor\/?s={search_term_string}"},"query-input":{"@type":"PropertyValueSpecification","valueRequired":true,"valueName":"search_term_string"}}],"inLanguage":"es"},{"@type":["Person","Organization"],"@id":"https:\/\/luchonoticias.com\/editor\/#\/schema\/person\/7a7fd911f58561fd056dbac7b55af9cd","name":"admin","image":{"@type":"ImageObject","inLanguage":"es","@id":"https:\/\/luchonoticias.com\/editor\/#\/schema\/person\/image\/","url":"https:\/\/luchonoticias.com\/editor\/wp-content\/uploads\/2024\/02\/cropped-cropped-logolu.webp","contentUrl":"https:\/\/luchonoticias.com\/editor\/wp-content\/uploads\/2024\/02\/cropped-cropped-logolu.webp","width":382,"height":170,"caption":"admin"},"logo":{"@id":"https:\/\/luchonoticias.com\/editor\/#\/schema\/person\/image\/"},"sameAs":["https:\/\/www.facebook.com\/luchonoticiasneiva"]},{"@type":"Person","@id":"https:\/\/luchonoticias.com\/editor\/#\/schema\/person\/29217990ddf6f14e35912b2866d591fb","name":"Editor General","image":{"@type":"ImageObject","inLanguage":"es","@id":"https:\/\/luchonoticias.com\/editor\/#\/schema\/person\/image\/","url":"https:\/\/luchonoticias.com\/editor\/wp-content\/uploads\/2024\/02\/cropped-cropped-logolu-150x150.webp","contentUrl":"https:\/\/luchonoticias.com\/editor\/wp-content\/uploads\/2024\/02\/cropped-cropped-logolu-150x150.webp","caption":"Editor General"},"sameAs":["https:\/\/luchonoticias.com\/"],"url":"https:\/\/luchonoticias.com\/editor\/author\/editor-general\/"}]}},"_links":{"self":[{"href":"https:\/\/luchonoticias.com\/editor\/wp-json\/wp\/v2\/posts\/68287","targetHints":{"allow":["GET"]}}],"collection":[{"href":"https:\/\/luchonoticias.com\/editor\/wp-json\/wp\/v2\/posts"}],"about":[{"href":"https:\/\/luchonoticias.com\/editor\/wp-json\/wp\/v2\/types\/post"}],"author":[{"embeddable":true,"href":"https:\/\/luchonoticias.com\/editor\/wp-json\/wp\/v2\/users\/2"}],"replies":[{"embeddable":true,"href":"https:\/\/luchonoticias.com\/editor\/wp-json\/wp\/v2\/comments?post=68287"}],"version-history":[{"count":0,"href":"https:\/\/luchonoticias.com\/editor\/wp-json\/wp\/v2\/posts\/68287\/revisions"}],"wp:attachment":[{"href":"https:\/\/luchonoticias.com\/editor\/wp-json\/wp\/v2\/media?parent=68287"}],"wp:term":[{"taxonomy":"category","embeddable":true,"href":"https:\/\/luchonoticias.com\/editor\/wp-json\/wp\/v2\/categories?post=68287"},{"taxonomy":"post_tag","embeddable":true,"href":"https:\/\/luchonoticias.com\/editor\/wp-json\/wp\/v2\/tags?post=68287"}],"curies":[{"name":"wp","href":"https:\/\/api.w.org\/{rel}","templated":true}]}}