{"id":68318,"date":"2024-02-08T06:02:31","date_gmt":"2024-02-08T11:02:31","guid":{"rendered":"https:\/\/luchonoticias.com\/?p=68318"},"modified":"2024-02-08T06:11:01","modified_gmt":"2024-02-08T11:11:01","slug":"toque-de-queda-para-menores-y-otras-medidas-fueron-decretadas-por-el-alcalde-de-garzon-para-mejorar-la-seguridad-en-su-municipio","status":"publish","type":"post","link":"https:\/\/luchonoticias.com\/editor\/toque-de-queda-para-menores-y-otras-medidas-fueron-decretadas-por-el-alcalde-de-garzon-para-mejorar-la-seguridad-en-su-municipio\/","title":{"rendered":"Toque de queda para menores y otras medidas fueron decretadas por el Alcalde de Garz\u00f3n para mejorar la seguridad en su municipio"},"content":{"rendered":"\n<p>Con el Decreto Nro. 064 de 2024, el Alcalde de Garz\u00f3n <a href=\"https:\/\/www.facebook.com\/franciscocalderonferiz?__cft__%5b0%5d=AZWEjEVIh9HVIL8aUs9vmjjU1gCW17BGdyeNGkNPJCjaWVYDVwObkM1eYzmav2DHXeCpf83psXN6aiR2-1l-_cSiVg5L-dxrDEoiTwLcW4V-m0fgPU3lAuISqHA2EevlxthiM2Dhwjbq8Vd2VfwXkNNOkkVG1QmUu-K56chMbTQgfinw76p_-pTe9NaPUUACfEs&amp;__tn__=-%5dK-R\">Francisco Calder\u00f3n Feriz<\/a> se\u00f1al\u00f3 que ning\u00fan ni\u00f1o, ni\u00f1a, adolescente o menor de 18 a\u00f1os, podr\u00e1 permanecer en v\u00edas, parques, plazas, calles, lugares abiertos al p\u00fablico, entre las diez (10) de la noche y las cinco (5) de la ma\u00f1ana, sin el acompa\u00f1amiento de uno de sus padres o alg\u00fan familiar mayor de edad, cuyo parentesco deber\u00e1 acreditarse.<\/p>\n\n\n\n<p>As\u00ed como implement\u00f3 la prohibici\u00f3n de permanecer en establecimientos de comercio de bebidas embriagantes, durante las 24 horas del d\u00eda o laborando en condiciones no autorizadas por la ley.<\/p>\n\n\n\n<p>\u201cLos ni\u00f1os, ni\u00f1as, adolescentes o menores de 18 a\u00f1os, que se encuentren en la calle, durante las horas en que rige la medida, o sean sorprendidos en establecimientos de comercio con venta de bebidas embriagantes, ser\u00e1n conducidos por las autoridades de Infancia y Adolescencia a centros de acogida, y los padres o acudientes legales de los menores, ser\u00e1n sujeto de las medidas de restablecimiento de derechos de conformidad con la Ley 1098 de 2006, y la medida correctiva determinada en el art\u00edculo 35 de Ley 1801 de 2016, y consistente en multa general tipo 4, equivalente a diecis\u00e9is (16) salarios m\u00ednimos diarios legales vigentes\u201d, indic\u00f3 el mandatario local en el decreto.<\/p>\n\n\n\n<p><strong>Excepciones<\/strong><\/p>\n\n\n\n<p>Asimismo, el Alcalde de Garz\u00f3n <a href=\"https:\/\/www.facebook.com\/franciscocalderonferiz?__cft__%5b0%5d=AZWEjEVIh9HVIL8aUs9vmjjU1gCW17BGdyeNGkNPJCjaWVYDVwObkM1eYzmav2DHXeCpf83psXN6aiR2-1l-_cSiVg5L-dxrDEoiTwLcW4V-m0fgPU3lAuISqHA2EevlxthiM2Dhwjbq8Vd2VfwXkNNOkkVG1QmUu-K56chMbTQgfinw76p_-pTe9NaPUUACfEs&amp;__tn__=-%5dK-R\">Francisco Calder\u00f3n Feriz<\/a> se\u00f1al\u00f3, que &nbsp;se except\u00faan de la presente medida, los j\u00f3venes que demuestren su condici\u00f3n de estudiantes de jornada nocturna de las instituciones educativas Universidad Surcolombiana \u2013 USCO o del Centro Agroempresarial y Desarrollo Pecuario del Huila \u2013 SENA \u2013 Garz\u00f3n.<\/p>\n\n\n\n<p>\u201cPresentando el respectivo carnet que los acredite como tal, ante la autoridad competente que los requiera dentro del control de la presente disposici\u00f3n; dichos estudiantes, podr\u00e1n movilizarse s\u00f3lo hasta las once y treinta de la noche (11:30 p.m.)\u201d, agreg\u00f3 el mandatario de los garzone\u00f1os.<\/p>\n\n\n\n<p><strong>Prohibici\u00f3n de armas de fuego tipo traum\u00e1ticas<\/strong><\/p>\n\n\n\n<p>Entre las prohibiciones dada por el Alcalde de Garz\u00f3n, est\u00e1 la que proh\u00edbe la utilizaci\u00f3n en todo el territorio del municipio de Garz\u00f3n a partir de la entrada en vigencia de este decreto, el porte de armas de fuego tipo traum\u00e1ticas, acatando las directrices que adopten las autoridades militares competentes, con el fin de mantener el orden p\u00fablico.<\/p>\n\n\n\n<p>\u201cLa Polic\u00eda Nacional, la Secretar\u00eda General y de Convivencia Ciudadana, y la Inspecci\u00f3n de Polic\u00eda, son los responsables de hacer cumplir lo dispuesto en el Decreto, y para ello podr\u00e1n realizar los operativos de rigor en toda la jurisdicci\u00f3n y proceder\u00e1n a aplicar las medidas correctivas establecidas en el par\u00e1grafo 1\u00ba del art\u00edculo 180 de la Ley 1801 de 2016, y las dem\u00e1s adicionadas mediante el art\u00edculo 39 de la Ley 2197 de 2022, cuya graduaci\u00f3n depender\u00e1 del comportamiento de la comunidad\u201d, concluy\u00f3.<\/p>\n\n\n\n<div data-wp-interactive=\"core\/file\" class=\"wp-block-file\"><object data-wp-bind--hidden=\"!state.hasPdfPreview\" hidden class=\"wp-block-file__embed\" data=\"https:\/\/luchonoticias.com\/wp-content\/uploads\/2024\/02\/decreto-064-2024_0001.pdf\" type=\"application\/pdf\" style=\"width:100%;height:600px\" aria-label=\"Incrustado de decreto-064-2024_0001.\"><\/object><a id=\"wp-block-file--media-4430aa4c-e8ac-45be-b5cd-e007097f2d8b\" href=\"https:\/\/luchonoticias.com\/wp-content\/uploads\/2024\/02\/decreto-064-2024_0001.pdf\">decreto-064-2024_0001<\/a><a href=\"https:\/\/luchonoticias.com\/wp-content\/uploads\/2024\/02\/decreto-064-2024_0001.pdf\" class=\"wp-block-file__button wp-element-button\" download aria-describedby=\"wp-block-file--media-4430aa4c-e8ac-45be-b5cd-e007097f2d8b\">Descarga<\/a><\/div>\n","protected":false},"excerpt":{"rendered":"<p>Con el Decreto Nro. 064 de 2024, el Alcalde de Garz\u00f3n Francisco Calder\u00f3n Feriz se\u00f1al\u00f3 que ning\u00fan ni\u00f1o, ni\u00f1a, adolescente o menor de 18 a\u00f1os, podr\u00e1 permanecer en v\u00edas, parques, plazas, calles, lugares abiertos al p\u00fablico, entre las diez (10) de la noche y las cinco (5) de la ma\u00f1ana, sin el acompa\u00f1amiento de uno [&hellip;]<\/p>\n","protected":false},"author":2,"featured_media":0,"comment_status":"open","ping_status":"open","sticky":false,"template":"","format":"standard","meta":{"footnotes":""},"categories":[36,35],"tags":[],"class_list":["post-68318","post","type-post","status-publish","format-standard","hentry","category-destacado","category-regional"],"yoast_head":"<!-- This site is optimized with the Yoast SEO plugin v26.6 - https:\/\/yoast.com\/wordpress\/plugins\/seo\/ -->\n<title>Toque de queda para menores y otras medidas fueron decretadas por el Alcalde de Garz\u00f3n para mejorar la seguridad en su municipio -<\/title>\n<meta name=\"robots\" content=\"index, follow, max-snippet:-1, max-image-preview:large, max-video-preview:-1\" \/>\n<link rel=\"canonical\" href=\"https:\/\/luchonoticias.com\/editor\/toque-de-queda-para-menores-y-otras-medidas-fueron-decretadas-por-el-alcalde-de-garzon-para-mejorar-la-seguridad-en-su-municipio\/\" \/>\n<meta property=\"og:locale\" content=\"es_ES\" \/>\n<meta property=\"og:type\" content=\"article\" \/>\n<meta property=\"og:title\" content=\"Toque de queda para menores y otras medidas fueron decretadas por el Alcalde de Garz\u00f3n para mejorar la seguridad en su municipio -\" \/>\n<meta property=\"og:url\" content=\"https:\/\/luchonoticias.com\/editor\/toque-de-queda-para-menores-y-otras-medidas-fueron-decretadas-por-el-alcalde-de-garzon-para-mejorar-la-seguridad-en-su-municipio\/\" \/>\n<meta property=\"article:publisher\" content=\"https:\/\/www.facebook.com\/luchonoticiasneiva\" \/>\n<meta property=\"article:published_time\" content=\"2024-02-08T11:02:31+00:00\" \/>\n<meta property=\"article:modified_time\" content=\"2024-02-08T11:11:01+00:00\" \/>\n<meta name=\"author\" content=\"Editor General\" \/>\n<meta name=\"twitter:card\" content=\"summary_large_image\" \/>\n<meta name=\"twitter:label1\" content=\"Escrito por\" \/>\n\t<meta name=\"twitter:data1\" content=\"Editor General\" \/>\n\t<meta name=\"twitter:label2\" content=\"Tiempo de lectura\" \/>\n\t<meta name=\"twitter:data2\" content=\"2 minutos\" \/>\n<script type=\"application\/ld+json\" class=\"yoast-schema-graph\">{\"@context\":\"https:\/\/schema.org\",\"@graph\":[{\"@type\":\"Article\",\"@id\":\"https:\/\/luchonoticias.com\/editor\/toque-de-queda-para-menores-y-otras-medidas-fueron-decretadas-por-el-alcalde-de-garzon-para-mejorar-la-seguridad-en-su-municipio\/#article\",\"isPartOf\":{\"@id\":\"https:\/\/luchonoticias.com\/editor\/toque-de-queda-para-menores-y-otras-medidas-fueron-decretadas-por-el-alcalde-de-garzon-para-mejorar-la-seguridad-en-su-municipio\/\"},\"author\":{\"name\":\"Editor General\",\"@id\":\"https:\/\/luchonoticias.com\/editor\/#\/schema\/person\/29217990ddf6f14e35912b2866d591fb\"},\"headline\":\"Toque de queda para menores y otras medidas fueron decretadas por el Alcalde de Garz\u00f3n para mejorar la seguridad en su municipio\",\"datePublished\":\"2024-02-08T11:02:31+00:00\",\"dateModified\":\"2024-02-08T11:11:01+00:00\",\"mainEntityOfPage\":{\"@id\":\"https:\/\/luchonoticias.com\/editor\/toque-de-queda-para-menores-y-otras-medidas-fueron-decretadas-por-el-alcalde-de-garzon-para-mejorar-la-seguridad-en-su-municipio\/\"},\"wordCount\":505,\"commentCount\":0,\"publisher\":{\"@id\":\"https:\/\/luchonoticias.com\/editor\/#\/schema\/person\/7a7fd911f58561fd056dbac7b55af9cd\"},\"articleSection\":[\"Destacado\",\"Regional\"],\"inLanguage\":\"es\",\"potentialAction\":[{\"@type\":\"CommentAction\",\"name\":\"Comment\",\"target\":[\"https:\/\/luchonoticias.com\/editor\/toque-de-queda-para-menores-y-otras-medidas-fueron-decretadas-por-el-alcalde-de-garzon-para-mejorar-la-seguridad-en-su-municipio\/#respond\"]}]},{\"@type\":\"WebPage\",\"@id\":\"https:\/\/luchonoticias.com\/editor\/toque-de-queda-para-menores-y-otras-medidas-fueron-decretadas-por-el-alcalde-de-garzon-para-mejorar-la-seguridad-en-su-municipio\/\",\"url\":\"https:\/\/luchonoticias.com\/editor\/toque-de-queda-para-menores-y-otras-medidas-fueron-decretadas-por-el-alcalde-de-garzon-para-mejorar-la-seguridad-en-su-municipio\/\",\"name\":\"Toque de queda para menores y otras medidas fueron decretadas por el Alcalde de Garz\u00f3n para mejorar la seguridad en su municipio -\",\"isPartOf\":{\"@id\":\"https:\/\/luchonoticias.com\/editor\/#website\"},\"datePublished\":\"2024-02-08T11:02:31+00:00\",\"dateModified\":\"2024-02-08T11:11:01+00:00\",\"breadcrumb\":{\"@id\":\"https:\/\/luchonoticias.com\/editor\/toque-de-queda-para-menores-y-otras-medidas-fueron-decretadas-por-el-alcalde-de-garzon-para-mejorar-la-seguridad-en-su-municipio\/#breadcrumb\"},\"inLanguage\":\"es\",\"potentialAction\":[{\"@type\":\"ReadAction\",\"target\":[\"https:\/\/luchonoticias.com\/editor\/toque-de-queda-para-menores-y-otras-medidas-fueron-decretadas-por-el-alcalde-de-garzon-para-mejorar-la-seguridad-en-su-municipio\/\"]}]},{\"@type\":\"BreadcrumbList\",\"@id\":\"https:\/\/luchonoticias.com\/editor\/toque-de-queda-para-menores-y-otras-medidas-fueron-decretadas-por-el-alcalde-de-garzon-para-mejorar-la-seguridad-en-su-municipio\/#breadcrumb\",\"itemListElement\":[{\"@type\":\"ListItem\",\"position\":1,\"name\":\"Portada\",\"item\":\"https:\/\/luchonoticias.com\/editor\/\"},{\"@type\":\"ListItem\",\"position\":2,\"name\":\"Toque de queda para menores y otras medidas fueron decretadas por el Alcalde de Garz\u00f3n para mejorar la seguridad en su municipio\"}]},{\"@type\":\"WebSite\",\"@id\":\"https:\/\/luchonoticias.com\/editor\/#website\",\"url\":\"https:\/\/luchonoticias.com\/editor\/\",\"name\":\"\",\"description\":\"\",\"publisher\":{\"@id\":\"https:\/\/luchonoticias.com\/editor\/#\/schema\/person\/7a7fd911f58561fd056dbac7b55af9cd\"},\"potentialAction\":[{\"@type\":\"SearchAction\",\"target\":{\"@type\":\"EntryPoint\",\"urlTemplate\":\"https:\/\/luchonoticias.com\/editor\/?s={search_term_string}\"},\"query-input\":{\"@type\":\"PropertyValueSpecification\",\"valueRequired\":true,\"valueName\":\"search_term_string\"}}],\"inLanguage\":\"es\"},{\"@type\":[\"Person\",\"Organization\"],\"@id\":\"https:\/\/luchonoticias.com\/editor\/#\/schema\/person\/7a7fd911f58561fd056dbac7b55af9cd\",\"name\":\"admin\",\"image\":{\"@type\":\"ImageObject\",\"inLanguage\":\"es\",\"@id\":\"https:\/\/luchonoticias.com\/editor\/#\/schema\/person\/image\/\",\"url\":\"https:\/\/luchonoticias.com\/editor\/wp-content\/uploads\/2024\/02\/cropped-cropped-logolu.webp\",\"contentUrl\":\"https:\/\/luchonoticias.com\/editor\/wp-content\/uploads\/2024\/02\/cropped-cropped-logolu.webp\",\"width\":382,\"height\":170,\"caption\":\"admin\"},\"logo\":{\"@id\":\"https:\/\/luchonoticias.com\/editor\/#\/schema\/person\/image\/\"},\"sameAs\":[\"https:\/\/www.facebook.com\/luchonoticiasneiva\"]},{\"@type\":\"Person\",\"@id\":\"https:\/\/luchonoticias.com\/editor\/#\/schema\/person\/29217990ddf6f14e35912b2866d591fb\",\"name\":\"Editor General\",\"image\":{\"@type\":\"ImageObject\",\"inLanguage\":\"es\",\"@id\":\"https:\/\/luchonoticias.com\/editor\/#\/schema\/person\/image\/\",\"url\":\"https:\/\/luchonoticias.com\/editor\/wp-content\/uploads\/2024\/02\/cropped-cropped-logolu-150x150.webp\",\"contentUrl\":\"https:\/\/luchonoticias.com\/editor\/wp-content\/uploads\/2024\/02\/cropped-cropped-logolu-150x150.webp\",\"caption\":\"Editor General\"},\"sameAs\":[\"https:\/\/luchonoticias.com\/\"],\"url\":\"https:\/\/luchonoticias.com\/editor\/author\/editor-general\/\"}]}<\/script>\n<!-- \/ Yoast SEO plugin. -->","yoast_head_json":{"title":"Toque de queda para menores y otras medidas fueron decretadas por el Alcalde de Garz\u00f3n para mejorar la seguridad en su municipio -","robots":{"index":"index","follow":"follow","max-snippet":"max-snippet:-1","max-image-preview":"max-image-preview:large","max-video-preview":"max-video-preview:-1"},"canonical":"https:\/\/luchonoticias.com\/editor\/toque-de-queda-para-menores-y-otras-medidas-fueron-decretadas-por-el-alcalde-de-garzon-para-mejorar-la-seguridad-en-su-municipio\/","og_locale":"es_ES","og_type":"article","og_title":"Toque de queda para menores y otras medidas fueron decretadas por el Alcalde de Garz\u00f3n para mejorar la seguridad en su municipio -","og_url":"https:\/\/luchonoticias.com\/editor\/toque-de-queda-para-menores-y-otras-medidas-fueron-decretadas-por-el-alcalde-de-garzon-para-mejorar-la-seguridad-en-su-municipio\/","article_publisher":"https:\/\/www.facebook.com\/luchonoticiasneiva","article_published_time":"2024-02-08T11:02:31+00:00","article_modified_time":"2024-02-08T11:11:01+00:00","author":"Editor General","twitter_card":"summary_large_image","twitter_misc":{"Escrito por":"Editor General","Tiempo de lectura":"2 minutos"},"schema":{"@context":"https:\/\/schema.org","@graph":[{"@type":"Article","@id":"https:\/\/luchonoticias.com\/editor\/toque-de-queda-para-menores-y-otras-medidas-fueron-decretadas-por-el-alcalde-de-garzon-para-mejorar-la-seguridad-en-su-municipio\/#article","isPartOf":{"@id":"https:\/\/luchonoticias.com\/editor\/toque-de-queda-para-menores-y-otras-medidas-fueron-decretadas-por-el-alcalde-de-garzon-para-mejorar-la-seguridad-en-su-municipio\/"},"author":{"name":"Editor General","@id":"https:\/\/luchonoticias.com\/editor\/#\/schema\/person\/29217990ddf6f14e35912b2866d591fb"},"headline":"Toque de queda para menores y otras medidas fueron decretadas por el Alcalde de Garz\u00f3n para mejorar la seguridad en su municipio","datePublished":"2024-02-08T11:02:31+00:00","dateModified":"2024-02-08T11:11:01+00:00","mainEntityOfPage":{"@id":"https:\/\/luchonoticias.com\/editor\/toque-de-queda-para-menores-y-otras-medidas-fueron-decretadas-por-el-alcalde-de-garzon-para-mejorar-la-seguridad-en-su-municipio\/"},"wordCount":505,"commentCount":0,"publisher":{"@id":"https:\/\/luchonoticias.com\/editor\/#\/schema\/person\/7a7fd911f58561fd056dbac7b55af9cd"},"articleSection":["Destacado","Regional"],"inLanguage":"es","potentialAction":[{"@type":"CommentAction","name":"Comment","target":["https:\/\/luchonoticias.com\/editor\/toque-de-queda-para-menores-y-otras-medidas-fueron-decretadas-por-el-alcalde-de-garzon-para-mejorar-la-seguridad-en-su-municipio\/#respond"]}]},{"@type":"WebPage","@id":"https:\/\/luchonoticias.com\/editor\/toque-de-queda-para-menores-y-otras-medidas-fueron-decretadas-por-el-alcalde-de-garzon-para-mejorar-la-seguridad-en-su-municipio\/","url":"https:\/\/luchonoticias.com\/editor\/toque-de-queda-para-menores-y-otras-medidas-fueron-decretadas-por-el-alcalde-de-garzon-para-mejorar-la-seguridad-en-su-municipio\/","name":"Toque de queda para menores y otras medidas fueron decretadas por el Alcalde de Garz\u00f3n para mejorar la seguridad en su municipio -","isPartOf":{"@id":"https:\/\/luchonoticias.com\/editor\/#website"},"datePublished":"2024-02-08T11:02:31+00:00","dateModified":"2024-02-08T11:11:01+00:00","breadcrumb":{"@id":"https:\/\/luchonoticias.com\/editor\/toque-de-queda-para-menores-y-otras-medidas-fueron-decretadas-por-el-alcalde-de-garzon-para-mejorar-la-seguridad-en-su-municipio\/#breadcrumb"},"inLanguage":"es","potentialAction":[{"@type":"ReadAction","target":["https:\/\/luchonoticias.com\/editor\/toque-de-queda-para-menores-y-otras-medidas-fueron-decretadas-por-el-alcalde-de-garzon-para-mejorar-la-seguridad-en-su-municipio\/"]}]},{"@type":"BreadcrumbList","@id":"https:\/\/luchonoticias.com\/editor\/toque-de-queda-para-menores-y-otras-medidas-fueron-decretadas-por-el-alcalde-de-garzon-para-mejorar-la-seguridad-en-su-municipio\/#breadcrumb","itemListElement":[{"@type":"ListItem","position":1,"name":"Portada","item":"https:\/\/luchonoticias.com\/editor\/"},{"@type":"ListItem","position":2,"name":"Toque de queda para menores y otras medidas fueron decretadas por el Alcalde de Garz\u00f3n para mejorar la seguridad en su municipio"}]},{"@type":"WebSite","@id":"https:\/\/luchonoticias.com\/editor\/#website","url":"https:\/\/luchonoticias.com\/editor\/","name":"","description":"","publisher":{"@id":"https:\/\/luchonoticias.com\/editor\/#\/schema\/person\/7a7fd911f58561fd056dbac7b55af9cd"},"potentialAction":[{"@type":"SearchAction","target":{"@type":"EntryPoint","urlTemplate":"https:\/\/luchonoticias.com\/editor\/?s={search_term_string}"},"query-input":{"@type":"PropertyValueSpecification","valueRequired":true,"valueName":"search_term_string"}}],"inLanguage":"es"},{"@type":["Person","Organization"],"@id":"https:\/\/luchonoticias.com\/editor\/#\/schema\/person\/7a7fd911f58561fd056dbac7b55af9cd","name":"admin","image":{"@type":"ImageObject","inLanguage":"es","@id":"https:\/\/luchonoticias.com\/editor\/#\/schema\/person\/image\/","url":"https:\/\/luchonoticias.com\/editor\/wp-content\/uploads\/2024\/02\/cropped-cropped-logolu.webp","contentUrl":"https:\/\/luchonoticias.com\/editor\/wp-content\/uploads\/2024\/02\/cropped-cropped-logolu.webp","width":382,"height":170,"caption":"admin"},"logo":{"@id":"https:\/\/luchonoticias.com\/editor\/#\/schema\/person\/image\/"},"sameAs":["https:\/\/www.facebook.com\/luchonoticiasneiva"]},{"@type":"Person","@id":"https:\/\/luchonoticias.com\/editor\/#\/schema\/person\/29217990ddf6f14e35912b2866d591fb","name":"Editor General","image":{"@type":"ImageObject","inLanguage":"es","@id":"https:\/\/luchonoticias.com\/editor\/#\/schema\/person\/image\/","url":"https:\/\/luchonoticias.com\/editor\/wp-content\/uploads\/2024\/02\/cropped-cropped-logolu-150x150.webp","contentUrl":"https:\/\/luchonoticias.com\/editor\/wp-content\/uploads\/2024\/02\/cropped-cropped-logolu-150x150.webp","caption":"Editor General"},"sameAs":["https:\/\/luchonoticias.com\/"],"url":"https:\/\/luchonoticias.com\/editor\/author\/editor-general\/"}]}},"_links":{"self":[{"href":"https:\/\/luchonoticias.com\/editor\/wp-json\/wp\/v2\/posts\/68318","targetHints":{"allow":["GET"]}}],"collection":[{"href":"https:\/\/luchonoticias.com\/editor\/wp-json\/wp\/v2\/posts"}],"about":[{"href":"https:\/\/luchonoticias.com\/editor\/wp-json\/wp\/v2\/types\/post"}],"author":[{"embeddable":true,"href":"https:\/\/luchonoticias.com\/editor\/wp-json\/wp\/v2\/users\/2"}],"replies":[{"embeddable":true,"href":"https:\/\/luchonoticias.com\/editor\/wp-json\/wp\/v2\/comments?post=68318"}],"version-history":[{"count":0,"href":"https:\/\/luchonoticias.com\/editor\/wp-json\/wp\/v2\/posts\/68318\/revisions"}],"wp:attachment":[{"href":"https:\/\/luchonoticias.com\/editor\/wp-json\/wp\/v2\/media?parent=68318"}],"wp:term":[{"taxonomy":"category","embeddable":true,"href":"https:\/\/luchonoticias.com\/editor\/wp-json\/wp\/v2\/categories?post=68318"},{"taxonomy":"post_tag","embeddable":true,"href":"https:\/\/luchonoticias.com\/editor\/wp-json\/wp\/v2\/tags?post=68318"}],"curies":[{"name":"wp","href":"https:\/\/api.w.org\/{rel}","templated":true}]}}