{"id":68321,"date":"2024-02-08T06:05:33","date_gmt":"2024-02-08T11:05:33","guid":{"rendered":"https:\/\/luchonoticias.com\/?p=68321"},"modified":"2024-02-08T06:05:35","modified_gmt":"2024-02-08T11:05:35","slug":"la-usco-estrena-moderno-laboratorio-de-morfologia","status":"publish","type":"post","link":"https:\/\/luchonoticias.com\/editor\/la-usco-estrena-moderno-laboratorio-de-morfologia\/","title":{"rendered":"La USCO estrena moderno Laboratorio de Morfolog\u00eda"},"content":{"rendered":"\n<p>La Rectora de la USCO, Nidia Guzm\u00e1n Dur\u00e1n, inaugur\u00f3 el nuevo laboratorio de Morfolog\u00eda, uno de los m\u00e1s modernos del pa\u00eds, y destac\u00f3 la importancia de esta nueva instalaci\u00f3n, que no solo cumple con los est\u00e1ndares establecidos por el Ministerio de Educaci\u00f3n Nacional, sino que tambi\u00e9n sit\u00faa a la universidad a la vanguardia de prestigiosas&nbsp; instituciones de Colombia. \u00abEste laboratorio es una realidad para nuestros estudiantes de pregrado y posgrado, que son los principales beneficiarios en su proceso educativo\u00bb, expres\u00f3 la Rectora.<\/p>\n\n\n\n<p>Alba Roc\u00edo Valencia Valderrama, Coordinadora del Laboratorio de Morfolog\u00eda de la USCO, enfatiz\u00f3 la importancia de este espacio en el proceso de aprendizaje de los estudiantes. Si bien la anatom\u00eda digital ha ganado terreno, estudios han demostrado que el contacto directo con el cad\u00e1ver potencia significativamente la comprensi\u00f3n de las estructuras anat\u00f3micas y desarrolla habilidades manuales fundamentales para disciplinas como la cirug\u00eda. Adem\u00e1s, fortalece el v\u00ednculo emocional y \u00e9tico con el cuerpo humano, un aspecto esencial para la formaci\u00f3n de profesionales de la salud m\u00e1s humanos.<\/p>\n\n\n\n<figure class=\"wp-block-gallery has-nested-images columns-default is-cropped wp-block-gallery-1 is-layout-flex wp-block-gallery-is-layout-flex\">\n<figure class=\"wp-block-image size-large\"><img decoding=\"async\" data-id=\"68323\" src=\"https:\/\/luchonoticias.com\/wp-content\/uploads\/2024\/02\/WhatsApp-Image-2024-02-07-at-6.58.08-PM-1-1024x682.jpeg\" alt=\"\" class=\"wp-image-68323\"\/><\/figure>\n\n\n\n<figure class=\"wp-block-image size-large\"><img decoding=\"async\" data-id=\"68324\" src=\"https:\/\/luchonoticias.com\/wp-content\/uploads\/2024\/02\/WhatsApp-Image-2024-02-07-at-6.58.08-PM-1024x682.jpeg\" alt=\"\" class=\"wp-image-68324\"\/><\/figure>\n\n\n\n<figure class=\"wp-block-image size-large\"><img decoding=\"async\" data-id=\"68325\" src=\"https:\/\/luchonoticias.com\/wp-content\/uploads\/2024\/02\/WhatsApp-Image-2024-02-07-at-6.58.06-PM-1024x682.jpeg\" alt=\"\" class=\"wp-image-68325\"\/><\/figure>\n<\/figure>\n\n\n\n<p>Desde el punto de vista t\u00e9cnico, la realizaci\u00f3n de este proyecto implic\u00f3 una serie de adecuaciones tanto en el Laboratorio de Morfolog\u00eda como en el de Biolog\u00eda Molecular. Se llevaron a cabo trabajos de infraestructura que incluyeron la instalaci\u00f3n de un sistema completo de aire acondicionado, renovaci\u00f3n del piso, pintura y cambios en el cielorraso. Asimismo, se realizaron demoliciones selectivas para ampliar los espacios, se instalaron nuevas estructuras en acero inoxidable y se crearon \u00e1reas espec\u00edficas para muestras morfol\u00f3gicas y para situaciones de emergencia, como lavamanos y lavaojos. Un espacio especialmente dise\u00f1ado para el uso de tablets como simuladores en las clases.<\/p>\n\n\n\n<p>Por su parte, Eduardo Bautista Oviedo, Vicerrector Administrativo, resalt\u00f3 que la inversi\u00f3n de 2 mil millones de pesos se llev\u00f3 a cabo gracias a una combinaci\u00f3n de recursos provenientes de planes de fomento, la contribuci\u00f3n de la estampilla pro Universidad Surcolombiana Neiva y recursos provenientes de la estampilla del municipio de Neiva.<\/p>\n\n\n\n<figure class=\"wp-block-gallery has-nested-images columns-default is-cropped wp-block-gallery-2 is-layout-flex wp-block-gallery-is-layout-flex\">\n<figure class=\"wp-block-image size-large\"><img decoding=\"async\" data-id=\"68326\" src=\"https:\/\/luchonoticias.com\/wp-content\/uploads\/2024\/02\/WhatsApp-Image-2024-02-07-at-6.58.08-PM-2-1024x682.jpeg\" alt=\"\" class=\"wp-image-68326\"\/><\/figure>\n\n\n\n<figure class=\"wp-block-image size-large\"><img decoding=\"async\" data-id=\"68327\" src=\"https:\/\/luchonoticias.com\/wp-content\/uploads\/2024\/02\/WhatsApp-Image-2024-02-07-at-6.58.07-PM-1-1024x682.jpeg\" alt=\"\" class=\"wp-image-68327\"\/><\/figure>\n<\/figure>\n\n\n\n<p>En resumen, la inauguraci\u00f3n del Laboratorio de Morfolog\u00eda en la USCO proporciona a los estudiantes un entorno de aprendizaje moderno y funcional que potenciar\u00e1 su formaci\u00f3n acad\u00e9mica y profesional en el campo de la salud.<\/p>\n","protected":false},"excerpt":{"rendered":"<p>La Rectora de la USCO, Nidia Guzm\u00e1n Dur\u00e1n, inaugur\u00f3 el nuevo laboratorio de Morfolog\u00eda, uno de los m\u00e1s modernos del pa\u00eds, y destac\u00f3 la importancia de esta nueva instalaci\u00f3n, que no solo cumple con los est\u00e1ndares establecidos por el Ministerio de Educaci\u00f3n Nacional, sino que tambi\u00e9n sit\u00faa a la universidad a la vanguardia de prestigiosas&nbsp; [&hellip;]<\/p>\n","protected":false},"author":2,"featured_media":0,"comment_status":"open","ping_status":"open","sticky":false,"template":"","format":"standard","meta":{"footnotes":""},"categories":[36,31],"tags":[],"class_list":["post-68321","post","type-post","status-publish","format-standard","hentry","category-destacado","category-local"],"yoast_head":"<!-- This site is optimized with the Yoast SEO plugin v26.6 - https:\/\/yoast.com\/wordpress\/plugins\/seo\/ -->\n<title>La USCO estrena moderno Laboratorio de Morfolog\u00eda -<\/title>\n<meta name=\"robots\" content=\"index, follow, max-snippet:-1, max-image-preview:large, max-video-preview:-1\" \/>\n<link rel=\"canonical\" href=\"https:\/\/luchonoticias.com\/editor\/la-usco-estrena-moderno-laboratorio-de-morfologia\/\" \/>\n<meta property=\"og:locale\" content=\"es_ES\" \/>\n<meta property=\"og:type\" content=\"article\" \/>\n<meta property=\"og:title\" content=\"La USCO estrena moderno Laboratorio de Morfolog\u00eda -\" \/>\n<meta property=\"og:url\" content=\"https:\/\/luchonoticias.com\/editor\/la-usco-estrena-moderno-laboratorio-de-morfologia\/\" \/>\n<meta property=\"article:publisher\" content=\"https:\/\/www.facebook.com\/luchonoticiasneiva\" \/>\n<meta property=\"article:published_time\" content=\"2024-02-08T11:05:33+00:00\" \/>\n<meta property=\"article:modified_time\" content=\"2024-02-08T11:05:35+00:00\" \/>\n<meta property=\"og:image\" content=\"https:\/\/luchonoticias.com\/wp-content\/uploads\/2024\/02\/WhatsApp-Image-2024-02-07-at-6.58.08-PM-1-1024x682.jpeg\" \/>\n<meta name=\"author\" content=\"Editor General\" \/>\n<meta name=\"twitter:card\" content=\"summary_large_image\" \/>\n<meta name=\"twitter:label1\" content=\"Escrito por\" \/>\n\t<meta name=\"twitter:data1\" content=\"Editor General\" \/>\n\t<meta name=\"twitter:label2\" content=\"Tiempo de lectura\" \/>\n\t<meta name=\"twitter:data2\" content=\"2 minutos\" \/>\n<script type=\"application\/ld+json\" class=\"yoast-schema-graph\">{\"@context\":\"https:\/\/schema.org\",\"@graph\":[{\"@type\":\"Article\",\"@id\":\"https:\/\/luchonoticias.com\/editor\/la-usco-estrena-moderno-laboratorio-de-morfologia\/#article\",\"isPartOf\":{\"@id\":\"https:\/\/luchonoticias.com\/editor\/la-usco-estrena-moderno-laboratorio-de-morfologia\/\"},\"author\":{\"name\":\"Editor General\",\"@id\":\"https:\/\/luchonoticias.com\/editor\/#\/schema\/person\/29217990ddf6f14e35912b2866d591fb\"},\"headline\":\"La USCO estrena moderno Laboratorio de Morfolog\u00eda\",\"datePublished\":\"2024-02-08T11:05:33+00:00\",\"dateModified\":\"2024-02-08T11:05:35+00:00\",\"mainEntityOfPage\":{\"@id\":\"https:\/\/luchonoticias.com\/editor\/la-usco-estrena-moderno-laboratorio-de-morfologia\/\"},\"wordCount\":402,\"commentCount\":0,\"publisher\":{\"@id\":\"https:\/\/luchonoticias.com\/editor\/#\/schema\/person\/7a7fd911f58561fd056dbac7b55af9cd\"},\"image\":{\"@id\":\"https:\/\/luchonoticias.com\/editor\/la-usco-estrena-moderno-laboratorio-de-morfologia\/#primaryimage\"},\"thumbnailUrl\":\"https:\/\/luchonoticias.com\/wp-content\/uploads\/2024\/02\/WhatsApp-Image-2024-02-07-at-6.58.08-PM-1-1024x682.jpeg\",\"articleSection\":[\"Destacado\",\"Local\"],\"inLanguage\":\"es\",\"potentialAction\":[{\"@type\":\"CommentAction\",\"name\":\"Comment\",\"target\":[\"https:\/\/luchonoticias.com\/editor\/la-usco-estrena-moderno-laboratorio-de-morfologia\/#respond\"]}]},{\"@type\":\"WebPage\",\"@id\":\"https:\/\/luchonoticias.com\/editor\/la-usco-estrena-moderno-laboratorio-de-morfologia\/\",\"url\":\"https:\/\/luchonoticias.com\/editor\/la-usco-estrena-moderno-laboratorio-de-morfologia\/\",\"name\":\"La USCO estrena moderno Laboratorio de Morfolog\u00eda -\",\"isPartOf\":{\"@id\":\"https:\/\/luchonoticias.com\/editor\/#website\"},\"primaryImageOfPage\":{\"@id\":\"https:\/\/luchonoticias.com\/editor\/la-usco-estrena-moderno-laboratorio-de-morfologia\/#primaryimage\"},\"image\":{\"@id\":\"https:\/\/luchonoticias.com\/editor\/la-usco-estrena-moderno-laboratorio-de-morfologia\/#primaryimage\"},\"thumbnailUrl\":\"https:\/\/luchonoticias.com\/wp-content\/uploads\/2024\/02\/WhatsApp-Image-2024-02-07-at-6.58.08-PM-1-1024x682.jpeg\",\"datePublished\":\"2024-02-08T11:05:33+00:00\",\"dateModified\":\"2024-02-08T11:05:35+00:00\",\"breadcrumb\":{\"@id\":\"https:\/\/luchonoticias.com\/editor\/la-usco-estrena-moderno-laboratorio-de-morfologia\/#breadcrumb\"},\"inLanguage\":\"es\",\"potentialAction\":[{\"@type\":\"ReadAction\",\"target\":[\"https:\/\/luchonoticias.com\/editor\/la-usco-estrena-moderno-laboratorio-de-morfologia\/\"]}]},{\"@type\":\"ImageObject\",\"inLanguage\":\"es\",\"@id\":\"https:\/\/luchonoticias.com\/editor\/la-usco-estrena-moderno-laboratorio-de-morfologia\/#primaryimage\",\"url\":\"https:\/\/luchonoticias.com\/wp-content\/uploads\/2024\/02\/WhatsApp-Image-2024-02-07-at-6.58.08-PM-1-1024x682.jpeg\",\"contentUrl\":\"https:\/\/luchonoticias.com\/wp-content\/uploads\/2024\/02\/WhatsApp-Image-2024-02-07-at-6.58.08-PM-1-1024x682.jpeg\"},{\"@type\":\"BreadcrumbList\",\"@id\":\"https:\/\/luchonoticias.com\/editor\/la-usco-estrena-moderno-laboratorio-de-morfologia\/#breadcrumb\",\"itemListElement\":[{\"@type\":\"ListItem\",\"position\":1,\"name\":\"Portada\",\"item\":\"https:\/\/luchonoticias.com\/editor\/\"},{\"@type\":\"ListItem\",\"position\":2,\"name\":\"La USCO estrena moderno Laboratorio de Morfolog\u00eda\"}]},{\"@type\":\"WebSite\",\"@id\":\"https:\/\/luchonoticias.com\/editor\/#website\",\"url\":\"https:\/\/luchonoticias.com\/editor\/\",\"name\":\"\",\"description\":\"\",\"publisher\":{\"@id\":\"https:\/\/luchonoticias.com\/editor\/#\/schema\/person\/7a7fd911f58561fd056dbac7b55af9cd\"},\"potentialAction\":[{\"@type\":\"SearchAction\",\"target\":{\"@type\":\"EntryPoint\",\"urlTemplate\":\"https:\/\/luchonoticias.com\/editor\/?s={search_term_string}\"},\"query-input\":{\"@type\":\"PropertyValueSpecification\",\"valueRequired\":true,\"valueName\":\"search_term_string\"}}],\"inLanguage\":\"es\"},{\"@type\":[\"Person\",\"Organization\"],\"@id\":\"https:\/\/luchonoticias.com\/editor\/#\/schema\/person\/7a7fd911f58561fd056dbac7b55af9cd\",\"name\":\"admin\",\"image\":{\"@type\":\"ImageObject\",\"inLanguage\":\"es\",\"@id\":\"https:\/\/luchonoticias.com\/editor\/#\/schema\/person\/image\/\",\"url\":\"https:\/\/luchonoticias.com\/editor\/wp-content\/uploads\/2024\/02\/cropped-cropped-logolu.webp\",\"contentUrl\":\"https:\/\/luchonoticias.com\/editor\/wp-content\/uploads\/2024\/02\/cropped-cropped-logolu.webp\",\"width\":382,\"height\":170,\"caption\":\"admin\"},\"logo\":{\"@id\":\"https:\/\/luchonoticias.com\/editor\/#\/schema\/person\/image\/\"},\"sameAs\":[\"https:\/\/www.facebook.com\/luchonoticiasneiva\"]},{\"@type\":\"Person\",\"@id\":\"https:\/\/luchonoticias.com\/editor\/#\/schema\/person\/29217990ddf6f14e35912b2866d591fb\",\"name\":\"Editor General\",\"image\":{\"@type\":\"ImageObject\",\"inLanguage\":\"es\",\"@id\":\"https:\/\/luchonoticias.com\/editor\/#\/schema\/person\/image\/\",\"url\":\"https:\/\/luchonoticias.com\/editor\/wp-content\/uploads\/2024\/02\/cropped-cropped-logolu-150x150.webp\",\"contentUrl\":\"https:\/\/luchonoticias.com\/editor\/wp-content\/uploads\/2024\/02\/cropped-cropped-logolu-150x150.webp\",\"caption\":\"Editor General\"},\"sameAs\":[\"https:\/\/luchonoticias.com\/\"],\"url\":\"https:\/\/luchonoticias.com\/editor\/author\/editor-general\/\"}]}<\/script>\n<!-- \/ Yoast SEO plugin. -->","yoast_head_json":{"title":"La USCO estrena moderno Laboratorio de Morfolog\u00eda -","robots":{"index":"index","follow":"follow","max-snippet":"max-snippet:-1","max-image-preview":"max-image-preview:large","max-video-preview":"max-video-preview:-1"},"canonical":"https:\/\/luchonoticias.com\/editor\/la-usco-estrena-moderno-laboratorio-de-morfologia\/","og_locale":"es_ES","og_type":"article","og_title":"La USCO estrena moderno Laboratorio de Morfolog\u00eda -","og_url":"https:\/\/luchonoticias.com\/editor\/la-usco-estrena-moderno-laboratorio-de-morfologia\/","article_publisher":"https:\/\/www.facebook.com\/luchonoticiasneiva","article_published_time":"2024-02-08T11:05:33+00:00","article_modified_time":"2024-02-08T11:05:35+00:00","og_image":[{"url":"https:\/\/luchonoticias.com\/wp-content\/uploads\/2024\/02\/WhatsApp-Image-2024-02-07-at-6.58.08-PM-1-1024x682.jpeg","type":"","width":"","height":""}],"author":"Editor General","twitter_card":"summary_large_image","twitter_misc":{"Escrito por":"Editor General","Tiempo de lectura":"2 minutos"},"schema":{"@context":"https:\/\/schema.org","@graph":[{"@type":"Article","@id":"https:\/\/luchonoticias.com\/editor\/la-usco-estrena-moderno-laboratorio-de-morfologia\/#article","isPartOf":{"@id":"https:\/\/luchonoticias.com\/editor\/la-usco-estrena-moderno-laboratorio-de-morfologia\/"},"author":{"name":"Editor General","@id":"https:\/\/luchonoticias.com\/editor\/#\/schema\/person\/29217990ddf6f14e35912b2866d591fb"},"headline":"La USCO estrena moderno Laboratorio de Morfolog\u00eda","datePublished":"2024-02-08T11:05:33+00:00","dateModified":"2024-02-08T11:05:35+00:00","mainEntityOfPage":{"@id":"https:\/\/luchonoticias.com\/editor\/la-usco-estrena-moderno-laboratorio-de-morfologia\/"},"wordCount":402,"commentCount":0,"publisher":{"@id":"https:\/\/luchonoticias.com\/editor\/#\/schema\/person\/7a7fd911f58561fd056dbac7b55af9cd"},"image":{"@id":"https:\/\/luchonoticias.com\/editor\/la-usco-estrena-moderno-laboratorio-de-morfologia\/#primaryimage"},"thumbnailUrl":"https:\/\/luchonoticias.com\/wp-content\/uploads\/2024\/02\/WhatsApp-Image-2024-02-07-at-6.58.08-PM-1-1024x682.jpeg","articleSection":["Destacado","Local"],"inLanguage":"es","potentialAction":[{"@type":"CommentAction","name":"Comment","target":["https:\/\/luchonoticias.com\/editor\/la-usco-estrena-moderno-laboratorio-de-morfologia\/#respond"]}]},{"@type":"WebPage","@id":"https:\/\/luchonoticias.com\/editor\/la-usco-estrena-moderno-laboratorio-de-morfologia\/","url":"https:\/\/luchonoticias.com\/editor\/la-usco-estrena-moderno-laboratorio-de-morfologia\/","name":"La USCO estrena moderno Laboratorio de Morfolog\u00eda -","isPartOf":{"@id":"https:\/\/luchonoticias.com\/editor\/#website"},"primaryImageOfPage":{"@id":"https:\/\/luchonoticias.com\/editor\/la-usco-estrena-moderno-laboratorio-de-morfologia\/#primaryimage"},"image":{"@id":"https:\/\/luchonoticias.com\/editor\/la-usco-estrena-moderno-laboratorio-de-morfologia\/#primaryimage"},"thumbnailUrl":"https:\/\/luchonoticias.com\/wp-content\/uploads\/2024\/02\/WhatsApp-Image-2024-02-07-at-6.58.08-PM-1-1024x682.jpeg","datePublished":"2024-02-08T11:05:33+00:00","dateModified":"2024-02-08T11:05:35+00:00","breadcrumb":{"@id":"https:\/\/luchonoticias.com\/editor\/la-usco-estrena-moderno-laboratorio-de-morfologia\/#breadcrumb"},"inLanguage":"es","potentialAction":[{"@type":"ReadAction","target":["https:\/\/luchonoticias.com\/editor\/la-usco-estrena-moderno-laboratorio-de-morfologia\/"]}]},{"@type":"ImageObject","inLanguage":"es","@id":"https:\/\/luchonoticias.com\/editor\/la-usco-estrena-moderno-laboratorio-de-morfologia\/#primaryimage","url":"https:\/\/luchonoticias.com\/wp-content\/uploads\/2024\/02\/WhatsApp-Image-2024-02-07-at-6.58.08-PM-1-1024x682.jpeg","contentUrl":"https:\/\/luchonoticias.com\/wp-content\/uploads\/2024\/02\/WhatsApp-Image-2024-02-07-at-6.58.08-PM-1-1024x682.jpeg"},{"@type":"BreadcrumbList","@id":"https:\/\/luchonoticias.com\/editor\/la-usco-estrena-moderno-laboratorio-de-morfologia\/#breadcrumb","itemListElement":[{"@type":"ListItem","position":1,"name":"Portada","item":"https:\/\/luchonoticias.com\/editor\/"},{"@type":"ListItem","position":2,"name":"La USCO estrena moderno Laboratorio de Morfolog\u00eda"}]},{"@type":"WebSite","@id":"https:\/\/luchonoticias.com\/editor\/#website","url":"https:\/\/luchonoticias.com\/editor\/","name":"","description":"","publisher":{"@id":"https:\/\/luchonoticias.com\/editor\/#\/schema\/person\/7a7fd911f58561fd056dbac7b55af9cd"},"potentialAction":[{"@type":"SearchAction","target":{"@type":"EntryPoint","urlTemplate":"https:\/\/luchonoticias.com\/editor\/?s={search_term_string}"},"query-input":{"@type":"PropertyValueSpecification","valueRequired":true,"valueName":"search_term_string"}}],"inLanguage":"es"},{"@type":["Person","Organization"],"@id":"https:\/\/luchonoticias.com\/editor\/#\/schema\/person\/7a7fd911f58561fd056dbac7b55af9cd","name":"admin","image":{"@type":"ImageObject","inLanguage":"es","@id":"https:\/\/luchonoticias.com\/editor\/#\/schema\/person\/image\/","url":"https:\/\/luchonoticias.com\/editor\/wp-content\/uploads\/2024\/02\/cropped-cropped-logolu.webp","contentUrl":"https:\/\/luchonoticias.com\/editor\/wp-content\/uploads\/2024\/02\/cropped-cropped-logolu.webp","width":382,"height":170,"caption":"admin"},"logo":{"@id":"https:\/\/luchonoticias.com\/editor\/#\/schema\/person\/image\/"},"sameAs":["https:\/\/www.facebook.com\/luchonoticiasneiva"]},{"@type":"Person","@id":"https:\/\/luchonoticias.com\/editor\/#\/schema\/person\/29217990ddf6f14e35912b2866d591fb","name":"Editor General","image":{"@type":"ImageObject","inLanguage":"es","@id":"https:\/\/luchonoticias.com\/editor\/#\/schema\/person\/image\/","url":"https:\/\/luchonoticias.com\/editor\/wp-content\/uploads\/2024\/02\/cropped-cropped-logolu-150x150.webp","contentUrl":"https:\/\/luchonoticias.com\/editor\/wp-content\/uploads\/2024\/02\/cropped-cropped-logolu-150x150.webp","caption":"Editor General"},"sameAs":["https:\/\/luchonoticias.com\/"],"url":"https:\/\/luchonoticias.com\/editor\/author\/editor-general\/"}]}},"_links":{"self":[{"href":"https:\/\/luchonoticias.com\/editor\/wp-json\/wp\/v2\/posts\/68321","targetHints":{"allow":["GET"]}}],"collection":[{"href":"https:\/\/luchonoticias.com\/editor\/wp-json\/wp\/v2\/posts"}],"about":[{"href":"https:\/\/luchonoticias.com\/editor\/wp-json\/wp\/v2\/types\/post"}],"author":[{"embeddable":true,"href":"https:\/\/luchonoticias.com\/editor\/wp-json\/wp\/v2\/users\/2"}],"replies":[{"embeddable":true,"href":"https:\/\/luchonoticias.com\/editor\/wp-json\/wp\/v2\/comments?post=68321"}],"version-history":[{"count":0,"href":"https:\/\/luchonoticias.com\/editor\/wp-json\/wp\/v2\/posts\/68321\/revisions"}],"wp:attachment":[{"href":"https:\/\/luchonoticias.com\/editor\/wp-json\/wp\/v2\/media?parent=68321"}],"wp:term":[{"taxonomy":"category","embeddable":true,"href":"https:\/\/luchonoticias.com\/editor\/wp-json\/wp\/v2\/categories?post=68321"},{"taxonomy":"post_tag","embeddable":true,"href":"https:\/\/luchonoticias.com\/editor\/wp-json\/wp\/v2\/tags?post=68321"}],"curies":[{"name":"wp","href":"https:\/\/api.w.org\/{rel}","templated":true}]}}