{"id":68372,"date":"2024-02-09T07:08:35","date_gmt":"2024-02-09T12:08:35","guid":{"rendered":"https:\/\/luchonoticias.com\/?p=68372"},"modified":"2024-02-09T07:08:37","modified_gmt":"2024-02-09T12:08:37","slug":"embajador-en-ee-uu-luis-gilberto-murillo-fue-designado-como-ministro-de-relaciones-exteriores-e-por-3-meses","status":"publish","type":"post","link":"https:\/\/luchonoticias.com\/editor\/embajador-en-ee-uu-luis-gilberto-murillo-fue-designado-como-ministro-de-relaciones-exteriores-e-por-3-meses\/","title":{"rendered":"Embajador en EE.UU., Luis Gilberto Murillo, fue designado como ministro de Relaciones Exteriores (E) por 3 meses"},"content":{"rendered":"\n<p>El presidente Gustavo Petro Urrego design\u00f3 este jueves al embajador de Colombia en Estados Unidos, Luis Gilberto Murillo Urrutia, como ministro de Relaciones Exteriores, por el t\u00e9rmino de tres meses.<\/p>\n\n\n\n<p>As\u00ed se dispuso por medio del Decreto 150 de la fecha, \u201cpor el cual se hace efectiva la suspensi\u00f3n provisional del ministro de Relaciones Exteriores (\u00c1lvaro Leyva Dur\u00e1n), ordenada por la Procuradur\u00eda General de la Naci\u00f3n\u201d.&nbsp;<\/p>\n\n\n\n<p>El decreto precisa que el encargo del embajador Murillo Urrutia \u201cpor el t\u00e9rmino de tres meses, contado a partir de la expedici\u00f3n del presente decreto\u201d, se hace \u201csin perjuicio del ejercicio de las funciones propias de su cargo\u201d.<\/p>\n","protected":false},"excerpt":{"rendered":"<p>El presidente Gustavo Petro Urrego design\u00f3 este jueves al embajador de Colombia en Estados Unidos, Luis Gilberto Murillo Urrutia, como ministro de Relaciones Exteriores, por el t\u00e9rmino de tres meses. As\u00ed se dispuso por medio del Decreto 150 de la fecha, \u201cpor el cual se hace efectiva la suspensi\u00f3n provisional del ministro de Relaciones Exteriores [&hellip;]<\/p>\n","protected":false},"author":2,"featured_media":0,"comment_status":"open","ping_status":"open","sticky":false,"template":"","format":"standard","meta":{"footnotes":""},"categories":[28,36],"tags":[],"class_list":["post-68372","post","type-post","status-publish","format-standard","hentry","category-actualidad","category-destacado"],"yoast_head":"<!-- This site is optimized with the Yoast SEO plugin v26.6 - https:\/\/yoast.com\/wordpress\/plugins\/seo\/ -->\n<title>Embajador en EE.UU., Luis Gilberto Murillo, fue designado como ministro de Relaciones Exteriores (E) por 3 meses -<\/title>\n<meta name=\"robots\" content=\"index, follow, max-snippet:-1, max-image-preview:large, max-video-preview:-1\" \/>\n<link rel=\"canonical\" href=\"https:\/\/luchonoticias.com\/editor\/embajador-en-ee-uu-luis-gilberto-murillo-fue-designado-como-ministro-de-relaciones-exteriores-e-por-3-meses\/\" \/>\n<meta property=\"og:locale\" content=\"es_ES\" \/>\n<meta property=\"og:type\" content=\"article\" \/>\n<meta property=\"og:title\" content=\"Embajador en EE.UU., Luis Gilberto Murillo, fue designado como ministro de Relaciones Exteriores (E) por 3 meses -\" \/>\n<meta property=\"og:url\" content=\"https:\/\/luchonoticias.com\/editor\/embajador-en-ee-uu-luis-gilberto-murillo-fue-designado-como-ministro-de-relaciones-exteriores-e-por-3-meses\/\" \/>\n<meta property=\"article:publisher\" content=\"https:\/\/www.facebook.com\/luchonoticiasneiva\" \/>\n<meta property=\"article:published_time\" content=\"2024-02-09T12:08:35+00:00\" \/>\n<meta property=\"article:modified_time\" content=\"2024-02-09T12:08:37+00:00\" \/>\n<meta name=\"author\" content=\"Editor General\" \/>\n<meta name=\"twitter:card\" content=\"summary_large_image\" \/>\n<meta name=\"twitter:label1\" content=\"Escrito por\" \/>\n\t<meta name=\"twitter:data1\" content=\"Editor General\" \/>\n\t<meta name=\"twitter:label2\" content=\"Tiempo de lectura\" \/>\n\t<meta name=\"twitter:data2\" content=\"1 minuto\" \/>\n<script type=\"application\/ld+json\" class=\"yoast-schema-graph\">{\"@context\":\"https:\/\/schema.org\",\"@graph\":[{\"@type\":\"Article\",\"@id\":\"https:\/\/luchonoticias.com\/editor\/embajador-en-ee-uu-luis-gilberto-murillo-fue-designado-como-ministro-de-relaciones-exteriores-e-por-3-meses\/#article\",\"isPartOf\":{\"@id\":\"https:\/\/luchonoticias.com\/editor\/embajador-en-ee-uu-luis-gilberto-murillo-fue-designado-como-ministro-de-relaciones-exteriores-e-por-3-meses\/\"},\"author\":{\"name\":\"Editor General\",\"@id\":\"https:\/\/luchonoticias.com\/editor\/#\/schema\/person\/29217990ddf6f14e35912b2866d591fb\"},\"headline\":\"Embajador en EE.UU., Luis Gilberto Murillo, fue designado como ministro de Relaciones Exteriores (E) por 3 meses\",\"datePublished\":\"2024-02-09T12:08:35+00:00\",\"dateModified\":\"2024-02-09T12:08:37+00:00\",\"mainEntityOfPage\":{\"@id\":\"https:\/\/luchonoticias.com\/editor\/embajador-en-ee-uu-luis-gilberto-murillo-fue-designado-como-ministro-de-relaciones-exteriores-e-por-3-meses\/\"},\"wordCount\":128,\"commentCount\":0,\"publisher\":{\"@id\":\"https:\/\/luchonoticias.com\/editor\/#\/schema\/person\/7a7fd911f58561fd056dbac7b55af9cd\"},\"articleSection\":[\"Actualidad\",\"Destacado\"],\"inLanguage\":\"es\",\"potentialAction\":[{\"@type\":\"CommentAction\",\"name\":\"Comment\",\"target\":[\"https:\/\/luchonoticias.com\/editor\/embajador-en-ee-uu-luis-gilberto-murillo-fue-designado-como-ministro-de-relaciones-exteriores-e-por-3-meses\/#respond\"]}]},{\"@type\":\"WebPage\",\"@id\":\"https:\/\/luchonoticias.com\/editor\/embajador-en-ee-uu-luis-gilberto-murillo-fue-designado-como-ministro-de-relaciones-exteriores-e-por-3-meses\/\",\"url\":\"https:\/\/luchonoticias.com\/editor\/embajador-en-ee-uu-luis-gilberto-murillo-fue-designado-como-ministro-de-relaciones-exteriores-e-por-3-meses\/\",\"name\":\"Embajador en EE.UU., Luis Gilberto Murillo, fue designado como ministro de Relaciones Exteriores (E) por 3 meses -\",\"isPartOf\":{\"@id\":\"https:\/\/luchonoticias.com\/editor\/#website\"},\"datePublished\":\"2024-02-09T12:08:35+00:00\",\"dateModified\":\"2024-02-09T12:08:37+00:00\",\"breadcrumb\":{\"@id\":\"https:\/\/luchonoticias.com\/editor\/embajador-en-ee-uu-luis-gilberto-murillo-fue-designado-como-ministro-de-relaciones-exteriores-e-por-3-meses\/#breadcrumb\"},\"inLanguage\":\"es\",\"potentialAction\":[{\"@type\":\"ReadAction\",\"target\":[\"https:\/\/luchonoticias.com\/editor\/embajador-en-ee-uu-luis-gilberto-murillo-fue-designado-como-ministro-de-relaciones-exteriores-e-por-3-meses\/\"]}]},{\"@type\":\"BreadcrumbList\",\"@id\":\"https:\/\/luchonoticias.com\/editor\/embajador-en-ee-uu-luis-gilberto-murillo-fue-designado-como-ministro-de-relaciones-exteriores-e-por-3-meses\/#breadcrumb\",\"itemListElement\":[{\"@type\":\"ListItem\",\"position\":1,\"name\":\"Portada\",\"item\":\"https:\/\/luchonoticias.com\/editor\/\"},{\"@type\":\"ListItem\",\"position\":2,\"name\":\"Embajador en EE.UU., Luis Gilberto Murillo, fue designado como ministro de Relaciones Exteriores (E) por 3 meses\"}]},{\"@type\":\"WebSite\",\"@id\":\"https:\/\/luchonoticias.com\/editor\/#website\",\"url\":\"https:\/\/luchonoticias.com\/editor\/\",\"name\":\"\",\"description\":\"\",\"publisher\":{\"@id\":\"https:\/\/luchonoticias.com\/editor\/#\/schema\/person\/7a7fd911f58561fd056dbac7b55af9cd\"},\"potentialAction\":[{\"@type\":\"SearchAction\",\"target\":{\"@type\":\"EntryPoint\",\"urlTemplate\":\"https:\/\/luchonoticias.com\/editor\/?s={search_term_string}\"},\"query-input\":{\"@type\":\"PropertyValueSpecification\",\"valueRequired\":true,\"valueName\":\"search_term_string\"}}],\"inLanguage\":\"es\"},{\"@type\":[\"Person\",\"Organization\"],\"@id\":\"https:\/\/luchonoticias.com\/editor\/#\/schema\/person\/7a7fd911f58561fd056dbac7b55af9cd\",\"name\":\"admin\",\"image\":{\"@type\":\"ImageObject\",\"inLanguage\":\"es\",\"@id\":\"https:\/\/luchonoticias.com\/editor\/#\/schema\/person\/image\/\",\"url\":\"https:\/\/luchonoticias.com\/editor\/wp-content\/uploads\/2024\/02\/cropped-cropped-logolu.webp\",\"contentUrl\":\"https:\/\/luchonoticias.com\/editor\/wp-content\/uploads\/2024\/02\/cropped-cropped-logolu.webp\",\"width\":382,\"height\":170,\"caption\":\"admin\"},\"logo\":{\"@id\":\"https:\/\/luchonoticias.com\/editor\/#\/schema\/person\/image\/\"},\"sameAs\":[\"https:\/\/www.facebook.com\/luchonoticiasneiva\"]},{\"@type\":\"Person\",\"@id\":\"https:\/\/luchonoticias.com\/editor\/#\/schema\/person\/29217990ddf6f14e35912b2866d591fb\",\"name\":\"Editor General\",\"image\":{\"@type\":\"ImageObject\",\"inLanguage\":\"es\",\"@id\":\"https:\/\/luchonoticias.com\/editor\/#\/schema\/person\/image\/\",\"url\":\"https:\/\/luchonoticias.com\/editor\/wp-content\/uploads\/2024\/02\/cropped-cropped-logolu-150x150.webp\",\"contentUrl\":\"https:\/\/luchonoticias.com\/editor\/wp-content\/uploads\/2024\/02\/cropped-cropped-logolu-150x150.webp\",\"caption\":\"Editor General\"},\"sameAs\":[\"https:\/\/luchonoticias.com\/\"],\"url\":\"https:\/\/luchonoticias.com\/editor\/author\/editor-general\/\"}]}<\/script>\n<!-- \/ Yoast SEO plugin. -->","yoast_head_json":{"title":"Embajador en EE.UU., Luis Gilberto Murillo, fue designado como ministro de Relaciones Exteriores (E) por 3 meses -","robots":{"index":"index","follow":"follow","max-snippet":"max-snippet:-1","max-image-preview":"max-image-preview:large","max-video-preview":"max-video-preview:-1"},"canonical":"https:\/\/luchonoticias.com\/editor\/embajador-en-ee-uu-luis-gilberto-murillo-fue-designado-como-ministro-de-relaciones-exteriores-e-por-3-meses\/","og_locale":"es_ES","og_type":"article","og_title":"Embajador en EE.UU., Luis Gilberto Murillo, fue designado como ministro de Relaciones Exteriores (E) por 3 meses -","og_url":"https:\/\/luchonoticias.com\/editor\/embajador-en-ee-uu-luis-gilberto-murillo-fue-designado-como-ministro-de-relaciones-exteriores-e-por-3-meses\/","article_publisher":"https:\/\/www.facebook.com\/luchonoticiasneiva","article_published_time":"2024-02-09T12:08:35+00:00","article_modified_time":"2024-02-09T12:08:37+00:00","author":"Editor General","twitter_card":"summary_large_image","twitter_misc":{"Escrito por":"Editor General","Tiempo de lectura":"1 minuto"},"schema":{"@context":"https:\/\/schema.org","@graph":[{"@type":"Article","@id":"https:\/\/luchonoticias.com\/editor\/embajador-en-ee-uu-luis-gilberto-murillo-fue-designado-como-ministro-de-relaciones-exteriores-e-por-3-meses\/#article","isPartOf":{"@id":"https:\/\/luchonoticias.com\/editor\/embajador-en-ee-uu-luis-gilberto-murillo-fue-designado-como-ministro-de-relaciones-exteriores-e-por-3-meses\/"},"author":{"name":"Editor General","@id":"https:\/\/luchonoticias.com\/editor\/#\/schema\/person\/29217990ddf6f14e35912b2866d591fb"},"headline":"Embajador en EE.UU., Luis Gilberto Murillo, fue designado como ministro de Relaciones Exteriores (E) por 3 meses","datePublished":"2024-02-09T12:08:35+00:00","dateModified":"2024-02-09T12:08:37+00:00","mainEntityOfPage":{"@id":"https:\/\/luchonoticias.com\/editor\/embajador-en-ee-uu-luis-gilberto-murillo-fue-designado-como-ministro-de-relaciones-exteriores-e-por-3-meses\/"},"wordCount":128,"commentCount":0,"publisher":{"@id":"https:\/\/luchonoticias.com\/editor\/#\/schema\/person\/7a7fd911f58561fd056dbac7b55af9cd"},"articleSection":["Actualidad","Destacado"],"inLanguage":"es","potentialAction":[{"@type":"CommentAction","name":"Comment","target":["https:\/\/luchonoticias.com\/editor\/embajador-en-ee-uu-luis-gilberto-murillo-fue-designado-como-ministro-de-relaciones-exteriores-e-por-3-meses\/#respond"]}]},{"@type":"WebPage","@id":"https:\/\/luchonoticias.com\/editor\/embajador-en-ee-uu-luis-gilberto-murillo-fue-designado-como-ministro-de-relaciones-exteriores-e-por-3-meses\/","url":"https:\/\/luchonoticias.com\/editor\/embajador-en-ee-uu-luis-gilberto-murillo-fue-designado-como-ministro-de-relaciones-exteriores-e-por-3-meses\/","name":"Embajador en EE.UU., Luis Gilberto Murillo, fue designado como ministro de Relaciones Exteriores (E) por 3 meses -","isPartOf":{"@id":"https:\/\/luchonoticias.com\/editor\/#website"},"datePublished":"2024-02-09T12:08:35+00:00","dateModified":"2024-02-09T12:08:37+00:00","breadcrumb":{"@id":"https:\/\/luchonoticias.com\/editor\/embajador-en-ee-uu-luis-gilberto-murillo-fue-designado-como-ministro-de-relaciones-exteriores-e-por-3-meses\/#breadcrumb"},"inLanguage":"es","potentialAction":[{"@type":"ReadAction","target":["https:\/\/luchonoticias.com\/editor\/embajador-en-ee-uu-luis-gilberto-murillo-fue-designado-como-ministro-de-relaciones-exteriores-e-por-3-meses\/"]}]},{"@type":"BreadcrumbList","@id":"https:\/\/luchonoticias.com\/editor\/embajador-en-ee-uu-luis-gilberto-murillo-fue-designado-como-ministro-de-relaciones-exteriores-e-por-3-meses\/#breadcrumb","itemListElement":[{"@type":"ListItem","position":1,"name":"Portada","item":"https:\/\/luchonoticias.com\/editor\/"},{"@type":"ListItem","position":2,"name":"Embajador en EE.UU., Luis Gilberto Murillo, fue designado como ministro de Relaciones Exteriores (E) por 3 meses"}]},{"@type":"WebSite","@id":"https:\/\/luchonoticias.com\/editor\/#website","url":"https:\/\/luchonoticias.com\/editor\/","name":"","description":"","publisher":{"@id":"https:\/\/luchonoticias.com\/editor\/#\/schema\/person\/7a7fd911f58561fd056dbac7b55af9cd"},"potentialAction":[{"@type":"SearchAction","target":{"@type":"EntryPoint","urlTemplate":"https:\/\/luchonoticias.com\/editor\/?s={search_term_string}"},"query-input":{"@type":"PropertyValueSpecification","valueRequired":true,"valueName":"search_term_string"}}],"inLanguage":"es"},{"@type":["Person","Organization"],"@id":"https:\/\/luchonoticias.com\/editor\/#\/schema\/person\/7a7fd911f58561fd056dbac7b55af9cd","name":"admin","image":{"@type":"ImageObject","inLanguage":"es","@id":"https:\/\/luchonoticias.com\/editor\/#\/schema\/person\/image\/","url":"https:\/\/luchonoticias.com\/editor\/wp-content\/uploads\/2024\/02\/cropped-cropped-logolu.webp","contentUrl":"https:\/\/luchonoticias.com\/editor\/wp-content\/uploads\/2024\/02\/cropped-cropped-logolu.webp","width":382,"height":170,"caption":"admin"},"logo":{"@id":"https:\/\/luchonoticias.com\/editor\/#\/schema\/person\/image\/"},"sameAs":["https:\/\/www.facebook.com\/luchonoticiasneiva"]},{"@type":"Person","@id":"https:\/\/luchonoticias.com\/editor\/#\/schema\/person\/29217990ddf6f14e35912b2866d591fb","name":"Editor General","image":{"@type":"ImageObject","inLanguage":"es","@id":"https:\/\/luchonoticias.com\/editor\/#\/schema\/person\/image\/","url":"https:\/\/luchonoticias.com\/editor\/wp-content\/uploads\/2024\/02\/cropped-cropped-logolu-150x150.webp","contentUrl":"https:\/\/luchonoticias.com\/editor\/wp-content\/uploads\/2024\/02\/cropped-cropped-logolu-150x150.webp","caption":"Editor General"},"sameAs":["https:\/\/luchonoticias.com\/"],"url":"https:\/\/luchonoticias.com\/editor\/author\/editor-general\/"}]}},"_links":{"self":[{"href":"https:\/\/luchonoticias.com\/editor\/wp-json\/wp\/v2\/posts\/68372","targetHints":{"allow":["GET"]}}],"collection":[{"href":"https:\/\/luchonoticias.com\/editor\/wp-json\/wp\/v2\/posts"}],"about":[{"href":"https:\/\/luchonoticias.com\/editor\/wp-json\/wp\/v2\/types\/post"}],"author":[{"embeddable":true,"href":"https:\/\/luchonoticias.com\/editor\/wp-json\/wp\/v2\/users\/2"}],"replies":[{"embeddable":true,"href":"https:\/\/luchonoticias.com\/editor\/wp-json\/wp\/v2\/comments?post=68372"}],"version-history":[{"count":0,"href":"https:\/\/luchonoticias.com\/editor\/wp-json\/wp\/v2\/posts\/68372\/revisions"}],"wp:attachment":[{"href":"https:\/\/luchonoticias.com\/editor\/wp-json\/wp\/v2\/media?parent=68372"}],"wp:term":[{"taxonomy":"category","embeddable":true,"href":"https:\/\/luchonoticias.com\/editor\/wp-json\/wp\/v2\/categories?post=68372"},{"taxonomy":"post_tag","embeddable":true,"href":"https:\/\/luchonoticias.com\/editor\/wp-json\/wp\/v2\/tags?post=68372"}],"curies":[{"name":"wp","href":"https:\/\/api.w.org\/{rel}","templated":true}]}}