{"id":68581,"date":"2024-02-12T15:00:13","date_gmt":"2024-02-12T20:00:13","guid":{"rendered":"https:\/\/luchonoticias.com\/?p=68581"},"modified":"2024-02-12T15:00:15","modified_gmt":"2024-02-12T20:00:15","slug":"policia-nacional-de-frente-contra-el-microtrafico-en-neiva","status":"publish","type":"post","link":"https:\/\/luchonoticias.com\/editor\/policia-nacional-de-frente-contra-el-microtrafico-en-neiva\/","title":{"rendered":"Polic\u00eda Nacional, de frente contra el microtr\u00e1fico en Neiva"},"content":{"rendered":"\n<p>El primer operativo, fue realizado por uniformados adscritos a la Seccional de Investigaci\u00f3n Criminal SIJIN,&nbsp; mediante planes de registro y control, sobre la calle 1h con carrera 16 del barrio San Mart\u00edn de la comuna 6, logran la captura en flagrancia de un hombre conocido como ( Maycoll) de 24 a\u00f1os de edad quien ten\u00eda en su poder 112 dosis de bazuco listas para comercializar y 60 gramos de bazuco para dosificar, de igual forma la captura de (Bigotes) un hombre 39 a\u00f1os de edad, a quienes se le halla en su poder 62 dosis de bazuco listas para su comercializaci\u00f3n.<\/p>\n\n\n\n<p>(Maycoll y Bigotes) a quienes les figura antecedentes por los delitos de tr\u00e1fico de estupefacientes y lesiones personales, fueron dejados a disposici\u00f3n de autoridad competente por el delito de tr\u00e1fico, fabricaci\u00f3n y porte de estupefacientes, donde un juez de control de garant\u00edas le definir\u00e1 la situaci\u00f3n judicial.<\/p>\n\n\n\n<p>La tercera persona capturada, fue mediante planes de registro y control sobre la avenida Circunvalar con calle 8, donde uniformados del cuadrante 38 de la Polic\u00eda Metropolitana, logran la captura en flagrancia de un hombre conocido como \u00abMechas\u00bb de 28 a\u00f1os de edad, a quien se le halla en su poder m\u00e1s de 50 dosis de marihuana presuntamente listas para su comercializaci\u00f3n.<\/p>\n\n\n\n<p>El&nbsp; capturado, fue dejado a disposici\u00f3n de autoridad competente por el delito de tr\u00e1fico, fabricaci\u00f3n y porte de estupefacientes, donde un juez de control de garant\u00edas le definir\u00e1 la situaci\u00f3n judicial.<\/p>\n","protected":false},"excerpt":{"rendered":"<p>El primer operativo, fue realizado por uniformados adscritos a la Seccional de Investigaci\u00f3n Criminal SIJIN,&nbsp; mediante planes de registro y control, sobre la calle 1h con carrera 16 del barrio San Mart\u00edn de la comuna 6, logran la captura en flagrancia de un hombre conocido como ( Maycoll) de 24 a\u00f1os de edad quien ten\u00eda [&hellip;]<\/p>\n","protected":false},"author":2,"featured_media":0,"comment_status":"open","ping_status":"open","sticky":false,"template":"","format":"standard","meta":{"footnotes":""},"categories":[36,29],"tags":[],"class_list":["post-68581","post","type-post","status-publish","format-standard","hentry","category-destacado","category-judicial"],"yoast_head":"<!-- This site is optimized with the Yoast SEO plugin v26.6 - https:\/\/yoast.com\/wordpress\/plugins\/seo\/ -->\n<title>Polic\u00eda Nacional, de frente contra el microtr\u00e1fico en Neiva -<\/title>\n<meta name=\"robots\" content=\"index, follow, max-snippet:-1, max-image-preview:large, max-video-preview:-1\" \/>\n<link rel=\"canonical\" href=\"https:\/\/luchonoticias.com\/editor\/policia-nacional-de-frente-contra-el-microtrafico-en-neiva\/\" \/>\n<meta property=\"og:locale\" content=\"es_ES\" \/>\n<meta property=\"og:type\" content=\"article\" \/>\n<meta property=\"og:title\" content=\"Polic\u00eda Nacional, de frente contra el microtr\u00e1fico en Neiva -\" \/>\n<meta property=\"og:url\" content=\"https:\/\/luchonoticias.com\/editor\/policia-nacional-de-frente-contra-el-microtrafico-en-neiva\/\" \/>\n<meta property=\"article:publisher\" content=\"https:\/\/www.facebook.com\/luchonoticiasneiva\" \/>\n<meta property=\"article:published_time\" content=\"2024-02-12T20:00:13+00:00\" \/>\n<meta property=\"article:modified_time\" content=\"2024-02-12T20:00:15+00:00\" \/>\n<meta name=\"author\" content=\"Editor General\" \/>\n<meta name=\"twitter:card\" content=\"summary_large_image\" \/>\n<meta name=\"twitter:label1\" content=\"Escrito por\" \/>\n\t<meta name=\"twitter:data1\" content=\"Editor General\" \/>\n\t<meta name=\"twitter:label2\" content=\"Tiempo de lectura\" \/>\n\t<meta name=\"twitter:data2\" content=\"1 minuto\" \/>\n<script type=\"application\/ld+json\" class=\"yoast-schema-graph\">{\"@context\":\"https:\/\/schema.org\",\"@graph\":[{\"@type\":\"Article\",\"@id\":\"https:\/\/luchonoticias.com\/editor\/policia-nacional-de-frente-contra-el-microtrafico-en-neiva\/#article\",\"isPartOf\":{\"@id\":\"https:\/\/luchonoticias.com\/editor\/policia-nacional-de-frente-contra-el-microtrafico-en-neiva\/\"},\"author\":{\"name\":\"Editor General\",\"@id\":\"https:\/\/luchonoticias.com\/editor\/#\/schema\/person\/29217990ddf6f14e35912b2866d591fb\"},\"headline\":\"Polic\u00eda Nacional, de frente contra el microtr\u00e1fico en Neiva\",\"datePublished\":\"2024-02-12T20:00:13+00:00\",\"dateModified\":\"2024-02-12T20:00:15+00:00\",\"mainEntityOfPage\":{\"@id\":\"https:\/\/luchonoticias.com\/editor\/policia-nacional-de-frente-contra-el-microtrafico-en-neiva\/\"},\"wordCount\":263,\"commentCount\":0,\"publisher\":{\"@id\":\"https:\/\/luchonoticias.com\/editor\/#\/schema\/person\/7a7fd911f58561fd056dbac7b55af9cd\"},\"articleSection\":[\"Destacado\",\"Judicial\"],\"inLanguage\":\"es\",\"potentialAction\":[{\"@type\":\"CommentAction\",\"name\":\"Comment\",\"target\":[\"https:\/\/luchonoticias.com\/editor\/policia-nacional-de-frente-contra-el-microtrafico-en-neiva\/#respond\"]}]},{\"@type\":\"WebPage\",\"@id\":\"https:\/\/luchonoticias.com\/editor\/policia-nacional-de-frente-contra-el-microtrafico-en-neiva\/\",\"url\":\"https:\/\/luchonoticias.com\/editor\/policia-nacional-de-frente-contra-el-microtrafico-en-neiva\/\",\"name\":\"Polic\u00eda Nacional, de frente contra el microtr\u00e1fico en Neiva -\",\"isPartOf\":{\"@id\":\"https:\/\/luchonoticias.com\/editor\/#website\"},\"datePublished\":\"2024-02-12T20:00:13+00:00\",\"dateModified\":\"2024-02-12T20:00:15+00:00\",\"breadcrumb\":{\"@id\":\"https:\/\/luchonoticias.com\/editor\/policia-nacional-de-frente-contra-el-microtrafico-en-neiva\/#breadcrumb\"},\"inLanguage\":\"es\",\"potentialAction\":[{\"@type\":\"ReadAction\",\"target\":[\"https:\/\/luchonoticias.com\/editor\/policia-nacional-de-frente-contra-el-microtrafico-en-neiva\/\"]}]},{\"@type\":\"BreadcrumbList\",\"@id\":\"https:\/\/luchonoticias.com\/editor\/policia-nacional-de-frente-contra-el-microtrafico-en-neiva\/#breadcrumb\",\"itemListElement\":[{\"@type\":\"ListItem\",\"position\":1,\"name\":\"Portada\",\"item\":\"https:\/\/luchonoticias.com\/editor\/\"},{\"@type\":\"ListItem\",\"position\":2,\"name\":\"Polic\u00eda Nacional, de frente contra el microtr\u00e1fico en Neiva\"}]},{\"@type\":\"WebSite\",\"@id\":\"https:\/\/luchonoticias.com\/editor\/#website\",\"url\":\"https:\/\/luchonoticias.com\/editor\/\",\"name\":\"\",\"description\":\"\",\"publisher\":{\"@id\":\"https:\/\/luchonoticias.com\/editor\/#\/schema\/person\/7a7fd911f58561fd056dbac7b55af9cd\"},\"potentialAction\":[{\"@type\":\"SearchAction\",\"target\":{\"@type\":\"EntryPoint\",\"urlTemplate\":\"https:\/\/luchonoticias.com\/editor\/?s={search_term_string}\"},\"query-input\":{\"@type\":\"PropertyValueSpecification\",\"valueRequired\":true,\"valueName\":\"search_term_string\"}}],\"inLanguage\":\"es\"},{\"@type\":[\"Person\",\"Organization\"],\"@id\":\"https:\/\/luchonoticias.com\/editor\/#\/schema\/person\/7a7fd911f58561fd056dbac7b55af9cd\",\"name\":\"admin\",\"image\":{\"@type\":\"ImageObject\",\"inLanguage\":\"es\",\"@id\":\"https:\/\/luchonoticias.com\/editor\/#\/schema\/person\/image\/\",\"url\":\"https:\/\/luchonoticias.com\/editor\/wp-content\/uploads\/2024\/02\/cropped-cropped-logolu.webp\",\"contentUrl\":\"https:\/\/luchonoticias.com\/editor\/wp-content\/uploads\/2024\/02\/cropped-cropped-logolu.webp\",\"width\":382,\"height\":170,\"caption\":\"admin\"},\"logo\":{\"@id\":\"https:\/\/luchonoticias.com\/editor\/#\/schema\/person\/image\/\"},\"sameAs\":[\"https:\/\/www.facebook.com\/luchonoticiasneiva\"]},{\"@type\":\"Person\",\"@id\":\"https:\/\/luchonoticias.com\/editor\/#\/schema\/person\/29217990ddf6f14e35912b2866d591fb\",\"name\":\"Editor General\",\"image\":{\"@type\":\"ImageObject\",\"inLanguage\":\"es\",\"@id\":\"https:\/\/luchonoticias.com\/editor\/#\/schema\/person\/image\/\",\"url\":\"https:\/\/luchonoticias.com\/editor\/wp-content\/uploads\/2024\/02\/cropped-cropped-logolu-150x150.webp\",\"contentUrl\":\"https:\/\/luchonoticias.com\/editor\/wp-content\/uploads\/2024\/02\/cropped-cropped-logolu-150x150.webp\",\"caption\":\"Editor General\"},\"sameAs\":[\"https:\/\/luchonoticias.com\/\"],\"url\":\"https:\/\/luchonoticias.com\/editor\/author\/editor-general\/\"}]}<\/script>\n<!-- \/ Yoast SEO plugin. -->","yoast_head_json":{"title":"Polic\u00eda Nacional, de frente contra el microtr\u00e1fico en Neiva -","robots":{"index":"index","follow":"follow","max-snippet":"max-snippet:-1","max-image-preview":"max-image-preview:large","max-video-preview":"max-video-preview:-1"},"canonical":"https:\/\/luchonoticias.com\/editor\/policia-nacional-de-frente-contra-el-microtrafico-en-neiva\/","og_locale":"es_ES","og_type":"article","og_title":"Polic\u00eda Nacional, de frente contra el microtr\u00e1fico en Neiva -","og_url":"https:\/\/luchonoticias.com\/editor\/policia-nacional-de-frente-contra-el-microtrafico-en-neiva\/","article_publisher":"https:\/\/www.facebook.com\/luchonoticiasneiva","article_published_time":"2024-02-12T20:00:13+00:00","article_modified_time":"2024-02-12T20:00:15+00:00","author":"Editor General","twitter_card":"summary_large_image","twitter_misc":{"Escrito por":"Editor General","Tiempo de lectura":"1 minuto"},"schema":{"@context":"https:\/\/schema.org","@graph":[{"@type":"Article","@id":"https:\/\/luchonoticias.com\/editor\/policia-nacional-de-frente-contra-el-microtrafico-en-neiva\/#article","isPartOf":{"@id":"https:\/\/luchonoticias.com\/editor\/policia-nacional-de-frente-contra-el-microtrafico-en-neiva\/"},"author":{"name":"Editor General","@id":"https:\/\/luchonoticias.com\/editor\/#\/schema\/person\/29217990ddf6f14e35912b2866d591fb"},"headline":"Polic\u00eda Nacional, de frente contra el microtr\u00e1fico en Neiva","datePublished":"2024-02-12T20:00:13+00:00","dateModified":"2024-02-12T20:00:15+00:00","mainEntityOfPage":{"@id":"https:\/\/luchonoticias.com\/editor\/policia-nacional-de-frente-contra-el-microtrafico-en-neiva\/"},"wordCount":263,"commentCount":0,"publisher":{"@id":"https:\/\/luchonoticias.com\/editor\/#\/schema\/person\/7a7fd911f58561fd056dbac7b55af9cd"},"articleSection":["Destacado","Judicial"],"inLanguage":"es","potentialAction":[{"@type":"CommentAction","name":"Comment","target":["https:\/\/luchonoticias.com\/editor\/policia-nacional-de-frente-contra-el-microtrafico-en-neiva\/#respond"]}]},{"@type":"WebPage","@id":"https:\/\/luchonoticias.com\/editor\/policia-nacional-de-frente-contra-el-microtrafico-en-neiva\/","url":"https:\/\/luchonoticias.com\/editor\/policia-nacional-de-frente-contra-el-microtrafico-en-neiva\/","name":"Polic\u00eda Nacional, de frente contra el microtr\u00e1fico en Neiva -","isPartOf":{"@id":"https:\/\/luchonoticias.com\/editor\/#website"},"datePublished":"2024-02-12T20:00:13+00:00","dateModified":"2024-02-12T20:00:15+00:00","breadcrumb":{"@id":"https:\/\/luchonoticias.com\/editor\/policia-nacional-de-frente-contra-el-microtrafico-en-neiva\/#breadcrumb"},"inLanguage":"es","potentialAction":[{"@type":"ReadAction","target":["https:\/\/luchonoticias.com\/editor\/policia-nacional-de-frente-contra-el-microtrafico-en-neiva\/"]}]},{"@type":"BreadcrumbList","@id":"https:\/\/luchonoticias.com\/editor\/policia-nacional-de-frente-contra-el-microtrafico-en-neiva\/#breadcrumb","itemListElement":[{"@type":"ListItem","position":1,"name":"Portada","item":"https:\/\/luchonoticias.com\/editor\/"},{"@type":"ListItem","position":2,"name":"Polic\u00eda Nacional, de frente contra el microtr\u00e1fico en Neiva"}]},{"@type":"WebSite","@id":"https:\/\/luchonoticias.com\/editor\/#website","url":"https:\/\/luchonoticias.com\/editor\/","name":"","description":"","publisher":{"@id":"https:\/\/luchonoticias.com\/editor\/#\/schema\/person\/7a7fd911f58561fd056dbac7b55af9cd"},"potentialAction":[{"@type":"SearchAction","target":{"@type":"EntryPoint","urlTemplate":"https:\/\/luchonoticias.com\/editor\/?s={search_term_string}"},"query-input":{"@type":"PropertyValueSpecification","valueRequired":true,"valueName":"search_term_string"}}],"inLanguage":"es"},{"@type":["Person","Organization"],"@id":"https:\/\/luchonoticias.com\/editor\/#\/schema\/person\/7a7fd911f58561fd056dbac7b55af9cd","name":"admin","image":{"@type":"ImageObject","inLanguage":"es","@id":"https:\/\/luchonoticias.com\/editor\/#\/schema\/person\/image\/","url":"https:\/\/luchonoticias.com\/editor\/wp-content\/uploads\/2024\/02\/cropped-cropped-logolu.webp","contentUrl":"https:\/\/luchonoticias.com\/editor\/wp-content\/uploads\/2024\/02\/cropped-cropped-logolu.webp","width":382,"height":170,"caption":"admin"},"logo":{"@id":"https:\/\/luchonoticias.com\/editor\/#\/schema\/person\/image\/"},"sameAs":["https:\/\/www.facebook.com\/luchonoticiasneiva"]},{"@type":"Person","@id":"https:\/\/luchonoticias.com\/editor\/#\/schema\/person\/29217990ddf6f14e35912b2866d591fb","name":"Editor General","image":{"@type":"ImageObject","inLanguage":"es","@id":"https:\/\/luchonoticias.com\/editor\/#\/schema\/person\/image\/","url":"https:\/\/luchonoticias.com\/editor\/wp-content\/uploads\/2024\/02\/cropped-cropped-logolu-150x150.webp","contentUrl":"https:\/\/luchonoticias.com\/editor\/wp-content\/uploads\/2024\/02\/cropped-cropped-logolu-150x150.webp","caption":"Editor General"},"sameAs":["https:\/\/luchonoticias.com\/"],"url":"https:\/\/luchonoticias.com\/editor\/author\/editor-general\/"}]}},"_links":{"self":[{"href":"https:\/\/luchonoticias.com\/editor\/wp-json\/wp\/v2\/posts\/68581","targetHints":{"allow":["GET"]}}],"collection":[{"href":"https:\/\/luchonoticias.com\/editor\/wp-json\/wp\/v2\/posts"}],"about":[{"href":"https:\/\/luchonoticias.com\/editor\/wp-json\/wp\/v2\/types\/post"}],"author":[{"embeddable":true,"href":"https:\/\/luchonoticias.com\/editor\/wp-json\/wp\/v2\/users\/2"}],"replies":[{"embeddable":true,"href":"https:\/\/luchonoticias.com\/editor\/wp-json\/wp\/v2\/comments?post=68581"}],"version-history":[{"count":0,"href":"https:\/\/luchonoticias.com\/editor\/wp-json\/wp\/v2\/posts\/68581\/revisions"}],"wp:attachment":[{"href":"https:\/\/luchonoticias.com\/editor\/wp-json\/wp\/v2\/media?parent=68581"}],"wp:term":[{"taxonomy":"category","embeddable":true,"href":"https:\/\/luchonoticias.com\/editor\/wp-json\/wp\/v2\/categories?post=68581"},{"taxonomy":"post_tag","embeddable":true,"href":"https:\/\/luchonoticias.com\/editor\/wp-json\/wp\/v2\/tags?post=68581"}],"curies":[{"name":"wp","href":"https:\/\/api.w.org\/{rel}","templated":true}]}}