{"id":68584,"date":"2024-02-12T15:04:35","date_gmt":"2024-02-12T20:04:35","guid":{"rendered":"https:\/\/luchonoticias.com\/?p=68584"},"modified":"2024-02-12T15:04:38","modified_gmt":"2024-02-12T20:04:38","slug":"cultura-si-hay-las-convocatorias-2024-tendran-el-presupuesto-mas-alto-en-la-historia-del-sector","status":"publish","type":"post","link":"https:\/\/luchonoticias.com\/editor\/cultura-si-hay-las-convocatorias-2024-tendran-el-presupuesto-mas-alto-en-la-historia-del-sector\/","title":{"rendered":"\u00a1Cultura s\u00ed hay!: Las convocatorias 2024 tendr\u00e1n el presupuesto m\u00e1s alto en la historia del sector"},"content":{"rendered":"\n<p>El sector cultural trae buenas noticias para 2024, con inversiones y convocatorias ampliadas, gracias al presupuesto m\u00e1s importante en la historia del Ministerio de las Culturas, las Artes y los Saberes (83,7% m\u00e1s que en 2023).<\/p>\n\n\n\n<p>\u201cEl Gobierno del Cambio, en cabeza del se\u00f1or presidente Gustavo Petro Urrego, ha destinado 1,47 billones de pesos para este Ministerio, lo cual supone el inmenso desaf\u00edo de demostrar que la cultura puede ser la llave para abrir la puerta de la profunda transformaci\u00f3n que debe experimentar la sociedad colombiana\u201d, explic\u00f3 el ministro de las Culturas, Juan David Correa Ulloa.<\/p>\n\n\n\n<p>Con estos recursos, el Ministerio fortalecer\u00e1 la formaci\u00f3n y la educaci\u00f3n art\u00edstica y cultural a escala nacional, las convocatorias p\u00fablicas de fomento a la cultura, la salvaguardia de la memoria y los saberes, y todas las acciones que, desde la cultura, aportan a la construcci\u00f3n de paz.<\/p>\n\n\n\n<p><strong>Programa Nacional de Est\u00edmulos 2024<\/strong><\/p>\n\n\n\n<p>El Programa Nacional de Est\u00edmulos naci\u00f3 con el Ministerio de Cultura en el a\u00f1o 1997, con el fin de ampliar la oferta de convocatorias y de articular los programas de becas y premios que exist\u00edan en el sector.<\/p>\n\n\n\n<p>Este a\u00f1o llega con grandes transformaciones, para ampliar su impacto y cobertura, y de esta manera permitirles a miles de colombianos y colombianas desarrollar y fortalecer sus proyectos culturales y art\u00edsticos.<\/p>\n\n\n\n<p>La actual versi\u00f3n facilita las condiciones espec\u00edficas de participaci\u00f3n, con una redacci\u00f3n m\u00e1s simple, evitando tecnicismos y posibilitando la aplicaci\u00f3n a todas las convocatorias. Adem\u00e1s, se proponen montos m\u00e1s atractivos (por encima de los 10 millones de pesos) y un aumento considerable en el n\u00famero de reconocimientos respecto a a\u00f1os anteriores.<\/p>\n\n\n\n<p>Con el presupuesto m\u00e1s alto en sus m\u00e1s de 25 a\u00f1os de historia, 33.390 millones de pesos ($ 33.390.282.000), el Portafolio de Est\u00edmulos se alinea con objetivos centrales del Gobierno del Cambio, tales como promover las artes en todas sus formas, consolidar la paz a trav\u00e9s de ellas, proteger los patrimonios y la memoria y defender el medio ambiente.<\/p>\n\n\n\n<p>El Portafolio 2024 del Programa Nacional de Est\u00edmulos trae opciones para todos los sectores de la cultura, as\u00ed como para artistas, creadores, gestores, investigadores, grupos constituidos o empresas.<\/p>\n\n\n\n<p>Este a\u00f1o, adem\u00e1s, ofrece varios est\u00edmulos especiales relacionados con las conmemoraciones y alianzas del Ministerio de las Culturas, como los cien a\u00f1os de la obra La vor\u00e1gine del escritor Jos\u00e9 Eustasio Rivera; los diez a\u00f1os del fallecimiento de Gabriel Garc\u00eda M\u00e1rquez; as\u00ed como una alianza con la Ciudad Internacional de las Artes de Par\u00eds.<\/p>\n\n\n\n<p>Ser\u00e1n ofrecidos tambi\u00e9n est\u00edmulos especiales a investigadores, periodistas, artistas pl\u00e1sticos y visuales, escritores, m\u00fasicos, compositores, grupos de teatro, grupos de circo, grupos de danza, mujeres de la Amazon\u00eda y personas pertenecientes a pueblos ind\u00edgenas, comunidades negras, afrocolombianas, raizales, palenqueras y del pueblo Rrom.<\/p>\n\n\n\n<p>La convocatoria est\u00e1 abierta hasta el 5 de marzo. Para conocer las condiciones de participaci\u00f3n en estos est\u00edmulos, revisar el Manual de Participaci\u00f3n del Portafolio de Est\u00edmulos 2024.<\/p>\n\n\n\n<p><strong>Aportes y legados de las personas mayores de 70 a\u00f1os<\/strong><\/p>\n\n\n\n<p>Esta convocatoria busca reconocer y exaltar la experiencia y los aportes de personas mayores de 70 a\u00f1os que se han desempe\u00f1ado como artistas; maestras y maestros de los oficios asociados al Patrimonio Cultural Inmaterial, as\u00ed como personas destacadas en las disciplinas sociales que han hecho aportes significativos a la vida cultural y art\u00edstica del pa\u00eds y sus regiones, constituy\u00e9ndose en referentes de sus campos de trabajo.<\/p>\n\n\n\n<p>Se entregar\u00e1n 70 reconocimientos de sesenta millones de pesos ($ 60.000.000) a personas con una trayectoria destacada a nivel regional o nacional. La convocatoria est\u00e1 abierta hasta el pr\u00f3ximo 23 de febrero a las 11:59 p.m. (hora colombiana).<\/p>\n\n\n\n<p>Informaci\u00f3n en el siguiente enlace:<\/p>\n\n\n\n<p><a href=\"https:\/\/www.sinic.gov.co\/trayectorias\/#\/home\">https:\/\/www.sinic.gov.co\/trayectorias\/#\/home<\/a><\/p>\n","protected":false},"excerpt":{"rendered":"<p>El sector cultural trae buenas noticias para 2024, con inversiones y convocatorias ampliadas, gracias al presupuesto m\u00e1s importante en la historia del Ministerio de las Culturas, las Artes y los Saberes (83,7% m\u00e1s que en 2023). \u201cEl Gobierno del Cambio, en cabeza del se\u00f1or presidente Gustavo Petro Urrego, ha destinado 1,47 billones de pesos para [&hellip;]<\/p>\n","protected":false},"author":2,"featured_media":0,"comment_status":"open","ping_status":"open","sticky":false,"template":"","format":"standard","meta":{"footnotes":""},"categories":[28,36],"tags":[],"class_list":["post-68584","post","type-post","status-publish","format-standard","hentry","category-actualidad","category-destacado"],"yoast_head":"<!-- This site is optimized with the Yoast SEO plugin v26.6 - https:\/\/yoast.com\/wordpress\/plugins\/seo\/ -->\n<title>\u00a1Cultura s\u00ed hay!: Las convocatorias 2024 tendr\u00e1n el presupuesto m\u00e1s alto en la historia del sector -<\/title>\n<meta name=\"robots\" content=\"index, follow, max-snippet:-1, max-image-preview:large, max-video-preview:-1\" \/>\n<link rel=\"canonical\" href=\"https:\/\/luchonoticias.com\/editor\/cultura-si-hay-las-convocatorias-2024-tendran-el-presupuesto-mas-alto-en-la-historia-del-sector\/\" \/>\n<meta property=\"og:locale\" content=\"es_ES\" \/>\n<meta property=\"og:type\" content=\"article\" \/>\n<meta property=\"og:title\" content=\"\u00a1Cultura s\u00ed hay!: Las convocatorias 2024 tendr\u00e1n el presupuesto m\u00e1s alto en la historia del sector -\" \/>\n<meta property=\"og:url\" content=\"https:\/\/luchonoticias.com\/editor\/cultura-si-hay-las-convocatorias-2024-tendran-el-presupuesto-mas-alto-en-la-historia-del-sector\/\" \/>\n<meta property=\"article:publisher\" content=\"https:\/\/www.facebook.com\/luchonoticiasneiva\" \/>\n<meta property=\"article:published_time\" content=\"2024-02-12T20:04:35+00:00\" \/>\n<meta property=\"article:modified_time\" content=\"2024-02-12T20:04:38+00:00\" \/>\n<meta name=\"author\" content=\"Editor General\" \/>\n<meta name=\"twitter:card\" content=\"summary_large_image\" \/>\n<meta name=\"twitter:label1\" content=\"Escrito por\" \/>\n\t<meta name=\"twitter:data1\" content=\"Editor General\" \/>\n\t<meta name=\"twitter:label2\" content=\"Tiempo de lectura\" \/>\n\t<meta name=\"twitter:data2\" content=\"3 minutos\" \/>\n<script type=\"application\/ld+json\" class=\"yoast-schema-graph\">{\"@context\":\"https:\/\/schema.org\",\"@graph\":[{\"@type\":\"Article\",\"@id\":\"https:\/\/luchonoticias.com\/editor\/cultura-si-hay-las-convocatorias-2024-tendran-el-presupuesto-mas-alto-en-la-historia-del-sector\/#article\",\"isPartOf\":{\"@id\":\"https:\/\/luchonoticias.com\/editor\/cultura-si-hay-las-convocatorias-2024-tendran-el-presupuesto-mas-alto-en-la-historia-del-sector\/\"},\"author\":{\"name\":\"Editor General\",\"@id\":\"https:\/\/luchonoticias.com\/editor\/#\/schema\/person\/29217990ddf6f14e35912b2866d591fb\"},\"headline\":\"\u00a1Cultura s\u00ed hay!: Las convocatorias 2024 tendr\u00e1n el presupuesto m\u00e1s alto en la historia del sector\",\"datePublished\":\"2024-02-12T20:04:35+00:00\",\"dateModified\":\"2024-02-12T20:04:38+00:00\",\"mainEntityOfPage\":{\"@id\":\"https:\/\/luchonoticias.com\/editor\/cultura-si-hay-las-convocatorias-2024-tendran-el-presupuesto-mas-alto-en-la-historia-del-sector\/\"},\"wordCount\":664,\"commentCount\":0,\"publisher\":{\"@id\":\"https:\/\/luchonoticias.com\/editor\/#\/schema\/person\/7a7fd911f58561fd056dbac7b55af9cd\"},\"articleSection\":[\"Actualidad\",\"Destacado\"],\"inLanguage\":\"es\",\"potentialAction\":[{\"@type\":\"CommentAction\",\"name\":\"Comment\",\"target\":[\"https:\/\/luchonoticias.com\/editor\/cultura-si-hay-las-convocatorias-2024-tendran-el-presupuesto-mas-alto-en-la-historia-del-sector\/#respond\"]}]},{\"@type\":\"WebPage\",\"@id\":\"https:\/\/luchonoticias.com\/editor\/cultura-si-hay-las-convocatorias-2024-tendran-el-presupuesto-mas-alto-en-la-historia-del-sector\/\",\"url\":\"https:\/\/luchonoticias.com\/editor\/cultura-si-hay-las-convocatorias-2024-tendran-el-presupuesto-mas-alto-en-la-historia-del-sector\/\",\"name\":\"\u00a1Cultura s\u00ed hay!: Las convocatorias 2024 tendr\u00e1n el presupuesto m\u00e1s alto en la historia del sector -\",\"isPartOf\":{\"@id\":\"https:\/\/luchonoticias.com\/editor\/#website\"},\"datePublished\":\"2024-02-12T20:04:35+00:00\",\"dateModified\":\"2024-02-12T20:04:38+00:00\",\"breadcrumb\":{\"@id\":\"https:\/\/luchonoticias.com\/editor\/cultura-si-hay-las-convocatorias-2024-tendran-el-presupuesto-mas-alto-en-la-historia-del-sector\/#breadcrumb\"},\"inLanguage\":\"es\",\"potentialAction\":[{\"@type\":\"ReadAction\",\"target\":[\"https:\/\/luchonoticias.com\/editor\/cultura-si-hay-las-convocatorias-2024-tendran-el-presupuesto-mas-alto-en-la-historia-del-sector\/\"]}]},{\"@type\":\"BreadcrumbList\",\"@id\":\"https:\/\/luchonoticias.com\/editor\/cultura-si-hay-las-convocatorias-2024-tendran-el-presupuesto-mas-alto-en-la-historia-del-sector\/#breadcrumb\",\"itemListElement\":[{\"@type\":\"ListItem\",\"position\":1,\"name\":\"Portada\",\"item\":\"https:\/\/luchonoticias.com\/editor\/\"},{\"@type\":\"ListItem\",\"position\":2,\"name\":\"\u00a1Cultura s\u00ed hay!: Las convocatorias 2024 tendr\u00e1n el presupuesto m\u00e1s alto en la historia del sector\"}]},{\"@type\":\"WebSite\",\"@id\":\"https:\/\/luchonoticias.com\/editor\/#website\",\"url\":\"https:\/\/luchonoticias.com\/editor\/\",\"name\":\"\",\"description\":\"\",\"publisher\":{\"@id\":\"https:\/\/luchonoticias.com\/editor\/#\/schema\/person\/7a7fd911f58561fd056dbac7b55af9cd\"},\"potentialAction\":[{\"@type\":\"SearchAction\",\"target\":{\"@type\":\"EntryPoint\",\"urlTemplate\":\"https:\/\/luchonoticias.com\/editor\/?s={search_term_string}\"},\"query-input\":{\"@type\":\"PropertyValueSpecification\",\"valueRequired\":true,\"valueName\":\"search_term_string\"}}],\"inLanguage\":\"es\"},{\"@type\":[\"Person\",\"Organization\"],\"@id\":\"https:\/\/luchonoticias.com\/editor\/#\/schema\/person\/7a7fd911f58561fd056dbac7b55af9cd\",\"name\":\"admin\",\"image\":{\"@type\":\"ImageObject\",\"inLanguage\":\"es\",\"@id\":\"https:\/\/luchonoticias.com\/editor\/#\/schema\/person\/image\/\",\"url\":\"https:\/\/luchonoticias.com\/editor\/wp-content\/uploads\/2024\/02\/cropped-cropped-logolu.webp\",\"contentUrl\":\"https:\/\/luchonoticias.com\/editor\/wp-content\/uploads\/2024\/02\/cropped-cropped-logolu.webp\",\"width\":382,\"height\":170,\"caption\":\"admin\"},\"logo\":{\"@id\":\"https:\/\/luchonoticias.com\/editor\/#\/schema\/person\/image\/\"},\"sameAs\":[\"https:\/\/www.facebook.com\/luchonoticiasneiva\"]},{\"@type\":\"Person\",\"@id\":\"https:\/\/luchonoticias.com\/editor\/#\/schema\/person\/29217990ddf6f14e35912b2866d591fb\",\"name\":\"Editor General\",\"image\":{\"@type\":\"ImageObject\",\"inLanguage\":\"es\",\"@id\":\"https:\/\/luchonoticias.com\/editor\/#\/schema\/person\/image\/\",\"url\":\"https:\/\/luchonoticias.com\/editor\/wp-content\/uploads\/2024\/02\/cropped-cropped-logolu-150x150.webp\",\"contentUrl\":\"https:\/\/luchonoticias.com\/editor\/wp-content\/uploads\/2024\/02\/cropped-cropped-logolu-150x150.webp\",\"caption\":\"Editor General\"},\"sameAs\":[\"https:\/\/luchonoticias.com\/\"],\"url\":\"https:\/\/luchonoticias.com\/editor\/author\/editor-general\/\"}]}<\/script>\n<!-- \/ Yoast SEO plugin. -->","yoast_head_json":{"title":"\u00a1Cultura s\u00ed hay!: Las convocatorias 2024 tendr\u00e1n el presupuesto m\u00e1s alto en la historia del sector -","robots":{"index":"index","follow":"follow","max-snippet":"max-snippet:-1","max-image-preview":"max-image-preview:large","max-video-preview":"max-video-preview:-1"},"canonical":"https:\/\/luchonoticias.com\/editor\/cultura-si-hay-las-convocatorias-2024-tendran-el-presupuesto-mas-alto-en-la-historia-del-sector\/","og_locale":"es_ES","og_type":"article","og_title":"\u00a1Cultura s\u00ed hay!: Las convocatorias 2024 tendr\u00e1n el presupuesto m\u00e1s alto en la historia del sector -","og_url":"https:\/\/luchonoticias.com\/editor\/cultura-si-hay-las-convocatorias-2024-tendran-el-presupuesto-mas-alto-en-la-historia-del-sector\/","article_publisher":"https:\/\/www.facebook.com\/luchonoticiasneiva","article_published_time":"2024-02-12T20:04:35+00:00","article_modified_time":"2024-02-12T20:04:38+00:00","author":"Editor General","twitter_card":"summary_large_image","twitter_misc":{"Escrito por":"Editor General","Tiempo de lectura":"3 minutos"},"schema":{"@context":"https:\/\/schema.org","@graph":[{"@type":"Article","@id":"https:\/\/luchonoticias.com\/editor\/cultura-si-hay-las-convocatorias-2024-tendran-el-presupuesto-mas-alto-en-la-historia-del-sector\/#article","isPartOf":{"@id":"https:\/\/luchonoticias.com\/editor\/cultura-si-hay-las-convocatorias-2024-tendran-el-presupuesto-mas-alto-en-la-historia-del-sector\/"},"author":{"name":"Editor General","@id":"https:\/\/luchonoticias.com\/editor\/#\/schema\/person\/29217990ddf6f14e35912b2866d591fb"},"headline":"\u00a1Cultura s\u00ed hay!: Las convocatorias 2024 tendr\u00e1n el presupuesto m\u00e1s alto en la historia del sector","datePublished":"2024-02-12T20:04:35+00:00","dateModified":"2024-02-12T20:04:38+00:00","mainEntityOfPage":{"@id":"https:\/\/luchonoticias.com\/editor\/cultura-si-hay-las-convocatorias-2024-tendran-el-presupuesto-mas-alto-en-la-historia-del-sector\/"},"wordCount":664,"commentCount":0,"publisher":{"@id":"https:\/\/luchonoticias.com\/editor\/#\/schema\/person\/7a7fd911f58561fd056dbac7b55af9cd"},"articleSection":["Actualidad","Destacado"],"inLanguage":"es","potentialAction":[{"@type":"CommentAction","name":"Comment","target":["https:\/\/luchonoticias.com\/editor\/cultura-si-hay-las-convocatorias-2024-tendran-el-presupuesto-mas-alto-en-la-historia-del-sector\/#respond"]}]},{"@type":"WebPage","@id":"https:\/\/luchonoticias.com\/editor\/cultura-si-hay-las-convocatorias-2024-tendran-el-presupuesto-mas-alto-en-la-historia-del-sector\/","url":"https:\/\/luchonoticias.com\/editor\/cultura-si-hay-las-convocatorias-2024-tendran-el-presupuesto-mas-alto-en-la-historia-del-sector\/","name":"\u00a1Cultura s\u00ed hay!: Las convocatorias 2024 tendr\u00e1n el presupuesto m\u00e1s alto en la historia del sector -","isPartOf":{"@id":"https:\/\/luchonoticias.com\/editor\/#website"},"datePublished":"2024-02-12T20:04:35+00:00","dateModified":"2024-02-12T20:04:38+00:00","breadcrumb":{"@id":"https:\/\/luchonoticias.com\/editor\/cultura-si-hay-las-convocatorias-2024-tendran-el-presupuesto-mas-alto-en-la-historia-del-sector\/#breadcrumb"},"inLanguage":"es","potentialAction":[{"@type":"ReadAction","target":["https:\/\/luchonoticias.com\/editor\/cultura-si-hay-las-convocatorias-2024-tendran-el-presupuesto-mas-alto-en-la-historia-del-sector\/"]}]},{"@type":"BreadcrumbList","@id":"https:\/\/luchonoticias.com\/editor\/cultura-si-hay-las-convocatorias-2024-tendran-el-presupuesto-mas-alto-en-la-historia-del-sector\/#breadcrumb","itemListElement":[{"@type":"ListItem","position":1,"name":"Portada","item":"https:\/\/luchonoticias.com\/editor\/"},{"@type":"ListItem","position":2,"name":"\u00a1Cultura s\u00ed hay!: Las convocatorias 2024 tendr\u00e1n el presupuesto m\u00e1s alto en la historia del sector"}]},{"@type":"WebSite","@id":"https:\/\/luchonoticias.com\/editor\/#website","url":"https:\/\/luchonoticias.com\/editor\/","name":"","description":"","publisher":{"@id":"https:\/\/luchonoticias.com\/editor\/#\/schema\/person\/7a7fd911f58561fd056dbac7b55af9cd"},"potentialAction":[{"@type":"SearchAction","target":{"@type":"EntryPoint","urlTemplate":"https:\/\/luchonoticias.com\/editor\/?s={search_term_string}"},"query-input":{"@type":"PropertyValueSpecification","valueRequired":true,"valueName":"search_term_string"}}],"inLanguage":"es"},{"@type":["Person","Organization"],"@id":"https:\/\/luchonoticias.com\/editor\/#\/schema\/person\/7a7fd911f58561fd056dbac7b55af9cd","name":"admin","image":{"@type":"ImageObject","inLanguage":"es","@id":"https:\/\/luchonoticias.com\/editor\/#\/schema\/person\/image\/","url":"https:\/\/luchonoticias.com\/editor\/wp-content\/uploads\/2024\/02\/cropped-cropped-logolu.webp","contentUrl":"https:\/\/luchonoticias.com\/editor\/wp-content\/uploads\/2024\/02\/cropped-cropped-logolu.webp","width":382,"height":170,"caption":"admin"},"logo":{"@id":"https:\/\/luchonoticias.com\/editor\/#\/schema\/person\/image\/"},"sameAs":["https:\/\/www.facebook.com\/luchonoticiasneiva"]},{"@type":"Person","@id":"https:\/\/luchonoticias.com\/editor\/#\/schema\/person\/29217990ddf6f14e35912b2866d591fb","name":"Editor General","image":{"@type":"ImageObject","inLanguage":"es","@id":"https:\/\/luchonoticias.com\/editor\/#\/schema\/person\/image\/","url":"https:\/\/luchonoticias.com\/editor\/wp-content\/uploads\/2024\/02\/cropped-cropped-logolu-150x150.webp","contentUrl":"https:\/\/luchonoticias.com\/editor\/wp-content\/uploads\/2024\/02\/cropped-cropped-logolu-150x150.webp","caption":"Editor General"},"sameAs":["https:\/\/luchonoticias.com\/"],"url":"https:\/\/luchonoticias.com\/editor\/author\/editor-general\/"}]}},"_links":{"self":[{"href":"https:\/\/luchonoticias.com\/editor\/wp-json\/wp\/v2\/posts\/68584","targetHints":{"allow":["GET"]}}],"collection":[{"href":"https:\/\/luchonoticias.com\/editor\/wp-json\/wp\/v2\/posts"}],"about":[{"href":"https:\/\/luchonoticias.com\/editor\/wp-json\/wp\/v2\/types\/post"}],"author":[{"embeddable":true,"href":"https:\/\/luchonoticias.com\/editor\/wp-json\/wp\/v2\/users\/2"}],"replies":[{"embeddable":true,"href":"https:\/\/luchonoticias.com\/editor\/wp-json\/wp\/v2\/comments?post=68584"}],"version-history":[{"count":0,"href":"https:\/\/luchonoticias.com\/editor\/wp-json\/wp\/v2\/posts\/68584\/revisions"}],"wp:attachment":[{"href":"https:\/\/luchonoticias.com\/editor\/wp-json\/wp\/v2\/media?parent=68584"}],"wp:term":[{"taxonomy":"category","embeddable":true,"href":"https:\/\/luchonoticias.com\/editor\/wp-json\/wp\/v2\/categories?post=68584"},{"taxonomy":"post_tag","embeddable":true,"href":"https:\/\/luchonoticias.com\/editor\/wp-json\/wp\/v2\/tags?post=68584"}],"curies":[{"name":"wp","href":"https:\/\/api.w.org\/{rel}","templated":true}]}}