{"id":68587,"date":"2024-02-12T15:06:28","date_gmt":"2024-02-12T20:06:28","guid":{"rendered":"https:\/\/luchonoticias.com\/?p=68587"},"modified":"2024-02-12T15:06:31","modified_gmt":"2024-02-12T20:06:31","slug":"autoridades-de-garzon-avanzan-en-la-recuperacion-de-la-seguridad-del-viaducto-el-quimbo","status":"publish","type":"post","link":"https:\/\/luchonoticias.com\/editor\/autoridades-de-garzon-avanzan-en-la-recuperacion-de-la-seguridad-del-viaducto-el-quimbo\/","title":{"rendered":"Autoridades de Garz\u00f3n avanzan en la recuperaci\u00f3n de la seguridad del viaducto El Quimbo"},"content":{"rendered":"\n<p>\u201cDurante el fin de semana y en un trabajo articulado entre la Secretar\u00eda General y de Convivencia Ciudadana, la Secretar\u00eda de Tr\u00e1nsito Municipal y las autoridades de Polic\u00eda, adelantamos diferentes planes preventivos y operativos en el viaducto El Quimbo, en pro de la seguridad y convivencia ciudadana en el sector.<\/p>\n\n\n\n<p>Contrarrestar los piques ilegales, mejorar la movilidad, erradicar el consumo de sustancias alucin\u00f3genas, evitar el hurto a personas y motocicletas, es el prop\u00f3sito del desarrollo de estos planes.\u201d&nbsp; Afirm\u00f3 el se\u00f1or CT (R) Elkin Lloreda Gomez Secretario General y de Convivencia Ciudadana.<\/p>\n\n\n\n<p>\u201cUna de nuestras pol\u00edticas en el plan de gobierno municipal, es devolverle la seguridad y tranquilidad al sector del viaducto El Quimbo, sus comerciantes, usuarios de la v\u00eda y por supuesto a todos nuestros turistas, mediante un trabajo articulado entre las administraciones municipales, autoridades militares y de polic\u00eda\u201d Afirm\u00f3 Francisco Calderon Feriz Alcalde.<\/p>\n","protected":false},"excerpt":{"rendered":"<p>\u201cDurante el fin de semana y en un trabajo articulado entre la Secretar\u00eda General y de Convivencia Ciudadana, la Secretar\u00eda de Tr\u00e1nsito Municipal y las autoridades de Polic\u00eda, adelantamos diferentes planes preventivos y operativos en el viaducto El Quimbo, en pro de la seguridad y convivencia ciudadana en el sector. Contrarrestar los piques ilegales, mejorar [&hellip;]<\/p>\n","protected":false},"author":2,"featured_media":0,"comment_status":"open","ping_status":"open","sticky":false,"template":"","format":"standard","meta":{"footnotes":""},"categories":[36,29],"tags":[],"class_list":["post-68587","post","type-post","status-publish","format-standard","hentry","category-destacado","category-judicial"],"yoast_head":"<!-- This site is optimized with the Yoast SEO plugin v26.6 - https:\/\/yoast.com\/wordpress\/plugins\/seo\/ -->\n<title>Autoridades de Garz\u00f3n avanzan en la recuperaci\u00f3n de la seguridad del viaducto El Quimbo -<\/title>\n<meta name=\"robots\" content=\"index, follow, max-snippet:-1, max-image-preview:large, max-video-preview:-1\" \/>\n<link rel=\"canonical\" href=\"https:\/\/luchonoticias.com\/editor\/autoridades-de-garzon-avanzan-en-la-recuperacion-de-la-seguridad-del-viaducto-el-quimbo\/\" \/>\n<meta property=\"og:locale\" content=\"es_ES\" \/>\n<meta property=\"og:type\" content=\"article\" \/>\n<meta property=\"og:title\" content=\"Autoridades de Garz\u00f3n avanzan en la recuperaci\u00f3n de la seguridad del viaducto El Quimbo -\" \/>\n<meta property=\"og:url\" content=\"https:\/\/luchonoticias.com\/editor\/autoridades-de-garzon-avanzan-en-la-recuperacion-de-la-seguridad-del-viaducto-el-quimbo\/\" \/>\n<meta property=\"article:publisher\" content=\"https:\/\/www.facebook.com\/luchonoticiasneiva\" \/>\n<meta property=\"article:published_time\" content=\"2024-02-12T20:06:28+00:00\" \/>\n<meta property=\"article:modified_time\" content=\"2024-02-12T20:06:31+00:00\" \/>\n<meta name=\"author\" content=\"Editor General\" \/>\n<meta name=\"twitter:card\" content=\"summary_large_image\" \/>\n<meta name=\"twitter:label1\" content=\"Escrito por\" \/>\n\t<meta name=\"twitter:data1\" content=\"Editor General\" \/>\n\t<meta name=\"twitter:label2\" content=\"Tiempo de lectura\" \/>\n\t<meta name=\"twitter:data2\" content=\"1 minuto\" \/>\n<script type=\"application\/ld+json\" class=\"yoast-schema-graph\">{\"@context\":\"https:\/\/schema.org\",\"@graph\":[{\"@type\":\"Article\",\"@id\":\"https:\/\/luchonoticias.com\/editor\/autoridades-de-garzon-avanzan-en-la-recuperacion-de-la-seguridad-del-viaducto-el-quimbo\/#article\",\"isPartOf\":{\"@id\":\"https:\/\/luchonoticias.com\/editor\/autoridades-de-garzon-avanzan-en-la-recuperacion-de-la-seguridad-del-viaducto-el-quimbo\/\"},\"author\":{\"name\":\"Editor General\",\"@id\":\"https:\/\/luchonoticias.com\/editor\/#\/schema\/person\/29217990ddf6f14e35912b2866d591fb\"},\"headline\":\"Autoridades de Garz\u00f3n avanzan en la recuperaci\u00f3n de la seguridad del viaducto El Quimbo\",\"datePublished\":\"2024-02-12T20:06:28+00:00\",\"dateModified\":\"2024-02-12T20:06:31+00:00\",\"mainEntityOfPage\":{\"@id\":\"https:\/\/luchonoticias.com\/editor\/autoridades-de-garzon-avanzan-en-la-recuperacion-de-la-seguridad-del-viaducto-el-quimbo\/\"},\"wordCount\":172,\"commentCount\":0,\"publisher\":{\"@id\":\"https:\/\/luchonoticias.com\/editor\/#\/schema\/person\/7a7fd911f58561fd056dbac7b55af9cd\"},\"articleSection\":[\"Destacado\",\"Judicial\"],\"inLanguage\":\"es\",\"potentialAction\":[{\"@type\":\"CommentAction\",\"name\":\"Comment\",\"target\":[\"https:\/\/luchonoticias.com\/editor\/autoridades-de-garzon-avanzan-en-la-recuperacion-de-la-seguridad-del-viaducto-el-quimbo\/#respond\"]}]},{\"@type\":\"WebPage\",\"@id\":\"https:\/\/luchonoticias.com\/editor\/autoridades-de-garzon-avanzan-en-la-recuperacion-de-la-seguridad-del-viaducto-el-quimbo\/\",\"url\":\"https:\/\/luchonoticias.com\/editor\/autoridades-de-garzon-avanzan-en-la-recuperacion-de-la-seguridad-del-viaducto-el-quimbo\/\",\"name\":\"Autoridades de Garz\u00f3n avanzan en la recuperaci\u00f3n de la seguridad del viaducto El Quimbo -\",\"isPartOf\":{\"@id\":\"https:\/\/luchonoticias.com\/editor\/#website\"},\"datePublished\":\"2024-02-12T20:06:28+00:00\",\"dateModified\":\"2024-02-12T20:06:31+00:00\",\"breadcrumb\":{\"@id\":\"https:\/\/luchonoticias.com\/editor\/autoridades-de-garzon-avanzan-en-la-recuperacion-de-la-seguridad-del-viaducto-el-quimbo\/#breadcrumb\"},\"inLanguage\":\"es\",\"potentialAction\":[{\"@type\":\"ReadAction\",\"target\":[\"https:\/\/luchonoticias.com\/editor\/autoridades-de-garzon-avanzan-en-la-recuperacion-de-la-seguridad-del-viaducto-el-quimbo\/\"]}]},{\"@type\":\"BreadcrumbList\",\"@id\":\"https:\/\/luchonoticias.com\/editor\/autoridades-de-garzon-avanzan-en-la-recuperacion-de-la-seguridad-del-viaducto-el-quimbo\/#breadcrumb\",\"itemListElement\":[{\"@type\":\"ListItem\",\"position\":1,\"name\":\"Portada\",\"item\":\"https:\/\/luchonoticias.com\/editor\/\"},{\"@type\":\"ListItem\",\"position\":2,\"name\":\"Autoridades de Garz\u00f3n avanzan en la recuperaci\u00f3n de la seguridad del viaducto El Quimbo\"}]},{\"@type\":\"WebSite\",\"@id\":\"https:\/\/luchonoticias.com\/editor\/#website\",\"url\":\"https:\/\/luchonoticias.com\/editor\/\",\"name\":\"\",\"description\":\"\",\"publisher\":{\"@id\":\"https:\/\/luchonoticias.com\/editor\/#\/schema\/person\/7a7fd911f58561fd056dbac7b55af9cd\"},\"potentialAction\":[{\"@type\":\"SearchAction\",\"target\":{\"@type\":\"EntryPoint\",\"urlTemplate\":\"https:\/\/luchonoticias.com\/editor\/?s={search_term_string}\"},\"query-input\":{\"@type\":\"PropertyValueSpecification\",\"valueRequired\":true,\"valueName\":\"search_term_string\"}}],\"inLanguage\":\"es\"},{\"@type\":[\"Person\",\"Organization\"],\"@id\":\"https:\/\/luchonoticias.com\/editor\/#\/schema\/person\/7a7fd911f58561fd056dbac7b55af9cd\",\"name\":\"admin\",\"image\":{\"@type\":\"ImageObject\",\"inLanguage\":\"es\",\"@id\":\"https:\/\/luchonoticias.com\/editor\/#\/schema\/person\/image\/\",\"url\":\"https:\/\/luchonoticias.com\/editor\/wp-content\/uploads\/2024\/02\/cropped-cropped-logolu.webp\",\"contentUrl\":\"https:\/\/luchonoticias.com\/editor\/wp-content\/uploads\/2024\/02\/cropped-cropped-logolu.webp\",\"width\":382,\"height\":170,\"caption\":\"admin\"},\"logo\":{\"@id\":\"https:\/\/luchonoticias.com\/editor\/#\/schema\/person\/image\/\"},\"sameAs\":[\"https:\/\/www.facebook.com\/luchonoticiasneiva\"]},{\"@type\":\"Person\",\"@id\":\"https:\/\/luchonoticias.com\/editor\/#\/schema\/person\/29217990ddf6f14e35912b2866d591fb\",\"name\":\"Editor General\",\"image\":{\"@type\":\"ImageObject\",\"inLanguage\":\"es\",\"@id\":\"https:\/\/luchonoticias.com\/editor\/#\/schema\/person\/image\/\",\"url\":\"https:\/\/luchonoticias.com\/editor\/wp-content\/uploads\/2024\/02\/cropped-cropped-logolu-150x150.webp\",\"contentUrl\":\"https:\/\/luchonoticias.com\/editor\/wp-content\/uploads\/2024\/02\/cropped-cropped-logolu-150x150.webp\",\"caption\":\"Editor General\"},\"sameAs\":[\"https:\/\/luchonoticias.com\/\"],\"url\":\"https:\/\/luchonoticias.com\/editor\/author\/editor-general\/\"}]}<\/script>\n<!-- \/ Yoast SEO plugin. -->","yoast_head_json":{"title":"Autoridades de Garz\u00f3n avanzan en la recuperaci\u00f3n de la seguridad del viaducto El Quimbo -","robots":{"index":"index","follow":"follow","max-snippet":"max-snippet:-1","max-image-preview":"max-image-preview:large","max-video-preview":"max-video-preview:-1"},"canonical":"https:\/\/luchonoticias.com\/editor\/autoridades-de-garzon-avanzan-en-la-recuperacion-de-la-seguridad-del-viaducto-el-quimbo\/","og_locale":"es_ES","og_type":"article","og_title":"Autoridades de Garz\u00f3n avanzan en la recuperaci\u00f3n de la seguridad del viaducto El Quimbo -","og_url":"https:\/\/luchonoticias.com\/editor\/autoridades-de-garzon-avanzan-en-la-recuperacion-de-la-seguridad-del-viaducto-el-quimbo\/","article_publisher":"https:\/\/www.facebook.com\/luchonoticiasneiva","article_published_time":"2024-02-12T20:06:28+00:00","article_modified_time":"2024-02-12T20:06:31+00:00","author":"Editor General","twitter_card":"summary_large_image","twitter_misc":{"Escrito por":"Editor General","Tiempo de lectura":"1 minuto"},"schema":{"@context":"https:\/\/schema.org","@graph":[{"@type":"Article","@id":"https:\/\/luchonoticias.com\/editor\/autoridades-de-garzon-avanzan-en-la-recuperacion-de-la-seguridad-del-viaducto-el-quimbo\/#article","isPartOf":{"@id":"https:\/\/luchonoticias.com\/editor\/autoridades-de-garzon-avanzan-en-la-recuperacion-de-la-seguridad-del-viaducto-el-quimbo\/"},"author":{"name":"Editor General","@id":"https:\/\/luchonoticias.com\/editor\/#\/schema\/person\/29217990ddf6f14e35912b2866d591fb"},"headline":"Autoridades de Garz\u00f3n avanzan en la recuperaci\u00f3n de la seguridad del viaducto El Quimbo","datePublished":"2024-02-12T20:06:28+00:00","dateModified":"2024-02-12T20:06:31+00:00","mainEntityOfPage":{"@id":"https:\/\/luchonoticias.com\/editor\/autoridades-de-garzon-avanzan-en-la-recuperacion-de-la-seguridad-del-viaducto-el-quimbo\/"},"wordCount":172,"commentCount":0,"publisher":{"@id":"https:\/\/luchonoticias.com\/editor\/#\/schema\/person\/7a7fd911f58561fd056dbac7b55af9cd"},"articleSection":["Destacado","Judicial"],"inLanguage":"es","potentialAction":[{"@type":"CommentAction","name":"Comment","target":["https:\/\/luchonoticias.com\/editor\/autoridades-de-garzon-avanzan-en-la-recuperacion-de-la-seguridad-del-viaducto-el-quimbo\/#respond"]}]},{"@type":"WebPage","@id":"https:\/\/luchonoticias.com\/editor\/autoridades-de-garzon-avanzan-en-la-recuperacion-de-la-seguridad-del-viaducto-el-quimbo\/","url":"https:\/\/luchonoticias.com\/editor\/autoridades-de-garzon-avanzan-en-la-recuperacion-de-la-seguridad-del-viaducto-el-quimbo\/","name":"Autoridades de Garz\u00f3n avanzan en la recuperaci\u00f3n de la seguridad del viaducto El Quimbo -","isPartOf":{"@id":"https:\/\/luchonoticias.com\/editor\/#website"},"datePublished":"2024-02-12T20:06:28+00:00","dateModified":"2024-02-12T20:06:31+00:00","breadcrumb":{"@id":"https:\/\/luchonoticias.com\/editor\/autoridades-de-garzon-avanzan-en-la-recuperacion-de-la-seguridad-del-viaducto-el-quimbo\/#breadcrumb"},"inLanguage":"es","potentialAction":[{"@type":"ReadAction","target":["https:\/\/luchonoticias.com\/editor\/autoridades-de-garzon-avanzan-en-la-recuperacion-de-la-seguridad-del-viaducto-el-quimbo\/"]}]},{"@type":"BreadcrumbList","@id":"https:\/\/luchonoticias.com\/editor\/autoridades-de-garzon-avanzan-en-la-recuperacion-de-la-seguridad-del-viaducto-el-quimbo\/#breadcrumb","itemListElement":[{"@type":"ListItem","position":1,"name":"Portada","item":"https:\/\/luchonoticias.com\/editor\/"},{"@type":"ListItem","position":2,"name":"Autoridades de Garz\u00f3n avanzan en la recuperaci\u00f3n de la seguridad del viaducto El Quimbo"}]},{"@type":"WebSite","@id":"https:\/\/luchonoticias.com\/editor\/#website","url":"https:\/\/luchonoticias.com\/editor\/","name":"","description":"","publisher":{"@id":"https:\/\/luchonoticias.com\/editor\/#\/schema\/person\/7a7fd911f58561fd056dbac7b55af9cd"},"potentialAction":[{"@type":"SearchAction","target":{"@type":"EntryPoint","urlTemplate":"https:\/\/luchonoticias.com\/editor\/?s={search_term_string}"},"query-input":{"@type":"PropertyValueSpecification","valueRequired":true,"valueName":"search_term_string"}}],"inLanguage":"es"},{"@type":["Person","Organization"],"@id":"https:\/\/luchonoticias.com\/editor\/#\/schema\/person\/7a7fd911f58561fd056dbac7b55af9cd","name":"admin","image":{"@type":"ImageObject","inLanguage":"es","@id":"https:\/\/luchonoticias.com\/editor\/#\/schema\/person\/image\/","url":"https:\/\/luchonoticias.com\/editor\/wp-content\/uploads\/2024\/02\/cropped-cropped-logolu.webp","contentUrl":"https:\/\/luchonoticias.com\/editor\/wp-content\/uploads\/2024\/02\/cropped-cropped-logolu.webp","width":382,"height":170,"caption":"admin"},"logo":{"@id":"https:\/\/luchonoticias.com\/editor\/#\/schema\/person\/image\/"},"sameAs":["https:\/\/www.facebook.com\/luchonoticiasneiva"]},{"@type":"Person","@id":"https:\/\/luchonoticias.com\/editor\/#\/schema\/person\/29217990ddf6f14e35912b2866d591fb","name":"Editor General","image":{"@type":"ImageObject","inLanguage":"es","@id":"https:\/\/luchonoticias.com\/editor\/#\/schema\/person\/image\/","url":"https:\/\/luchonoticias.com\/editor\/wp-content\/uploads\/2024\/02\/cropped-cropped-logolu-150x150.webp","contentUrl":"https:\/\/luchonoticias.com\/editor\/wp-content\/uploads\/2024\/02\/cropped-cropped-logolu-150x150.webp","caption":"Editor General"},"sameAs":["https:\/\/luchonoticias.com\/"],"url":"https:\/\/luchonoticias.com\/editor\/author\/editor-general\/"}]}},"_links":{"self":[{"href":"https:\/\/luchonoticias.com\/editor\/wp-json\/wp\/v2\/posts\/68587","targetHints":{"allow":["GET"]}}],"collection":[{"href":"https:\/\/luchonoticias.com\/editor\/wp-json\/wp\/v2\/posts"}],"about":[{"href":"https:\/\/luchonoticias.com\/editor\/wp-json\/wp\/v2\/types\/post"}],"author":[{"embeddable":true,"href":"https:\/\/luchonoticias.com\/editor\/wp-json\/wp\/v2\/users\/2"}],"replies":[{"embeddable":true,"href":"https:\/\/luchonoticias.com\/editor\/wp-json\/wp\/v2\/comments?post=68587"}],"version-history":[{"count":0,"href":"https:\/\/luchonoticias.com\/editor\/wp-json\/wp\/v2\/posts\/68587\/revisions"}],"wp:attachment":[{"href":"https:\/\/luchonoticias.com\/editor\/wp-json\/wp\/v2\/media?parent=68587"}],"wp:term":[{"taxonomy":"category","embeddable":true,"href":"https:\/\/luchonoticias.com\/editor\/wp-json\/wp\/v2\/categories?post=68587"},{"taxonomy":"post_tag","embeddable":true,"href":"https:\/\/luchonoticias.com\/editor\/wp-json\/wp\/v2\/tags?post=68587"}],"curies":[{"name":"wp","href":"https:\/\/api.w.org\/{rel}","templated":true}]}}