{"id":68603,"date":"2024-02-12T16:38:06","date_gmt":"2024-02-12T21:38:06","guid":{"rendered":"https:\/\/luchonoticias.com\/?p=68603"},"modified":"2024-02-12T16:38:08","modified_gmt":"2024-02-12T21:38:08","slug":"dos-hombres-fueron-enviados-a-la-carcel-por-su-presunta-participacion-en-el-secuestro-de-un-joven","status":"publish","type":"post","link":"https:\/\/luchonoticias.com\/editor\/dos-hombres-fueron-enviados-a-la-carcel-por-su-presunta-participacion-en-el-secuestro-de-un-joven\/","title":{"rendered":"Dos hombres fueron enviados a la c\u00e1rcel por su presunta participaci\u00f3n en el secuestro de un joven"},"content":{"rendered":"\n<p>Gracias al trabajo coordinado entre un despacho especializado delegado ante el Gaula de la Fiscal\u00eda en el Huila y uniformados del Gaula de la Polic\u00eda, se logr\u00f3 la captura en flagrancia de Jhon Sebasti\u00e1n Cardozo Valencia y Gian Carlos Jhesed Torres Hoyos mediante un plan de entrega controlado, cuando pretender\u00edan intercambiar una millonaria suma de dinero por un joven que desde el 25 de enero de este a\u00f1o habr\u00eda sido privado de la libertad en Pitalito, Huila.<\/p>\n\n\n\n<p>Al ser presentados en audiencias de control de garant\u00edas, la delegada fiscal les enrostr\u00f3 los delitos de secuestro extorsivo y receptaci\u00f3n que no aceptaron haber cometido, y fueron afectados con medida de aseguramiento intramuros mientras avanzan las respectivas investigaciones.<\/p>\n\n\n\n<p>Gracias a la intervenci\u00f3n de las autoridades se logr\u00f3 el rescate de la v\u00edctima y la captura de los presuntos secuestradores el pasado 10 de febrero mediante una persecuci\u00f3n policial.<\/p>\n\n\n\n<p>Seg\u00fan la informaci\u00f3n recopilada por los investigadores, la v\u00edctima fue privada de la libertad cuando depart\u00eda con varias personas. Le informaron supuestamente que estaba secuestrado y empezaron a hacer llamadas extorsivas a su padre, un funcionario de la rama judicial del Huila y posteriormente hicieron lo propio con su madre identific\u00e1ndose como integrantes de un grupo de limpieza social.<\/p>\n\n\n\n<p><strong>El rescate<\/strong><\/p>\n\n\n\n<p>Fue as\u00ed como el 10 de febrero el padre de la v\u00edctima inform\u00f3 al Gaula que lo hab\u00edan contactado de nuevo exigi\u00e9ndole la suma de $35.000.000 por lo cual acordaron la entrega del dinero a cambio su hijo.<\/p>\n\n\n\n<p>En tres oportunidades cambiaron el lugar de encuentro hasta que finalmente acordaron hacerlo en una estaci\u00f3n de servicio de Pitalito. Las autoridades estaban atentas porque antes de entregar el dinero el padre exigi\u00f3 ver a su hijo indic\u00e1ndole que iba a pasar en una motocicleta, pero el padre no alcanz\u00f3 a verlo por lo que sugiri\u00f3 que nuevamente pasara.<\/p>\n\n\n\n<p>Ese momento fue aprovechado para seguir a los supuestos secuestradores hasta una vivienda. Al salir, siguieron la moto a la cual le hicieron se\u00f1al de pare y fue cuando huyeron.<\/p>\n\n\n\n<p>En la persecuci\u00f3n se cayeron, huyendo el conductor quien fue detenido m\u00e1s adelante, mientras que el parrillero se identific\u00f3 como la v\u00edctima.<\/p>\n\n\n\n<p>As\u00ed mismo ingresaron a la vivienda de la que hab\u00eda salido la moto, logrando la captura de otra persona. En el lugar fueron encontradas armas traum\u00e1ticas, dos motocicletas, una de ellas reportada como hurtada, y elementos pixelados similares a material de intendencia, los cuales fueron vistos en un video de supervivencia que les hab\u00edan enviado a los familiares.<\/p>\n","protected":false},"excerpt":{"rendered":"<p>Gracias al trabajo coordinado entre un despacho especializado delegado ante el Gaula de la Fiscal\u00eda en el Huila y uniformados del Gaula de la Polic\u00eda, se logr\u00f3 la captura en flagrancia de Jhon Sebasti\u00e1n Cardozo Valencia y Gian Carlos Jhesed Torres Hoyos mediante un plan de entrega controlado, cuando pretender\u00edan intercambiar una millonaria suma de [&hellip;]<\/p>\n","protected":false},"author":2,"featured_media":0,"comment_status":"open","ping_status":"open","sticky":false,"template":"","format":"standard","meta":{"footnotes":""},"categories":[36,29],"tags":[],"class_list":["post-68603","post","type-post","status-publish","format-standard","hentry","category-destacado","category-judicial"],"yoast_head":"<!-- This site is optimized with the Yoast SEO plugin v26.6 - https:\/\/yoast.com\/wordpress\/plugins\/seo\/ -->\n<title>Dos hombres fueron enviados a la c\u00e1rcel por su presunta participaci\u00f3n en el secuestro de un joven -<\/title>\n<meta name=\"robots\" content=\"index, follow, max-snippet:-1, max-image-preview:large, max-video-preview:-1\" \/>\n<link rel=\"canonical\" href=\"https:\/\/luchonoticias.com\/editor\/dos-hombres-fueron-enviados-a-la-carcel-por-su-presunta-participacion-en-el-secuestro-de-un-joven\/\" \/>\n<meta property=\"og:locale\" content=\"es_ES\" \/>\n<meta property=\"og:type\" content=\"article\" \/>\n<meta property=\"og:title\" content=\"Dos hombres fueron enviados a la c\u00e1rcel por su presunta participaci\u00f3n en el secuestro de un joven -\" \/>\n<meta property=\"og:url\" content=\"https:\/\/luchonoticias.com\/editor\/dos-hombres-fueron-enviados-a-la-carcel-por-su-presunta-participacion-en-el-secuestro-de-un-joven\/\" \/>\n<meta property=\"article:publisher\" content=\"https:\/\/www.facebook.com\/luchonoticiasneiva\" \/>\n<meta property=\"article:published_time\" content=\"2024-02-12T21:38:06+00:00\" \/>\n<meta property=\"article:modified_time\" content=\"2024-02-12T21:38:08+00:00\" \/>\n<meta name=\"author\" content=\"Editor General\" \/>\n<meta name=\"twitter:card\" content=\"summary_large_image\" \/>\n<meta name=\"twitter:label1\" content=\"Escrito por\" \/>\n\t<meta name=\"twitter:data1\" content=\"Editor General\" \/>\n\t<meta name=\"twitter:label2\" content=\"Tiempo de lectura\" \/>\n\t<meta name=\"twitter:data2\" content=\"2 minutos\" \/>\n<script type=\"application\/ld+json\" class=\"yoast-schema-graph\">{\"@context\":\"https:\/\/schema.org\",\"@graph\":[{\"@type\":\"Article\",\"@id\":\"https:\/\/luchonoticias.com\/editor\/dos-hombres-fueron-enviados-a-la-carcel-por-su-presunta-participacion-en-el-secuestro-de-un-joven\/#article\",\"isPartOf\":{\"@id\":\"https:\/\/luchonoticias.com\/editor\/dos-hombres-fueron-enviados-a-la-carcel-por-su-presunta-participacion-en-el-secuestro-de-un-joven\/\"},\"author\":{\"name\":\"Editor General\",\"@id\":\"https:\/\/luchonoticias.com\/editor\/#\/schema\/person\/29217990ddf6f14e35912b2866d591fb\"},\"headline\":\"Dos hombres fueron enviados a la c\u00e1rcel por su presunta participaci\u00f3n en el secuestro de un joven\",\"datePublished\":\"2024-02-12T21:38:06+00:00\",\"dateModified\":\"2024-02-12T21:38:08+00:00\",\"mainEntityOfPage\":{\"@id\":\"https:\/\/luchonoticias.com\/editor\/dos-hombres-fueron-enviados-a-la-carcel-por-su-presunta-participacion-en-el-secuestro-de-un-joven\/\"},\"wordCount\":457,\"commentCount\":0,\"publisher\":{\"@id\":\"https:\/\/luchonoticias.com\/editor\/#\/schema\/person\/7a7fd911f58561fd056dbac7b55af9cd\"},\"articleSection\":[\"Destacado\",\"Judicial\"],\"inLanguage\":\"es\",\"potentialAction\":[{\"@type\":\"CommentAction\",\"name\":\"Comment\",\"target\":[\"https:\/\/luchonoticias.com\/editor\/dos-hombres-fueron-enviados-a-la-carcel-por-su-presunta-participacion-en-el-secuestro-de-un-joven\/#respond\"]}]},{\"@type\":\"WebPage\",\"@id\":\"https:\/\/luchonoticias.com\/editor\/dos-hombres-fueron-enviados-a-la-carcel-por-su-presunta-participacion-en-el-secuestro-de-un-joven\/\",\"url\":\"https:\/\/luchonoticias.com\/editor\/dos-hombres-fueron-enviados-a-la-carcel-por-su-presunta-participacion-en-el-secuestro-de-un-joven\/\",\"name\":\"Dos hombres fueron enviados a la c\u00e1rcel por su presunta participaci\u00f3n en el secuestro de un joven -\",\"isPartOf\":{\"@id\":\"https:\/\/luchonoticias.com\/editor\/#website\"},\"datePublished\":\"2024-02-12T21:38:06+00:00\",\"dateModified\":\"2024-02-12T21:38:08+00:00\",\"breadcrumb\":{\"@id\":\"https:\/\/luchonoticias.com\/editor\/dos-hombres-fueron-enviados-a-la-carcel-por-su-presunta-participacion-en-el-secuestro-de-un-joven\/#breadcrumb\"},\"inLanguage\":\"es\",\"potentialAction\":[{\"@type\":\"ReadAction\",\"target\":[\"https:\/\/luchonoticias.com\/editor\/dos-hombres-fueron-enviados-a-la-carcel-por-su-presunta-participacion-en-el-secuestro-de-un-joven\/\"]}]},{\"@type\":\"BreadcrumbList\",\"@id\":\"https:\/\/luchonoticias.com\/editor\/dos-hombres-fueron-enviados-a-la-carcel-por-su-presunta-participacion-en-el-secuestro-de-un-joven\/#breadcrumb\",\"itemListElement\":[{\"@type\":\"ListItem\",\"position\":1,\"name\":\"Portada\",\"item\":\"https:\/\/luchonoticias.com\/editor\/\"},{\"@type\":\"ListItem\",\"position\":2,\"name\":\"Dos hombres fueron enviados a la c\u00e1rcel por su presunta participaci\u00f3n en el secuestro de un joven\"}]},{\"@type\":\"WebSite\",\"@id\":\"https:\/\/luchonoticias.com\/editor\/#website\",\"url\":\"https:\/\/luchonoticias.com\/editor\/\",\"name\":\"\",\"description\":\"\",\"publisher\":{\"@id\":\"https:\/\/luchonoticias.com\/editor\/#\/schema\/person\/7a7fd911f58561fd056dbac7b55af9cd\"},\"potentialAction\":[{\"@type\":\"SearchAction\",\"target\":{\"@type\":\"EntryPoint\",\"urlTemplate\":\"https:\/\/luchonoticias.com\/editor\/?s={search_term_string}\"},\"query-input\":{\"@type\":\"PropertyValueSpecification\",\"valueRequired\":true,\"valueName\":\"search_term_string\"}}],\"inLanguage\":\"es\"},{\"@type\":[\"Person\",\"Organization\"],\"@id\":\"https:\/\/luchonoticias.com\/editor\/#\/schema\/person\/7a7fd911f58561fd056dbac7b55af9cd\",\"name\":\"admin\",\"image\":{\"@type\":\"ImageObject\",\"inLanguage\":\"es\",\"@id\":\"https:\/\/luchonoticias.com\/editor\/#\/schema\/person\/image\/\",\"url\":\"https:\/\/luchonoticias.com\/editor\/wp-content\/uploads\/2024\/02\/cropped-cropped-logolu.webp\",\"contentUrl\":\"https:\/\/luchonoticias.com\/editor\/wp-content\/uploads\/2024\/02\/cropped-cropped-logolu.webp\",\"width\":382,\"height\":170,\"caption\":\"admin\"},\"logo\":{\"@id\":\"https:\/\/luchonoticias.com\/editor\/#\/schema\/person\/image\/\"},\"sameAs\":[\"https:\/\/www.facebook.com\/luchonoticiasneiva\"]},{\"@type\":\"Person\",\"@id\":\"https:\/\/luchonoticias.com\/editor\/#\/schema\/person\/29217990ddf6f14e35912b2866d591fb\",\"name\":\"Editor General\",\"image\":{\"@type\":\"ImageObject\",\"inLanguage\":\"es\",\"@id\":\"https:\/\/luchonoticias.com\/editor\/#\/schema\/person\/image\/\",\"url\":\"https:\/\/luchonoticias.com\/editor\/wp-content\/uploads\/2024\/02\/cropped-cropped-logolu-150x150.webp\",\"contentUrl\":\"https:\/\/luchonoticias.com\/editor\/wp-content\/uploads\/2024\/02\/cropped-cropped-logolu-150x150.webp\",\"caption\":\"Editor General\"},\"sameAs\":[\"https:\/\/luchonoticias.com\/\"],\"url\":\"https:\/\/luchonoticias.com\/editor\/author\/editor-general\/\"}]}<\/script>\n<!-- \/ Yoast SEO plugin. -->","yoast_head_json":{"title":"Dos hombres fueron enviados a la c\u00e1rcel por su presunta participaci\u00f3n en el secuestro de un joven -","robots":{"index":"index","follow":"follow","max-snippet":"max-snippet:-1","max-image-preview":"max-image-preview:large","max-video-preview":"max-video-preview:-1"},"canonical":"https:\/\/luchonoticias.com\/editor\/dos-hombres-fueron-enviados-a-la-carcel-por-su-presunta-participacion-en-el-secuestro-de-un-joven\/","og_locale":"es_ES","og_type":"article","og_title":"Dos hombres fueron enviados a la c\u00e1rcel por su presunta participaci\u00f3n en el secuestro de un joven -","og_url":"https:\/\/luchonoticias.com\/editor\/dos-hombres-fueron-enviados-a-la-carcel-por-su-presunta-participacion-en-el-secuestro-de-un-joven\/","article_publisher":"https:\/\/www.facebook.com\/luchonoticiasneiva","article_published_time":"2024-02-12T21:38:06+00:00","article_modified_time":"2024-02-12T21:38:08+00:00","author":"Editor General","twitter_card":"summary_large_image","twitter_misc":{"Escrito por":"Editor General","Tiempo de lectura":"2 minutos"},"schema":{"@context":"https:\/\/schema.org","@graph":[{"@type":"Article","@id":"https:\/\/luchonoticias.com\/editor\/dos-hombres-fueron-enviados-a-la-carcel-por-su-presunta-participacion-en-el-secuestro-de-un-joven\/#article","isPartOf":{"@id":"https:\/\/luchonoticias.com\/editor\/dos-hombres-fueron-enviados-a-la-carcel-por-su-presunta-participacion-en-el-secuestro-de-un-joven\/"},"author":{"name":"Editor General","@id":"https:\/\/luchonoticias.com\/editor\/#\/schema\/person\/29217990ddf6f14e35912b2866d591fb"},"headline":"Dos hombres fueron enviados a la c\u00e1rcel por su presunta participaci\u00f3n en el secuestro de un joven","datePublished":"2024-02-12T21:38:06+00:00","dateModified":"2024-02-12T21:38:08+00:00","mainEntityOfPage":{"@id":"https:\/\/luchonoticias.com\/editor\/dos-hombres-fueron-enviados-a-la-carcel-por-su-presunta-participacion-en-el-secuestro-de-un-joven\/"},"wordCount":457,"commentCount":0,"publisher":{"@id":"https:\/\/luchonoticias.com\/editor\/#\/schema\/person\/7a7fd911f58561fd056dbac7b55af9cd"},"articleSection":["Destacado","Judicial"],"inLanguage":"es","potentialAction":[{"@type":"CommentAction","name":"Comment","target":["https:\/\/luchonoticias.com\/editor\/dos-hombres-fueron-enviados-a-la-carcel-por-su-presunta-participacion-en-el-secuestro-de-un-joven\/#respond"]}]},{"@type":"WebPage","@id":"https:\/\/luchonoticias.com\/editor\/dos-hombres-fueron-enviados-a-la-carcel-por-su-presunta-participacion-en-el-secuestro-de-un-joven\/","url":"https:\/\/luchonoticias.com\/editor\/dos-hombres-fueron-enviados-a-la-carcel-por-su-presunta-participacion-en-el-secuestro-de-un-joven\/","name":"Dos hombres fueron enviados a la c\u00e1rcel por su presunta participaci\u00f3n en el secuestro de un joven -","isPartOf":{"@id":"https:\/\/luchonoticias.com\/editor\/#website"},"datePublished":"2024-02-12T21:38:06+00:00","dateModified":"2024-02-12T21:38:08+00:00","breadcrumb":{"@id":"https:\/\/luchonoticias.com\/editor\/dos-hombres-fueron-enviados-a-la-carcel-por-su-presunta-participacion-en-el-secuestro-de-un-joven\/#breadcrumb"},"inLanguage":"es","potentialAction":[{"@type":"ReadAction","target":["https:\/\/luchonoticias.com\/editor\/dos-hombres-fueron-enviados-a-la-carcel-por-su-presunta-participacion-en-el-secuestro-de-un-joven\/"]}]},{"@type":"BreadcrumbList","@id":"https:\/\/luchonoticias.com\/editor\/dos-hombres-fueron-enviados-a-la-carcel-por-su-presunta-participacion-en-el-secuestro-de-un-joven\/#breadcrumb","itemListElement":[{"@type":"ListItem","position":1,"name":"Portada","item":"https:\/\/luchonoticias.com\/editor\/"},{"@type":"ListItem","position":2,"name":"Dos hombres fueron enviados a la c\u00e1rcel por su presunta participaci\u00f3n en el secuestro de un joven"}]},{"@type":"WebSite","@id":"https:\/\/luchonoticias.com\/editor\/#website","url":"https:\/\/luchonoticias.com\/editor\/","name":"","description":"","publisher":{"@id":"https:\/\/luchonoticias.com\/editor\/#\/schema\/person\/7a7fd911f58561fd056dbac7b55af9cd"},"potentialAction":[{"@type":"SearchAction","target":{"@type":"EntryPoint","urlTemplate":"https:\/\/luchonoticias.com\/editor\/?s={search_term_string}"},"query-input":{"@type":"PropertyValueSpecification","valueRequired":true,"valueName":"search_term_string"}}],"inLanguage":"es"},{"@type":["Person","Organization"],"@id":"https:\/\/luchonoticias.com\/editor\/#\/schema\/person\/7a7fd911f58561fd056dbac7b55af9cd","name":"admin","image":{"@type":"ImageObject","inLanguage":"es","@id":"https:\/\/luchonoticias.com\/editor\/#\/schema\/person\/image\/","url":"https:\/\/luchonoticias.com\/editor\/wp-content\/uploads\/2024\/02\/cropped-cropped-logolu.webp","contentUrl":"https:\/\/luchonoticias.com\/editor\/wp-content\/uploads\/2024\/02\/cropped-cropped-logolu.webp","width":382,"height":170,"caption":"admin"},"logo":{"@id":"https:\/\/luchonoticias.com\/editor\/#\/schema\/person\/image\/"},"sameAs":["https:\/\/www.facebook.com\/luchonoticiasneiva"]},{"@type":"Person","@id":"https:\/\/luchonoticias.com\/editor\/#\/schema\/person\/29217990ddf6f14e35912b2866d591fb","name":"Editor General","image":{"@type":"ImageObject","inLanguage":"es","@id":"https:\/\/luchonoticias.com\/editor\/#\/schema\/person\/image\/","url":"https:\/\/luchonoticias.com\/editor\/wp-content\/uploads\/2024\/02\/cropped-cropped-logolu-150x150.webp","contentUrl":"https:\/\/luchonoticias.com\/editor\/wp-content\/uploads\/2024\/02\/cropped-cropped-logolu-150x150.webp","caption":"Editor General"},"sameAs":["https:\/\/luchonoticias.com\/"],"url":"https:\/\/luchonoticias.com\/editor\/author\/editor-general\/"}]}},"_links":{"self":[{"href":"https:\/\/luchonoticias.com\/editor\/wp-json\/wp\/v2\/posts\/68603","targetHints":{"allow":["GET"]}}],"collection":[{"href":"https:\/\/luchonoticias.com\/editor\/wp-json\/wp\/v2\/posts"}],"about":[{"href":"https:\/\/luchonoticias.com\/editor\/wp-json\/wp\/v2\/types\/post"}],"author":[{"embeddable":true,"href":"https:\/\/luchonoticias.com\/editor\/wp-json\/wp\/v2\/users\/2"}],"replies":[{"embeddable":true,"href":"https:\/\/luchonoticias.com\/editor\/wp-json\/wp\/v2\/comments?post=68603"}],"version-history":[{"count":0,"href":"https:\/\/luchonoticias.com\/editor\/wp-json\/wp\/v2\/posts\/68603\/revisions"}],"wp:attachment":[{"href":"https:\/\/luchonoticias.com\/editor\/wp-json\/wp\/v2\/media?parent=68603"}],"wp:term":[{"taxonomy":"category","embeddable":true,"href":"https:\/\/luchonoticias.com\/editor\/wp-json\/wp\/v2\/categories?post=68603"},{"taxonomy":"post_tag","embeddable":true,"href":"https:\/\/luchonoticias.com\/editor\/wp-json\/wp\/v2\/tags?post=68603"}],"curies":[{"name":"wp","href":"https:\/\/api.w.org\/{rel}","templated":true}]}}