{"id":68612,"date":"2024-02-13T06:54:15","date_gmt":"2024-02-13T11:54:15","guid":{"rendered":"https:\/\/luchonoticias.com\/?p=68612"},"modified":"2024-02-13T06:54:18","modified_gmt":"2024-02-13T11:54:18","slug":"jovenes-del-sur-del-huila-aportan-a-la-construccion-del-plan-de-desarrollo-departamental","status":"publish","type":"post","link":"https:\/\/luchonoticias.com\/editor\/jovenes-del-sur-del-huila-aportan-a-la-construccion-del-plan-de-desarrollo-departamental\/","title":{"rendered":"J\u00f3venes del sur del Huila aportan a la construcci\u00f3n del Plan de Desarrollo Departamental"},"content":{"rendered":"\n<p>Este es el caso de Cristian C\u00f3rdoba, un joven l\u00edder, presidente de la Junta de Acci\u00f3n Comunal del barrio Libertador de la comuna 4 en el municipio de Pitalito, que hoy acudi\u00f3 temprano a la mesa de construcci\u00f3n del Plan Departamental de Desarrollo.<\/p>\n\n\n\n<p>Cristian, desde muy joven ha destacado por su liderazgo, desde su etapa estudiantil y hoy en d\u00eda como presidente de junta, hoy lleg\u00f3 a la mesa de trabajo donde se construye el Plan de Desarrollo Departamental como representante de su comunidad, la cual requiere de espacial atenci\u00f3n ya que son personas de escasos recursos y solicitan atenci\u00f3n en materia de infraestructura especialmente.<\/p>\n\n\n\n<p>El compromiso de Cristian con su comunidad es s\u00f3lido y decidi\u00f3, ha dedicado gran parte de su vida a servir a los dem\u00e1s, y su participaci\u00f3n en la construcci\u00f3n del Plan de Desarrollo Departamental del Huila es un testimonio vivo de su compromiso con el progreso y el bienestar de su regi\u00f3n.<\/p>\n\n\n\n<p>\u201cTengo 26 a\u00f1os, desde muy joven cuando estudiaba, siempre he tenido el don de liderazgo, de hecho, fui vocero de mi sal\u00f3n de clase, entr\u00e9 despues al Sena, fui vocero de la misma instituci\u00f3n, de donde soy tecn\u00f3logo en gesti\u00f3n empresarial, ahora ejerzo el deber de l\u00edder como presidente, es un trabajo siempre duro, porque trabajar por la comunidad en muchos temas es desagradecido, pero uno lo hace con el don de servir a la comunidad, resalt\u00f3 Cristian C\u00f3rdoba.<\/p>\n\n\n\n<p>\u00abEs algo muy importante para nosotros como l\u00edderes\u00bb, comenta Cristian. \u00abEstos espacios nos ayudan a fortalecer nuestros esfuerzos locales y a alinearlos con las visiones m\u00e1s amplias de desarrollo regional\u00bb.<\/p>\n\n\n\n<figure class=\"wp-block-gallery has-nested-images columns-default is-cropped wp-block-gallery-1 is-layout-flex wp-block-gallery-is-layout-flex\">\n<figure class=\"wp-block-image size-large\"><img decoding=\"async\" data-id=\"68614\" src=\"https:\/\/luchonoticias.com\/wp-content\/uploads\/2024\/02\/WhatsApp-Image-2024-02-12-at-6.52.26-PM-1024x683.jpeg\" alt=\"\" class=\"wp-image-68614\"\/><\/figure>\n\n\n\n<figure class=\"wp-block-image size-large\"><img decoding=\"async\" data-id=\"68616\" src=\"https:\/\/luchonoticias.com\/wp-content\/uploads\/2024\/02\/WhatsApp-Image-2024-02-12-at-6.52.25-PM-1024x682.jpeg\" alt=\"\" class=\"wp-image-68616\"\/><\/figure>\n\n\n\n<figure class=\"wp-block-image size-large\"><img decoding=\"async\" data-id=\"68615\" src=\"https:\/\/luchonoticias.com\/wp-content\/uploads\/2024\/02\/WhatsApp-Image-2024-02-12-at-6.52.24-PM-1024x682.jpeg\" alt=\"\" class=\"wp-image-68615\"\/><\/figure>\n<\/figure>\n\n\n\n<p>Por su parte el alcalde de Pitalito, Yider Luna Joven resalt\u00f3 la vinculaci\u00f3n por parte de la gobernaci\u00f3n del Huila a los j\u00f3venes del sur del Huila, \u201cAgradecer al se\u00f1or gobernador Rodrigo Villalba por tomar a Pitalito como referente para que desde aqu\u00ed se haya podido construir esa mesa de trabajo en la formulaci\u00f3n del Plan de Desarrollo Departamental\u201d.<\/p>\n\n\n\n<p>Actores clave de la sociedad Laboyana se congregaron para aportar sus ideas, visiones y propuestas con el objetivo com\u00fan de trabajar en la edificaci\u00f3n de un Huila Grande, pr\u00f3spero y equitativo para todos. Entre los participantes se destacaron j\u00f3venes comprometidos, mujeres empoderadas, l\u00edderes de Juntas de Acci\u00f3n Comunal y representantes de diversas organizaciones, quienes contribuyeron con sus iniciativas, programas y proyectos.<\/p>\n\n\n\n<p>\u00abCon una asistencia masiva, contentos porque hubo una participaci\u00f3n de los diferentes actores\u00bb, expres\u00f3 Camilo Lozano Director del Departamento Administrativo de Planeaci\u00f3n de la gobernaci\u00f3n del Huila, \u00ab, j\u00f3venes, mujeres, l\u00edderes de juntas de acci\u00f3n comunal y l\u00edderes de diferentes organizaciones ayudando con sus iniciativas, programas y proyectos\u201d.<\/p>\n\n\n\n<p>La agenda de la construcci\u00f3n del Plan Departamental de Desarrollo avanza hoy en Pitalito con la participaci\u00f3n de los municipios de San Agust\u00edn, Isnos, Acevedo y Palestina. Para ma\u00f1ana martes el turno es para Garz\u00f3n donde estar\u00e1n vinculados los municipios de Suaza, Guadalupe, Altamira, Tarqui, Gigante, Agrado y Pital.<\/p>\n\n\n\n<p>De igual manera, ma\u00f1ana martes 13 de febrero, se adelantar\u00e1 la mesa de trabajo en Palermo con la vinculaci\u00f3n de los municipios de Teruel, Yaguar\u00e1, \u00cdquira y Santa Mar\u00eda.<\/p>\n","protected":false},"excerpt":{"rendered":"<p>Este es el caso de Cristian C\u00f3rdoba, un joven l\u00edder, presidente de la Junta de Acci\u00f3n Comunal del barrio Libertador de la comuna 4 en el municipio de Pitalito, que hoy acudi\u00f3 temprano a la mesa de construcci\u00f3n del Plan Departamental de Desarrollo. Cristian, desde muy joven ha destacado por su liderazgo, desde su etapa [&hellip;]<\/p>\n","protected":false},"author":2,"featured_media":0,"comment_status":"open","ping_status":"open","sticky":false,"template":"","format":"standard","meta":{"footnotes":""},"categories":[36,33],"tags":[],"class_list":["post-68612","post","type-post","status-publish","format-standard","hentry","category-destacado","category-huila"],"yoast_head":"<!-- This site is optimized with the Yoast SEO plugin v26.6 - https:\/\/yoast.com\/wordpress\/plugins\/seo\/ -->\n<title>J\u00f3venes del sur del Huila aportan a la construcci\u00f3n del Plan de Desarrollo Departamental -<\/title>\n<meta name=\"robots\" content=\"index, follow, max-snippet:-1, max-image-preview:large, max-video-preview:-1\" \/>\n<link rel=\"canonical\" href=\"https:\/\/luchonoticias.com\/editor\/jovenes-del-sur-del-huila-aportan-a-la-construccion-del-plan-de-desarrollo-departamental\/\" \/>\n<meta property=\"og:locale\" content=\"es_ES\" \/>\n<meta property=\"og:type\" content=\"article\" \/>\n<meta property=\"og:title\" content=\"J\u00f3venes del sur del Huila aportan a la construcci\u00f3n del Plan de Desarrollo Departamental -\" \/>\n<meta property=\"og:url\" content=\"https:\/\/luchonoticias.com\/editor\/jovenes-del-sur-del-huila-aportan-a-la-construccion-del-plan-de-desarrollo-departamental\/\" \/>\n<meta property=\"article:publisher\" content=\"https:\/\/www.facebook.com\/luchonoticiasneiva\" \/>\n<meta property=\"article:published_time\" content=\"2024-02-13T11:54:15+00:00\" \/>\n<meta property=\"article:modified_time\" content=\"2024-02-13T11:54:18+00:00\" \/>\n<meta property=\"og:image\" content=\"https:\/\/luchonoticias.com\/wp-content\/uploads\/2024\/02\/WhatsApp-Image-2024-02-12-at-6.52.26-PM-1024x683.jpeg\" \/>\n<meta name=\"author\" content=\"Editor General\" \/>\n<meta name=\"twitter:card\" content=\"summary_large_image\" \/>\n<meta name=\"twitter:label1\" content=\"Escrito por\" \/>\n\t<meta name=\"twitter:data1\" content=\"Editor General\" \/>\n\t<meta name=\"twitter:label2\" content=\"Tiempo de lectura\" \/>\n\t<meta name=\"twitter:data2\" content=\"3 minutos\" \/>\n<script type=\"application\/ld+json\" class=\"yoast-schema-graph\">{\"@context\":\"https:\/\/schema.org\",\"@graph\":[{\"@type\":\"Article\",\"@id\":\"https:\/\/luchonoticias.com\/editor\/jovenes-del-sur-del-huila-aportan-a-la-construccion-del-plan-de-desarrollo-departamental\/#article\",\"isPartOf\":{\"@id\":\"https:\/\/luchonoticias.com\/editor\/jovenes-del-sur-del-huila-aportan-a-la-construccion-del-plan-de-desarrollo-departamental\/\"},\"author\":{\"name\":\"Editor General\",\"@id\":\"https:\/\/luchonoticias.com\/editor\/#\/schema\/person\/29217990ddf6f14e35912b2866d591fb\"},\"headline\":\"J\u00f3venes del sur del Huila aportan a la construcci\u00f3n del Plan de Desarrollo Departamental\",\"datePublished\":\"2024-02-13T11:54:15+00:00\",\"dateModified\":\"2024-02-13T11:54:18+00:00\",\"mainEntityOfPage\":{\"@id\":\"https:\/\/luchonoticias.com\/editor\/jovenes-del-sur-del-huila-aportan-a-la-construccion-del-plan-de-desarrollo-departamental\/\"},\"wordCount\":572,\"commentCount\":0,\"publisher\":{\"@id\":\"https:\/\/luchonoticias.com\/editor\/#\/schema\/person\/7a7fd911f58561fd056dbac7b55af9cd\"},\"image\":{\"@id\":\"https:\/\/luchonoticias.com\/editor\/jovenes-del-sur-del-huila-aportan-a-la-construccion-del-plan-de-desarrollo-departamental\/#primaryimage\"},\"thumbnailUrl\":\"https:\/\/luchonoticias.com\/wp-content\/uploads\/2024\/02\/WhatsApp-Image-2024-02-12-at-6.52.26-PM-1024x683.jpeg\",\"articleSection\":[\"Destacado\",\"Huila\"],\"inLanguage\":\"es\",\"potentialAction\":[{\"@type\":\"CommentAction\",\"name\":\"Comment\",\"target\":[\"https:\/\/luchonoticias.com\/editor\/jovenes-del-sur-del-huila-aportan-a-la-construccion-del-plan-de-desarrollo-departamental\/#respond\"]}]},{\"@type\":\"WebPage\",\"@id\":\"https:\/\/luchonoticias.com\/editor\/jovenes-del-sur-del-huila-aportan-a-la-construccion-del-plan-de-desarrollo-departamental\/\",\"url\":\"https:\/\/luchonoticias.com\/editor\/jovenes-del-sur-del-huila-aportan-a-la-construccion-del-plan-de-desarrollo-departamental\/\",\"name\":\"J\u00f3venes del sur del Huila aportan a la construcci\u00f3n del Plan de Desarrollo Departamental -\",\"isPartOf\":{\"@id\":\"https:\/\/luchonoticias.com\/editor\/#website\"},\"primaryImageOfPage\":{\"@id\":\"https:\/\/luchonoticias.com\/editor\/jovenes-del-sur-del-huila-aportan-a-la-construccion-del-plan-de-desarrollo-departamental\/#primaryimage\"},\"image\":{\"@id\":\"https:\/\/luchonoticias.com\/editor\/jovenes-del-sur-del-huila-aportan-a-la-construccion-del-plan-de-desarrollo-departamental\/#primaryimage\"},\"thumbnailUrl\":\"https:\/\/luchonoticias.com\/wp-content\/uploads\/2024\/02\/WhatsApp-Image-2024-02-12-at-6.52.26-PM-1024x683.jpeg\",\"datePublished\":\"2024-02-13T11:54:15+00:00\",\"dateModified\":\"2024-02-13T11:54:18+00:00\",\"breadcrumb\":{\"@id\":\"https:\/\/luchonoticias.com\/editor\/jovenes-del-sur-del-huila-aportan-a-la-construccion-del-plan-de-desarrollo-departamental\/#breadcrumb\"},\"inLanguage\":\"es\",\"potentialAction\":[{\"@type\":\"ReadAction\",\"target\":[\"https:\/\/luchonoticias.com\/editor\/jovenes-del-sur-del-huila-aportan-a-la-construccion-del-plan-de-desarrollo-departamental\/\"]}]},{\"@type\":\"ImageObject\",\"inLanguage\":\"es\",\"@id\":\"https:\/\/luchonoticias.com\/editor\/jovenes-del-sur-del-huila-aportan-a-la-construccion-del-plan-de-desarrollo-departamental\/#primaryimage\",\"url\":\"https:\/\/luchonoticias.com\/wp-content\/uploads\/2024\/02\/WhatsApp-Image-2024-02-12-at-6.52.26-PM-1024x683.jpeg\",\"contentUrl\":\"https:\/\/luchonoticias.com\/wp-content\/uploads\/2024\/02\/WhatsApp-Image-2024-02-12-at-6.52.26-PM-1024x683.jpeg\"},{\"@type\":\"BreadcrumbList\",\"@id\":\"https:\/\/luchonoticias.com\/editor\/jovenes-del-sur-del-huila-aportan-a-la-construccion-del-plan-de-desarrollo-departamental\/#breadcrumb\",\"itemListElement\":[{\"@type\":\"ListItem\",\"position\":1,\"name\":\"Portada\",\"item\":\"https:\/\/luchonoticias.com\/editor\/\"},{\"@type\":\"ListItem\",\"position\":2,\"name\":\"J\u00f3venes del sur del Huila aportan a la construcci\u00f3n del Plan de Desarrollo Departamental\"}]},{\"@type\":\"WebSite\",\"@id\":\"https:\/\/luchonoticias.com\/editor\/#website\",\"url\":\"https:\/\/luchonoticias.com\/editor\/\",\"name\":\"\",\"description\":\"\",\"publisher\":{\"@id\":\"https:\/\/luchonoticias.com\/editor\/#\/schema\/person\/7a7fd911f58561fd056dbac7b55af9cd\"},\"potentialAction\":[{\"@type\":\"SearchAction\",\"target\":{\"@type\":\"EntryPoint\",\"urlTemplate\":\"https:\/\/luchonoticias.com\/editor\/?s={search_term_string}\"},\"query-input\":{\"@type\":\"PropertyValueSpecification\",\"valueRequired\":true,\"valueName\":\"search_term_string\"}}],\"inLanguage\":\"es\"},{\"@type\":[\"Person\",\"Organization\"],\"@id\":\"https:\/\/luchonoticias.com\/editor\/#\/schema\/person\/7a7fd911f58561fd056dbac7b55af9cd\",\"name\":\"admin\",\"image\":{\"@type\":\"ImageObject\",\"inLanguage\":\"es\",\"@id\":\"https:\/\/luchonoticias.com\/editor\/#\/schema\/person\/image\/\",\"url\":\"https:\/\/luchonoticias.com\/editor\/wp-content\/uploads\/2024\/02\/cropped-cropped-logolu.webp\",\"contentUrl\":\"https:\/\/luchonoticias.com\/editor\/wp-content\/uploads\/2024\/02\/cropped-cropped-logolu.webp\",\"width\":382,\"height\":170,\"caption\":\"admin\"},\"logo\":{\"@id\":\"https:\/\/luchonoticias.com\/editor\/#\/schema\/person\/image\/\"},\"sameAs\":[\"https:\/\/www.facebook.com\/luchonoticiasneiva\"]},{\"@type\":\"Person\",\"@id\":\"https:\/\/luchonoticias.com\/editor\/#\/schema\/person\/29217990ddf6f14e35912b2866d591fb\",\"name\":\"Editor General\",\"image\":{\"@type\":\"ImageObject\",\"inLanguage\":\"es\",\"@id\":\"https:\/\/luchonoticias.com\/editor\/#\/schema\/person\/image\/\",\"url\":\"https:\/\/luchonoticias.com\/editor\/wp-content\/uploads\/2024\/02\/cropped-cropped-logolu-150x150.webp\",\"contentUrl\":\"https:\/\/luchonoticias.com\/editor\/wp-content\/uploads\/2024\/02\/cropped-cropped-logolu-150x150.webp\",\"caption\":\"Editor General\"},\"sameAs\":[\"https:\/\/luchonoticias.com\/\"],\"url\":\"https:\/\/luchonoticias.com\/editor\/author\/editor-general\/\"}]}<\/script>\n<!-- \/ Yoast SEO plugin. -->","yoast_head_json":{"title":"J\u00f3venes del sur del Huila aportan a la construcci\u00f3n del Plan de Desarrollo Departamental -","robots":{"index":"index","follow":"follow","max-snippet":"max-snippet:-1","max-image-preview":"max-image-preview:large","max-video-preview":"max-video-preview:-1"},"canonical":"https:\/\/luchonoticias.com\/editor\/jovenes-del-sur-del-huila-aportan-a-la-construccion-del-plan-de-desarrollo-departamental\/","og_locale":"es_ES","og_type":"article","og_title":"J\u00f3venes del sur del Huila aportan a la construcci\u00f3n del Plan de Desarrollo Departamental -","og_url":"https:\/\/luchonoticias.com\/editor\/jovenes-del-sur-del-huila-aportan-a-la-construccion-del-plan-de-desarrollo-departamental\/","article_publisher":"https:\/\/www.facebook.com\/luchonoticiasneiva","article_published_time":"2024-02-13T11:54:15+00:00","article_modified_time":"2024-02-13T11:54:18+00:00","og_image":[{"url":"https:\/\/luchonoticias.com\/wp-content\/uploads\/2024\/02\/WhatsApp-Image-2024-02-12-at-6.52.26-PM-1024x683.jpeg","type":"","width":"","height":""}],"author":"Editor General","twitter_card":"summary_large_image","twitter_misc":{"Escrito por":"Editor General","Tiempo de lectura":"3 minutos"},"schema":{"@context":"https:\/\/schema.org","@graph":[{"@type":"Article","@id":"https:\/\/luchonoticias.com\/editor\/jovenes-del-sur-del-huila-aportan-a-la-construccion-del-plan-de-desarrollo-departamental\/#article","isPartOf":{"@id":"https:\/\/luchonoticias.com\/editor\/jovenes-del-sur-del-huila-aportan-a-la-construccion-del-plan-de-desarrollo-departamental\/"},"author":{"name":"Editor General","@id":"https:\/\/luchonoticias.com\/editor\/#\/schema\/person\/29217990ddf6f14e35912b2866d591fb"},"headline":"J\u00f3venes del sur del Huila aportan a la construcci\u00f3n del Plan de Desarrollo Departamental","datePublished":"2024-02-13T11:54:15+00:00","dateModified":"2024-02-13T11:54:18+00:00","mainEntityOfPage":{"@id":"https:\/\/luchonoticias.com\/editor\/jovenes-del-sur-del-huila-aportan-a-la-construccion-del-plan-de-desarrollo-departamental\/"},"wordCount":572,"commentCount":0,"publisher":{"@id":"https:\/\/luchonoticias.com\/editor\/#\/schema\/person\/7a7fd911f58561fd056dbac7b55af9cd"},"image":{"@id":"https:\/\/luchonoticias.com\/editor\/jovenes-del-sur-del-huila-aportan-a-la-construccion-del-plan-de-desarrollo-departamental\/#primaryimage"},"thumbnailUrl":"https:\/\/luchonoticias.com\/wp-content\/uploads\/2024\/02\/WhatsApp-Image-2024-02-12-at-6.52.26-PM-1024x683.jpeg","articleSection":["Destacado","Huila"],"inLanguage":"es","potentialAction":[{"@type":"CommentAction","name":"Comment","target":["https:\/\/luchonoticias.com\/editor\/jovenes-del-sur-del-huila-aportan-a-la-construccion-del-plan-de-desarrollo-departamental\/#respond"]}]},{"@type":"WebPage","@id":"https:\/\/luchonoticias.com\/editor\/jovenes-del-sur-del-huila-aportan-a-la-construccion-del-plan-de-desarrollo-departamental\/","url":"https:\/\/luchonoticias.com\/editor\/jovenes-del-sur-del-huila-aportan-a-la-construccion-del-plan-de-desarrollo-departamental\/","name":"J\u00f3venes del sur del Huila aportan a la construcci\u00f3n del Plan de Desarrollo Departamental -","isPartOf":{"@id":"https:\/\/luchonoticias.com\/editor\/#website"},"primaryImageOfPage":{"@id":"https:\/\/luchonoticias.com\/editor\/jovenes-del-sur-del-huila-aportan-a-la-construccion-del-plan-de-desarrollo-departamental\/#primaryimage"},"image":{"@id":"https:\/\/luchonoticias.com\/editor\/jovenes-del-sur-del-huila-aportan-a-la-construccion-del-plan-de-desarrollo-departamental\/#primaryimage"},"thumbnailUrl":"https:\/\/luchonoticias.com\/wp-content\/uploads\/2024\/02\/WhatsApp-Image-2024-02-12-at-6.52.26-PM-1024x683.jpeg","datePublished":"2024-02-13T11:54:15+00:00","dateModified":"2024-02-13T11:54:18+00:00","breadcrumb":{"@id":"https:\/\/luchonoticias.com\/editor\/jovenes-del-sur-del-huila-aportan-a-la-construccion-del-plan-de-desarrollo-departamental\/#breadcrumb"},"inLanguage":"es","potentialAction":[{"@type":"ReadAction","target":["https:\/\/luchonoticias.com\/editor\/jovenes-del-sur-del-huila-aportan-a-la-construccion-del-plan-de-desarrollo-departamental\/"]}]},{"@type":"ImageObject","inLanguage":"es","@id":"https:\/\/luchonoticias.com\/editor\/jovenes-del-sur-del-huila-aportan-a-la-construccion-del-plan-de-desarrollo-departamental\/#primaryimage","url":"https:\/\/luchonoticias.com\/wp-content\/uploads\/2024\/02\/WhatsApp-Image-2024-02-12-at-6.52.26-PM-1024x683.jpeg","contentUrl":"https:\/\/luchonoticias.com\/wp-content\/uploads\/2024\/02\/WhatsApp-Image-2024-02-12-at-6.52.26-PM-1024x683.jpeg"},{"@type":"BreadcrumbList","@id":"https:\/\/luchonoticias.com\/editor\/jovenes-del-sur-del-huila-aportan-a-la-construccion-del-plan-de-desarrollo-departamental\/#breadcrumb","itemListElement":[{"@type":"ListItem","position":1,"name":"Portada","item":"https:\/\/luchonoticias.com\/editor\/"},{"@type":"ListItem","position":2,"name":"J\u00f3venes del sur del Huila aportan a la construcci\u00f3n del Plan de Desarrollo Departamental"}]},{"@type":"WebSite","@id":"https:\/\/luchonoticias.com\/editor\/#website","url":"https:\/\/luchonoticias.com\/editor\/","name":"","description":"","publisher":{"@id":"https:\/\/luchonoticias.com\/editor\/#\/schema\/person\/7a7fd911f58561fd056dbac7b55af9cd"},"potentialAction":[{"@type":"SearchAction","target":{"@type":"EntryPoint","urlTemplate":"https:\/\/luchonoticias.com\/editor\/?s={search_term_string}"},"query-input":{"@type":"PropertyValueSpecification","valueRequired":true,"valueName":"search_term_string"}}],"inLanguage":"es"},{"@type":["Person","Organization"],"@id":"https:\/\/luchonoticias.com\/editor\/#\/schema\/person\/7a7fd911f58561fd056dbac7b55af9cd","name":"admin","image":{"@type":"ImageObject","inLanguage":"es","@id":"https:\/\/luchonoticias.com\/editor\/#\/schema\/person\/image\/","url":"https:\/\/luchonoticias.com\/editor\/wp-content\/uploads\/2024\/02\/cropped-cropped-logolu.webp","contentUrl":"https:\/\/luchonoticias.com\/editor\/wp-content\/uploads\/2024\/02\/cropped-cropped-logolu.webp","width":382,"height":170,"caption":"admin"},"logo":{"@id":"https:\/\/luchonoticias.com\/editor\/#\/schema\/person\/image\/"},"sameAs":["https:\/\/www.facebook.com\/luchonoticiasneiva"]},{"@type":"Person","@id":"https:\/\/luchonoticias.com\/editor\/#\/schema\/person\/29217990ddf6f14e35912b2866d591fb","name":"Editor General","image":{"@type":"ImageObject","inLanguage":"es","@id":"https:\/\/luchonoticias.com\/editor\/#\/schema\/person\/image\/","url":"https:\/\/luchonoticias.com\/editor\/wp-content\/uploads\/2024\/02\/cropped-cropped-logolu-150x150.webp","contentUrl":"https:\/\/luchonoticias.com\/editor\/wp-content\/uploads\/2024\/02\/cropped-cropped-logolu-150x150.webp","caption":"Editor General"},"sameAs":["https:\/\/luchonoticias.com\/"],"url":"https:\/\/luchonoticias.com\/editor\/author\/editor-general\/"}]}},"_links":{"self":[{"href":"https:\/\/luchonoticias.com\/editor\/wp-json\/wp\/v2\/posts\/68612","targetHints":{"allow":["GET"]}}],"collection":[{"href":"https:\/\/luchonoticias.com\/editor\/wp-json\/wp\/v2\/posts"}],"about":[{"href":"https:\/\/luchonoticias.com\/editor\/wp-json\/wp\/v2\/types\/post"}],"author":[{"embeddable":true,"href":"https:\/\/luchonoticias.com\/editor\/wp-json\/wp\/v2\/users\/2"}],"replies":[{"embeddable":true,"href":"https:\/\/luchonoticias.com\/editor\/wp-json\/wp\/v2\/comments?post=68612"}],"version-history":[{"count":0,"href":"https:\/\/luchonoticias.com\/editor\/wp-json\/wp\/v2\/posts\/68612\/revisions"}],"wp:attachment":[{"href":"https:\/\/luchonoticias.com\/editor\/wp-json\/wp\/v2\/media?parent=68612"}],"wp:term":[{"taxonomy":"category","embeddable":true,"href":"https:\/\/luchonoticias.com\/editor\/wp-json\/wp\/v2\/categories?post=68612"},{"taxonomy":"post_tag","embeddable":true,"href":"https:\/\/luchonoticias.com\/editor\/wp-json\/wp\/v2\/tags?post=68612"}],"curies":[{"name":"wp","href":"https:\/\/api.w.org\/{rel}","templated":true}]}}