{"id":68624,"date":"2024-02-13T06:59:36","date_gmt":"2024-02-13T11:59:36","guid":{"rendered":"https:\/\/luchonoticias.com\/?p=68624"},"modified":"2024-02-13T06:59:38","modified_gmt":"2024-02-13T11:59:38","slug":"concejales-piden-mayor-celeridad-al-gobierno-del-ingeniero-german-casagua-en-temas-juridico-legales","status":"publish","type":"post","link":"https:\/\/luchonoticias.com\/editor\/concejales-piden-mayor-celeridad-al-gobierno-del-ingeniero-german-casagua-en-temas-juridico-legales\/","title":{"rendered":"Concejales piden mayor celeridad al gobierno del ingeniero Germ\u00e1n Casagua en temas jur\u00eddico legales"},"content":{"rendered":"\n<p>Diferentes temas que preocupan a la ciudadan\u00eda en general, fueron expuestos por los concejales de Neiva, especialmente por los concejales citantes Johan Steed Ort\u00edz y H\u00e9ctor Javier Osorio Botello durante la sesi\u00f3n realizada el d\u00eda de hoy, la cual permiti\u00f3 realizar un debate de control pol\u00edtico a la oficina asesora jur\u00eddica del municipio a cargo de Diego Andr\u00e9s Torregroza.<\/p>\n\n\n\n<figure class=\"wp-block-gallery has-nested-images columns-default is-cropped wp-block-gallery-1 is-layout-flex wp-block-gallery-is-layout-flex\">\n<figure class=\"wp-block-image size-large\"><img decoding=\"async\" data-id=\"68626\" src=\"https:\/\/luchonoticias.com\/wp-content\/uploads\/2024\/02\/WhatsApp-Image-2024-02-12-at-6.38.48-PM-1024x682.jpeg\" alt=\"\" class=\"wp-image-68626\"\/><\/figure>\n\n\n\n<figure class=\"wp-block-image size-large\"><img decoding=\"async\" data-id=\"68628\" src=\"https:\/\/luchonoticias.com\/wp-content\/uploads\/2024\/02\/WhatsApp-Image-2024-02-12-at-6.38.47-PM-2-1024x682.jpeg\" alt=\"\" class=\"wp-image-68628\"\/><\/figure>\n\n\n\n<figure class=\"wp-block-image size-large\"><img decoding=\"async\" data-id=\"68627\" src=\"https:\/\/luchonoticias.com\/wp-content\/uploads\/2024\/02\/WhatsApp-Image-2024-02-12-at-6.38.47-PM-1-1024x682.jpeg\" alt=\"\" class=\"wp-image-68627\"\/><\/figure>\n<\/figure>\n\n\n\n<p>El concejal H\u00e9ctor Javier Osorio Botello, indic\u00f3 que, \u201dDos grandes conclusiones, yo dir\u00eda la primera es una celeridad se est\u00e1 pidiendo al gobierno del alcalde Casagua, en los temas que son sensibles por la opini\u00f3n p\u00fablica que son relacionados con los estatutos del alumbrado p\u00fablico donde pierde la capacidad de decisi\u00f3n el municipio de Neiva, relacionados con el pronunciamiento de la procuradur\u00eda general en torno a la gesti\u00f3n catastral de la empresa ESIP, con relaci\u00f3n al tema de los acuerdos de daci\u00f3n en pago realizado en el municipio de Neiva, con los contratos de concesi\u00f3n donde se ha entregado espacio p\u00fablico para el aprovechamiento. Necesitamos definiciones r\u00e1pidas por el gobierno municipal, y segundo que, la presidencia del concejo cre\u00f3 una comisi\u00f3n accidental que nosotros vamos a presidir en donde vamos a entregar un proyecto de acuerdo, donde se establecen disposiciones atinentes al fortalecimiento de la moralidad administrativa en el gasto p\u00fablico y en lo que tiene que ver tambi\u00e9n con decisiones para la prevenci\u00f3n del da\u00f1o anti jur\u00eddico; esto significa que nosotros queremos darle instrumentos para que los recursos p\u00fablicos, como dec\u00eda el exalcalde Mocus, sean sagrados y que evitemos conductas que vayan a generar hechos atentatorios contra el buen manejo de los recursos financieros\u201d.<\/p>\n\n\n\n<figure class=\"wp-block-gallery has-nested-images columns-default is-cropped wp-block-gallery-2 is-layout-flex wp-block-gallery-is-layout-flex\">\n<figure class=\"wp-block-image size-large\"><img decoding=\"async\" data-id=\"68630\" src=\"https:\/\/luchonoticias.com\/wp-content\/uploads\/2024\/02\/WhatsApp-Image-2024-02-12-at-6.38.49-PM-1024x683.jpeg\" alt=\"\" class=\"wp-image-68630\"\/><\/figure>\n\n\n\n<figure class=\"wp-block-image size-large\"><img decoding=\"async\" data-id=\"68631\" src=\"https:\/\/luchonoticias.com\/wp-content\/uploads\/2024\/02\/WhatsApp-Image-2024-02-12-at-6.38.48-PM-2-1024x683.jpeg\" alt=\"\" class=\"wp-image-68631\"\/><\/figure>\n\n\n\n<figure class=\"wp-block-image size-large\"><img decoding=\"async\" data-id=\"68629\" src=\"https:\/\/luchonoticias.com\/wp-content\/uploads\/2024\/02\/WhatsApp-Image-2024-02-12-at-6.38.48-PM-1-1024x683.jpeg\" alt=\"\" class=\"wp-image-68629\"\/><\/figure>\n<\/figure>\n\n\n\n<p>Adem\u00e1s, habl\u00f3 sobre las decisiones que hasta el momento no se han tomado con referencia a temas jur\u00eddicos y que ya transcurrido un mes y doce d\u00edas del nuevo gobierno, se sigue esperando, \u201dYo creo que el alcalde a mi juicio perdi\u00f3 dos meses importantes en la etapa de noviembre y diciembre de electo para haber dise\u00f1ado mecanismos con su equipo jur\u00eddico para tomar decisiones r\u00e1pidamente desde el momento de su posesi\u00f3n. Indudablemente que son decisiones que son del gobierno anterior, pero es que la demora en tomar decisiones, sean porque son ilegales o porque efectivamente si fueron ajustado al derecho, pero hay que tomarlas porque la demora, la falta de celeridad, puede generar otro tipo de da\u00f1os y de perjuicios que van a terminar en otras demandas para el municipio de Neiva\u201d.<\/p>\n\n\n\n<figure class=\"wp-block-gallery has-nested-images columns-default is-cropped wp-block-gallery-3 is-layout-flex wp-block-gallery-is-layout-flex\">\n<figure class=\"wp-block-image size-large\"><img decoding=\"async\" data-id=\"68632\" src=\"https:\/\/luchonoticias.com\/wp-content\/uploads\/2024\/02\/WhatsApp-Image-2024-02-12-at-6.38.50-PM-1024x683.jpeg\" alt=\"\" class=\"wp-image-68632\"\/><\/figure>\n\n\n\n<figure class=\"wp-block-image size-large\"><img decoding=\"async\" data-id=\"68633\" src=\"https:\/\/luchonoticias.com\/wp-content\/uploads\/2024\/02\/WhatsApp-Image-2024-02-12-at-6.38.49-PM-2-1024x683.jpeg\" alt=\"\" class=\"wp-image-68633\"\/><\/figure>\n\n\n\n<figure class=\"wp-block-image size-large\"><img decoding=\"async\" data-id=\"68634\" src=\"https:\/\/luchonoticias.com\/wp-content\/uploads\/2024\/02\/WhatsApp-Image-2024-02-12-at-6.38.49-PM-1-1024x758.jpeg\" alt=\"\" class=\"wp-image-68634\"\/><\/figure>\n<\/figure>\n","protected":false},"excerpt":{"rendered":"<p>Diferentes temas que preocupan a la ciudadan\u00eda en general, fueron expuestos por los concejales de Neiva, especialmente por los concejales citantes Johan Steed Ort\u00edz y H\u00e9ctor Javier Osorio Botello durante la sesi\u00f3n realizada el d\u00eda de hoy, la cual permiti\u00f3 realizar un debate de control pol\u00edtico a la oficina asesora jur\u00eddica del municipio a cargo [&hellip;]<\/p>\n","protected":false},"author":2,"featured_media":0,"comment_status":"open","ping_status":"open","sticky":false,"template":"","format":"standard","meta":{"footnotes":""},"categories":[36,617],"tags":[],"class_list":["post-68624","post","type-post","status-publish","format-standard","hentry","category-destacado","category-politica"],"yoast_head":"<!-- This site is optimized with the Yoast SEO plugin v26.6 - https:\/\/yoast.com\/wordpress\/plugins\/seo\/ -->\n<title>Concejales piden mayor celeridad al gobierno del ingeniero Germ\u00e1n Casagua en temas jur\u00eddico legales -<\/title>\n<meta name=\"robots\" content=\"index, follow, max-snippet:-1, max-image-preview:large, max-video-preview:-1\" \/>\n<link rel=\"canonical\" href=\"https:\/\/luchonoticias.com\/editor\/concejales-piden-mayor-celeridad-al-gobierno-del-ingeniero-german-casagua-en-temas-juridico-legales\/\" \/>\n<meta property=\"og:locale\" content=\"es_ES\" \/>\n<meta property=\"og:type\" content=\"article\" \/>\n<meta property=\"og:title\" content=\"Concejales piden mayor celeridad al gobierno del ingeniero Germ\u00e1n Casagua en temas jur\u00eddico legales -\" \/>\n<meta property=\"og:url\" content=\"https:\/\/luchonoticias.com\/editor\/concejales-piden-mayor-celeridad-al-gobierno-del-ingeniero-german-casagua-en-temas-juridico-legales\/\" \/>\n<meta property=\"article:publisher\" content=\"https:\/\/www.facebook.com\/luchonoticiasneiva\" \/>\n<meta property=\"article:published_time\" content=\"2024-02-13T11:59:36+00:00\" \/>\n<meta property=\"article:modified_time\" content=\"2024-02-13T11:59:38+00:00\" \/>\n<meta property=\"og:image\" content=\"https:\/\/luchonoticias.com\/wp-content\/uploads\/2024\/02\/WhatsApp-Image-2024-02-12-at-6.38.48-PM-1024x682.jpeg\" \/>\n<meta name=\"author\" content=\"Editor General\" \/>\n<meta name=\"twitter:card\" content=\"summary_large_image\" \/>\n<meta name=\"twitter:label1\" content=\"Escrito por\" \/>\n\t<meta name=\"twitter:data1\" content=\"Editor General\" \/>\n\t<meta name=\"twitter:label2\" content=\"Tiempo de lectura\" \/>\n\t<meta name=\"twitter:data2\" content=\"2 minutos\" \/>\n<script type=\"application\/ld+json\" class=\"yoast-schema-graph\">{\"@context\":\"https:\/\/schema.org\",\"@graph\":[{\"@type\":\"Article\",\"@id\":\"https:\/\/luchonoticias.com\/editor\/concejales-piden-mayor-celeridad-al-gobierno-del-ingeniero-german-casagua-en-temas-juridico-legales\/#article\",\"isPartOf\":{\"@id\":\"https:\/\/luchonoticias.com\/editor\/concejales-piden-mayor-celeridad-al-gobierno-del-ingeniero-german-casagua-en-temas-juridico-legales\/\"},\"author\":{\"name\":\"Editor General\",\"@id\":\"https:\/\/luchonoticias.com\/editor\/#\/schema\/person\/29217990ddf6f14e35912b2866d591fb\"},\"headline\":\"Concejales piden mayor celeridad al gobierno del ingeniero Germ\u00e1n Casagua en temas jur\u00eddico legales\",\"datePublished\":\"2024-02-13T11:59:36+00:00\",\"dateModified\":\"2024-02-13T11:59:38+00:00\",\"mainEntityOfPage\":{\"@id\":\"https:\/\/luchonoticias.com\/editor\/concejales-piden-mayor-celeridad-al-gobierno-del-ingeniero-german-casagua-en-temas-juridico-legales\/\"},\"wordCount\":450,\"commentCount\":0,\"publisher\":{\"@id\":\"https:\/\/luchonoticias.com\/editor\/#\/schema\/person\/7a7fd911f58561fd056dbac7b55af9cd\"},\"image\":{\"@id\":\"https:\/\/luchonoticias.com\/editor\/concejales-piden-mayor-celeridad-al-gobierno-del-ingeniero-german-casagua-en-temas-juridico-legales\/#primaryimage\"},\"thumbnailUrl\":\"https:\/\/luchonoticias.com\/wp-content\/uploads\/2024\/02\/WhatsApp-Image-2024-02-12-at-6.38.48-PM-1024x682.jpeg\",\"articleSection\":[\"Destacado\",\"Pol\u00edtica\"],\"inLanguage\":\"es\",\"potentialAction\":[{\"@type\":\"CommentAction\",\"name\":\"Comment\",\"target\":[\"https:\/\/luchonoticias.com\/editor\/concejales-piden-mayor-celeridad-al-gobierno-del-ingeniero-german-casagua-en-temas-juridico-legales\/#respond\"]}]},{\"@type\":\"WebPage\",\"@id\":\"https:\/\/luchonoticias.com\/editor\/concejales-piden-mayor-celeridad-al-gobierno-del-ingeniero-german-casagua-en-temas-juridico-legales\/\",\"url\":\"https:\/\/luchonoticias.com\/editor\/concejales-piden-mayor-celeridad-al-gobierno-del-ingeniero-german-casagua-en-temas-juridico-legales\/\",\"name\":\"Concejales piden mayor celeridad al gobierno del ingeniero Germ\u00e1n Casagua en temas jur\u00eddico legales -\",\"isPartOf\":{\"@id\":\"https:\/\/luchonoticias.com\/editor\/#website\"},\"primaryImageOfPage\":{\"@id\":\"https:\/\/luchonoticias.com\/editor\/concejales-piden-mayor-celeridad-al-gobierno-del-ingeniero-german-casagua-en-temas-juridico-legales\/#primaryimage\"},\"image\":{\"@id\":\"https:\/\/luchonoticias.com\/editor\/concejales-piden-mayor-celeridad-al-gobierno-del-ingeniero-german-casagua-en-temas-juridico-legales\/#primaryimage\"},\"thumbnailUrl\":\"https:\/\/luchonoticias.com\/wp-content\/uploads\/2024\/02\/WhatsApp-Image-2024-02-12-at-6.38.48-PM-1024x682.jpeg\",\"datePublished\":\"2024-02-13T11:59:36+00:00\",\"dateModified\":\"2024-02-13T11:59:38+00:00\",\"breadcrumb\":{\"@id\":\"https:\/\/luchonoticias.com\/editor\/concejales-piden-mayor-celeridad-al-gobierno-del-ingeniero-german-casagua-en-temas-juridico-legales\/#breadcrumb\"},\"inLanguage\":\"es\",\"potentialAction\":[{\"@type\":\"ReadAction\",\"target\":[\"https:\/\/luchonoticias.com\/editor\/concejales-piden-mayor-celeridad-al-gobierno-del-ingeniero-german-casagua-en-temas-juridico-legales\/\"]}]},{\"@type\":\"ImageObject\",\"inLanguage\":\"es\",\"@id\":\"https:\/\/luchonoticias.com\/editor\/concejales-piden-mayor-celeridad-al-gobierno-del-ingeniero-german-casagua-en-temas-juridico-legales\/#primaryimage\",\"url\":\"https:\/\/luchonoticias.com\/wp-content\/uploads\/2024\/02\/WhatsApp-Image-2024-02-12-at-6.38.48-PM-1024x682.jpeg\",\"contentUrl\":\"https:\/\/luchonoticias.com\/wp-content\/uploads\/2024\/02\/WhatsApp-Image-2024-02-12-at-6.38.48-PM-1024x682.jpeg\"},{\"@type\":\"BreadcrumbList\",\"@id\":\"https:\/\/luchonoticias.com\/editor\/concejales-piden-mayor-celeridad-al-gobierno-del-ingeniero-german-casagua-en-temas-juridico-legales\/#breadcrumb\",\"itemListElement\":[{\"@type\":\"ListItem\",\"position\":1,\"name\":\"Portada\",\"item\":\"https:\/\/luchonoticias.com\/editor\/\"},{\"@type\":\"ListItem\",\"position\":2,\"name\":\"Concejales piden mayor celeridad al gobierno del ingeniero Germ\u00e1n Casagua en temas jur\u00eddico legales\"}]},{\"@type\":\"WebSite\",\"@id\":\"https:\/\/luchonoticias.com\/editor\/#website\",\"url\":\"https:\/\/luchonoticias.com\/editor\/\",\"name\":\"\",\"description\":\"\",\"publisher\":{\"@id\":\"https:\/\/luchonoticias.com\/editor\/#\/schema\/person\/7a7fd911f58561fd056dbac7b55af9cd\"},\"potentialAction\":[{\"@type\":\"SearchAction\",\"target\":{\"@type\":\"EntryPoint\",\"urlTemplate\":\"https:\/\/luchonoticias.com\/editor\/?s={search_term_string}\"},\"query-input\":{\"@type\":\"PropertyValueSpecification\",\"valueRequired\":true,\"valueName\":\"search_term_string\"}}],\"inLanguage\":\"es\"},{\"@type\":[\"Person\",\"Organization\"],\"@id\":\"https:\/\/luchonoticias.com\/editor\/#\/schema\/person\/7a7fd911f58561fd056dbac7b55af9cd\",\"name\":\"admin\",\"image\":{\"@type\":\"ImageObject\",\"inLanguage\":\"es\",\"@id\":\"https:\/\/luchonoticias.com\/editor\/#\/schema\/person\/image\/\",\"url\":\"https:\/\/luchonoticias.com\/editor\/wp-content\/uploads\/2024\/02\/cropped-cropped-logolu.webp\",\"contentUrl\":\"https:\/\/luchonoticias.com\/editor\/wp-content\/uploads\/2024\/02\/cropped-cropped-logolu.webp\",\"width\":382,\"height\":170,\"caption\":\"admin\"},\"logo\":{\"@id\":\"https:\/\/luchonoticias.com\/editor\/#\/schema\/person\/image\/\"},\"sameAs\":[\"https:\/\/www.facebook.com\/luchonoticiasneiva\"]},{\"@type\":\"Person\",\"@id\":\"https:\/\/luchonoticias.com\/editor\/#\/schema\/person\/29217990ddf6f14e35912b2866d591fb\",\"name\":\"Editor General\",\"image\":{\"@type\":\"ImageObject\",\"inLanguage\":\"es\",\"@id\":\"https:\/\/luchonoticias.com\/editor\/#\/schema\/person\/image\/\",\"url\":\"https:\/\/luchonoticias.com\/editor\/wp-content\/uploads\/2024\/02\/cropped-cropped-logolu-150x150.webp\",\"contentUrl\":\"https:\/\/luchonoticias.com\/editor\/wp-content\/uploads\/2024\/02\/cropped-cropped-logolu-150x150.webp\",\"caption\":\"Editor General\"},\"sameAs\":[\"https:\/\/luchonoticias.com\/\"],\"url\":\"https:\/\/luchonoticias.com\/editor\/author\/editor-general\/\"}]}<\/script>\n<!-- \/ Yoast SEO plugin. -->","yoast_head_json":{"title":"Concejales piden mayor celeridad al gobierno del ingeniero Germ\u00e1n Casagua en temas jur\u00eddico legales -","robots":{"index":"index","follow":"follow","max-snippet":"max-snippet:-1","max-image-preview":"max-image-preview:large","max-video-preview":"max-video-preview:-1"},"canonical":"https:\/\/luchonoticias.com\/editor\/concejales-piden-mayor-celeridad-al-gobierno-del-ingeniero-german-casagua-en-temas-juridico-legales\/","og_locale":"es_ES","og_type":"article","og_title":"Concejales piden mayor celeridad al gobierno del ingeniero Germ\u00e1n Casagua en temas jur\u00eddico legales -","og_url":"https:\/\/luchonoticias.com\/editor\/concejales-piden-mayor-celeridad-al-gobierno-del-ingeniero-german-casagua-en-temas-juridico-legales\/","article_publisher":"https:\/\/www.facebook.com\/luchonoticiasneiva","article_published_time":"2024-02-13T11:59:36+00:00","article_modified_time":"2024-02-13T11:59:38+00:00","og_image":[{"url":"https:\/\/luchonoticias.com\/wp-content\/uploads\/2024\/02\/WhatsApp-Image-2024-02-12-at-6.38.48-PM-1024x682.jpeg","type":"","width":"","height":""}],"author":"Editor General","twitter_card":"summary_large_image","twitter_misc":{"Escrito por":"Editor General","Tiempo de lectura":"2 minutos"},"schema":{"@context":"https:\/\/schema.org","@graph":[{"@type":"Article","@id":"https:\/\/luchonoticias.com\/editor\/concejales-piden-mayor-celeridad-al-gobierno-del-ingeniero-german-casagua-en-temas-juridico-legales\/#article","isPartOf":{"@id":"https:\/\/luchonoticias.com\/editor\/concejales-piden-mayor-celeridad-al-gobierno-del-ingeniero-german-casagua-en-temas-juridico-legales\/"},"author":{"name":"Editor General","@id":"https:\/\/luchonoticias.com\/editor\/#\/schema\/person\/29217990ddf6f14e35912b2866d591fb"},"headline":"Concejales piden mayor celeridad al gobierno del ingeniero Germ\u00e1n Casagua en temas jur\u00eddico legales","datePublished":"2024-02-13T11:59:36+00:00","dateModified":"2024-02-13T11:59:38+00:00","mainEntityOfPage":{"@id":"https:\/\/luchonoticias.com\/editor\/concejales-piden-mayor-celeridad-al-gobierno-del-ingeniero-german-casagua-en-temas-juridico-legales\/"},"wordCount":450,"commentCount":0,"publisher":{"@id":"https:\/\/luchonoticias.com\/editor\/#\/schema\/person\/7a7fd911f58561fd056dbac7b55af9cd"},"image":{"@id":"https:\/\/luchonoticias.com\/editor\/concejales-piden-mayor-celeridad-al-gobierno-del-ingeniero-german-casagua-en-temas-juridico-legales\/#primaryimage"},"thumbnailUrl":"https:\/\/luchonoticias.com\/wp-content\/uploads\/2024\/02\/WhatsApp-Image-2024-02-12-at-6.38.48-PM-1024x682.jpeg","articleSection":["Destacado","Pol\u00edtica"],"inLanguage":"es","potentialAction":[{"@type":"CommentAction","name":"Comment","target":["https:\/\/luchonoticias.com\/editor\/concejales-piden-mayor-celeridad-al-gobierno-del-ingeniero-german-casagua-en-temas-juridico-legales\/#respond"]}]},{"@type":"WebPage","@id":"https:\/\/luchonoticias.com\/editor\/concejales-piden-mayor-celeridad-al-gobierno-del-ingeniero-german-casagua-en-temas-juridico-legales\/","url":"https:\/\/luchonoticias.com\/editor\/concejales-piden-mayor-celeridad-al-gobierno-del-ingeniero-german-casagua-en-temas-juridico-legales\/","name":"Concejales piden mayor celeridad al gobierno del ingeniero Germ\u00e1n Casagua en temas jur\u00eddico legales -","isPartOf":{"@id":"https:\/\/luchonoticias.com\/editor\/#website"},"primaryImageOfPage":{"@id":"https:\/\/luchonoticias.com\/editor\/concejales-piden-mayor-celeridad-al-gobierno-del-ingeniero-german-casagua-en-temas-juridico-legales\/#primaryimage"},"image":{"@id":"https:\/\/luchonoticias.com\/editor\/concejales-piden-mayor-celeridad-al-gobierno-del-ingeniero-german-casagua-en-temas-juridico-legales\/#primaryimage"},"thumbnailUrl":"https:\/\/luchonoticias.com\/wp-content\/uploads\/2024\/02\/WhatsApp-Image-2024-02-12-at-6.38.48-PM-1024x682.jpeg","datePublished":"2024-02-13T11:59:36+00:00","dateModified":"2024-02-13T11:59:38+00:00","breadcrumb":{"@id":"https:\/\/luchonoticias.com\/editor\/concejales-piden-mayor-celeridad-al-gobierno-del-ingeniero-german-casagua-en-temas-juridico-legales\/#breadcrumb"},"inLanguage":"es","potentialAction":[{"@type":"ReadAction","target":["https:\/\/luchonoticias.com\/editor\/concejales-piden-mayor-celeridad-al-gobierno-del-ingeniero-german-casagua-en-temas-juridico-legales\/"]}]},{"@type":"ImageObject","inLanguage":"es","@id":"https:\/\/luchonoticias.com\/editor\/concejales-piden-mayor-celeridad-al-gobierno-del-ingeniero-german-casagua-en-temas-juridico-legales\/#primaryimage","url":"https:\/\/luchonoticias.com\/wp-content\/uploads\/2024\/02\/WhatsApp-Image-2024-02-12-at-6.38.48-PM-1024x682.jpeg","contentUrl":"https:\/\/luchonoticias.com\/wp-content\/uploads\/2024\/02\/WhatsApp-Image-2024-02-12-at-6.38.48-PM-1024x682.jpeg"},{"@type":"BreadcrumbList","@id":"https:\/\/luchonoticias.com\/editor\/concejales-piden-mayor-celeridad-al-gobierno-del-ingeniero-german-casagua-en-temas-juridico-legales\/#breadcrumb","itemListElement":[{"@type":"ListItem","position":1,"name":"Portada","item":"https:\/\/luchonoticias.com\/editor\/"},{"@type":"ListItem","position":2,"name":"Concejales piden mayor celeridad al gobierno del ingeniero Germ\u00e1n Casagua en temas jur\u00eddico legales"}]},{"@type":"WebSite","@id":"https:\/\/luchonoticias.com\/editor\/#website","url":"https:\/\/luchonoticias.com\/editor\/","name":"","description":"","publisher":{"@id":"https:\/\/luchonoticias.com\/editor\/#\/schema\/person\/7a7fd911f58561fd056dbac7b55af9cd"},"potentialAction":[{"@type":"SearchAction","target":{"@type":"EntryPoint","urlTemplate":"https:\/\/luchonoticias.com\/editor\/?s={search_term_string}"},"query-input":{"@type":"PropertyValueSpecification","valueRequired":true,"valueName":"search_term_string"}}],"inLanguage":"es"},{"@type":["Person","Organization"],"@id":"https:\/\/luchonoticias.com\/editor\/#\/schema\/person\/7a7fd911f58561fd056dbac7b55af9cd","name":"admin","image":{"@type":"ImageObject","inLanguage":"es","@id":"https:\/\/luchonoticias.com\/editor\/#\/schema\/person\/image\/","url":"https:\/\/luchonoticias.com\/editor\/wp-content\/uploads\/2024\/02\/cropped-cropped-logolu.webp","contentUrl":"https:\/\/luchonoticias.com\/editor\/wp-content\/uploads\/2024\/02\/cropped-cropped-logolu.webp","width":382,"height":170,"caption":"admin"},"logo":{"@id":"https:\/\/luchonoticias.com\/editor\/#\/schema\/person\/image\/"},"sameAs":["https:\/\/www.facebook.com\/luchonoticiasneiva"]},{"@type":"Person","@id":"https:\/\/luchonoticias.com\/editor\/#\/schema\/person\/29217990ddf6f14e35912b2866d591fb","name":"Editor General","image":{"@type":"ImageObject","inLanguage":"es","@id":"https:\/\/luchonoticias.com\/editor\/#\/schema\/person\/image\/","url":"https:\/\/luchonoticias.com\/editor\/wp-content\/uploads\/2024\/02\/cropped-cropped-logolu-150x150.webp","contentUrl":"https:\/\/luchonoticias.com\/editor\/wp-content\/uploads\/2024\/02\/cropped-cropped-logolu-150x150.webp","caption":"Editor General"},"sameAs":["https:\/\/luchonoticias.com\/"],"url":"https:\/\/luchonoticias.com\/editor\/author\/editor-general\/"}]}},"_links":{"self":[{"href":"https:\/\/luchonoticias.com\/editor\/wp-json\/wp\/v2\/posts\/68624","targetHints":{"allow":["GET"]}}],"collection":[{"href":"https:\/\/luchonoticias.com\/editor\/wp-json\/wp\/v2\/posts"}],"about":[{"href":"https:\/\/luchonoticias.com\/editor\/wp-json\/wp\/v2\/types\/post"}],"author":[{"embeddable":true,"href":"https:\/\/luchonoticias.com\/editor\/wp-json\/wp\/v2\/users\/2"}],"replies":[{"embeddable":true,"href":"https:\/\/luchonoticias.com\/editor\/wp-json\/wp\/v2\/comments?post=68624"}],"version-history":[{"count":0,"href":"https:\/\/luchonoticias.com\/editor\/wp-json\/wp\/v2\/posts\/68624\/revisions"}],"wp:attachment":[{"href":"https:\/\/luchonoticias.com\/editor\/wp-json\/wp\/v2\/media?parent=68624"}],"wp:term":[{"taxonomy":"category","embeddable":true,"href":"https:\/\/luchonoticias.com\/editor\/wp-json\/wp\/v2\/categories?post=68624"},{"taxonomy":"post_tag","embeddable":true,"href":"https:\/\/luchonoticias.com\/editor\/wp-json\/wp\/v2\/tags?post=68624"}],"curies":[{"name":"wp","href":"https:\/\/api.w.org\/{rel}","templated":true}]}}