{"id":68639,"date":"2024-02-13T07:04:01","date_gmt":"2024-02-13T12:04:01","guid":{"rendered":"https:\/\/luchonoticias.com\/?p=68639"},"modified":"2024-02-13T07:04:03","modified_gmt":"2024-02-13T12:04:03","slug":"en-cerca-de-un-11-colombia-aumento-exportaciones-no-mineras-en-el-2023","status":"publish","type":"post","link":"https:\/\/luchonoticias.com\/editor\/en-cerca-de-un-11-colombia-aumento-exportaciones-no-mineras-en-el-2023\/","title":{"rendered":"En cerca de un 11% Colombia aument\u00f3 exportaciones no mineras en el 2023"},"content":{"rendered":"\n<p>M\u00e9xico, China y Costa Rica fueron el destino de las exportaciones no mineras en el 2023 por US$1.954,9 millones en productos del agro, la agroindustria y la industria, para un aumento de cerca del 11 % con relaci\u00f3n al 2022.<\/p>\n\n\n\n<p>Estos tres mercados representaron el 9,8 % de la torta no minero energ\u00e9tica colombiana en el 2023 y las exportaciones alcanzaron las 645.684,9 toneladas.<\/p>\n\n\n\n<p>El sector de veh\u00edculos fue el que m\u00e1s impuls\u00f3 estas ventas. En el \u00faltimo a\u00f1o, las exportaciones de esa clase de bienes a los tres pa\u00edses sumaron US$190,6 millones, siendo M\u00e9xico el principal acreedor.<\/p>\n\n\n\n<p>Varios factores impulsaron las exportaciones de carros colombianos hacia este pa\u00eds. Seg\u00fan el Ministerio de Comercio, Industria y Turismo, con base en informaci\u00f3n de organismos mexicanos, en 2023 se registr\u00f3 una demanda creciente en ese mercado por los veh\u00edculos, especialmente por los de usos m\u00faltiples tipo camioneta, que son los que le vende Colombia.<\/p>\n\n\n\n<p>Las ventas del sector de partes de aviones y dem\u00e1s aeronaves, se posicionaron en Costa Rica, pasando de no exportar en 2022 a vender en 2023 US$21,2 millones en este tipo de mercanc\u00edas. Le siguieron perfumes y aguas de tocador, de las cuales se exportaron US$6,4 millones para un crecimiento del 20,9 %.<\/p>\n\n\n\n<p>El caf\u00e9 en grano tambi\u00e9n impuls\u00f3 las ventas hacia esos pa\u00edses. En el 2023, estas exportaciones sumaron US$151,6 millones, incluyendo que el 90,5 % del grano se despach\u00f3 hacia China.<\/p>\n\n\n\n<p>Tambi\u00e9n se destac\u00f3 el caf\u00e9 liofilizado, cuyas ventas a M\u00e9xico, China y Costa Rica alcanzaron los US$54,6 millones y los aceites de soya tambi\u00e9n ayudaron a empujar el resultado con US$56,2 millones en ventas.<\/p>\n\n\n\n<p>Meta inversi\u00f3n extranjera<\/p>\n\n\n\n<p>En la presentaci\u00f3n de la nueva visi\u00f3n de Marca Pa\u00eds: \u2018Colombia, el pa\u00eds de la belleza\u2019, el Ministro de Comercio, Industria y Turismo, Germ\u00e1n Uma\u00f1a, se\u00f1al\u00f3 que Colombia busca exportaciones no minero energ\u00e9ticas bajo la sombrilla de la sostenibilidad.<\/p>\n\n\n\n<p>\u201cLa estrategia Marca Pa\u00eds \u2018Colombia, el pa\u00eds de la belleza\u2019, tambi\u00e9n busca contribuir a lograr las metas de inversi\u00f3n extranjera directa no minera por US$13.000 millones y exportaciones de bienes y servicios no mineros por m\u00e1s de US$30.000 millones\u201d, puntualiz\u00f3.<\/p>\n","protected":false},"excerpt":{"rendered":"<p>M\u00e9xico, China y Costa Rica fueron el destino de las exportaciones no mineras en el 2023 por US$1.954,9 millones en productos del agro, la agroindustria y la industria, para un aumento de cerca del 11 % con relaci\u00f3n al 2022. Estos tres mercados representaron el 9,8 % de la torta no minero energ\u00e9tica colombiana en [&hellip;]<\/p>\n","protected":false},"author":2,"featured_media":0,"comment_status":"open","ping_status":"open","sticky":false,"template":"","format":"standard","meta":{"footnotes":""},"categories":[36,32],"tags":[],"class_list":["post-68639","post","type-post","status-publish","format-standard","hentry","category-destacado","category-nacional"],"yoast_head":"<!-- This site is optimized with the Yoast SEO plugin v26.6 - https:\/\/yoast.com\/wordpress\/plugins\/seo\/ -->\n<title>En cerca de un 11% Colombia aument\u00f3 exportaciones no mineras en el 2023 -<\/title>\n<meta name=\"robots\" content=\"index, follow, max-snippet:-1, max-image-preview:large, max-video-preview:-1\" \/>\n<link rel=\"canonical\" href=\"https:\/\/luchonoticias.com\/editor\/en-cerca-de-un-11-colombia-aumento-exportaciones-no-mineras-en-el-2023\/\" \/>\n<meta property=\"og:locale\" content=\"es_ES\" \/>\n<meta property=\"og:type\" content=\"article\" \/>\n<meta property=\"og:title\" content=\"En cerca de un 11% Colombia aument\u00f3 exportaciones no mineras en el 2023 -\" \/>\n<meta property=\"og:url\" content=\"https:\/\/luchonoticias.com\/editor\/en-cerca-de-un-11-colombia-aumento-exportaciones-no-mineras-en-el-2023\/\" \/>\n<meta property=\"article:publisher\" content=\"https:\/\/www.facebook.com\/luchonoticiasneiva\" \/>\n<meta property=\"article:published_time\" content=\"2024-02-13T12:04:01+00:00\" \/>\n<meta property=\"article:modified_time\" content=\"2024-02-13T12:04:03+00:00\" \/>\n<meta name=\"author\" content=\"Editor General\" \/>\n<meta name=\"twitter:card\" content=\"summary_large_image\" \/>\n<meta name=\"twitter:label1\" content=\"Escrito por\" \/>\n\t<meta name=\"twitter:data1\" content=\"Editor General\" \/>\n\t<meta name=\"twitter:label2\" content=\"Tiempo de lectura\" \/>\n\t<meta name=\"twitter:data2\" content=\"2 minutos\" \/>\n<script type=\"application\/ld+json\" class=\"yoast-schema-graph\">{\"@context\":\"https:\/\/schema.org\",\"@graph\":[{\"@type\":\"Article\",\"@id\":\"https:\/\/luchonoticias.com\/editor\/en-cerca-de-un-11-colombia-aumento-exportaciones-no-mineras-en-el-2023\/#article\",\"isPartOf\":{\"@id\":\"https:\/\/luchonoticias.com\/editor\/en-cerca-de-un-11-colombia-aumento-exportaciones-no-mineras-en-el-2023\/\"},\"author\":{\"name\":\"Editor General\",\"@id\":\"https:\/\/luchonoticias.com\/editor\/#\/schema\/person\/29217990ddf6f14e35912b2866d591fb\"},\"headline\":\"En cerca de un 11% Colombia aument\u00f3 exportaciones no mineras en el 2023\",\"datePublished\":\"2024-02-13T12:04:01+00:00\",\"dateModified\":\"2024-02-13T12:04:03+00:00\",\"mainEntityOfPage\":{\"@id\":\"https:\/\/luchonoticias.com\/editor\/en-cerca-de-un-11-colombia-aumento-exportaciones-no-mineras-en-el-2023\/\"},\"wordCount\":380,\"commentCount\":0,\"publisher\":{\"@id\":\"https:\/\/luchonoticias.com\/editor\/#\/schema\/person\/7a7fd911f58561fd056dbac7b55af9cd\"},\"articleSection\":[\"Destacado\",\"Nacional\"],\"inLanguage\":\"es\",\"potentialAction\":[{\"@type\":\"CommentAction\",\"name\":\"Comment\",\"target\":[\"https:\/\/luchonoticias.com\/editor\/en-cerca-de-un-11-colombia-aumento-exportaciones-no-mineras-en-el-2023\/#respond\"]}]},{\"@type\":\"WebPage\",\"@id\":\"https:\/\/luchonoticias.com\/editor\/en-cerca-de-un-11-colombia-aumento-exportaciones-no-mineras-en-el-2023\/\",\"url\":\"https:\/\/luchonoticias.com\/editor\/en-cerca-de-un-11-colombia-aumento-exportaciones-no-mineras-en-el-2023\/\",\"name\":\"En cerca de un 11% Colombia aument\u00f3 exportaciones no mineras en el 2023 -\",\"isPartOf\":{\"@id\":\"https:\/\/luchonoticias.com\/editor\/#website\"},\"datePublished\":\"2024-02-13T12:04:01+00:00\",\"dateModified\":\"2024-02-13T12:04:03+00:00\",\"breadcrumb\":{\"@id\":\"https:\/\/luchonoticias.com\/editor\/en-cerca-de-un-11-colombia-aumento-exportaciones-no-mineras-en-el-2023\/#breadcrumb\"},\"inLanguage\":\"es\",\"potentialAction\":[{\"@type\":\"ReadAction\",\"target\":[\"https:\/\/luchonoticias.com\/editor\/en-cerca-de-un-11-colombia-aumento-exportaciones-no-mineras-en-el-2023\/\"]}]},{\"@type\":\"BreadcrumbList\",\"@id\":\"https:\/\/luchonoticias.com\/editor\/en-cerca-de-un-11-colombia-aumento-exportaciones-no-mineras-en-el-2023\/#breadcrumb\",\"itemListElement\":[{\"@type\":\"ListItem\",\"position\":1,\"name\":\"Portada\",\"item\":\"https:\/\/luchonoticias.com\/editor\/\"},{\"@type\":\"ListItem\",\"position\":2,\"name\":\"En cerca de un 11% Colombia aument\u00f3 exportaciones no mineras en el 2023\"}]},{\"@type\":\"WebSite\",\"@id\":\"https:\/\/luchonoticias.com\/editor\/#website\",\"url\":\"https:\/\/luchonoticias.com\/editor\/\",\"name\":\"\",\"description\":\"\",\"publisher\":{\"@id\":\"https:\/\/luchonoticias.com\/editor\/#\/schema\/person\/7a7fd911f58561fd056dbac7b55af9cd\"},\"potentialAction\":[{\"@type\":\"SearchAction\",\"target\":{\"@type\":\"EntryPoint\",\"urlTemplate\":\"https:\/\/luchonoticias.com\/editor\/?s={search_term_string}\"},\"query-input\":{\"@type\":\"PropertyValueSpecification\",\"valueRequired\":true,\"valueName\":\"search_term_string\"}}],\"inLanguage\":\"es\"},{\"@type\":[\"Person\",\"Organization\"],\"@id\":\"https:\/\/luchonoticias.com\/editor\/#\/schema\/person\/7a7fd911f58561fd056dbac7b55af9cd\",\"name\":\"admin\",\"image\":{\"@type\":\"ImageObject\",\"inLanguage\":\"es\",\"@id\":\"https:\/\/luchonoticias.com\/editor\/#\/schema\/person\/image\/\",\"url\":\"https:\/\/luchonoticias.com\/editor\/wp-content\/uploads\/2024\/02\/cropped-cropped-logolu.webp\",\"contentUrl\":\"https:\/\/luchonoticias.com\/editor\/wp-content\/uploads\/2024\/02\/cropped-cropped-logolu.webp\",\"width\":382,\"height\":170,\"caption\":\"admin\"},\"logo\":{\"@id\":\"https:\/\/luchonoticias.com\/editor\/#\/schema\/person\/image\/\"},\"sameAs\":[\"https:\/\/www.facebook.com\/luchonoticiasneiva\"]},{\"@type\":\"Person\",\"@id\":\"https:\/\/luchonoticias.com\/editor\/#\/schema\/person\/29217990ddf6f14e35912b2866d591fb\",\"name\":\"Editor General\",\"image\":{\"@type\":\"ImageObject\",\"inLanguage\":\"es\",\"@id\":\"https:\/\/luchonoticias.com\/editor\/#\/schema\/person\/image\/\",\"url\":\"https:\/\/luchonoticias.com\/editor\/wp-content\/uploads\/2024\/02\/cropped-cropped-logolu-150x150.webp\",\"contentUrl\":\"https:\/\/luchonoticias.com\/editor\/wp-content\/uploads\/2024\/02\/cropped-cropped-logolu-150x150.webp\",\"caption\":\"Editor General\"},\"sameAs\":[\"https:\/\/luchonoticias.com\/\"],\"url\":\"https:\/\/luchonoticias.com\/editor\/author\/editor-general\/\"}]}<\/script>\n<!-- \/ Yoast SEO plugin. -->","yoast_head_json":{"title":"En cerca de un 11% Colombia aument\u00f3 exportaciones no mineras en el 2023 -","robots":{"index":"index","follow":"follow","max-snippet":"max-snippet:-1","max-image-preview":"max-image-preview:large","max-video-preview":"max-video-preview:-1"},"canonical":"https:\/\/luchonoticias.com\/editor\/en-cerca-de-un-11-colombia-aumento-exportaciones-no-mineras-en-el-2023\/","og_locale":"es_ES","og_type":"article","og_title":"En cerca de un 11% Colombia aument\u00f3 exportaciones no mineras en el 2023 -","og_url":"https:\/\/luchonoticias.com\/editor\/en-cerca-de-un-11-colombia-aumento-exportaciones-no-mineras-en-el-2023\/","article_publisher":"https:\/\/www.facebook.com\/luchonoticiasneiva","article_published_time":"2024-02-13T12:04:01+00:00","article_modified_time":"2024-02-13T12:04:03+00:00","author":"Editor General","twitter_card":"summary_large_image","twitter_misc":{"Escrito por":"Editor General","Tiempo de lectura":"2 minutos"},"schema":{"@context":"https:\/\/schema.org","@graph":[{"@type":"Article","@id":"https:\/\/luchonoticias.com\/editor\/en-cerca-de-un-11-colombia-aumento-exportaciones-no-mineras-en-el-2023\/#article","isPartOf":{"@id":"https:\/\/luchonoticias.com\/editor\/en-cerca-de-un-11-colombia-aumento-exportaciones-no-mineras-en-el-2023\/"},"author":{"name":"Editor General","@id":"https:\/\/luchonoticias.com\/editor\/#\/schema\/person\/29217990ddf6f14e35912b2866d591fb"},"headline":"En cerca de un 11% Colombia aument\u00f3 exportaciones no mineras en el 2023","datePublished":"2024-02-13T12:04:01+00:00","dateModified":"2024-02-13T12:04:03+00:00","mainEntityOfPage":{"@id":"https:\/\/luchonoticias.com\/editor\/en-cerca-de-un-11-colombia-aumento-exportaciones-no-mineras-en-el-2023\/"},"wordCount":380,"commentCount":0,"publisher":{"@id":"https:\/\/luchonoticias.com\/editor\/#\/schema\/person\/7a7fd911f58561fd056dbac7b55af9cd"},"articleSection":["Destacado","Nacional"],"inLanguage":"es","potentialAction":[{"@type":"CommentAction","name":"Comment","target":["https:\/\/luchonoticias.com\/editor\/en-cerca-de-un-11-colombia-aumento-exportaciones-no-mineras-en-el-2023\/#respond"]}]},{"@type":"WebPage","@id":"https:\/\/luchonoticias.com\/editor\/en-cerca-de-un-11-colombia-aumento-exportaciones-no-mineras-en-el-2023\/","url":"https:\/\/luchonoticias.com\/editor\/en-cerca-de-un-11-colombia-aumento-exportaciones-no-mineras-en-el-2023\/","name":"En cerca de un 11% Colombia aument\u00f3 exportaciones no mineras en el 2023 -","isPartOf":{"@id":"https:\/\/luchonoticias.com\/editor\/#website"},"datePublished":"2024-02-13T12:04:01+00:00","dateModified":"2024-02-13T12:04:03+00:00","breadcrumb":{"@id":"https:\/\/luchonoticias.com\/editor\/en-cerca-de-un-11-colombia-aumento-exportaciones-no-mineras-en-el-2023\/#breadcrumb"},"inLanguage":"es","potentialAction":[{"@type":"ReadAction","target":["https:\/\/luchonoticias.com\/editor\/en-cerca-de-un-11-colombia-aumento-exportaciones-no-mineras-en-el-2023\/"]}]},{"@type":"BreadcrumbList","@id":"https:\/\/luchonoticias.com\/editor\/en-cerca-de-un-11-colombia-aumento-exportaciones-no-mineras-en-el-2023\/#breadcrumb","itemListElement":[{"@type":"ListItem","position":1,"name":"Portada","item":"https:\/\/luchonoticias.com\/editor\/"},{"@type":"ListItem","position":2,"name":"En cerca de un 11% Colombia aument\u00f3 exportaciones no mineras en el 2023"}]},{"@type":"WebSite","@id":"https:\/\/luchonoticias.com\/editor\/#website","url":"https:\/\/luchonoticias.com\/editor\/","name":"","description":"","publisher":{"@id":"https:\/\/luchonoticias.com\/editor\/#\/schema\/person\/7a7fd911f58561fd056dbac7b55af9cd"},"potentialAction":[{"@type":"SearchAction","target":{"@type":"EntryPoint","urlTemplate":"https:\/\/luchonoticias.com\/editor\/?s={search_term_string}"},"query-input":{"@type":"PropertyValueSpecification","valueRequired":true,"valueName":"search_term_string"}}],"inLanguage":"es"},{"@type":["Person","Organization"],"@id":"https:\/\/luchonoticias.com\/editor\/#\/schema\/person\/7a7fd911f58561fd056dbac7b55af9cd","name":"admin","image":{"@type":"ImageObject","inLanguage":"es","@id":"https:\/\/luchonoticias.com\/editor\/#\/schema\/person\/image\/","url":"https:\/\/luchonoticias.com\/editor\/wp-content\/uploads\/2024\/02\/cropped-cropped-logolu.webp","contentUrl":"https:\/\/luchonoticias.com\/editor\/wp-content\/uploads\/2024\/02\/cropped-cropped-logolu.webp","width":382,"height":170,"caption":"admin"},"logo":{"@id":"https:\/\/luchonoticias.com\/editor\/#\/schema\/person\/image\/"},"sameAs":["https:\/\/www.facebook.com\/luchonoticiasneiva"]},{"@type":"Person","@id":"https:\/\/luchonoticias.com\/editor\/#\/schema\/person\/29217990ddf6f14e35912b2866d591fb","name":"Editor General","image":{"@type":"ImageObject","inLanguage":"es","@id":"https:\/\/luchonoticias.com\/editor\/#\/schema\/person\/image\/","url":"https:\/\/luchonoticias.com\/editor\/wp-content\/uploads\/2024\/02\/cropped-cropped-logolu-150x150.webp","contentUrl":"https:\/\/luchonoticias.com\/editor\/wp-content\/uploads\/2024\/02\/cropped-cropped-logolu-150x150.webp","caption":"Editor General"},"sameAs":["https:\/\/luchonoticias.com\/"],"url":"https:\/\/luchonoticias.com\/editor\/author\/editor-general\/"}]}},"_links":{"self":[{"href":"https:\/\/luchonoticias.com\/editor\/wp-json\/wp\/v2\/posts\/68639","targetHints":{"allow":["GET"]}}],"collection":[{"href":"https:\/\/luchonoticias.com\/editor\/wp-json\/wp\/v2\/posts"}],"about":[{"href":"https:\/\/luchonoticias.com\/editor\/wp-json\/wp\/v2\/types\/post"}],"author":[{"embeddable":true,"href":"https:\/\/luchonoticias.com\/editor\/wp-json\/wp\/v2\/users\/2"}],"replies":[{"embeddable":true,"href":"https:\/\/luchonoticias.com\/editor\/wp-json\/wp\/v2\/comments?post=68639"}],"version-history":[{"count":0,"href":"https:\/\/luchonoticias.com\/editor\/wp-json\/wp\/v2\/posts\/68639\/revisions"}],"wp:attachment":[{"href":"https:\/\/luchonoticias.com\/editor\/wp-json\/wp\/v2\/media?parent=68639"}],"wp:term":[{"taxonomy":"category","embeddable":true,"href":"https:\/\/luchonoticias.com\/editor\/wp-json\/wp\/v2\/categories?post=68639"},{"taxonomy":"post_tag","embeddable":true,"href":"https:\/\/luchonoticias.com\/editor\/wp-json\/wp\/v2\/tags?post=68639"}],"curies":[{"name":"wp","href":"https:\/\/api.w.org\/{rel}","templated":true}]}}