{"id":68645,"date":"2024-02-13T07:12:07","date_gmt":"2024-02-13T12:12:07","guid":{"rendered":"https:\/\/luchonoticias.com\/?p=68645"},"modified":"2024-02-13T07:12:09","modified_gmt":"2024-02-13T12:12:09","slug":"luego-de-20-anos-reconocimiento-economico-a-monitores-de-la-usco-subio-496","status":"publish","type":"post","link":"https:\/\/luchonoticias.com\/editor\/luego-de-20-anos-reconocimiento-economico-a-monitores-de-la-usco-subio-496\/","title":{"rendered":"Luego de 20 a\u00f1os, reconocimiento econ\u00f3mico a monitores de la USCO subi\u00f3 49,6%"},"content":{"rendered":"\n<p>Luego de 20 a\u00f1os de no tener ning\u00fan incremento en el valor del reconocimiento de la labor de quienes se desempe\u00f1an como monitores, unos 499 estudiantes de la Universidad Surcolombiana, aprobados por el Consejo Acad\u00e9mico de la Universidad Surcolombiana para desempe\u00f1ar este rol durante el primer periodo acad\u00e9mico de 2024, lo comenzar\u00e1n a tener desde ahora.<\/p>\n\n\n\n<p>La vicerrectora acad\u00e9mica, Mar\u00eda Fernanda Jaime Osorio, explic\u00f3 que la decisi\u00f3n se da en el marco de la modificaci\u00f3n del Acuerdo vigente que rige la labor de los monitores, a trav\u00e9s del Acuerdo 012 del 23 de septiembre de 2023, por parte del Consejo Superior Universitario, donde se consigna este importante ajuste del pago por hora de los monitores al equipararlo al valor de una hora del salario m\u00ednimo legal mensual vigente.<\/p>\n\n\n\n<p>\u201cEsto representa un avance significativo en el reconocimiento y la valoraci\u00f3n de los monitores acad\u00e9micos, quienes desempe\u00f1an un papel crucial en el proceso educativo de nuestra instituci\u00f3n\u201d, resalt\u00f3 la Vicerrectora.<\/p>\n\n\n\n<p>De tal manera, dijo, \u201cpara este semestre, el pago por hora para el reconocimiento de los monitores qued\u00f3 establecido en $5.417 hora\u201d, un incremento del 49,6 por ciento frente a los $2.688 que permaneci\u00f3 fijo por cerca de dos d\u00e9cadas, con lo que se busca no solo reconocer su esfuerzo y dedicaci\u00f3n, sino garantizar condiciones econ\u00f3micas m\u00e1s justas.<\/p>\n\n\n\n<p>Adem\u00e1s de este ajuste, el mismo acuerdo reorganiz\u00f3 los grupos prioritarios que recibir\u00e1n los servicios de los monitores.<\/p>\n\n\n\n<p>En este sentido, se prioriza el acompa\u00f1amiento acad\u00e9mico para estudiantes con necesidades especiales, as\u00ed como para quienes ingresan a la universidad por reg\u00edmenes especiales, como afrocolombianos, ind\u00edgenas y comunidades desplazadas.<\/p>\n\n\n\n<p>Los monitores tambi\u00e9n ser\u00e1n asignados a cursos con mayor repitencia, laboratorios de Ciencias B\u00e1sicas, laboratorios especiales y Tecnolog\u00eda de la Informaci\u00f3n y la Comunicaci\u00f3n. Adem\u00e1s, se aprob\u00f3 su participaci\u00f3n en actividades culturales, deportivas, recreativas, as\u00ed como en proyectos de investigaci\u00f3n y proyecci\u00f3n social.<\/p>\n\n\n\n<p>Otra modificaci\u00f3n importante es la extensi\u00f3n de su vinculaci\u00f3n, cuyo proceso se adelanta por estos d\u00edas, es que ahora podr\u00e1n ser contratados por hasta cuatro periodos acad\u00e9micos consecutivos, en comparaci\u00f3n con los tres per\u00edodos anteriores.<\/p>\n\n\n\n<p>La selecci\u00f3n de los monitores se hace a trav\u00e9s de convocatorias realizadas por las respectivas unidades acad\u00e9mico-administrativas de la Universidad Surcolombiana.<\/p>\n","protected":false},"excerpt":{"rendered":"<p>Luego de 20 a\u00f1os de no tener ning\u00fan incremento en el valor del reconocimiento de la labor de quienes se desempe\u00f1an como monitores, unos 499 estudiantes de la Universidad Surcolombiana, aprobados por el Consejo Acad\u00e9mico de la Universidad Surcolombiana para desempe\u00f1ar este rol durante el primer periodo acad\u00e9mico de 2024, lo comenzar\u00e1n a tener desde [&hellip;]<\/p>\n","protected":false},"author":2,"featured_media":0,"comment_status":"open","ping_status":"open","sticky":false,"template":"","format":"standard","meta":{"footnotes":""},"categories":[36,29],"tags":[],"class_list":["post-68645","post","type-post","status-publish","format-standard","hentry","category-destacado","category-judicial"],"yoast_head":"<!-- This site is optimized with the Yoast SEO plugin v26.6 - https:\/\/yoast.com\/wordpress\/plugins\/seo\/ -->\n<title>Luego de 20 a\u00f1os, reconocimiento econ\u00f3mico a monitores de la USCO subi\u00f3 49,6% -<\/title>\n<meta name=\"robots\" content=\"index, follow, max-snippet:-1, max-image-preview:large, max-video-preview:-1\" \/>\n<link rel=\"canonical\" href=\"https:\/\/luchonoticias.com\/editor\/luego-de-20-anos-reconocimiento-economico-a-monitores-de-la-usco-subio-496\/\" \/>\n<meta property=\"og:locale\" content=\"es_ES\" \/>\n<meta property=\"og:type\" content=\"article\" \/>\n<meta property=\"og:title\" content=\"Luego de 20 a\u00f1os, reconocimiento econ\u00f3mico a monitores de la USCO subi\u00f3 49,6% -\" \/>\n<meta property=\"og:url\" content=\"https:\/\/luchonoticias.com\/editor\/luego-de-20-anos-reconocimiento-economico-a-monitores-de-la-usco-subio-496\/\" \/>\n<meta property=\"article:publisher\" content=\"https:\/\/www.facebook.com\/luchonoticiasneiva\" \/>\n<meta property=\"article:published_time\" content=\"2024-02-13T12:12:07+00:00\" \/>\n<meta property=\"article:modified_time\" content=\"2024-02-13T12:12:09+00:00\" \/>\n<meta name=\"author\" content=\"Editor General\" \/>\n<meta name=\"twitter:card\" content=\"summary_large_image\" \/>\n<meta name=\"twitter:label1\" content=\"Escrito por\" \/>\n\t<meta name=\"twitter:data1\" content=\"Editor General\" \/>\n\t<meta name=\"twitter:label2\" content=\"Tiempo de lectura\" \/>\n\t<meta name=\"twitter:data2\" content=\"2 minutos\" \/>\n<script type=\"application\/ld+json\" class=\"yoast-schema-graph\">{\"@context\":\"https:\/\/schema.org\",\"@graph\":[{\"@type\":\"Article\",\"@id\":\"https:\/\/luchonoticias.com\/editor\/luego-de-20-anos-reconocimiento-economico-a-monitores-de-la-usco-subio-496\/#article\",\"isPartOf\":{\"@id\":\"https:\/\/luchonoticias.com\/editor\/luego-de-20-anos-reconocimiento-economico-a-monitores-de-la-usco-subio-496\/\"},\"author\":{\"name\":\"Editor General\",\"@id\":\"https:\/\/luchonoticias.com\/editor\/#\/schema\/person\/29217990ddf6f14e35912b2866d591fb\"},\"headline\":\"Luego de 20 a\u00f1os, reconocimiento econ\u00f3mico a monitores de la USCO subi\u00f3 49,6%\",\"datePublished\":\"2024-02-13T12:12:07+00:00\",\"dateModified\":\"2024-02-13T12:12:09+00:00\",\"mainEntityOfPage\":{\"@id\":\"https:\/\/luchonoticias.com\/editor\/luego-de-20-anos-reconocimiento-economico-a-monitores-de-la-usco-subio-496\/\"},\"wordCount\":415,\"commentCount\":0,\"publisher\":{\"@id\":\"https:\/\/luchonoticias.com\/editor\/#\/schema\/person\/7a7fd911f58561fd056dbac7b55af9cd\"},\"articleSection\":[\"Destacado\",\"Judicial\"],\"inLanguage\":\"es\",\"potentialAction\":[{\"@type\":\"CommentAction\",\"name\":\"Comment\",\"target\":[\"https:\/\/luchonoticias.com\/editor\/luego-de-20-anos-reconocimiento-economico-a-monitores-de-la-usco-subio-496\/#respond\"]}]},{\"@type\":\"WebPage\",\"@id\":\"https:\/\/luchonoticias.com\/editor\/luego-de-20-anos-reconocimiento-economico-a-monitores-de-la-usco-subio-496\/\",\"url\":\"https:\/\/luchonoticias.com\/editor\/luego-de-20-anos-reconocimiento-economico-a-monitores-de-la-usco-subio-496\/\",\"name\":\"Luego de 20 a\u00f1os, reconocimiento econ\u00f3mico a monitores de la USCO subi\u00f3 49,6% -\",\"isPartOf\":{\"@id\":\"https:\/\/luchonoticias.com\/editor\/#website\"},\"datePublished\":\"2024-02-13T12:12:07+00:00\",\"dateModified\":\"2024-02-13T12:12:09+00:00\",\"breadcrumb\":{\"@id\":\"https:\/\/luchonoticias.com\/editor\/luego-de-20-anos-reconocimiento-economico-a-monitores-de-la-usco-subio-496\/#breadcrumb\"},\"inLanguage\":\"es\",\"potentialAction\":[{\"@type\":\"ReadAction\",\"target\":[\"https:\/\/luchonoticias.com\/editor\/luego-de-20-anos-reconocimiento-economico-a-monitores-de-la-usco-subio-496\/\"]}]},{\"@type\":\"BreadcrumbList\",\"@id\":\"https:\/\/luchonoticias.com\/editor\/luego-de-20-anos-reconocimiento-economico-a-monitores-de-la-usco-subio-496\/#breadcrumb\",\"itemListElement\":[{\"@type\":\"ListItem\",\"position\":1,\"name\":\"Portada\",\"item\":\"https:\/\/luchonoticias.com\/editor\/\"},{\"@type\":\"ListItem\",\"position\":2,\"name\":\"Luego de 20 a\u00f1os, reconocimiento econ\u00f3mico a monitores de la USCO subi\u00f3 49,6%\"}]},{\"@type\":\"WebSite\",\"@id\":\"https:\/\/luchonoticias.com\/editor\/#website\",\"url\":\"https:\/\/luchonoticias.com\/editor\/\",\"name\":\"\",\"description\":\"\",\"publisher\":{\"@id\":\"https:\/\/luchonoticias.com\/editor\/#\/schema\/person\/7a7fd911f58561fd056dbac7b55af9cd\"},\"potentialAction\":[{\"@type\":\"SearchAction\",\"target\":{\"@type\":\"EntryPoint\",\"urlTemplate\":\"https:\/\/luchonoticias.com\/editor\/?s={search_term_string}\"},\"query-input\":{\"@type\":\"PropertyValueSpecification\",\"valueRequired\":true,\"valueName\":\"search_term_string\"}}],\"inLanguage\":\"es\"},{\"@type\":[\"Person\",\"Organization\"],\"@id\":\"https:\/\/luchonoticias.com\/editor\/#\/schema\/person\/7a7fd911f58561fd056dbac7b55af9cd\",\"name\":\"admin\",\"image\":{\"@type\":\"ImageObject\",\"inLanguage\":\"es\",\"@id\":\"https:\/\/luchonoticias.com\/editor\/#\/schema\/person\/image\/\",\"url\":\"https:\/\/luchonoticias.com\/editor\/wp-content\/uploads\/2024\/02\/cropped-cropped-logolu.webp\",\"contentUrl\":\"https:\/\/luchonoticias.com\/editor\/wp-content\/uploads\/2024\/02\/cropped-cropped-logolu.webp\",\"width\":382,\"height\":170,\"caption\":\"admin\"},\"logo\":{\"@id\":\"https:\/\/luchonoticias.com\/editor\/#\/schema\/person\/image\/\"},\"sameAs\":[\"https:\/\/www.facebook.com\/luchonoticiasneiva\"]},{\"@type\":\"Person\",\"@id\":\"https:\/\/luchonoticias.com\/editor\/#\/schema\/person\/29217990ddf6f14e35912b2866d591fb\",\"name\":\"Editor General\",\"image\":{\"@type\":\"ImageObject\",\"inLanguage\":\"es\",\"@id\":\"https:\/\/luchonoticias.com\/editor\/#\/schema\/person\/image\/\",\"url\":\"https:\/\/luchonoticias.com\/editor\/wp-content\/uploads\/2024\/02\/cropped-cropped-logolu-150x150.webp\",\"contentUrl\":\"https:\/\/luchonoticias.com\/editor\/wp-content\/uploads\/2024\/02\/cropped-cropped-logolu-150x150.webp\",\"caption\":\"Editor General\"},\"sameAs\":[\"https:\/\/luchonoticias.com\/\"],\"url\":\"https:\/\/luchonoticias.com\/editor\/author\/editor-general\/\"}]}<\/script>\n<!-- \/ Yoast SEO plugin. -->","yoast_head_json":{"title":"Luego de 20 a\u00f1os, reconocimiento econ\u00f3mico a monitores de la USCO subi\u00f3 49,6% -","robots":{"index":"index","follow":"follow","max-snippet":"max-snippet:-1","max-image-preview":"max-image-preview:large","max-video-preview":"max-video-preview:-1"},"canonical":"https:\/\/luchonoticias.com\/editor\/luego-de-20-anos-reconocimiento-economico-a-monitores-de-la-usco-subio-496\/","og_locale":"es_ES","og_type":"article","og_title":"Luego de 20 a\u00f1os, reconocimiento econ\u00f3mico a monitores de la USCO subi\u00f3 49,6% -","og_url":"https:\/\/luchonoticias.com\/editor\/luego-de-20-anos-reconocimiento-economico-a-monitores-de-la-usco-subio-496\/","article_publisher":"https:\/\/www.facebook.com\/luchonoticiasneiva","article_published_time":"2024-02-13T12:12:07+00:00","article_modified_time":"2024-02-13T12:12:09+00:00","author":"Editor General","twitter_card":"summary_large_image","twitter_misc":{"Escrito por":"Editor General","Tiempo de lectura":"2 minutos"},"schema":{"@context":"https:\/\/schema.org","@graph":[{"@type":"Article","@id":"https:\/\/luchonoticias.com\/editor\/luego-de-20-anos-reconocimiento-economico-a-monitores-de-la-usco-subio-496\/#article","isPartOf":{"@id":"https:\/\/luchonoticias.com\/editor\/luego-de-20-anos-reconocimiento-economico-a-monitores-de-la-usco-subio-496\/"},"author":{"name":"Editor General","@id":"https:\/\/luchonoticias.com\/editor\/#\/schema\/person\/29217990ddf6f14e35912b2866d591fb"},"headline":"Luego de 20 a\u00f1os, reconocimiento econ\u00f3mico a monitores de la USCO subi\u00f3 49,6%","datePublished":"2024-02-13T12:12:07+00:00","dateModified":"2024-02-13T12:12:09+00:00","mainEntityOfPage":{"@id":"https:\/\/luchonoticias.com\/editor\/luego-de-20-anos-reconocimiento-economico-a-monitores-de-la-usco-subio-496\/"},"wordCount":415,"commentCount":0,"publisher":{"@id":"https:\/\/luchonoticias.com\/editor\/#\/schema\/person\/7a7fd911f58561fd056dbac7b55af9cd"},"articleSection":["Destacado","Judicial"],"inLanguage":"es","potentialAction":[{"@type":"CommentAction","name":"Comment","target":["https:\/\/luchonoticias.com\/editor\/luego-de-20-anos-reconocimiento-economico-a-monitores-de-la-usco-subio-496\/#respond"]}]},{"@type":"WebPage","@id":"https:\/\/luchonoticias.com\/editor\/luego-de-20-anos-reconocimiento-economico-a-monitores-de-la-usco-subio-496\/","url":"https:\/\/luchonoticias.com\/editor\/luego-de-20-anos-reconocimiento-economico-a-monitores-de-la-usco-subio-496\/","name":"Luego de 20 a\u00f1os, reconocimiento econ\u00f3mico a monitores de la USCO subi\u00f3 49,6% -","isPartOf":{"@id":"https:\/\/luchonoticias.com\/editor\/#website"},"datePublished":"2024-02-13T12:12:07+00:00","dateModified":"2024-02-13T12:12:09+00:00","breadcrumb":{"@id":"https:\/\/luchonoticias.com\/editor\/luego-de-20-anos-reconocimiento-economico-a-monitores-de-la-usco-subio-496\/#breadcrumb"},"inLanguage":"es","potentialAction":[{"@type":"ReadAction","target":["https:\/\/luchonoticias.com\/editor\/luego-de-20-anos-reconocimiento-economico-a-monitores-de-la-usco-subio-496\/"]}]},{"@type":"BreadcrumbList","@id":"https:\/\/luchonoticias.com\/editor\/luego-de-20-anos-reconocimiento-economico-a-monitores-de-la-usco-subio-496\/#breadcrumb","itemListElement":[{"@type":"ListItem","position":1,"name":"Portada","item":"https:\/\/luchonoticias.com\/editor\/"},{"@type":"ListItem","position":2,"name":"Luego de 20 a\u00f1os, reconocimiento econ\u00f3mico a monitores de la USCO subi\u00f3 49,6%"}]},{"@type":"WebSite","@id":"https:\/\/luchonoticias.com\/editor\/#website","url":"https:\/\/luchonoticias.com\/editor\/","name":"","description":"","publisher":{"@id":"https:\/\/luchonoticias.com\/editor\/#\/schema\/person\/7a7fd911f58561fd056dbac7b55af9cd"},"potentialAction":[{"@type":"SearchAction","target":{"@type":"EntryPoint","urlTemplate":"https:\/\/luchonoticias.com\/editor\/?s={search_term_string}"},"query-input":{"@type":"PropertyValueSpecification","valueRequired":true,"valueName":"search_term_string"}}],"inLanguage":"es"},{"@type":["Person","Organization"],"@id":"https:\/\/luchonoticias.com\/editor\/#\/schema\/person\/7a7fd911f58561fd056dbac7b55af9cd","name":"admin","image":{"@type":"ImageObject","inLanguage":"es","@id":"https:\/\/luchonoticias.com\/editor\/#\/schema\/person\/image\/","url":"https:\/\/luchonoticias.com\/editor\/wp-content\/uploads\/2024\/02\/cropped-cropped-logolu.webp","contentUrl":"https:\/\/luchonoticias.com\/editor\/wp-content\/uploads\/2024\/02\/cropped-cropped-logolu.webp","width":382,"height":170,"caption":"admin"},"logo":{"@id":"https:\/\/luchonoticias.com\/editor\/#\/schema\/person\/image\/"},"sameAs":["https:\/\/www.facebook.com\/luchonoticiasneiva"]},{"@type":"Person","@id":"https:\/\/luchonoticias.com\/editor\/#\/schema\/person\/29217990ddf6f14e35912b2866d591fb","name":"Editor General","image":{"@type":"ImageObject","inLanguage":"es","@id":"https:\/\/luchonoticias.com\/editor\/#\/schema\/person\/image\/","url":"https:\/\/luchonoticias.com\/editor\/wp-content\/uploads\/2024\/02\/cropped-cropped-logolu-150x150.webp","contentUrl":"https:\/\/luchonoticias.com\/editor\/wp-content\/uploads\/2024\/02\/cropped-cropped-logolu-150x150.webp","caption":"Editor General"},"sameAs":["https:\/\/luchonoticias.com\/"],"url":"https:\/\/luchonoticias.com\/editor\/author\/editor-general\/"}]}},"_links":{"self":[{"href":"https:\/\/luchonoticias.com\/editor\/wp-json\/wp\/v2\/posts\/68645","targetHints":{"allow":["GET"]}}],"collection":[{"href":"https:\/\/luchonoticias.com\/editor\/wp-json\/wp\/v2\/posts"}],"about":[{"href":"https:\/\/luchonoticias.com\/editor\/wp-json\/wp\/v2\/types\/post"}],"author":[{"embeddable":true,"href":"https:\/\/luchonoticias.com\/editor\/wp-json\/wp\/v2\/users\/2"}],"replies":[{"embeddable":true,"href":"https:\/\/luchonoticias.com\/editor\/wp-json\/wp\/v2\/comments?post=68645"}],"version-history":[{"count":0,"href":"https:\/\/luchonoticias.com\/editor\/wp-json\/wp\/v2\/posts\/68645\/revisions"}],"wp:attachment":[{"href":"https:\/\/luchonoticias.com\/editor\/wp-json\/wp\/v2\/media?parent=68645"}],"wp:term":[{"taxonomy":"category","embeddable":true,"href":"https:\/\/luchonoticias.com\/editor\/wp-json\/wp\/v2\/categories?post=68645"},{"taxonomy":"post_tag","embeddable":true,"href":"https:\/\/luchonoticias.com\/editor\/wp-json\/wp\/v2\/tags?post=68645"}],"curies":[{"name":"wp","href":"https:\/\/api.w.org\/{rel}","templated":true}]}}