{"id":68662,"date":"2024-02-13T07:30:33","date_gmt":"2024-02-13T12:30:33","guid":{"rendered":"https:\/\/luchonoticias.com\/?p=68662"},"modified":"2024-02-13T07:30:35","modified_gmt":"2024-02-13T12:30:35","slug":"ejercito-regresa-a-la-libertad-a-tres-personas-secuestradas-por-el-gao-r-en-gigante-huila","status":"publish","type":"post","link":"https:\/\/luchonoticias.com\/editor\/ejercito-regresa-a-la-libertad-a-tres-personas-secuestradas-por-el-gao-r-en-gigante-huila\/","title":{"rendered":"Ej\u00e9rcito regresa a la libertad a tres personas secuestradas por el GAO-r en Gigante, Huila"},"content":{"rendered":"\n<p>Dando cumplimiento a los lineamientos del Plan de Campa\u00f1a Ayacucho, y en desarrollo de operaciones militares, tropas del Batall\u00f3n Especial, Energ\u00e9tico y Vial N.\u00b0 12, de la Novena Brigada, logran la liberaci\u00f3n de tres personas que permanec\u00edan secuestrados al parecer por el GAO-r Ismael Ruiz.<\/p>\n\n\n\n<p>La acci\u00f3n militar se produjo en la vereda El Batambo, del municipio de Gigante, Huila, luego de que las tropas recibieran informaci\u00f3n por parte de la comunidad del sector, alertando sobre el presunto secuestro.<\/p>\n\n\n\n<p>Ante el hecho, el Ej\u00e9rcito Nacional despleg\u00f3 sus capacidades hasta el punto de referencia, donde se encontraban cuatro ciudadanos retenidos y sus captores, quienes al parecer y de acuerdo a la informaci\u00f3n\u00a0 inicial, habr\u00edan tenido minutos antes un forcejeo,\u00a0 acci\u00f3n en la que resultaron heridos dos de los cuatro secuestrados y muerto un presunto integrante del grupo armado organizado.<\/p>\n\n\n\n<figure class=\"wp-block-gallery has-nested-images columns-default is-cropped wp-block-gallery-1 is-layout-flex wp-block-gallery-is-layout-flex\">\n<figure class=\"wp-block-image size-large\"><img decoding=\"async\" data-id=\"68666\" src=\"https:\/\/luchonoticias.com\/wp-content\/uploads\/2024\/02\/WhatsApp-Image-2024-02-13-at-7.22.01-AM-1024x959.jpeg\" alt=\"\" class=\"wp-image-68666\"\/><\/figure>\n\n\n\n<figure class=\"wp-block-image size-large\"><img decoding=\"async\" data-id=\"68665\" src=\"https:\/\/luchonoticias.com\/wp-content\/uploads\/2024\/02\/WhatsApp-Image-2024-02-13-at-7.22.00-AM-1-1024x768.jpeg\" alt=\"\" class=\"wp-image-68665\"\/><\/figure>\n\n\n\n<figure class=\"wp-block-image size-large\"><img decoding=\"async\" data-id=\"68664\" src=\"https:\/\/luchonoticias.com\/wp-content\/uploads\/2024\/02\/WhatsApp-Image-2024-02-13-at-7.22.00-AM-2-1024x768.jpeg\" alt=\"\" class=\"wp-image-68664\"\/><\/figure>\n<\/figure>\n\n\n\n<p>Es oportuno mencionar que uno de los secuestrados, herido por los captores, falleci\u00f3 en el lugar de los hechos, a pesar de los esfuerzos realizados por los enfermeros militares; otro ciudadano herido fue trasladado a un centro asistencial en el municipio de Garz\u00f3n, donde se recupera satisfactoriamente;&nbsp; las otras dos personas fueron rescatadas ilesas por la acci\u00f3n oportuna de la tropa.<\/p>\n\n\n\n<p>As\u00ed mismo, en desarrollo&nbsp; de la operaci\u00f3n, tres sujetos al parecer integrantes del GAO-r Ismael Ruiz fueron capturados. Ten\u00edan en su poder un arma larga tipo fusil, 11 proveedores, de los cuales 4 eran para fusiles Galil, una mira, abundante munici\u00f3n de diferentes calibres, una pistola 9 mil\u00edmetros, una escopeta de repetici\u00f3n y 2 fusiles traum\u00e1ticos. Los individuos y el material incautado quedaron a disposici\u00f3n de la Sij\u00edn de la Polic\u00eda Nacional.<\/p>\n\n\n\n<p>El Ej\u00e9rcito Nacional&nbsp; realizar\u00e1 las respectivas denuncias ante las autoridades competentes por esta flagrante violaci\u00f3n a los derechos humanos que deja como resultado el asesinato de una persona de bien; asimismo reafirma su compromiso de mantener la estabilidad y debilitar la capacidad de las estructuras ilegales que perturban la tranquilidad de las comunidades del departamento del Huila.<\/p>\n","protected":false},"excerpt":{"rendered":"<p>Dando cumplimiento a los lineamientos del Plan de Campa\u00f1a Ayacucho, y en desarrollo de operaciones militares, tropas del Batall\u00f3n Especial, Energ\u00e9tico y Vial N.\u00b0 12, de la Novena Brigada, logran la liberaci\u00f3n de tres personas que permanec\u00edan secuestrados al parecer por el GAO-r Ismael Ruiz. La acci\u00f3n militar se produjo en la vereda El Batambo, [&hellip;]<\/p>\n","protected":false},"author":2,"featured_media":0,"comment_status":"open","ping_status":"open","sticky":false,"template":"","format":"standard","meta":{"footnotes":""},"categories":[36,29],"tags":[],"class_list":["post-68662","post","type-post","status-publish","format-standard","hentry","category-destacado","category-judicial"],"yoast_head":"<!-- This site is optimized with the Yoast SEO plugin v26.6 - https:\/\/yoast.com\/wordpress\/plugins\/seo\/ -->\n<title>Ej\u00e9rcito regresa a la libertad a tres personas secuestradas por el GAO-r en Gigante, Huila -<\/title>\n<meta name=\"robots\" content=\"index, follow, max-snippet:-1, max-image-preview:large, max-video-preview:-1\" \/>\n<link rel=\"canonical\" href=\"https:\/\/luchonoticias.com\/editor\/ejercito-regresa-a-la-libertad-a-tres-personas-secuestradas-por-el-gao-r-en-gigante-huila\/\" \/>\n<meta property=\"og:locale\" content=\"es_ES\" \/>\n<meta property=\"og:type\" content=\"article\" \/>\n<meta property=\"og:title\" content=\"Ej\u00e9rcito regresa a la libertad a tres personas secuestradas por el GAO-r en Gigante, Huila -\" \/>\n<meta property=\"og:url\" content=\"https:\/\/luchonoticias.com\/editor\/ejercito-regresa-a-la-libertad-a-tres-personas-secuestradas-por-el-gao-r-en-gigante-huila\/\" \/>\n<meta property=\"article:publisher\" content=\"https:\/\/www.facebook.com\/luchonoticiasneiva\" \/>\n<meta property=\"article:published_time\" content=\"2024-02-13T12:30:33+00:00\" \/>\n<meta property=\"article:modified_time\" content=\"2024-02-13T12:30:35+00:00\" \/>\n<meta property=\"og:image\" content=\"https:\/\/luchonoticias.com\/wp-content\/uploads\/2024\/02\/WhatsApp-Image-2024-02-13-at-7.22.01-AM-1024x959.jpeg\" \/>\n<meta name=\"author\" content=\"Editor General\" \/>\n<meta name=\"twitter:card\" content=\"summary_large_image\" \/>\n<meta name=\"twitter:label1\" content=\"Escrito por\" \/>\n\t<meta name=\"twitter:data1\" content=\"Editor General\" \/>\n\t<meta name=\"twitter:label2\" content=\"Tiempo de lectura\" \/>\n\t<meta name=\"twitter:data2\" content=\"2 minutos\" \/>\n<script type=\"application\/ld+json\" class=\"yoast-schema-graph\">{\"@context\":\"https:\/\/schema.org\",\"@graph\":[{\"@type\":\"Article\",\"@id\":\"https:\/\/luchonoticias.com\/editor\/ejercito-regresa-a-la-libertad-a-tres-personas-secuestradas-por-el-gao-r-en-gigante-huila\/#article\",\"isPartOf\":{\"@id\":\"https:\/\/luchonoticias.com\/editor\/ejercito-regresa-a-la-libertad-a-tres-personas-secuestradas-por-el-gao-r-en-gigante-huila\/\"},\"author\":{\"name\":\"Editor General\",\"@id\":\"https:\/\/luchonoticias.com\/editor\/#\/schema\/person\/29217990ddf6f14e35912b2866d591fb\"},\"headline\":\"Ej\u00e9rcito regresa a la libertad a tres personas secuestradas por el GAO-r en Gigante, Huila\",\"datePublished\":\"2024-02-13T12:30:33+00:00\",\"dateModified\":\"2024-02-13T12:30:35+00:00\",\"mainEntityOfPage\":{\"@id\":\"https:\/\/luchonoticias.com\/editor\/ejercito-regresa-a-la-libertad-a-tres-personas-secuestradas-por-el-gao-r-en-gigante-huila\/\"},\"wordCount\":366,\"commentCount\":0,\"publisher\":{\"@id\":\"https:\/\/luchonoticias.com\/editor\/#\/schema\/person\/7a7fd911f58561fd056dbac7b55af9cd\"},\"image\":{\"@id\":\"https:\/\/luchonoticias.com\/editor\/ejercito-regresa-a-la-libertad-a-tres-personas-secuestradas-por-el-gao-r-en-gigante-huila\/#primaryimage\"},\"thumbnailUrl\":\"https:\/\/luchonoticias.com\/wp-content\/uploads\/2024\/02\/WhatsApp-Image-2024-02-13-at-7.22.01-AM-1024x959.jpeg\",\"articleSection\":[\"Destacado\",\"Judicial\"],\"inLanguage\":\"es\",\"potentialAction\":[{\"@type\":\"CommentAction\",\"name\":\"Comment\",\"target\":[\"https:\/\/luchonoticias.com\/editor\/ejercito-regresa-a-la-libertad-a-tres-personas-secuestradas-por-el-gao-r-en-gigante-huila\/#respond\"]}]},{\"@type\":\"WebPage\",\"@id\":\"https:\/\/luchonoticias.com\/editor\/ejercito-regresa-a-la-libertad-a-tres-personas-secuestradas-por-el-gao-r-en-gigante-huila\/\",\"url\":\"https:\/\/luchonoticias.com\/editor\/ejercito-regresa-a-la-libertad-a-tres-personas-secuestradas-por-el-gao-r-en-gigante-huila\/\",\"name\":\"Ej\u00e9rcito regresa a la libertad a tres personas secuestradas por el GAO-r en Gigante, Huila -\",\"isPartOf\":{\"@id\":\"https:\/\/luchonoticias.com\/editor\/#website\"},\"primaryImageOfPage\":{\"@id\":\"https:\/\/luchonoticias.com\/editor\/ejercito-regresa-a-la-libertad-a-tres-personas-secuestradas-por-el-gao-r-en-gigante-huila\/#primaryimage\"},\"image\":{\"@id\":\"https:\/\/luchonoticias.com\/editor\/ejercito-regresa-a-la-libertad-a-tres-personas-secuestradas-por-el-gao-r-en-gigante-huila\/#primaryimage\"},\"thumbnailUrl\":\"https:\/\/luchonoticias.com\/wp-content\/uploads\/2024\/02\/WhatsApp-Image-2024-02-13-at-7.22.01-AM-1024x959.jpeg\",\"datePublished\":\"2024-02-13T12:30:33+00:00\",\"dateModified\":\"2024-02-13T12:30:35+00:00\",\"breadcrumb\":{\"@id\":\"https:\/\/luchonoticias.com\/editor\/ejercito-regresa-a-la-libertad-a-tres-personas-secuestradas-por-el-gao-r-en-gigante-huila\/#breadcrumb\"},\"inLanguage\":\"es\",\"potentialAction\":[{\"@type\":\"ReadAction\",\"target\":[\"https:\/\/luchonoticias.com\/editor\/ejercito-regresa-a-la-libertad-a-tres-personas-secuestradas-por-el-gao-r-en-gigante-huila\/\"]}]},{\"@type\":\"ImageObject\",\"inLanguage\":\"es\",\"@id\":\"https:\/\/luchonoticias.com\/editor\/ejercito-regresa-a-la-libertad-a-tres-personas-secuestradas-por-el-gao-r-en-gigante-huila\/#primaryimage\",\"url\":\"https:\/\/luchonoticias.com\/wp-content\/uploads\/2024\/02\/WhatsApp-Image-2024-02-13-at-7.22.01-AM-1024x959.jpeg\",\"contentUrl\":\"https:\/\/luchonoticias.com\/wp-content\/uploads\/2024\/02\/WhatsApp-Image-2024-02-13-at-7.22.01-AM-1024x959.jpeg\"},{\"@type\":\"BreadcrumbList\",\"@id\":\"https:\/\/luchonoticias.com\/editor\/ejercito-regresa-a-la-libertad-a-tres-personas-secuestradas-por-el-gao-r-en-gigante-huila\/#breadcrumb\",\"itemListElement\":[{\"@type\":\"ListItem\",\"position\":1,\"name\":\"Portada\",\"item\":\"https:\/\/luchonoticias.com\/editor\/\"},{\"@type\":\"ListItem\",\"position\":2,\"name\":\"Ej\u00e9rcito regresa a la libertad a tres personas secuestradas por el GAO-r en Gigante, Huila\"}]},{\"@type\":\"WebSite\",\"@id\":\"https:\/\/luchonoticias.com\/editor\/#website\",\"url\":\"https:\/\/luchonoticias.com\/editor\/\",\"name\":\"\",\"description\":\"\",\"publisher\":{\"@id\":\"https:\/\/luchonoticias.com\/editor\/#\/schema\/person\/7a7fd911f58561fd056dbac7b55af9cd\"},\"potentialAction\":[{\"@type\":\"SearchAction\",\"target\":{\"@type\":\"EntryPoint\",\"urlTemplate\":\"https:\/\/luchonoticias.com\/editor\/?s={search_term_string}\"},\"query-input\":{\"@type\":\"PropertyValueSpecification\",\"valueRequired\":true,\"valueName\":\"search_term_string\"}}],\"inLanguage\":\"es\"},{\"@type\":[\"Person\",\"Organization\"],\"@id\":\"https:\/\/luchonoticias.com\/editor\/#\/schema\/person\/7a7fd911f58561fd056dbac7b55af9cd\",\"name\":\"admin\",\"image\":{\"@type\":\"ImageObject\",\"inLanguage\":\"es\",\"@id\":\"https:\/\/luchonoticias.com\/editor\/#\/schema\/person\/image\/\",\"url\":\"https:\/\/luchonoticias.com\/editor\/wp-content\/uploads\/2024\/02\/cropped-cropped-logolu.webp\",\"contentUrl\":\"https:\/\/luchonoticias.com\/editor\/wp-content\/uploads\/2024\/02\/cropped-cropped-logolu.webp\",\"width\":382,\"height\":170,\"caption\":\"admin\"},\"logo\":{\"@id\":\"https:\/\/luchonoticias.com\/editor\/#\/schema\/person\/image\/\"},\"sameAs\":[\"https:\/\/www.facebook.com\/luchonoticiasneiva\"]},{\"@type\":\"Person\",\"@id\":\"https:\/\/luchonoticias.com\/editor\/#\/schema\/person\/29217990ddf6f14e35912b2866d591fb\",\"name\":\"Editor General\",\"image\":{\"@type\":\"ImageObject\",\"inLanguage\":\"es\",\"@id\":\"https:\/\/luchonoticias.com\/editor\/#\/schema\/person\/image\/\",\"url\":\"https:\/\/luchonoticias.com\/editor\/wp-content\/uploads\/2024\/02\/cropped-cropped-logolu-150x150.webp\",\"contentUrl\":\"https:\/\/luchonoticias.com\/editor\/wp-content\/uploads\/2024\/02\/cropped-cropped-logolu-150x150.webp\",\"caption\":\"Editor General\"},\"sameAs\":[\"https:\/\/luchonoticias.com\/\"],\"url\":\"https:\/\/luchonoticias.com\/editor\/author\/editor-general\/\"}]}<\/script>\n<!-- \/ Yoast SEO plugin. -->","yoast_head_json":{"title":"Ej\u00e9rcito regresa a la libertad a tres personas secuestradas por el GAO-r en Gigante, Huila -","robots":{"index":"index","follow":"follow","max-snippet":"max-snippet:-1","max-image-preview":"max-image-preview:large","max-video-preview":"max-video-preview:-1"},"canonical":"https:\/\/luchonoticias.com\/editor\/ejercito-regresa-a-la-libertad-a-tres-personas-secuestradas-por-el-gao-r-en-gigante-huila\/","og_locale":"es_ES","og_type":"article","og_title":"Ej\u00e9rcito regresa a la libertad a tres personas secuestradas por el GAO-r en Gigante, Huila -","og_url":"https:\/\/luchonoticias.com\/editor\/ejercito-regresa-a-la-libertad-a-tres-personas-secuestradas-por-el-gao-r-en-gigante-huila\/","article_publisher":"https:\/\/www.facebook.com\/luchonoticiasneiva","article_published_time":"2024-02-13T12:30:33+00:00","article_modified_time":"2024-02-13T12:30:35+00:00","og_image":[{"url":"https:\/\/luchonoticias.com\/wp-content\/uploads\/2024\/02\/WhatsApp-Image-2024-02-13-at-7.22.01-AM-1024x959.jpeg","type":"","width":"","height":""}],"author":"Editor General","twitter_card":"summary_large_image","twitter_misc":{"Escrito por":"Editor General","Tiempo de lectura":"2 minutos"},"schema":{"@context":"https:\/\/schema.org","@graph":[{"@type":"Article","@id":"https:\/\/luchonoticias.com\/editor\/ejercito-regresa-a-la-libertad-a-tres-personas-secuestradas-por-el-gao-r-en-gigante-huila\/#article","isPartOf":{"@id":"https:\/\/luchonoticias.com\/editor\/ejercito-regresa-a-la-libertad-a-tres-personas-secuestradas-por-el-gao-r-en-gigante-huila\/"},"author":{"name":"Editor General","@id":"https:\/\/luchonoticias.com\/editor\/#\/schema\/person\/29217990ddf6f14e35912b2866d591fb"},"headline":"Ej\u00e9rcito regresa a la libertad a tres personas secuestradas por el GAO-r en Gigante, Huila","datePublished":"2024-02-13T12:30:33+00:00","dateModified":"2024-02-13T12:30:35+00:00","mainEntityOfPage":{"@id":"https:\/\/luchonoticias.com\/editor\/ejercito-regresa-a-la-libertad-a-tres-personas-secuestradas-por-el-gao-r-en-gigante-huila\/"},"wordCount":366,"commentCount":0,"publisher":{"@id":"https:\/\/luchonoticias.com\/editor\/#\/schema\/person\/7a7fd911f58561fd056dbac7b55af9cd"},"image":{"@id":"https:\/\/luchonoticias.com\/editor\/ejercito-regresa-a-la-libertad-a-tres-personas-secuestradas-por-el-gao-r-en-gigante-huila\/#primaryimage"},"thumbnailUrl":"https:\/\/luchonoticias.com\/wp-content\/uploads\/2024\/02\/WhatsApp-Image-2024-02-13-at-7.22.01-AM-1024x959.jpeg","articleSection":["Destacado","Judicial"],"inLanguage":"es","potentialAction":[{"@type":"CommentAction","name":"Comment","target":["https:\/\/luchonoticias.com\/editor\/ejercito-regresa-a-la-libertad-a-tres-personas-secuestradas-por-el-gao-r-en-gigante-huila\/#respond"]}]},{"@type":"WebPage","@id":"https:\/\/luchonoticias.com\/editor\/ejercito-regresa-a-la-libertad-a-tres-personas-secuestradas-por-el-gao-r-en-gigante-huila\/","url":"https:\/\/luchonoticias.com\/editor\/ejercito-regresa-a-la-libertad-a-tres-personas-secuestradas-por-el-gao-r-en-gigante-huila\/","name":"Ej\u00e9rcito regresa a la libertad a tres personas secuestradas por el GAO-r en Gigante, Huila -","isPartOf":{"@id":"https:\/\/luchonoticias.com\/editor\/#website"},"primaryImageOfPage":{"@id":"https:\/\/luchonoticias.com\/editor\/ejercito-regresa-a-la-libertad-a-tres-personas-secuestradas-por-el-gao-r-en-gigante-huila\/#primaryimage"},"image":{"@id":"https:\/\/luchonoticias.com\/editor\/ejercito-regresa-a-la-libertad-a-tres-personas-secuestradas-por-el-gao-r-en-gigante-huila\/#primaryimage"},"thumbnailUrl":"https:\/\/luchonoticias.com\/wp-content\/uploads\/2024\/02\/WhatsApp-Image-2024-02-13-at-7.22.01-AM-1024x959.jpeg","datePublished":"2024-02-13T12:30:33+00:00","dateModified":"2024-02-13T12:30:35+00:00","breadcrumb":{"@id":"https:\/\/luchonoticias.com\/editor\/ejercito-regresa-a-la-libertad-a-tres-personas-secuestradas-por-el-gao-r-en-gigante-huila\/#breadcrumb"},"inLanguage":"es","potentialAction":[{"@type":"ReadAction","target":["https:\/\/luchonoticias.com\/editor\/ejercito-regresa-a-la-libertad-a-tres-personas-secuestradas-por-el-gao-r-en-gigante-huila\/"]}]},{"@type":"ImageObject","inLanguage":"es","@id":"https:\/\/luchonoticias.com\/editor\/ejercito-regresa-a-la-libertad-a-tres-personas-secuestradas-por-el-gao-r-en-gigante-huila\/#primaryimage","url":"https:\/\/luchonoticias.com\/wp-content\/uploads\/2024\/02\/WhatsApp-Image-2024-02-13-at-7.22.01-AM-1024x959.jpeg","contentUrl":"https:\/\/luchonoticias.com\/wp-content\/uploads\/2024\/02\/WhatsApp-Image-2024-02-13-at-7.22.01-AM-1024x959.jpeg"},{"@type":"BreadcrumbList","@id":"https:\/\/luchonoticias.com\/editor\/ejercito-regresa-a-la-libertad-a-tres-personas-secuestradas-por-el-gao-r-en-gigante-huila\/#breadcrumb","itemListElement":[{"@type":"ListItem","position":1,"name":"Portada","item":"https:\/\/luchonoticias.com\/editor\/"},{"@type":"ListItem","position":2,"name":"Ej\u00e9rcito regresa a la libertad a tres personas secuestradas por el GAO-r en Gigante, Huila"}]},{"@type":"WebSite","@id":"https:\/\/luchonoticias.com\/editor\/#website","url":"https:\/\/luchonoticias.com\/editor\/","name":"","description":"","publisher":{"@id":"https:\/\/luchonoticias.com\/editor\/#\/schema\/person\/7a7fd911f58561fd056dbac7b55af9cd"},"potentialAction":[{"@type":"SearchAction","target":{"@type":"EntryPoint","urlTemplate":"https:\/\/luchonoticias.com\/editor\/?s={search_term_string}"},"query-input":{"@type":"PropertyValueSpecification","valueRequired":true,"valueName":"search_term_string"}}],"inLanguage":"es"},{"@type":["Person","Organization"],"@id":"https:\/\/luchonoticias.com\/editor\/#\/schema\/person\/7a7fd911f58561fd056dbac7b55af9cd","name":"admin","image":{"@type":"ImageObject","inLanguage":"es","@id":"https:\/\/luchonoticias.com\/editor\/#\/schema\/person\/image\/","url":"https:\/\/luchonoticias.com\/editor\/wp-content\/uploads\/2024\/02\/cropped-cropped-logolu.webp","contentUrl":"https:\/\/luchonoticias.com\/editor\/wp-content\/uploads\/2024\/02\/cropped-cropped-logolu.webp","width":382,"height":170,"caption":"admin"},"logo":{"@id":"https:\/\/luchonoticias.com\/editor\/#\/schema\/person\/image\/"},"sameAs":["https:\/\/www.facebook.com\/luchonoticiasneiva"]},{"@type":"Person","@id":"https:\/\/luchonoticias.com\/editor\/#\/schema\/person\/29217990ddf6f14e35912b2866d591fb","name":"Editor General","image":{"@type":"ImageObject","inLanguage":"es","@id":"https:\/\/luchonoticias.com\/editor\/#\/schema\/person\/image\/","url":"https:\/\/luchonoticias.com\/editor\/wp-content\/uploads\/2024\/02\/cropped-cropped-logolu-150x150.webp","contentUrl":"https:\/\/luchonoticias.com\/editor\/wp-content\/uploads\/2024\/02\/cropped-cropped-logolu-150x150.webp","caption":"Editor General"},"sameAs":["https:\/\/luchonoticias.com\/"],"url":"https:\/\/luchonoticias.com\/editor\/author\/editor-general\/"}]}},"_links":{"self":[{"href":"https:\/\/luchonoticias.com\/editor\/wp-json\/wp\/v2\/posts\/68662","targetHints":{"allow":["GET"]}}],"collection":[{"href":"https:\/\/luchonoticias.com\/editor\/wp-json\/wp\/v2\/posts"}],"about":[{"href":"https:\/\/luchonoticias.com\/editor\/wp-json\/wp\/v2\/types\/post"}],"author":[{"embeddable":true,"href":"https:\/\/luchonoticias.com\/editor\/wp-json\/wp\/v2\/users\/2"}],"replies":[{"embeddable":true,"href":"https:\/\/luchonoticias.com\/editor\/wp-json\/wp\/v2\/comments?post=68662"}],"version-history":[{"count":0,"href":"https:\/\/luchonoticias.com\/editor\/wp-json\/wp\/v2\/posts\/68662\/revisions"}],"wp:attachment":[{"href":"https:\/\/luchonoticias.com\/editor\/wp-json\/wp\/v2\/media?parent=68662"}],"wp:term":[{"taxonomy":"category","embeddable":true,"href":"https:\/\/luchonoticias.com\/editor\/wp-json\/wp\/v2\/categories?post=68662"},{"taxonomy":"post_tag","embeddable":true,"href":"https:\/\/luchonoticias.com\/editor\/wp-json\/wp\/v2\/tags?post=68662"}],"curies":[{"name":"wp","href":"https:\/\/api.w.org\/{rel}","templated":true}]}}