{"id":68752,"date":"2024-02-14T07:28:51","date_gmt":"2024-02-14T12:28:51","guid":{"rendered":"https:\/\/luchonoticias.com\/?p=68752"},"modified":"2024-02-14T07:28:54","modified_gmt":"2024-02-14T12:28:54","slug":"cidh-le-pide-a-la-corte-suprema-de-justicia-elegir-fiscal-general-a-la-mayor-brevedad-posible","status":"publish","type":"post","link":"https:\/\/luchonoticias.com\/editor\/cidh-le-pide-a-la-corte-suprema-de-justicia-elegir-fiscal-general-a-la-mayor-brevedad-posible\/","title":{"rendered":"CIDH le pide a la Corte Suprema de Justicia elegir fiscal general \u2018a la mayor brevedad posible\u2019"},"content":{"rendered":"\n<p>La Comisi\u00f3n Interamericana de Derechos Humanos (CIDH) inst\u00f3 a la Corte Suprema de Justicia a cumplir su deber constitucional de elegir \u201ca la mayor brevedad posible\u201d la persona titular de la Fiscal\u00eda General de la Naci\u00f3n, \u201cbajo los preceptos de imparcialidad e institucionalidad\u201d.<\/p>\n\n\n\n<p>En un comunicado de prensa emitido este martes, el organismo se\u00f1ala que sigue de cerca el proceso de selecci\u00f3n del nuevo fiscal general y \u201crecuerda que la falta de designaci\u00f3n de una persona titular podr\u00eda debilitar el sistema de justicia colombiano\u201d.<\/p>\n\n\n\n<p>La elecci\u00f3n del nuevo titular de la Fiscal\u00eda General de la Naci\u00f3n estaba prevista para culminar el pasado 7 de diciembre de 2023, indica la CIDH, y destaca que la Presidencia de la Rep\u00fablica hizo el env\u00edo oportuno \u201cde una terna integrada por personas de reconocida idoneidad profesional para el cargo\u201d, el pasado 2 de agosto.<\/p>\n\n\n\n<p>\u201cSin embargo, debido a la falta de qu\u00f3rum y, posteriormente, a la falta de acuerdo pol\u00edtico entre las personas magistradas, la instituci\u00f3n quedar\u00e1 bajo un mandato interino a partir del 12 de febrero de 2024, fecha en la que culmin\u00f3 el periodo del anterior fiscal general\u201d, se\u00f1ala la Comisi\u00f3n.<\/p>\n\n\n\n<p>El organismo interamericano subraya que este proceso de selecci\u00f3n debe realizarse \u201ccon transparencia y acceso a la informaci\u00f3n, asegurando los criterios de igualdad, no discriminaci\u00f3n, formaci\u00f3n y m\u00e9rito\u201d, de acuerdo con los est\u00e1ndares internacionales e interamericanos de derechos humanos y \u201clibre de todo tipo de interferencia, asedio o presiones indebidas\u201d.<\/p>\n\n\n\n<p>\u201cLa Comisi\u00f3n destaca que la Fiscal\u00eda General de la Naci\u00f3n, al tener el monopolio de la acci\u00f3n penal, juega un papel fundamental en la lucha contra la impunidad, el acceso a la justicia y en la preservaci\u00f3n de la democracia y del Estado de derecho en Colombia. La ausencia de una persona titular y la designaci\u00f3n de personas interinas puede afectar a su independencia y autonom\u00eda\u201d, cita el comunicado de la CIDH.<\/p>\n\n\n\n<p>El organismo \u201chace un llamado a todos los estamentos del Estado a priorizar la institucionalidad democr\u00e1tica colombiana en el ejercicio de sus funciones\u201d y pide al Ejecutivo brindar todas las garant\u00edas y condiciones necesarias \u201cpara que dicho proceso culmine sin interferencias\u201d.<\/p>\n","protected":false},"excerpt":{"rendered":"<p>La Comisi\u00f3n Interamericana de Derechos Humanos (CIDH) inst\u00f3 a la Corte Suprema de Justicia a cumplir su deber constitucional de elegir \u201ca la mayor brevedad posible\u201d la persona titular de la Fiscal\u00eda General de la Naci\u00f3n, \u201cbajo los preceptos de imparcialidad e institucionalidad\u201d. En un comunicado de prensa emitido este martes, el organismo se\u00f1ala que [&hellip;]<\/p>\n","protected":false},"author":2,"featured_media":0,"comment_status":"open","ping_status":"open","sticky":false,"template":"","format":"standard","meta":{"footnotes":""},"categories":[28,36],"tags":[],"class_list":["post-68752","post","type-post","status-publish","format-standard","hentry","category-actualidad","category-destacado"],"yoast_head":"<!-- This site is optimized with the Yoast SEO plugin v26.6 - https:\/\/yoast.com\/wordpress\/plugins\/seo\/ -->\n<title>CIDH le pide a la Corte Suprema de Justicia elegir fiscal general \u2018a la mayor brevedad posible\u2019 -<\/title>\n<meta name=\"robots\" content=\"index, follow, max-snippet:-1, max-image-preview:large, max-video-preview:-1\" \/>\n<link rel=\"canonical\" href=\"https:\/\/luchonoticias.com\/editor\/cidh-le-pide-a-la-corte-suprema-de-justicia-elegir-fiscal-general-a-la-mayor-brevedad-posible\/\" \/>\n<meta property=\"og:locale\" content=\"es_ES\" \/>\n<meta property=\"og:type\" content=\"article\" \/>\n<meta property=\"og:title\" content=\"CIDH le pide a la Corte Suprema de Justicia elegir fiscal general \u2018a la mayor brevedad posible\u2019 -\" \/>\n<meta property=\"og:url\" content=\"https:\/\/luchonoticias.com\/editor\/cidh-le-pide-a-la-corte-suprema-de-justicia-elegir-fiscal-general-a-la-mayor-brevedad-posible\/\" \/>\n<meta property=\"article:publisher\" content=\"https:\/\/www.facebook.com\/luchonoticiasneiva\" \/>\n<meta property=\"article:published_time\" content=\"2024-02-14T12:28:51+00:00\" \/>\n<meta property=\"article:modified_time\" content=\"2024-02-14T12:28:54+00:00\" \/>\n<meta name=\"author\" content=\"Editor General\" \/>\n<meta name=\"twitter:card\" content=\"summary_large_image\" \/>\n<meta name=\"twitter:label1\" content=\"Escrito por\" \/>\n\t<meta name=\"twitter:data1\" content=\"Editor General\" \/>\n\t<meta name=\"twitter:label2\" content=\"Tiempo de lectura\" \/>\n\t<meta name=\"twitter:data2\" content=\"2 minutos\" \/>\n<script type=\"application\/ld+json\" class=\"yoast-schema-graph\">{\"@context\":\"https:\/\/schema.org\",\"@graph\":[{\"@type\":\"Article\",\"@id\":\"https:\/\/luchonoticias.com\/editor\/cidh-le-pide-a-la-corte-suprema-de-justicia-elegir-fiscal-general-a-la-mayor-brevedad-posible\/#article\",\"isPartOf\":{\"@id\":\"https:\/\/luchonoticias.com\/editor\/cidh-le-pide-a-la-corte-suprema-de-justicia-elegir-fiscal-general-a-la-mayor-brevedad-posible\/\"},\"author\":{\"name\":\"Editor General\",\"@id\":\"https:\/\/luchonoticias.com\/editor\/#\/schema\/person\/29217990ddf6f14e35912b2866d591fb\"},\"headline\":\"CIDH le pide a la Corte Suprema de Justicia elegir fiscal general \u2018a la mayor brevedad posible\u2019\",\"datePublished\":\"2024-02-14T12:28:51+00:00\",\"dateModified\":\"2024-02-14T12:28:54+00:00\",\"mainEntityOfPage\":{\"@id\":\"https:\/\/luchonoticias.com\/editor\/cidh-le-pide-a-la-corte-suprema-de-justicia-elegir-fiscal-general-a-la-mayor-brevedad-posible\/\"},\"wordCount\":396,\"commentCount\":0,\"publisher\":{\"@id\":\"https:\/\/luchonoticias.com\/editor\/#\/schema\/person\/7a7fd911f58561fd056dbac7b55af9cd\"},\"articleSection\":[\"Actualidad\",\"Destacado\"],\"inLanguage\":\"es\",\"potentialAction\":[{\"@type\":\"CommentAction\",\"name\":\"Comment\",\"target\":[\"https:\/\/luchonoticias.com\/editor\/cidh-le-pide-a-la-corte-suprema-de-justicia-elegir-fiscal-general-a-la-mayor-brevedad-posible\/#respond\"]}]},{\"@type\":\"WebPage\",\"@id\":\"https:\/\/luchonoticias.com\/editor\/cidh-le-pide-a-la-corte-suprema-de-justicia-elegir-fiscal-general-a-la-mayor-brevedad-posible\/\",\"url\":\"https:\/\/luchonoticias.com\/editor\/cidh-le-pide-a-la-corte-suprema-de-justicia-elegir-fiscal-general-a-la-mayor-brevedad-posible\/\",\"name\":\"CIDH le pide a la Corte Suprema de Justicia elegir fiscal general \u2018a la mayor brevedad posible\u2019 -\",\"isPartOf\":{\"@id\":\"https:\/\/luchonoticias.com\/editor\/#website\"},\"datePublished\":\"2024-02-14T12:28:51+00:00\",\"dateModified\":\"2024-02-14T12:28:54+00:00\",\"breadcrumb\":{\"@id\":\"https:\/\/luchonoticias.com\/editor\/cidh-le-pide-a-la-corte-suprema-de-justicia-elegir-fiscal-general-a-la-mayor-brevedad-posible\/#breadcrumb\"},\"inLanguage\":\"es\",\"potentialAction\":[{\"@type\":\"ReadAction\",\"target\":[\"https:\/\/luchonoticias.com\/editor\/cidh-le-pide-a-la-corte-suprema-de-justicia-elegir-fiscal-general-a-la-mayor-brevedad-posible\/\"]}]},{\"@type\":\"BreadcrumbList\",\"@id\":\"https:\/\/luchonoticias.com\/editor\/cidh-le-pide-a-la-corte-suprema-de-justicia-elegir-fiscal-general-a-la-mayor-brevedad-posible\/#breadcrumb\",\"itemListElement\":[{\"@type\":\"ListItem\",\"position\":1,\"name\":\"Portada\",\"item\":\"https:\/\/luchonoticias.com\/editor\/\"},{\"@type\":\"ListItem\",\"position\":2,\"name\":\"CIDH le pide a la Corte Suprema de Justicia elegir fiscal general \u2018a la mayor brevedad posible\u2019\"}]},{\"@type\":\"WebSite\",\"@id\":\"https:\/\/luchonoticias.com\/editor\/#website\",\"url\":\"https:\/\/luchonoticias.com\/editor\/\",\"name\":\"\",\"description\":\"\",\"publisher\":{\"@id\":\"https:\/\/luchonoticias.com\/editor\/#\/schema\/person\/7a7fd911f58561fd056dbac7b55af9cd\"},\"potentialAction\":[{\"@type\":\"SearchAction\",\"target\":{\"@type\":\"EntryPoint\",\"urlTemplate\":\"https:\/\/luchonoticias.com\/editor\/?s={search_term_string}\"},\"query-input\":{\"@type\":\"PropertyValueSpecification\",\"valueRequired\":true,\"valueName\":\"search_term_string\"}}],\"inLanguage\":\"es\"},{\"@type\":[\"Person\",\"Organization\"],\"@id\":\"https:\/\/luchonoticias.com\/editor\/#\/schema\/person\/7a7fd911f58561fd056dbac7b55af9cd\",\"name\":\"admin\",\"image\":{\"@type\":\"ImageObject\",\"inLanguage\":\"es\",\"@id\":\"https:\/\/luchonoticias.com\/editor\/#\/schema\/person\/image\/\",\"url\":\"https:\/\/luchonoticias.com\/editor\/wp-content\/uploads\/2024\/02\/cropped-cropped-logolu.webp\",\"contentUrl\":\"https:\/\/luchonoticias.com\/editor\/wp-content\/uploads\/2024\/02\/cropped-cropped-logolu.webp\",\"width\":382,\"height\":170,\"caption\":\"admin\"},\"logo\":{\"@id\":\"https:\/\/luchonoticias.com\/editor\/#\/schema\/person\/image\/\"},\"sameAs\":[\"https:\/\/www.facebook.com\/luchonoticiasneiva\"]},{\"@type\":\"Person\",\"@id\":\"https:\/\/luchonoticias.com\/editor\/#\/schema\/person\/29217990ddf6f14e35912b2866d591fb\",\"name\":\"Editor General\",\"image\":{\"@type\":\"ImageObject\",\"inLanguage\":\"es\",\"@id\":\"https:\/\/luchonoticias.com\/editor\/#\/schema\/person\/image\/\",\"url\":\"https:\/\/luchonoticias.com\/editor\/wp-content\/uploads\/2024\/02\/cropped-cropped-logolu-150x150.webp\",\"contentUrl\":\"https:\/\/luchonoticias.com\/editor\/wp-content\/uploads\/2024\/02\/cropped-cropped-logolu-150x150.webp\",\"caption\":\"Editor General\"},\"sameAs\":[\"https:\/\/luchonoticias.com\/\"],\"url\":\"https:\/\/luchonoticias.com\/editor\/author\/editor-general\/\"}]}<\/script>\n<!-- \/ Yoast SEO plugin. -->","yoast_head_json":{"title":"CIDH le pide a la Corte Suprema de Justicia elegir fiscal general \u2018a la mayor brevedad posible\u2019 -","robots":{"index":"index","follow":"follow","max-snippet":"max-snippet:-1","max-image-preview":"max-image-preview:large","max-video-preview":"max-video-preview:-1"},"canonical":"https:\/\/luchonoticias.com\/editor\/cidh-le-pide-a-la-corte-suprema-de-justicia-elegir-fiscal-general-a-la-mayor-brevedad-posible\/","og_locale":"es_ES","og_type":"article","og_title":"CIDH le pide a la Corte Suprema de Justicia elegir fiscal general \u2018a la mayor brevedad posible\u2019 -","og_url":"https:\/\/luchonoticias.com\/editor\/cidh-le-pide-a-la-corte-suprema-de-justicia-elegir-fiscal-general-a-la-mayor-brevedad-posible\/","article_publisher":"https:\/\/www.facebook.com\/luchonoticiasneiva","article_published_time":"2024-02-14T12:28:51+00:00","article_modified_time":"2024-02-14T12:28:54+00:00","author":"Editor General","twitter_card":"summary_large_image","twitter_misc":{"Escrito por":"Editor General","Tiempo de lectura":"2 minutos"},"schema":{"@context":"https:\/\/schema.org","@graph":[{"@type":"Article","@id":"https:\/\/luchonoticias.com\/editor\/cidh-le-pide-a-la-corte-suprema-de-justicia-elegir-fiscal-general-a-la-mayor-brevedad-posible\/#article","isPartOf":{"@id":"https:\/\/luchonoticias.com\/editor\/cidh-le-pide-a-la-corte-suprema-de-justicia-elegir-fiscal-general-a-la-mayor-brevedad-posible\/"},"author":{"name":"Editor General","@id":"https:\/\/luchonoticias.com\/editor\/#\/schema\/person\/29217990ddf6f14e35912b2866d591fb"},"headline":"CIDH le pide a la Corte Suprema de Justicia elegir fiscal general \u2018a la mayor brevedad posible\u2019","datePublished":"2024-02-14T12:28:51+00:00","dateModified":"2024-02-14T12:28:54+00:00","mainEntityOfPage":{"@id":"https:\/\/luchonoticias.com\/editor\/cidh-le-pide-a-la-corte-suprema-de-justicia-elegir-fiscal-general-a-la-mayor-brevedad-posible\/"},"wordCount":396,"commentCount":0,"publisher":{"@id":"https:\/\/luchonoticias.com\/editor\/#\/schema\/person\/7a7fd911f58561fd056dbac7b55af9cd"},"articleSection":["Actualidad","Destacado"],"inLanguage":"es","potentialAction":[{"@type":"CommentAction","name":"Comment","target":["https:\/\/luchonoticias.com\/editor\/cidh-le-pide-a-la-corte-suprema-de-justicia-elegir-fiscal-general-a-la-mayor-brevedad-posible\/#respond"]}]},{"@type":"WebPage","@id":"https:\/\/luchonoticias.com\/editor\/cidh-le-pide-a-la-corte-suprema-de-justicia-elegir-fiscal-general-a-la-mayor-brevedad-posible\/","url":"https:\/\/luchonoticias.com\/editor\/cidh-le-pide-a-la-corte-suprema-de-justicia-elegir-fiscal-general-a-la-mayor-brevedad-posible\/","name":"CIDH le pide a la Corte Suprema de Justicia elegir fiscal general \u2018a la mayor brevedad posible\u2019 -","isPartOf":{"@id":"https:\/\/luchonoticias.com\/editor\/#website"},"datePublished":"2024-02-14T12:28:51+00:00","dateModified":"2024-02-14T12:28:54+00:00","breadcrumb":{"@id":"https:\/\/luchonoticias.com\/editor\/cidh-le-pide-a-la-corte-suprema-de-justicia-elegir-fiscal-general-a-la-mayor-brevedad-posible\/#breadcrumb"},"inLanguage":"es","potentialAction":[{"@type":"ReadAction","target":["https:\/\/luchonoticias.com\/editor\/cidh-le-pide-a-la-corte-suprema-de-justicia-elegir-fiscal-general-a-la-mayor-brevedad-posible\/"]}]},{"@type":"BreadcrumbList","@id":"https:\/\/luchonoticias.com\/editor\/cidh-le-pide-a-la-corte-suprema-de-justicia-elegir-fiscal-general-a-la-mayor-brevedad-posible\/#breadcrumb","itemListElement":[{"@type":"ListItem","position":1,"name":"Portada","item":"https:\/\/luchonoticias.com\/editor\/"},{"@type":"ListItem","position":2,"name":"CIDH le pide a la Corte Suprema de Justicia elegir fiscal general \u2018a la mayor brevedad posible\u2019"}]},{"@type":"WebSite","@id":"https:\/\/luchonoticias.com\/editor\/#website","url":"https:\/\/luchonoticias.com\/editor\/","name":"","description":"","publisher":{"@id":"https:\/\/luchonoticias.com\/editor\/#\/schema\/person\/7a7fd911f58561fd056dbac7b55af9cd"},"potentialAction":[{"@type":"SearchAction","target":{"@type":"EntryPoint","urlTemplate":"https:\/\/luchonoticias.com\/editor\/?s={search_term_string}"},"query-input":{"@type":"PropertyValueSpecification","valueRequired":true,"valueName":"search_term_string"}}],"inLanguage":"es"},{"@type":["Person","Organization"],"@id":"https:\/\/luchonoticias.com\/editor\/#\/schema\/person\/7a7fd911f58561fd056dbac7b55af9cd","name":"admin","image":{"@type":"ImageObject","inLanguage":"es","@id":"https:\/\/luchonoticias.com\/editor\/#\/schema\/person\/image\/","url":"https:\/\/luchonoticias.com\/editor\/wp-content\/uploads\/2024\/02\/cropped-cropped-logolu.webp","contentUrl":"https:\/\/luchonoticias.com\/editor\/wp-content\/uploads\/2024\/02\/cropped-cropped-logolu.webp","width":382,"height":170,"caption":"admin"},"logo":{"@id":"https:\/\/luchonoticias.com\/editor\/#\/schema\/person\/image\/"},"sameAs":["https:\/\/www.facebook.com\/luchonoticiasneiva"]},{"@type":"Person","@id":"https:\/\/luchonoticias.com\/editor\/#\/schema\/person\/29217990ddf6f14e35912b2866d591fb","name":"Editor General","image":{"@type":"ImageObject","inLanguage":"es","@id":"https:\/\/luchonoticias.com\/editor\/#\/schema\/person\/image\/","url":"https:\/\/luchonoticias.com\/editor\/wp-content\/uploads\/2024\/02\/cropped-cropped-logolu-150x150.webp","contentUrl":"https:\/\/luchonoticias.com\/editor\/wp-content\/uploads\/2024\/02\/cropped-cropped-logolu-150x150.webp","caption":"Editor General"},"sameAs":["https:\/\/luchonoticias.com\/"],"url":"https:\/\/luchonoticias.com\/editor\/author\/editor-general\/"}]}},"_links":{"self":[{"href":"https:\/\/luchonoticias.com\/editor\/wp-json\/wp\/v2\/posts\/68752","targetHints":{"allow":["GET"]}}],"collection":[{"href":"https:\/\/luchonoticias.com\/editor\/wp-json\/wp\/v2\/posts"}],"about":[{"href":"https:\/\/luchonoticias.com\/editor\/wp-json\/wp\/v2\/types\/post"}],"author":[{"embeddable":true,"href":"https:\/\/luchonoticias.com\/editor\/wp-json\/wp\/v2\/users\/2"}],"replies":[{"embeddable":true,"href":"https:\/\/luchonoticias.com\/editor\/wp-json\/wp\/v2\/comments?post=68752"}],"version-history":[{"count":0,"href":"https:\/\/luchonoticias.com\/editor\/wp-json\/wp\/v2\/posts\/68752\/revisions"}],"wp:attachment":[{"href":"https:\/\/luchonoticias.com\/editor\/wp-json\/wp\/v2\/media?parent=68752"}],"wp:term":[{"taxonomy":"category","embeddable":true,"href":"https:\/\/luchonoticias.com\/editor\/wp-json\/wp\/v2\/categories?post=68752"},{"taxonomy":"post_tag","embeddable":true,"href":"https:\/\/luchonoticias.com\/editor\/wp-json\/wp\/v2\/tags?post=68752"}],"curies":[{"name":"wp","href":"https:\/\/api.w.org\/{rel}","templated":true}]}}