{"id":68755,"date":"2024-02-14T07:32:00","date_gmt":"2024-02-14T12:32:00","guid":{"rendered":"https:\/\/luchonoticias.com\/?p=68755"},"modified":"2024-02-14T07:32:02","modified_gmt":"2024-02-14T12:32:02","slug":"cese-al-fuego-no-es-un-permiso-para-comision-de-delitos-y-menos-aun-contra-la-poblacion-alto-comisionado-de-paz","status":"publish","type":"post","link":"https:\/\/luchonoticias.com\/editor\/cese-al-fuego-no-es-un-permiso-para-comision-de-delitos-y-menos-aun-contra-la-poblacion-alto-comisionado-de-paz\/","title":{"rendered":"Cese al fuego no es un permiso para comisi\u00f3n de delitos y menos a\u00fan contra la poblaci\u00f3n: Alto Comisionado de Paz"},"content":{"rendered":"\n<p>El Alto Comisionado para la Paz, Otty Pati\u00f1o Hormaza, calific\u00f3 como un acto de deslealtad la declaraci\u00f3n de paro armado por el Frente de Guerra Occidental del ELN en el occidente del pa\u00eds, y frente a los hechos de violencia perpetrados por el Estado Mayor Central de las FARC (EMC-FARC) en la misma regi\u00f3n advirti\u00f3 que estos laceran la confianza en el proceso de construcci\u00f3n de paz.<\/p>\n\n\n\n<p>En una declaraci\u00f3n, Pati\u00f1o se refiri\u00f3 al cese al fuego que est\u00e1 vigente con estas dos organizaciones ilegales como un espacio \u201cpara alentar la seguridad y la esperanza en un fin del conflicto armado\u201d y tambi\u00e9n para proteger los \u201cderechos y libertades de las personas\u201d en los territorios.<\/p>\n\n\n\n<p>Por eso, el Comisionado fue enf\u00e1tico en decir: \u201creiteramos que el cese al fuego no es un permiso para la comisi\u00f3n de delitos y menos a\u00fan contra la poblaci\u00f3n\u201d.<\/p>\n\n\n\n<p>Recalc\u00f3 que \u201cla declaraci\u00f3n de paro armado por el Frente de Guerra Occidental del ELN es una deslealtad con los acuerdos celebrados en el sexto ciclo de conversaciones en La Habana, en tanto amenaza la vida, los derechos, las libertades de los pobladores\u201d.<\/p>\n\n\n\n<p>Pati\u00f1o consider\u00f3 las acciones de violencia del EMC-FARC en el Cauca \u2014en el municipio de Piamonte hubo un ataque armado a un veh\u00edculo de transporte escolar causando heridas a dos personas, entre ellas un menor de edad\u2014 como un \u201checho claramente repudiable que viola los m\u00e1s elementales principios que rigen el Derecho Internacional Humanitario\u201d.<\/p>\n\n\n\n<p>Tambi\u00e9n se refiri\u00f3 a la incursi\u00f3n armada de este grupo en el \u00e1rea urbana del municipio de Cumbitara (Nari\u00f1o), porque \u201cha causado desplazamientos masivos y es una grave amenaza contra los derechos y libertades de la poblaci\u00f3n\u201d.<\/p>\n\n\n\n<p><strong>Un obst\u00e1culo peligroso<\/strong><\/p>\n\n\n\n<p>El Comisionado de Paz manifest\u00f3 que esto \u201cse convierte en un peligroso obst\u00e1culo al Pacto Territorial por la Vida y la Paz que el Gobernador Luis Alfonso Escobar, con pleno apoyo del Presidente de la Rep\u00fablica, est\u00e1 desarrollando en este departamento\u201d.<\/p>\n\n\n\n<p>Adem\u00e1s, hizo referencia a medidas armadas del EMC contra la poblaci\u00f3n de Jamund\u00ed (Valle del Cauca), particularmente empadronamientos y extorsiones continuas. Se\u00f1al\u00f3 que con esto pretende \u201cejercer un dominio total sobre la poblaci\u00f3n y laceran la confianza en el proceso mismo de construcci\u00f3n de paz\u201d.<\/p>\n\n\n\n<p>Pati\u00f1o dijo que la \u201cFuerza P\u00fablica tiene el deber de actuar de manera eficaz y pronta para prevenir y neutralizar este tipo de hechos\u201d.<\/p>\n\n\n\n<p>En la declaraci\u00f3n hizo un llamado a las delegaciones del Gobierno Nacional en las mesas de di\u00e1logos con el ELN y el EMC-FARC a que avancen con \u201crapidez y firmeza\u201d en la territorializaci\u00f3n de la paz.<\/p>\n\n\n\n<p>\u201cEl objetivo de territorializar la paz es construir el Estado Social de Derecho en cada uno de los lugares del pa\u00eds donde las econom\u00edas ilegales, el abandono del Estado y las violencias han estado presentes en la vida cotidiana\u201d, explic\u00f3 el Comisionado.<\/p>\n\n\n\n<p>Igualmente, exhort\u00f3 a las delegaciones de los grupos armados rebeldes para que sus frentes se comprometan con la transformaci\u00f3n de los territorios agobiados por las inequidades y por las violencias.<\/p>\n","protected":false},"excerpt":{"rendered":"<p>El Alto Comisionado para la Paz, Otty Pati\u00f1o Hormaza, calific\u00f3 como un acto de deslealtad la declaraci\u00f3n de paro armado por el Frente de Guerra Occidental del ELN en el occidente del pa\u00eds, y frente a los hechos de violencia perpetrados por el Estado Mayor Central de las FARC (EMC-FARC) en la misma regi\u00f3n advirti\u00f3 [&hellip;]<\/p>\n","protected":false},"author":2,"featured_media":0,"comment_status":"open","ping_status":"open","sticky":false,"template":"","format":"standard","meta":{"footnotes":""},"categories":[36,32],"tags":[],"class_list":["post-68755","post","type-post","status-publish","format-standard","hentry","category-destacado","category-nacional"],"yoast_head":"<!-- This site is optimized with the Yoast SEO plugin v26.6 - https:\/\/yoast.com\/wordpress\/plugins\/seo\/ -->\n<title>Cese al fuego no es un permiso para comisi\u00f3n de delitos y menos a\u00fan contra la poblaci\u00f3n: Alto Comisionado de Paz -<\/title>\n<meta name=\"robots\" content=\"index, follow, max-snippet:-1, max-image-preview:large, max-video-preview:-1\" \/>\n<link rel=\"canonical\" href=\"https:\/\/luchonoticias.com\/editor\/cese-al-fuego-no-es-un-permiso-para-comision-de-delitos-y-menos-aun-contra-la-poblacion-alto-comisionado-de-paz\/\" \/>\n<meta property=\"og:locale\" content=\"es_ES\" \/>\n<meta property=\"og:type\" content=\"article\" \/>\n<meta property=\"og:title\" content=\"Cese al fuego no es un permiso para comisi\u00f3n de delitos y menos a\u00fan contra la poblaci\u00f3n: Alto Comisionado de Paz -\" \/>\n<meta property=\"og:url\" content=\"https:\/\/luchonoticias.com\/editor\/cese-al-fuego-no-es-un-permiso-para-comision-de-delitos-y-menos-aun-contra-la-poblacion-alto-comisionado-de-paz\/\" \/>\n<meta property=\"article:publisher\" content=\"https:\/\/www.facebook.com\/luchonoticiasneiva\" \/>\n<meta property=\"article:published_time\" content=\"2024-02-14T12:32:00+00:00\" \/>\n<meta property=\"article:modified_time\" content=\"2024-02-14T12:32:02+00:00\" \/>\n<meta name=\"author\" content=\"Editor General\" \/>\n<meta name=\"twitter:card\" content=\"summary_large_image\" \/>\n<meta name=\"twitter:label1\" content=\"Escrito por\" \/>\n\t<meta name=\"twitter:data1\" content=\"Editor General\" \/>\n\t<meta name=\"twitter:label2\" content=\"Tiempo de lectura\" \/>\n\t<meta name=\"twitter:data2\" content=\"3 minutos\" \/>\n<script type=\"application\/ld+json\" class=\"yoast-schema-graph\">{\"@context\":\"https:\/\/schema.org\",\"@graph\":[{\"@type\":\"Article\",\"@id\":\"https:\/\/luchonoticias.com\/editor\/cese-al-fuego-no-es-un-permiso-para-comision-de-delitos-y-menos-aun-contra-la-poblacion-alto-comisionado-de-paz\/#article\",\"isPartOf\":{\"@id\":\"https:\/\/luchonoticias.com\/editor\/cese-al-fuego-no-es-un-permiso-para-comision-de-delitos-y-menos-aun-contra-la-poblacion-alto-comisionado-de-paz\/\"},\"author\":{\"name\":\"Editor General\",\"@id\":\"https:\/\/luchonoticias.com\/editor\/#\/schema\/person\/29217990ddf6f14e35912b2866d591fb\"},\"headline\":\"Cese al fuego no es un permiso para comisi\u00f3n de delitos y menos a\u00fan contra la poblaci\u00f3n: Alto Comisionado de Paz\",\"datePublished\":\"2024-02-14T12:32:00+00:00\",\"dateModified\":\"2024-02-14T12:32:02+00:00\",\"mainEntityOfPage\":{\"@id\":\"https:\/\/luchonoticias.com\/editor\/cese-al-fuego-no-es-un-permiso-para-comision-de-delitos-y-menos-aun-contra-la-poblacion-alto-comisionado-de-paz\/\"},\"wordCount\":559,\"commentCount\":0,\"publisher\":{\"@id\":\"https:\/\/luchonoticias.com\/editor\/#\/schema\/person\/7a7fd911f58561fd056dbac7b55af9cd\"},\"articleSection\":[\"Destacado\",\"Nacional\"],\"inLanguage\":\"es\",\"potentialAction\":[{\"@type\":\"CommentAction\",\"name\":\"Comment\",\"target\":[\"https:\/\/luchonoticias.com\/editor\/cese-al-fuego-no-es-un-permiso-para-comision-de-delitos-y-menos-aun-contra-la-poblacion-alto-comisionado-de-paz\/#respond\"]}]},{\"@type\":\"WebPage\",\"@id\":\"https:\/\/luchonoticias.com\/editor\/cese-al-fuego-no-es-un-permiso-para-comision-de-delitos-y-menos-aun-contra-la-poblacion-alto-comisionado-de-paz\/\",\"url\":\"https:\/\/luchonoticias.com\/editor\/cese-al-fuego-no-es-un-permiso-para-comision-de-delitos-y-menos-aun-contra-la-poblacion-alto-comisionado-de-paz\/\",\"name\":\"Cese al fuego no es un permiso para comisi\u00f3n de delitos y menos a\u00fan contra la poblaci\u00f3n: Alto Comisionado de Paz -\",\"isPartOf\":{\"@id\":\"https:\/\/luchonoticias.com\/editor\/#website\"},\"datePublished\":\"2024-02-14T12:32:00+00:00\",\"dateModified\":\"2024-02-14T12:32:02+00:00\",\"breadcrumb\":{\"@id\":\"https:\/\/luchonoticias.com\/editor\/cese-al-fuego-no-es-un-permiso-para-comision-de-delitos-y-menos-aun-contra-la-poblacion-alto-comisionado-de-paz\/#breadcrumb\"},\"inLanguage\":\"es\",\"potentialAction\":[{\"@type\":\"ReadAction\",\"target\":[\"https:\/\/luchonoticias.com\/editor\/cese-al-fuego-no-es-un-permiso-para-comision-de-delitos-y-menos-aun-contra-la-poblacion-alto-comisionado-de-paz\/\"]}]},{\"@type\":\"BreadcrumbList\",\"@id\":\"https:\/\/luchonoticias.com\/editor\/cese-al-fuego-no-es-un-permiso-para-comision-de-delitos-y-menos-aun-contra-la-poblacion-alto-comisionado-de-paz\/#breadcrumb\",\"itemListElement\":[{\"@type\":\"ListItem\",\"position\":1,\"name\":\"Portada\",\"item\":\"https:\/\/luchonoticias.com\/editor\/\"},{\"@type\":\"ListItem\",\"position\":2,\"name\":\"Cese al fuego no es un permiso para comisi\u00f3n de delitos y menos a\u00fan contra la poblaci\u00f3n: Alto Comisionado de Paz\"}]},{\"@type\":\"WebSite\",\"@id\":\"https:\/\/luchonoticias.com\/editor\/#website\",\"url\":\"https:\/\/luchonoticias.com\/editor\/\",\"name\":\"\",\"description\":\"\",\"publisher\":{\"@id\":\"https:\/\/luchonoticias.com\/editor\/#\/schema\/person\/7a7fd911f58561fd056dbac7b55af9cd\"},\"potentialAction\":[{\"@type\":\"SearchAction\",\"target\":{\"@type\":\"EntryPoint\",\"urlTemplate\":\"https:\/\/luchonoticias.com\/editor\/?s={search_term_string}\"},\"query-input\":{\"@type\":\"PropertyValueSpecification\",\"valueRequired\":true,\"valueName\":\"search_term_string\"}}],\"inLanguage\":\"es\"},{\"@type\":[\"Person\",\"Organization\"],\"@id\":\"https:\/\/luchonoticias.com\/editor\/#\/schema\/person\/7a7fd911f58561fd056dbac7b55af9cd\",\"name\":\"admin\",\"image\":{\"@type\":\"ImageObject\",\"inLanguage\":\"es\",\"@id\":\"https:\/\/luchonoticias.com\/editor\/#\/schema\/person\/image\/\",\"url\":\"https:\/\/luchonoticias.com\/editor\/wp-content\/uploads\/2024\/02\/cropped-cropped-logolu.webp\",\"contentUrl\":\"https:\/\/luchonoticias.com\/editor\/wp-content\/uploads\/2024\/02\/cropped-cropped-logolu.webp\",\"width\":382,\"height\":170,\"caption\":\"admin\"},\"logo\":{\"@id\":\"https:\/\/luchonoticias.com\/editor\/#\/schema\/person\/image\/\"},\"sameAs\":[\"https:\/\/www.facebook.com\/luchonoticiasneiva\"]},{\"@type\":\"Person\",\"@id\":\"https:\/\/luchonoticias.com\/editor\/#\/schema\/person\/29217990ddf6f14e35912b2866d591fb\",\"name\":\"Editor General\",\"image\":{\"@type\":\"ImageObject\",\"inLanguage\":\"es\",\"@id\":\"https:\/\/luchonoticias.com\/editor\/#\/schema\/person\/image\/\",\"url\":\"https:\/\/luchonoticias.com\/editor\/wp-content\/uploads\/2024\/02\/cropped-cropped-logolu-150x150.webp\",\"contentUrl\":\"https:\/\/luchonoticias.com\/editor\/wp-content\/uploads\/2024\/02\/cropped-cropped-logolu-150x150.webp\",\"caption\":\"Editor General\"},\"sameAs\":[\"https:\/\/luchonoticias.com\/\"],\"url\":\"https:\/\/luchonoticias.com\/editor\/author\/editor-general\/\"}]}<\/script>\n<!-- \/ Yoast SEO plugin. -->","yoast_head_json":{"title":"Cese al fuego no es un permiso para comisi\u00f3n de delitos y menos a\u00fan contra la poblaci\u00f3n: Alto Comisionado de Paz -","robots":{"index":"index","follow":"follow","max-snippet":"max-snippet:-1","max-image-preview":"max-image-preview:large","max-video-preview":"max-video-preview:-1"},"canonical":"https:\/\/luchonoticias.com\/editor\/cese-al-fuego-no-es-un-permiso-para-comision-de-delitos-y-menos-aun-contra-la-poblacion-alto-comisionado-de-paz\/","og_locale":"es_ES","og_type":"article","og_title":"Cese al fuego no es un permiso para comisi\u00f3n de delitos y menos a\u00fan contra la poblaci\u00f3n: Alto Comisionado de Paz -","og_url":"https:\/\/luchonoticias.com\/editor\/cese-al-fuego-no-es-un-permiso-para-comision-de-delitos-y-menos-aun-contra-la-poblacion-alto-comisionado-de-paz\/","article_publisher":"https:\/\/www.facebook.com\/luchonoticiasneiva","article_published_time":"2024-02-14T12:32:00+00:00","article_modified_time":"2024-02-14T12:32:02+00:00","author":"Editor General","twitter_card":"summary_large_image","twitter_misc":{"Escrito por":"Editor General","Tiempo de lectura":"3 minutos"},"schema":{"@context":"https:\/\/schema.org","@graph":[{"@type":"Article","@id":"https:\/\/luchonoticias.com\/editor\/cese-al-fuego-no-es-un-permiso-para-comision-de-delitos-y-menos-aun-contra-la-poblacion-alto-comisionado-de-paz\/#article","isPartOf":{"@id":"https:\/\/luchonoticias.com\/editor\/cese-al-fuego-no-es-un-permiso-para-comision-de-delitos-y-menos-aun-contra-la-poblacion-alto-comisionado-de-paz\/"},"author":{"name":"Editor General","@id":"https:\/\/luchonoticias.com\/editor\/#\/schema\/person\/29217990ddf6f14e35912b2866d591fb"},"headline":"Cese al fuego no es un permiso para comisi\u00f3n de delitos y menos a\u00fan contra la poblaci\u00f3n: Alto Comisionado de Paz","datePublished":"2024-02-14T12:32:00+00:00","dateModified":"2024-02-14T12:32:02+00:00","mainEntityOfPage":{"@id":"https:\/\/luchonoticias.com\/editor\/cese-al-fuego-no-es-un-permiso-para-comision-de-delitos-y-menos-aun-contra-la-poblacion-alto-comisionado-de-paz\/"},"wordCount":559,"commentCount":0,"publisher":{"@id":"https:\/\/luchonoticias.com\/editor\/#\/schema\/person\/7a7fd911f58561fd056dbac7b55af9cd"},"articleSection":["Destacado","Nacional"],"inLanguage":"es","potentialAction":[{"@type":"CommentAction","name":"Comment","target":["https:\/\/luchonoticias.com\/editor\/cese-al-fuego-no-es-un-permiso-para-comision-de-delitos-y-menos-aun-contra-la-poblacion-alto-comisionado-de-paz\/#respond"]}]},{"@type":"WebPage","@id":"https:\/\/luchonoticias.com\/editor\/cese-al-fuego-no-es-un-permiso-para-comision-de-delitos-y-menos-aun-contra-la-poblacion-alto-comisionado-de-paz\/","url":"https:\/\/luchonoticias.com\/editor\/cese-al-fuego-no-es-un-permiso-para-comision-de-delitos-y-menos-aun-contra-la-poblacion-alto-comisionado-de-paz\/","name":"Cese al fuego no es un permiso para comisi\u00f3n de delitos y menos a\u00fan contra la poblaci\u00f3n: Alto Comisionado de Paz -","isPartOf":{"@id":"https:\/\/luchonoticias.com\/editor\/#website"},"datePublished":"2024-02-14T12:32:00+00:00","dateModified":"2024-02-14T12:32:02+00:00","breadcrumb":{"@id":"https:\/\/luchonoticias.com\/editor\/cese-al-fuego-no-es-un-permiso-para-comision-de-delitos-y-menos-aun-contra-la-poblacion-alto-comisionado-de-paz\/#breadcrumb"},"inLanguage":"es","potentialAction":[{"@type":"ReadAction","target":["https:\/\/luchonoticias.com\/editor\/cese-al-fuego-no-es-un-permiso-para-comision-de-delitos-y-menos-aun-contra-la-poblacion-alto-comisionado-de-paz\/"]}]},{"@type":"BreadcrumbList","@id":"https:\/\/luchonoticias.com\/editor\/cese-al-fuego-no-es-un-permiso-para-comision-de-delitos-y-menos-aun-contra-la-poblacion-alto-comisionado-de-paz\/#breadcrumb","itemListElement":[{"@type":"ListItem","position":1,"name":"Portada","item":"https:\/\/luchonoticias.com\/editor\/"},{"@type":"ListItem","position":2,"name":"Cese al fuego no es un permiso para comisi\u00f3n de delitos y menos a\u00fan contra la poblaci\u00f3n: Alto Comisionado de Paz"}]},{"@type":"WebSite","@id":"https:\/\/luchonoticias.com\/editor\/#website","url":"https:\/\/luchonoticias.com\/editor\/","name":"","description":"","publisher":{"@id":"https:\/\/luchonoticias.com\/editor\/#\/schema\/person\/7a7fd911f58561fd056dbac7b55af9cd"},"potentialAction":[{"@type":"SearchAction","target":{"@type":"EntryPoint","urlTemplate":"https:\/\/luchonoticias.com\/editor\/?s={search_term_string}"},"query-input":{"@type":"PropertyValueSpecification","valueRequired":true,"valueName":"search_term_string"}}],"inLanguage":"es"},{"@type":["Person","Organization"],"@id":"https:\/\/luchonoticias.com\/editor\/#\/schema\/person\/7a7fd911f58561fd056dbac7b55af9cd","name":"admin","image":{"@type":"ImageObject","inLanguage":"es","@id":"https:\/\/luchonoticias.com\/editor\/#\/schema\/person\/image\/","url":"https:\/\/luchonoticias.com\/editor\/wp-content\/uploads\/2024\/02\/cropped-cropped-logolu.webp","contentUrl":"https:\/\/luchonoticias.com\/editor\/wp-content\/uploads\/2024\/02\/cropped-cropped-logolu.webp","width":382,"height":170,"caption":"admin"},"logo":{"@id":"https:\/\/luchonoticias.com\/editor\/#\/schema\/person\/image\/"},"sameAs":["https:\/\/www.facebook.com\/luchonoticiasneiva"]},{"@type":"Person","@id":"https:\/\/luchonoticias.com\/editor\/#\/schema\/person\/29217990ddf6f14e35912b2866d591fb","name":"Editor General","image":{"@type":"ImageObject","inLanguage":"es","@id":"https:\/\/luchonoticias.com\/editor\/#\/schema\/person\/image\/","url":"https:\/\/luchonoticias.com\/editor\/wp-content\/uploads\/2024\/02\/cropped-cropped-logolu-150x150.webp","contentUrl":"https:\/\/luchonoticias.com\/editor\/wp-content\/uploads\/2024\/02\/cropped-cropped-logolu-150x150.webp","caption":"Editor General"},"sameAs":["https:\/\/luchonoticias.com\/"],"url":"https:\/\/luchonoticias.com\/editor\/author\/editor-general\/"}]}},"_links":{"self":[{"href":"https:\/\/luchonoticias.com\/editor\/wp-json\/wp\/v2\/posts\/68755","targetHints":{"allow":["GET"]}}],"collection":[{"href":"https:\/\/luchonoticias.com\/editor\/wp-json\/wp\/v2\/posts"}],"about":[{"href":"https:\/\/luchonoticias.com\/editor\/wp-json\/wp\/v2\/types\/post"}],"author":[{"embeddable":true,"href":"https:\/\/luchonoticias.com\/editor\/wp-json\/wp\/v2\/users\/2"}],"replies":[{"embeddable":true,"href":"https:\/\/luchonoticias.com\/editor\/wp-json\/wp\/v2\/comments?post=68755"}],"version-history":[{"count":0,"href":"https:\/\/luchonoticias.com\/editor\/wp-json\/wp\/v2\/posts\/68755\/revisions"}],"wp:attachment":[{"href":"https:\/\/luchonoticias.com\/editor\/wp-json\/wp\/v2\/media?parent=68755"}],"wp:term":[{"taxonomy":"category","embeddable":true,"href":"https:\/\/luchonoticias.com\/editor\/wp-json\/wp\/v2\/categories?post=68755"},{"taxonomy":"post_tag","embeddable":true,"href":"https:\/\/luchonoticias.com\/editor\/wp-json\/wp\/v2\/tags?post=68755"}],"curies":[{"name":"wp","href":"https:\/\/api.w.org\/{rel}","templated":true}]}}