{"id":68758,"date":"2024-02-14T15:23:47","date_gmt":"2024-02-14T20:23:47","guid":{"rendered":"https:\/\/luchonoticias.com\/?p=68758"},"modified":"2024-02-14T15:23:49","modified_gmt":"2024-02-14T20:23:49","slug":"liga-de-futbol-del-huila-efectuo-reunion-informativa","status":"publish","type":"post","link":"https:\/\/luchonoticias.com\/editor\/liga-de-futbol-del-huila-efectuo-reunion-informativa\/","title":{"rendered":"Liga de F\u00fatbol del Huila efectu\u00f3 reuni\u00f3n informativa"},"content":{"rendered":"\n<p>El&nbsp;<strong>auditorio del Inderhuila&nbsp;<\/strong>fue escenario de una<strong>&nbsp;reuni\u00f3n informativa<\/strong>&nbsp;de la&nbsp;<strong>Liga de F\u00fatbol del Huila<\/strong>.<\/p>\n\n\n\n<p>La jornada cont\u00f3&nbsp;<strong>con la participaci\u00f3n de presidentes y entrenadores de los clubes afiliados<\/strong>&nbsp;a la Liga, donde se hablaron de tres temas: la licencia C, el inicio de los campeonatos regionales de 2024 y el tema de los escenarios deportivos en el caso de Neiva.<\/p>\n\n\n\n<p>En el tema de los&nbsp;<strong>campeonatos&nbsp;<\/strong>se opt\u00f3 por el&nbsp;<strong>inicio de estos el mes entrante<\/strong>&nbsp;y su finalizaci\u00f3n en marzo, con solo una pausa por motivo de las fiestas de San Pedro; frente a los<strong>&nbsp;escenarios deportivos&nbsp;<\/strong>se ha definido una comisi\u00f3n para interceder ante las autoridades locales de cara a su apertura, m\u00e1s que todo pensando en la&nbsp;<strong>Superliga<\/strong>.<\/p>\n\n\n\n<p>Con ese \u00faltimo tema, de momento&nbsp;<strong>se mantienen las fechas<\/strong>&nbsp;pero&nbsp;<strong>no se descarta un cambio de sede<\/strong>&nbsp;e incluso&nbsp;<strong>trasladarla a otro municipio<\/strong>.<\/p>\n","protected":false},"excerpt":{"rendered":"<p>El&nbsp;auditorio del Inderhuila&nbsp;fue escenario de una&nbsp;reuni\u00f3n informativa&nbsp;de la&nbsp;Liga de F\u00fatbol del Huila. La jornada cont\u00f3&nbsp;con la participaci\u00f3n de presidentes y entrenadores de los clubes afiliados&nbsp;a la Liga, donde se hablaron de tres temas: la licencia C, el inicio de los campeonatos regionales de 2024 y el tema de los escenarios deportivos en el caso de [&hellip;]<\/p>\n","protected":false},"author":2,"featured_media":0,"comment_status":"open","ping_status":"open","sticky":false,"template":"","format":"standard","meta":{"footnotes":""},"categories":[34],"tags":[],"class_list":["post-68758","post","type-post","status-publish","format-standard","hentry","category-deportes"],"yoast_head":"<!-- This site is optimized with the Yoast SEO plugin v26.6 - https:\/\/yoast.com\/wordpress\/plugins\/seo\/ -->\n<title>Liga de F\u00fatbol del Huila efectu\u00f3 reuni\u00f3n informativa -<\/title>\n<meta name=\"robots\" content=\"index, follow, max-snippet:-1, max-image-preview:large, max-video-preview:-1\" \/>\n<link rel=\"canonical\" href=\"https:\/\/luchonoticias.com\/editor\/liga-de-futbol-del-huila-efectuo-reunion-informativa\/\" \/>\n<meta property=\"og:locale\" content=\"es_ES\" \/>\n<meta property=\"og:type\" content=\"article\" \/>\n<meta property=\"og:title\" content=\"Liga de F\u00fatbol del Huila efectu\u00f3 reuni\u00f3n informativa -\" \/>\n<meta property=\"og:url\" content=\"https:\/\/luchonoticias.com\/editor\/liga-de-futbol-del-huila-efectuo-reunion-informativa\/\" \/>\n<meta property=\"article:publisher\" content=\"https:\/\/www.facebook.com\/luchonoticiasneiva\" \/>\n<meta property=\"article:published_time\" content=\"2024-02-14T20:23:47+00:00\" \/>\n<meta property=\"article:modified_time\" content=\"2024-02-14T20:23:49+00:00\" \/>\n<meta name=\"author\" content=\"Editor General\" \/>\n<meta name=\"twitter:card\" content=\"summary_large_image\" \/>\n<meta name=\"twitter:label1\" content=\"Escrito por\" \/>\n\t<meta name=\"twitter:data1\" content=\"Editor General\" \/>\n\t<meta name=\"twitter:label2\" content=\"Tiempo de lectura\" \/>\n\t<meta name=\"twitter:data2\" content=\"1 minuto\" \/>\n<script type=\"application\/ld+json\" class=\"yoast-schema-graph\">{\"@context\":\"https:\/\/schema.org\",\"@graph\":[{\"@type\":\"Article\",\"@id\":\"https:\/\/luchonoticias.com\/editor\/liga-de-futbol-del-huila-efectuo-reunion-informativa\/#article\",\"isPartOf\":{\"@id\":\"https:\/\/luchonoticias.com\/editor\/liga-de-futbol-del-huila-efectuo-reunion-informativa\/\"},\"author\":{\"name\":\"Editor General\",\"@id\":\"https:\/\/luchonoticias.com\/editor\/#\/schema\/person\/29217990ddf6f14e35912b2866d591fb\"},\"headline\":\"Liga de F\u00fatbol del Huila efectu\u00f3 reuni\u00f3n informativa\",\"datePublished\":\"2024-02-14T20:23:47+00:00\",\"dateModified\":\"2024-02-14T20:23:49+00:00\",\"mainEntityOfPage\":{\"@id\":\"https:\/\/luchonoticias.com\/editor\/liga-de-futbol-del-huila-efectuo-reunion-informativa\/\"},\"wordCount\":182,\"commentCount\":0,\"publisher\":{\"@id\":\"https:\/\/luchonoticias.com\/editor\/#\/schema\/person\/7a7fd911f58561fd056dbac7b55af9cd\"},\"articleSection\":[\"Deportes\"],\"inLanguage\":\"es\",\"potentialAction\":[{\"@type\":\"CommentAction\",\"name\":\"Comment\",\"target\":[\"https:\/\/luchonoticias.com\/editor\/liga-de-futbol-del-huila-efectuo-reunion-informativa\/#respond\"]}]},{\"@type\":\"WebPage\",\"@id\":\"https:\/\/luchonoticias.com\/editor\/liga-de-futbol-del-huila-efectuo-reunion-informativa\/\",\"url\":\"https:\/\/luchonoticias.com\/editor\/liga-de-futbol-del-huila-efectuo-reunion-informativa\/\",\"name\":\"Liga de F\u00fatbol del Huila efectu\u00f3 reuni\u00f3n informativa -\",\"isPartOf\":{\"@id\":\"https:\/\/luchonoticias.com\/editor\/#website\"},\"datePublished\":\"2024-02-14T20:23:47+00:00\",\"dateModified\":\"2024-02-14T20:23:49+00:00\",\"breadcrumb\":{\"@id\":\"https:\/\/luchonoticias.com\/editor\/liga-de-futbol-del-huila-efectuo-reunion-informativa\/#breadcrumb\"},\"inLanguage\":\"es\",\"potentialAction\":[{\"@type\":\"ReadAction\",\"target\":[\"https:\/\/luchonoticias.com\/editor\/liga-de-futbol-del-huila-efectuo-reunion-informativa\/\"]}]},{\"@type\":\"BreadcrumbList\",\"@id\":\"https:\/\/luchonoticias.com\/editor\/liga-de-futbol-del-huila-efectuo-reunion-informativa\/#breadcrumb\",\"itemListElement\":[{\"@type\":\"ListItem\",\"position\":1,\"name\":\"Portada\",\"item\":\"https:\/\/luchonoticias.com\/editor\/\"},{\"@type\":\"ListItem\",\"position\":2,\"name\":\"Liga de F\u00fatbol del Huila efectu\u00f3 reuni\u00f3n informativa\"}]},{\"@type\":\"WebSite\",\"@id\":\"https:\/\/luchonoticias.com\/editor\/#website\",\"url\":\"https:\/\/luchonoticias.com\/editor\/\",\"name\":\"\",\"description\":\"\",\"publisher\":{\"@id\":\"https:\/\/luchonoticias.com\/editor\/#\/schema\/person\/7a7fd911f58561fd056dbac7b55af9cd\"},\"potentialAction\":[{\"@type\":\"SearchAction\",\"target\":{\"@type\":\"EntryPoint\",\"urlTemplate\":\"https:\/\/luchonoticias.com\/editor\/?s={search_term_string}\"},\"query-input\":{\"@type\":\"PropertyValueSpecification\",\"valueRequired\":true,\"valueName\":\"search_term_string\"}}],\"inLanguage\":\"es\"},{\"@type\":[\"Person\",\"Organization\"],\"@id\":\"https:\/\/luchonoticias.com\/editor\/#\/schema\/person\/7a7fd911f58561fd056dbac7b55af9cd\",\"name\":\"admin\",\"image\":{\"@type\":\"ImageObject\",\"inLanguage\":\"es\",\"@id\":\"https:\/\/luchonoticias.com\/editor\/#\/schema\/person\/image\/\",\"url\":\"https:\/\/luchonoticias.com\/editor\/wp-content\/uploads\/2024\/02\/cropped-cropped-logolu.webp\",\"contentUrl\":\"https:\/\/luchonoticias.com\/editor\/wp-content\/uploads\/2024\/02\/cropped-cropped-logolu.webp\",\"width\":382,\"height\":170,\"caption\":\"admin\"},\"logo\":{\"@id\":\"https:\/\/luchonoticias.com\/editor\/#\/schema\/person\/image\/\"},\"sameAs\":[\"https:\/\/www.facebook.com\/luchonoticiasneiva\"]},{\"@type\":\"Person\",\"@id\":\"https:\/\/luchonoticias.com\/editor\/#\/schema\/person\/29217990ddf6f14e35912b2866d591fb\",\"name\":\"Editor General\",\"image\":{\"@type\":\"ImageObject\",\"inLanguage\":\"es\",\"@id\":\"https:\/\/luchonoticias.com\/editor\/#\/schema\/person\/image\/\",\"url\":\"https:\/\/luchonoticias.com\/editor\/wp-content\/uploads\/2024\/02\/cropped-cropped-logolu-150x150.webp\",\"contentUrl\":\"https:\/\/luchonoticias.com\/editor\/wp-content\/uploads\/2024\/02\/cropped-cropped-logolu-150x150.webp\",\"caption\":\"Editor General\"},\"sameAs\":[\"https:\/\/luchonoticias.com\/\"],\"url\":\"https:\/\/luchonoticias.com\/editor\/author\/editor-general\/\"}]}<\/script>\n<!-- \/ Yoast SEO plugin. -->","yoast_head_json":{"title":"Liga de F\u00fatbol del Huila efectu\u00f3 reuni\u00f3n informativa -","robots":{"index":"index","follow":"follow","max-snippet":"max-snippet:-1","max-image-preview":"max-image-preview:large","max-video-preview":"max-video-preview:-1"},"canonical":"https:\/\/luchonoticias.com\/editor\/liga-de-futbol-del-huila-efectuo-reunion-informativa\/","og_locale":"es_ES","og_type":"article","og_title":"Liga de F\u00fatbol del Huila efectu\u00f3 reuni\u00f3n informativa -","og_url":"https:\/\/luchonoticias.com\/editor\/liga-de-futbol-del-huila-efectuo-reunion-informativa\/","article_publisher":"https:\/\/www.facebook.com\/luchonoticiasneiva","article_published_time":"2024-02-14T20:23:47+00:00","article_modified_time":"2024-02-14T20:23:49+00:00","author":"Editor General","twitter_card":"summary_large_image","twitter_misc":{"Escrito por":"Editor General","Tiempo de lectura":"1 minuto"},"schema":{"@context":"https:\/\/schema.org","@graph":[{"@type":"Article","@id":"https:\/\/luchonoticias.com\/editor\/liga-de-futbol-del-huila-efectuo-reunion-informativa\/#article","isPartOf":{"@id":"https:\/\/luchonoticias.com\/editor\/liga-de-futbol-del-huila-efectuo-reunion-informativa\/"},"author":{"name":"Editor General","@id":"https:\/\/luchonoticias.com\/editor\/#\/schema\/person\/29217990ddf6f14e35912b2866d591fb"},"headline":"Liga de F\u00fatbol del Huila efectu\u00f3 reuni\u00f3n informativa","datePublished":"2024-02-14T20:23:47+00:00","dateModified":"2024-02-14T20:23:49+00:00","mainEntityOfPage":{"@id":"https:\/\/luchonoticias.com\/editor\/liga-de-futbol-del-huila-efectuo-reunion-informativa\/"},"wordCount":182,"commentCount":0,"publisher":{"@id":"https:\/\/luchonoticias.com\/editor\/#\/schema\/person\/7a7fd911f58561fd056dbac7b55af9cd"},"articleSection":["Deportes"],"inLanguage":"es","potentialAction":[{"@type":"CommentAction","name":"Comment","target":["https:\/\/luchonoticias.com\/editor\/liga-de-futbol-del-huila-efectuo-reunion-informativa\/#respond"]}]},{"@type":"WebPage","@id":"https:\/\/luchonoticias.com\/editor\/liga-de-futbol-del-huila-efectuo-reunion-informativa\/","url":"https:\/\/luchonoticias.com\/editor\/liga-de-futbol-del-huila-efectuo-reunion-informativa\/","name":"Liga de F\u00fatbol del Huila efectu\u00f3 reuni\u00f3n informativa -","isPartOf":{"@id":"https:\/\/luchonoticias.com\/editor\/#website"},"datePublished":"2024-02-14T20:23:47+00:00","dateModified":"2024-02-14T20:23:49+00:00","breadcrumb":{"@id":"https:\/\/luchonoticias.com\/editor\/liga-de-futbol-del-huila-efectuo-reunion-informativa\/#breadcrumb"},"inLanguage":"es","potentialAction":[{"@type":"ReadAction","target":["https:\/\/luchonoticias.com\/editor\/liga-de-futbol-del-huila-efectuo-reunion-informativa\/"]}]},{"@type":"BreadcrumbList","@id":"https:\/\/luchonoticias.com\/editor\/liga-de-futbol-del-huila-efectuo-reunion-informativa\/#breadcrumb","itemListElement":[{"@type":"ListItem","position":1,"name":"Portada","item":"https:\/\/luchonoticias.com\/editor\/"},{"@type":"ListItem","position":2,"name":"Liga de F\u00fatbol del Huila efectu\u00f3 reuni\u00f3n informativa"}]},{"@type":"WebSite","@id":"https:\/\/luchonoticias.com\/editor\/#website","url":"https:\/\/luchonoticias.com\/editor\/","name":"","description":"","publisher":{"@id":"https:\/\/luchonoticias.com\/editor\/#\/schema\/person\/7a7fd911f58561fd056dbac7b55af9cd"},"potentialAction":[{"@type":"SearchAction","target":{"@type":"EntryPoint","urlTemplate":"https:\/\/luchonoticias.com\/editor\/?s={search_term_string}"},"query-input":{"@type":"PropertyValueSpecification","valueRequired":true,"valueName":"search_term_string"}}],"inLanguage":"es"},{"@type":["Person","Organization"],"@id":"https:\/\/luchonoticias.com\/editor\/#\/schema\/person\/7a7fd911f58561fd056dbac7b55af9cd","name":"admin","image":{"@type":"ImageObject","inLanguage":"es","@id":"https:\/\/luchonoticias.com\/editor\/#\/schema\/person\/image\/","url":"https:\/\/luchonoticias.com\/editor\/wp-content\/uploads\/2024\/02\/cropped-cropped-logolu.webp","contentUrl":"https:\/\/luchonoticias.com\/editor\/wp-content\/uploads\/2024\/02\/cropped-cropped-logolu.webp","width":382,"height":170,"caption":"admin"},"logo":{"@id":"https:\/\/luchonoticias.com\/editor\/#\/schema\/person\/image\/"},"sameAs":["https:\/\/www.facebook.com\/luchonoticiasneiva"]},{"@type":"Person","@id":"https:\/\/luchonoticias.com\/editor\/#\/schema\/person\/29217990ddf6f14e35912b2866d591fb","name":"Editor General","image":{"@type":"ImageObject","inLanguage":"es","@id":"https:\/\/luchonoticias.com\/editor\/#\/schema\/person\/image\/","url":"https:\/\/luchonoticias.com\/editor\/wp-content\/uploads\/2024\/02\/cropped-cropped-logolu-150x150.webp","contentUrl":"https:\/\/luchonoticias.com\/editor\/wp-content\/uploads\/2024\/02\/cropped-cropped-logolu-150x150.webp","caption":"Editor General"},"sameAs":["https:\/\/luchonoticias.com\/"],"url":"https:\/\/luchonoticias.com\/editor\/author\/editor-general\/"}]}},"_links":{"self":[{"href":"https:\/\/luchonoticias.com\/editor\/wp-json\/wp\/v2\/posts\/68758","targetHints":{"allow":["GET"]}}],"collection":[{"href":"https:\/\/luchonoticias.com\/editor\/wp-json\/wp\/v2\/posts"}],"about":[{"href":"https:\/\/luchonoticias.com\/editor\/wp-json\/wp\/v2\/types\/post"}],"author":[{"embeddable":true,"href":"https:\/\/luchonoticias.com\/editor\/wp-json\/wp\/v2\/users\/2"}],"replies":[{"embeddable":true,"href":"https:\/\/luchonoticias.com\/editor\/wp-json\/wp\/v2\/comments?post=68758"}],"version-history":[{"count":0,"href":"https:\/\/luchonoticias.com\/editor\/wp-json\/wp\/v2\/posts\/68758\/revisions"}],"wp:attachment":[{"href":"https:\/\/luchonoticias.com\/editor\/wp-json\/wp\/v2\/media?parent=68758"}],"wp:term":[{"taxonomy":"category","embeddable":true,"href":"https:\/\/luchonoticias.com\/editor\/wp-json\/wp\/v2\/categories?post=68758"},{"taxonomy":"post_tag","embeddable":true,"href":"https:\/\/luchonoticias.com\/editor\/wp-json\/wp\/v2\/tags?post=68758"}],"curies":[{"name":"wp","href":"https:\/\/api.w.org\/{rel}","templated":true}]}}