{"id":68764,"date":"2024-02-14T15:28:48","date_gmt":"2024-02-14T20:28:48","guid":{"rendered":"https:\/\/luchonoticias.com\/?p=68764"},"modified":"2024-02-14T15:28:50","modified_gmt":"2024-02-14T20:28:50","slug":"seleccion-femenina-comienza-entrenamientos-con-la-copa-de-oro-en-el-horizonte","status":"publish","type":"post","link":"https:\/\/luchonoticias.com\/editor\/seleccion-femenina-comienza-entrenamientos-con-la-copa-de-oro-en-el-horizonte\/","title":{"rendered":"Selecci\u00f3n femenina comienza entrenamientos con la Copa de Oro en el horizonte"},"content":{"rendered":"\n<p>La Selecci\u00f3n Colombia Femenina&nbsp;<strong>est\u00e1 poni\u00e9ndose a punto en la Sede de la Federaci\u00f3n Colombiana<\/strong>&nbsp;de F\u00fatbol en Bogot\u00e1. Por eso, las convocadas ya comenzaron a entrenar y realizaron ayer una jornada doble de pr\u00e1ctica.<\/p>\n\n\n\n<p>En la ma\u00f1ana,&nbsp;<strong>las jugadoras tuvieron una sesi\u00f3n de fuerza y transferencia t\u00e9cnica,<\/strong>&nbsp;mientras que en la tarde el trabajo se enfoc\u00f3 en ejercicios de prevenci\u00f3n, movilidad y definici\u00f3n.<\/p>\n\n\n\n<p>Al momento&nbsp;<strong>se han integrado a la concentraci\u00f3n<\/strong>&nbsp;Ivonne Chac\u00f3n, Mar\u00eda Camila Reyes, Liana Salazar, Diana Celis, Manuela Pavi, Daniela Arias, Natalia Giraldo, \u00c1ngela Bar\u00f3n, Marcela Restrepo, Sandra Sep\u00falveda, Fabiana Yanten, Iliana Izquierdo, Elexa Bahr, M\u00f3nica Ramos, Stefany Casta\u00f1o, Carolina Arias, Catalina Usme, Manuela Vanegas y Jorelyn Carabal\u00ed.<\/p>\n\n\n\n<p>Con informaci\u00f3n y foto de la Federaci\u00f3n Colombiana de F\u00fatbol.<\/p>\n","protected":false},"excerpt":{"rendered":"<p>La Selecci\u00f3n Colombia Femenina&nbsp;est\u00e1 poni\u00e9ndose a punto en la Sede de la Federaci\u00f3n Colombiana&nbsp;de F\u00fatbol en Bogot\u00e1. Por eso, las convocadas ya comenzaron a entrenar y realizaron ayer una jornada doble de pr\u00e1ctica. En la ma\u00f1ana,&nbsp;las jugadoras tuvieron una sesi\u00f3n de fuerza y transferencia t\u00e9cnica,&nbsp;mientras que en la tarde el trabajo se enfoc\u00f3 en ejercicios [&hellip;]<\/p>\n","protected":false},"author":2,"featured_media":0,"comment_status":"open","ping_status":"open","sticky":false,"template":"","format":"standard","meta":{"footnotes":""},"categories":[34],"tags":[],"class_list":["post-68764","post","type-post","status-publish","format-standard","hentry","category-deportes"],"yoast_head":"<!-- This site is optimized with the Yoast SEO plugin v26.6 - https:\/\/yoast.com\/wordpress\/plugins\/seo\/ -->\n<title>Selecci\u00f3n femenina comienza entrenamientos con la Copa de Oro en el horizonte -<\/title>\n<meta name=\"robots\" content=\"index, follow, max-snippet:-1, max-image-preview:large, max-video-preview:-1\" \/>\n<link rel=\"canonical\" href=\"https:\/\/luchonoticias.com\/editor\/seleccion-femenina-comienza-entrenamientos-con-la-copa-de-oro-en-el-horizonte\/\" \/>\n<meta property=\"og:locale\" content=\"es_ES\" \/>\n<meta property=\"og:type\" content=\"article\" \/>\n<meta property=\"og:title\" content=\"Selecci\u00f3n femenina comienza entrenamientos con la Copa de Oro en el horizonte -\" \/>\n<meta property=\"og:url\" content=\"https:\/\/luchonoticias.com\/editor\/seleccion-femenina-comienza-entrenamientos-con-la-copa-de-oro-en-el-horizonte\/\" \/>\n<meta property=\"article:publisher\" content=\"https:\/\/www.facebook.com\/luchonoticiasneiva\" \/>\n<meta property=\"article:published_time\" content=\"2024-02-14T20:28:48+00:00\" \/>\n<meta property=\"article:modified_time\" content=\"2024-02-14T20:28:50+00:00\" \/>\n<meta name=\"author\" content=\"Editor General\" \/>\n<meta name=\"twitter:card\" content=\"summary_large_image\" \/>\n<meta name=\"twitter:label1\" content=\"Escrito por\" \/>\n\t<meta name=\"twitter:data1\" content=\"Editor General\" \/>\n\t<meta name=\"twitter:label2\" content=\"Tiempo de lectura\" \/>\n\t<meta name=\"twitter:data2\" content=\"1 minuto\" \/>\n<script type=\"application\/ld+json\" class=\"yoast-schema-graph\">{\"@context\":\"https:\/\/schema.org\",\"@graph\":[{\"@type\":\"Article\",\"@id\":\"https:\/\/luchonoticias.com\/editor\/seleccion-femenina-comienza-entrenamientos-con-la-copa-de-oro-en-el-horizonte\/#article\",\"isPartOf\":{\"@id\":\"https:\/\/luchonoticias.com\/editor\/seleccion-femenina-comienza-entrenamientos-con-la-copa-de-oro-en-el-horizonte\/\"},\"author\":{\"name\":\"Editor General\",\"@id\":\"https:\/\/luchonoticias.com\/editor\/#\/schema\/person\/29217990ddf6f14e35912b2866d591fb\"},\"headline\":\"Selecci\u00f3n femenina comienza entrenamientos con la Copa de Oro en el horizonte\",\"datePublished\":\"2024-02-14T20:28:48+00:00\",\"dateModified\":\"2024-02-14T20:28:50+00:00\",\"mainEntityOfPage\":{\"@id\":\"https:\/\/luchonoticias.com\/editor\/seleccion-femenina-comienza-entrenamientos-con-la-copa-de-oro-en-el-horizonte\/\"},\"wordCount\":161,\"commentCount\":0,\"publisher\":{\"@id\":\"https:\/\/luchonoticias.com\/editor\/#\/schema\/person\/7a7fd911f58561fd056dbac7b55af9cd\"},\"articleSection\":[\"Deportes\"],\"inLanguage\":\"es\",\"potentialAction\":[{\"@type\":\"CommentAction\",\"name\":\"Comment\",\"target\":[\"https:\/\/luchonoticias.com\/editor\/seleccion-femenina-comienza-entrenamientos-con-la-copa-de-oro-en-el-horizonte\/#respond\"]}]},{\"@type\":\"WebPage\",\"@id\":\"https:\/\/luchonoticias.com\/editor\/seleccion-femenina-comienza-entrenamientos-con-la-copa-de-oro-en-el-horizonte\/\",\"url\":\"https:\/\/luchonoticias.com\/editor\/seleccion-femenina-comienza-entrenamientos-con-la-copa-de-oro-en-el-horizonte\/\",\"name\":\"Selecci\u00f3n femenina comienza entrenamientos con la Copa de Oro en el horizonte -\",\"isPartOf\":{\"@id\":\"https:\/\/luchonoticias.com\/editor\/#website\"},\"datePublished\":\"2024-02-14T20:28:48+00:00\",\"dateModified\":\"2024-02-14T20:28:50+00:00\",\"breadcrumb\":{\"@id\":\"https:\/\/luchonoticias.com\/editor\/seleccion-femenina-comienza-entrenamientos-con-la-copa-de-oro-en-el-horizonte\/#breadcrumb\"},\"inLanguage\":\"es\",\"potentialAction\":[{\"@type\":\"ReadAction\",\"target\":[\"https:\/\/luchonoticias.com\/editor\/seleccion-femenina-comienza-entrenamientos-con-la-copa-de-oro-en-el-horizonte\/\"]}]},{\"@type\":\"BreadcrumbList\",\"@id\":\"https:\/\/luchonoticias.com\/editor\/seleccion-femenina-comienza-entrenamientos-con-la-copa-de-oro-en-el-horizonte\/#breadcrumb\",\"itemListElement\":[{\"@type\":\"ListItem\",\"position\":1,\"name\":\"Portada\",\"item\":\"https:\/\/luchonoticias.com\/editor\/\"},{\"@type\":\"ListItem\",\"position\":2,\"name\":\"Selecci\u00f3n femenina comienza entrenamientos con la Copa de Oro en el horizonte\"}]},{\"@type\":\"WebSite\",\"@id\":\"https:\/\/luchonoticias.com\/editor\/#website\",\"url\":\"https:\/\/luchonoticias.com\/editor\/\",\"name\":\"\",\"description\":\"\",\"publisher\":{\"@id\":\"https:\/\/luchonoticias.com\/editor\/#\/schema\/person\/7a7fd911f58561fd056dbac7b55af9cd\"},\"potentialAction\":[{\"@type\":\"SearchAction\",\"target\":{\"@type\":\"EntryPoint\",\"urlTemplate\":\"https:\/\/luchonoticias.com\/editor\/?s={search_term_string}\"},\"query-input\":{\"@type\":\"PropertyValueSpecification\",\"valueRequired\":true,\"valueName\":\"search_term_string\"}}],\"inLanguage\":\"es\"},{\"@type\":[\"Person\",\"Organization\"],\"@id\":\"https:\/\/luchonoticias.com\/editor\/#\/schema\/person\/7a7fd911f58561fd056dbac7b55af9cd\",\"name\":\"admin\",\"image\":{\"@type\":\"ImageObject\",\"inLanguage\":\"es\",\"@id\":\"https:\/\/luchonoticias.com\/editor\/#\/schema\/person\/image\/\",\"url\":\"https:\/\/luchonoticias.com\/editor\/wp-content\/uploads\/2024\/02\/cropped-cropped-logolu.webp\",\"contentUrl\":\"https:\/\/luchonoticias.com\/editor\/wp-content\/uploads\/2024\/02\/cropped-cropped-logolu.webp\",\"width\":382,\"height\":170,\"caption\":\"admin\"},\"logo\":{\"@id\":\"https:\/\/luchonoticias.com\/editor\/#\/schema\/person\/image\/\"},\"sameAs\":[\"https:\/\/www.facebook.com\/luchonoticiasneiva\"]},{\"@type\":\"Person\",\"@id\":\"https:\/\/luchonoticias.com\/editor\/#\/schema\/person\/29217990ddf6f14e35912b2866d591fb\",\"name\":\"Editor General\",\"image\":{\"@type\":\"ImageObject\",\"inLanguage\":\"es\",\"@id\":\"https:\/\/luchonoticias.com\/editor\/#\/schema\/person\/image\/\",\"url\":\"https:\/\/luchonoticias.com\/editor\/wp-content\/uploads\/2024\/02\/cropped-cropped-logolu-150x150.webp\",\"contentUrl\":\"https:\/\/luchonoticias.com\/editor\/wp-content\/uploads\/2024\/02\/cropped-cropped-logolu-150x150.webp\",\"caption\":\"Editor General\"},\"sameAs\":[\"https:\/\/luchonoticias.com\/\"],\"url\":\"https:\/\/luchonoticias.com\/editor\/author\/editor-general\/\"}]}<\/script>\n<!-- \/ Yoast SEO plugin. -->","yoast_head_json":{"title":"Selecci\u00f3n femenina comienza entrenamientos con la Copa de Oro en el horizonte -","robots":{"index":"index","follow":"follow","max-snippet":"max-snippet:-1","max-image-preview":"max-image-preview:large","max-video-preview":"max-video-preview:-1"},"canonical":"https:\/\/luchonoticias.com\/editor\/seleccion-femenina-comienza-entrenamientos-con-la-copa-de-oro-en-el-horizonte\/","og_locale":"es_ES","og_type":"article","og_title":"Selecci\u00f3n femenina comienza entrenamientos con la Copa de Oro en el horizonte -","og_url":"https:\/\/luchonoticias.com\/editor\/seleccion-femenina-comienza-entrenamientos-con-la-copa-de-oro-en-el-horizonte\/","article_publisher":"https:\/\/www.facebook.com\/luchonoticiasneiva","article_published_time":"2024-02-14T20:28:48+00:00","article_modified_time":"2024-02-14T20:28:50+00:00","author":"Editor General","twitter_card":"summary_large_image","twitter_misc":{"Escrito por":"Editor General","Tiempo de lectura":"1 minuto"},"schema":{"@context":"https:\/\/schema.org","@graph":[{"@type":"Article","@id":"https:\/\/luchonoticias.com\/editor\/seleccion-femenina-comienza-entrenamientos-con-la-copa-de-oro-en-el-horizonte\/#article","isPartOf":{"@id":"https:\/\/luchonoticias.com\/editor\/seleccion-femenina-comienza-entrenamientos-con-la-copa-de-oro-en-el-horizonte\/"},"author":{"name":"Editor General","@id":"https:\/\/luchonoticias.com\/editor\/#\/schema\/person\/29217990ddf6f14e35912b2866d591fb"},"headline":"Selecci\u00f3n femenina comienza entrenamientos con la Copa de Oro en el horizonte","datePublished":"2024-02-14T20:28:48+00:00","dateModified":"2024-02-14T20:28:50+00:00","mainEntityOfPage":{"@id":"https:\/\/luchonoticias.com\/editor\/seleccion-femenina-comienza-entrenamientos-con-la-copa-de-oro-en-el-horizonte\/"},"wordCount":161,"commentCount":0,"publisher":{"@id":"https:\/\/luchonoticias.com\/editor\/#\/schema\/person\/7a7fd911f58561fd056dbac7b55af9cd"},"articleSection":["Deportes"],"inLanguage":"es","potentialAction":[{"@type":"CommentAction","name":"Comment","target":["https:\/\/luchonoticias.com\/editor\/seleccion-femenina-comienza-entrenamientos-con-la-copa-de-oro-en-el-horizonte\/#respond"]}]},{"@type":"WebPage","@id":"https:\/\/luchonoticias.com\/editor\/seleccion-femenina-comienza-entrenamientos-con-la-copa-de-oro-en-el-horizonte\/","url":"https:\/\/luchonoticias.com\/editor\/seleccion-femenina-comienza-entrenamientos-con-la-copa-de-oro-en-el-horizonte\/","name":"Selecci\u00f3n femenina comienza entrenamientos con la Copa de Oro en el horizonte -","isPartOf":{"@id":"https:\/\/luchonoticias.com\/editor\/#website"},"datePublished":"2024-02-14T20:28:48+00:00","dateModified":"2024-02-14T20:28:50+00:00","breadcrumb":{"@id":"https:\/\/luchonoticias.com\/editor\/seleccion-femenina-comienza-entrenamientos-con-la-copa-de-oro-en-el-horizonte\/#breadcrumb"},"inLanguage":"es","potentialAction":[{"@type":"ReadAction","target":["https:\/\/luchonoticias.com\/editor\/seleccion-femenina-comienza-entrenamientos-con-la-copa-de-oro-en-el-horizonte\/"]}]},{"@type":"BreadcrumbList","@id":"https:\/\/luchonoticias.com\/editor\/seleccion-femenina-comienza-entrenamientos-con-la-copa-de-oro-en-el-horizonte\/#breadcrumb","itemListElement":[{"@type":"ListItem","position":1,"name":"Portada","item":"https:\/\/luchonoticias.com\/editor\/"},{"@type":"ListItem","position":2,"name":"Selecci\u00f3n femenina comienza entrenamientos con la Copa de Oro en el horizonte"}]},{"@type":"WebSite","@id":"https:\/\/luchonoticias.com\/editor\/#website","url":"https:\/\/luchonoticias.com\/editor\/","name":"","description":"","publisher":{"@id":"https:\/\/luchonoticias.com\/editor\/#\/schema\/person\/7a7fd911f58561fd056dbac7b55af9cd"},"potentialAction":[{"@type":"SearchAction","target":{"@type":"EntryPoint","urlTemplate":"https:\/\/luchonoticias.com\/editor\/?s={search_term_string}"},"query-input":{"@type":"PropertyValueSpecification","valueRequired":true,"valueName":"search_term_string"}}],"inLanguage":"es"},{"@type":["Person","Organization"],"@id":"https:\/\/luchonoticias.com\/editor\/#\/schema\/person\/7a7fd911f58561fd056dbac7b55af9cd","name":"admin","image":{"@type":"ImageObject","inLanguage":"es","@id":"https:\/\/luchonoticias.com\/editor\/#\/schema\/person\/image\/","url":"https:\/\/luchonoticias.com\/editor\/wp-content\/uploads\/2024\/02\/cropped-cropped-logolu.webp","contentUrl":"https:\/\/luchonoticias.com\/editor\/wp-content\/uploads\/2024\/02\/cropped-cropped-logolu.webp","width":382,"height":170,"caption":"admin"},"logo":{"@id":"https:\/\/luchonoticias.com\/editor\/#\/schema\/person\/image\/"},"sameAs":["https:\/\/www.facebook.com\/luchonoticiasneiva"]},{"@type":"Person","@id":"https:\/\/luchonoticias.com\/editor\/#\/schema\/person\/29217990ddf6f14e35912b2866d591fb","name":"Editor General","image":{"@type":"ImageObject","inLanguage":"es","@id":"https:\/\/luchonoticias.com\/editor\/#\/schema\/person\/image\/","url":"https:\/\/luchonoticias.com\/editor\/wp-content\/uploads\/2024\/02\/cropped-cropped-logolu-150x150.webp","contentUrl":"https:\/\/luchonoticias.com\/editor\/wp-content\/uploads\/2024\/02\/cropped-cropped-logolu-150x150.webp","caption":"Editor General"},"sameAs":["https:\/\/luchonoticias.com\/"],"url":"https:\/\/luchonoticias.com\/editor\/author\/editor-general\/"}]}},"_links":{"self":[{"href":"https:\/\/luchonoticias.com\/editor\/wp-json\/wp\/v2\/posts\/68764","targetHints":{"allow":["GET"]}}],"collection":[{"href":"https:\/\/luchonoticias.com\/editor\/wp-json\/wp\/v2\/posts"}],"about":[{"href":"https:\/\/luchonoticias.com\/editor\/wp-json\/wp\/v2\/types\/post"}],"author":[{"embeddable":true,"href":"https:\/\/luchonoticias.com\/editor\/wp-json\/wp\/v2\/users\/2"}],"replies":[{"embeddable":true,"href":"https:\/\/luchonoticias.com\/editor\/wp-json\/wp\/v2\/comments?post=68764"}],"version-history":[{"count":0,"href":"https:\/\/luchonoticias.com\/editor\/wp-json\/wp\/v2\/posts\/68764\/revisions"}],"wp:attachment":[{"href":"https:\/\/luchonoticias.com\/editor\/wp-json\/wp\/v2\/media?parent=68764"}],"wp:term":[{"taxonomy":"category","embeddable":true,"href":"https:\/\/luchonoticias.com\/editor\/wp-json\/wp\/v2\/categories?post=68764"},{"taxonomy":"post_tag","embeddable":true,"href":"https:\/\/luchonoticias.com\/editor\/wp-json\/wp\/v2\/tags?post=68764"}],"curies":[{"name":"wp","href":"https:\/\/api.w.org\/{rel}","templated":true}]}}