{"id":68784,"date":"2024-02-14T16:52:15","date_gmt":"2024-02-14T21:52:15","guid":{"rendered":"https:\/\/luchonoticias.com\/?p=68784"},"modified":"2024-02-14T16:52:17","modified_gmt":"2024-02-14T21:52:17","slug":"hacemos-un-llamado-a-la-comunidad-educativa-a-que-vigilen-la-buena-prestacion-del-pae-l-gobernador-del-huila","status":"publish","type":"post","link":"https:\/\/luchonoticias.com\/editor\/hacemos-un-llamado-a-la-comunidad-educativa-a-que-vigilen-la-buena-prestacion-del-pae-l-gobernador-del-huila\/","title":{"rendered":"\u201cHacemos un llamado a la comunidad educativa a que vigilen la buena prestaci\u00f3n del PAE l\u201d, Gobernador del Huila"},"content":{"rendered":"\n<p>Una mesa de trabajo que orient\u00f3 el Gobernador de los huilenses Rodrigo Villalba Mosquera, junto a su equipo de colaboradores, determin\u00f3 que uno de los aspectos a cumplir de manera ajustada a la Resoluci\u00f3n 335 de 2021, (Ministerio de Educaci\u00f3n Nacional), es la de entregar las raciones tipo almuerzo s\u00f3lo y exclusivamente a los estudiantes de las Instituciones Educativas que tengan jornada \u00fanica como lo exige la ley.<\/p>\n\n\n\n<p>\u201cHicimos un balance de lo que significa este programa de alimentaci\u00f3n escolar en el Huila, que es b\u00e1sico para permanencia de los estudiantes y por supuesto contribuimos de alguna manera a la nutrici\u00f3n de nuestros ni\u00f1os, ni\u00f1as y adolescentes que se est\u00e1n formando d\u00eda a d\u00eda en las instituciones educativas cumpliendo con las exigencias consignadas en las minutas del Ministerio donde est\u00e1n consignados los aportes energ\u00e9ticos que requieren nuestros ni\u00f1os, ni\u00f1as y j\u00f3venes\u201d, afirm\u00f3 el mandatario departamental.<\/p>\n\n\n\n<p>Este es un programa sensible. En cada instituci\u00f3n hay un comit\u00e9 del PAE (Comit\u00e9 de Alimentaci\u00f3n Escolar) que hay que activar, y donde est\u00e1n las fuerzas de los estamentos educativos, padres de familia, estudiantes, docentes, que nos ayudan a controlar a que lo contratado se realice. En segundo lugar, el esfuerzo grande que est\u00e1 haciendo el departamento, la obligaci\u00f3n de acuerdo a la Resoluci\u00f3n 335 del 2021, es que tengamos la posibilidad de proveer alimentos tipo almuerzo para las instituciones educativas con jornada \u00fanica\u201d, complement\u00f3 Villalba Mosquera.<\/p>\n\n\n\n<p>Un especial \u00e9nfasis hizo el gobernador en el sector rural, a donde se atiende con alimentaci\u00f3n escolar a estudiantes de pre escolar, primaria y secundaria, con la raci\u00f3n tipo complemento.<\/p>\n\n\n\n<p>\u201cEstamos atendiendo a un total de cerca de 105 mil estudiantes en el departamento con una cobertura del 86%, muy por encima de la media nacional. Hay dificultades corriendo riesgos presupuestales que vamos ir resolviendo. Lo que nos ha girado el Gobierno Nacional apenas es el 60%, equivalente a $56.000 millones, y nos queda faltando un recurso de aproximadamente $40.000 millones para cumplir con todos los d\u00edas del calendario escolar del 2024. Aqu\u00ed seguramente haremos las gestiones correspondientes aportando recursos del Departamento para cubrir esa meta de este a\u00f1o\u201d, sentenci\u00f3 Rodrigo Villalba.<\/p>\n\n\n\n<p>Finalmente, el mandatario de los huilenses anunci\u00f3 una reingenier\u00eda del programa explorando una contrataci\u00f3n del mismo con las comunidades en las zonas rurales.<\/p>\n\n\n\n<p>\u201cEl pr\u00f3ximo a\u00f1o vamos a ver si hacemos una reingenier\u00eda del programa y vamos a ver qu\u00e9 Instituciones Educativas con pocos estudiantes en el sector rural, pueden atender directamente este servicio para sus propios ni\u00f1os y ni\u00f1as. Realizaremos un piloto para ir midiendo c\u00f3mo podemos ir trasladando estas responsabilidades de operaci\u00f3n del programa y seguramente acomodando al PAE para que se mejor en el territorio\u201d, puntualiz\u00f3.<\/p>\n","protected":false},"excerpt":{"rendered":"<p>Una mesa de trabajo que orient\u00f3 el Gobernador de los huilenses Rodrigo Villalba Mosquera, junto a su equipo de colaboradores, determin\u00f3 que uno de los aspectos a cumplir de manera ajustada a la Resoluci\u00f3n 335 de 2021, (Ministerio de Educaci\u00f3n Nacional), es la de entregar las raciones tipo almuerzo s\u00f3lo y exclusivamente a los estudiantes [&hellip;]<\/p>\n","protected":false},"author":2,"featured_media":0,"comment_status":"open","ping_status":"open","sticky":false,"template":"","format":"standard","meta":{"footnotes":""},"categories":[36,33],"tags":[],"class_list":["post-68784","post","type-post","status-publish","format-standard","hentry","category-destacado","category-huila"],"yoast_head":"<!-- This site is optimized with the Yoast SEO plugin v26.6 - https:\/\/yoast.com\/wordpress\/plugins\/seo\/ -->\n<title>\u201cHacemos un llamado a la comunidad educativa a que vigilen la buena prestaci\u00f3n del PAE l\u201d, Gobernador del Huila -<\/title>\n<meta name=\"robots\" content=\"index, follow, max-snippet:-1, max-image-preview:large, max-video-preview:-1\" \/>\n<link rel=\"canonical\" href=\"https:\/\/luchonoticias.com\/editor\/hacemos-un-llamado-a-la-comunidad-educativa-a-que-vigilen-la-buena-prestacion-del-pae-l-gobernador-del-huila\/\" \/>\n<meta property=\"og:locale\" content=\"es_ES\" \/>\n<meta property=\"og:type\" content=\"article\" \/>\n<meta property=\"og:title\" content=\"\u201cHacemos un llamado a la comunidad educativa a que vigilen la buena prestaci\u00f3n del PAE l\u201d, Gobernador del Huila -\" \/>\n<meta property=\"og:url\" content=\"https:\/\/luchonoticias.com\/editor\/hacemos-un-llamado-a-la-comunidad-educativa-a-que-vigilen-la-buena-prestacion-del-pae-l-gobernador-del-huila\/\" \/>\n<meta property=\"article:publisher\" content=\"https:\/\/www.facebook.com\/luchonoticiasneiva\" \/>\n<meta property=\"article:published_time\" content=\"2024-02-14T21:52:15+00:00\" \/>\n<meta property=\"article:modified_time\" content=\"2024-02-14T21:52:17+00:00\" \/>\n<meta name=\"author\" content=\"Editor General\" \/>\n<meta name=\"twitter:card\" content=\"summary_large_image\" \/>\n<meta name=\"twitter:label1\" content=\"Escrito por\" \/>\n\t<meta name=\"twitter:data1\" content=\"Editor General\" \/>\n\t<meta name=\"twitter:label2\" content=\"Tiempo de lectura\" \/>\n\t<meta name=\"twitter:data2\" content=\"2 minutos\" \/>\n<script type=\"application\/ld+json\" class=\"yoast-schema-graph\">{\"@context\":\"https:\/\/schema.org\",\"@graph\":[{\"@type\":\"Article\",\"@id\":\"https:\/\/luchonoticias.com\/editor\/hacemos-un-llamado-a-la-comunidad-educativa-a-que-vigilen-la-buena-prestacion-del-pae-l-gobernador-del-huila\/#article\",\"isPartOf\":{\"@id\":\"https:\/\/luchonoticias.com\/editor\/hacemos-un-llamado-a-la-comunidad-educativa-a-que-vigilen-la-buena-prestacion-del-pae-l-gobernador-del-huila\/\"},\"author\":{\"name\":\"Editor General\",\"@id\":\"https:\/\/luchonoticias.com\/editor\/#\/schema\/person\/29217990ddf6f14e35912b2866d591fb\"},\"headline\":\"\u201cHacemos un llamado a la comunidad educativa a que vigilen la buena prestaci\u00f3n del PAE l\u201d, Gobernador del Huila\",\"datePublished\":\"2024-02-14T21:52:15+00:00\",\"dateModified\":\"2024-02-14T21:52:17+00:00\",\"mainEntityOfPage\":{\"@id\":\"https:\/\/luchonoticias.com\/editor\/hacemos-un-llamado-a-la-comunidad-educativa-a-que-vigilen-la-buena-prestacion-del-pae-l-gobernador-del-huila\/\"},\"wordCount\":487,\"commentCount\":0,\"publisher\":{\"@id\":\"https:\/\/luchonoticias.com\/editor\/#\/schema\/person\/7a7fd911f58561fd056dbac7b55af9cd\"},\"articleSection\":[\"Destacado\",\"Huila\"],\"inLanguage\":\"es\",\"potentialAction\":[{\"@type\":\"CommentAction\",\"name\":\"Comment\",\"target\":[\"https:\/\/luchonoticias.com\/editor\/hacemos-un-llamado-a-la-comunidad-educativa-a-que-vigilen-la-buena-prestacion-del-pae-l-gobernador-del-huila\/#respond\"]}]},{\"@type\":\"WebPage\",\"@id\":\"https:\/\/luchonoticias.com\/editor\/hacemos-un-llamado-a-la-comunidad-educativa-a-que-vigilen-la-buena-prestacion-del-pae-l-gobernador-del-huila\/\",\"url\":\"https:\/\/luchonoticias.com\/editor\/hacemos-un-llamado-a-la-comunidad-educativa-a-que-vigilen-la-buena-prestacion-del-pae-l-gobernador-del-huila\/\",\"name\":\"\u201cHacemos un llamado a la comunidad educativa a que vigilen la buena prestaci\u00f3n del PAE l\u201d, Gobernador del Huila -\",\"isPartOf\":{\"@id\":\"https:\/\/luchonoticias.com\/editor\/#website\"},\"datePublished\":\"2024-02-14T21:52:15+00:00\",\"dateModified\":\"2024-02-14T21:52:17+00:00\",\"breadcrumb\":{\"@id\":\"https:\/\/luchonoticias.com\/editor\/hacemos-un-llamado-a-la-comunidad-educativa-a-que-vigilen-la-buena-prestacion-del-pae-l-gobernador-del-huila\/#breadcrumb\"},\"inLanguage\":\"es\",\"potentialAction\":[{\"@type\":\"ReadAction\",\"target\":[\"https:\/\/luchonoticias.com\/editor\/hacemos-un-llamado-a-la-comunidad-educativa-a-que-vigilen-la-buena-prestacion-del-pae-l-gobernador-del-huila\/\"]}]},{\"@type\":\"BreadcrumbList\",\"@id\":\"https:\/\/luchonoticias.com\/editor\/hacemos-un-llamado-a-la-comunidad-educativa-a-que-vigilen-la-buena-prestacion-del-pae-l-gobernador-del-huila\/#breadcrumb\",\"itemListElement\":[{\"@type\":\"ListItem\",\"position\":1,\"name\":\"Portada\",\"item\":\"https:\/\/luchonoticias.com\/editor\/\"},{\"@type\":\"ListItem\",\"position\":2,\"name\":\"\u201cHacemos un llamado a la comunidad educativa a que vigilen la buena prestaci\u00f3n del PAE l\u201d, Gobernador del Huila\"}]},{\"@type\":\"WebSite\",\"@id\":\"https:\/\/luchonoticias.com\/editor\/#website\",\"url\":\"https:\/\/luchonoticias.com\/editor\/\",\"name\":\"\",\"description\":\"\",\"publisher\":{\"@id\":\"https:\/\/luchonoticias.com\/editor\/#\/schema\/person\/7a7fd911f58561fd056dbac7b55af9cd\"},\"potentialAction\":[{\"@type\":\"SearchAction\",\"target\":{\"@type\":\"EntryPoint\",\"urlTemplate\":\"https:\/\/luchonoticias.com\/editor\/?s={search_term_string}\"},\"query-input\":{\"@type\":\"PropertyValueSpecification\",\"valueRequired\":true,\"valueName\":\"search_term_string\"}}],\"inLanguage\":\"es\"},{\"@type\":[\"Person\",\"Organization\"],\"@id\":\"https:\/\/luchonoticias.com\/editor\/#\/schema\/person\/7a7fd911f58561fd056dbac7b55af9cd\",\"name\":\"admin\",\"image\":{\"@type\":\"ImageObject\",\"inLanguage\":\"es\",\"@id\":\"https:\/\/luchonoticias.com\/editor\/#\/schema\/person\/image\/\",\"url\":\"https:\/\/luchonoticias.com\/editor\/wp-content\/uploads\/2024\/02\/cropped-cropped-logolu.webp\",\"contentUrl\":\"https:\/\/luchonoticias.com\/editor\/wp-content\/uploads\/2024\/02\/cropped-cropped-logolu.webp\",\"width\":382,\"height\":170,\"caption\":\"admin\"},\"logo\":{\"@id\":\"https:\/\/luchonoticias.com\/editor\/#\/schema\/person\/image\/\"},\"sameAs\":[\"https:\/\/www.facebook.com\/luchonoticiasneiva\"]},{\"@type\":\"Person\",\"@id\":\"https:\/\/luchonoticias.com\/editor\/#\/schema\/person\/29217990ddf6f14e35912b2866d591fb\",\"name\":\"Editor General\",\"image\":{\"@type\":\"ImageObject\",\"inLanguage\":\"es\",\"@id\":\"https:\/\/luchonoticias.com\/editor\/#\/schema\/person\/image\/\",\"url\":\"https:\/\/luchonoticias.com\/editor\/wp-content\/uploads\/2024\/02\/cropped-cropped-logolu-150x150.webp\",\"contentUrl\":\"https:\/\/luchonoticias.com\/editor\/wp-content\/uploads\/2024\/02\/cropped-cropped-logolu-150x150.webp\",\"caption\":\"Editor General\"},\"sameAs\":[\"https:\/\/luchonoticias.com\/\"],\"url\":\"https:\/\/luchonoticias.com\/editor\/author\/editor-general\/\"}]}<\/script>\n<!-- \/ Yoast SEO plugin. -->","yoast_head_json":{"title":"\u201cHacemos un llamado a la comunidad educativa a que vigilen la buena prestaci\u00f3n del PAE l\u201d, Gobernador del Huila -","robots":{"index":"index","follow":"follow","max-snippet":"max-snippet:-1","max-image-preview":"max-image-preview:large","max-video-preview":"max-video-preview:-1"},"canonical":"https:\/\/luchonoticias.com\/editor\/hacemos-un-llamado-a-la-comunidad-educativa-a-que-vigilen-la-buena-prestacion-del-pae-l-gobernador-del-huila\/","og_locale":"es_ES","og_type":"article","og_title":"\u201cHacemos un llamado a la comunidad educativa a que vigilen la buena prestaci\u00f3n del PAE l\u201d, Gobernador del Huila -","og_url":"https:\/\/luchonoticias.com\/editor\/hacemos-un-llamado-a-la-comunidad-educativa-a-que-vigilen-la-buena-prestacion-del-pae-l-gobernador-del-huila\/","article_publisher":"https:\/\/www.facebook.com\/luchonoticiasneiva","article_published_time":"2024-02-14T21:52:15+00:00","article_modified_time":"2024-02-14T21:52:17+00:00","author":"Editor General","twitter_card":"summary_large_image","twitter_misc":{"Escrito por":"Editor General","Tiempo de lectura":"2 minutos"},"schema":{"@context":"https:\/\/schema.org","@graph":[{"@type":"Article","@id":"https:\/\/luchonoticias.com\/editor\/hacemos-un-llamado-a-la-comunidad-educativa-a-que-vigilen-la-buena-prestacion-del-pae-l-gobernador-del-huila\/#article","isPartOf":{"@id":"https:\/\/luchonoticias.com\/editor\/hacemos-un-llamado-a-la-comunidad-educativa-a-que-vigilen-la-buena-prestacion-del-pae-l-gobernador-del-huila\/"},"author":{"name":"Editor General","@id":"https:\/\/luchonoticias.com\/editor\/#\/schema\/person\/29217990ddf6f14e35912b2866d591fb"},"headline":"\u201cHacemos un llamado a la comunidad educativa a que vigilen la buena prestaci\u00f3n del PAE l\u201d, Gobernador del Huila","datePublished":"2024-02-14T21:52:15+00:00","dateModified":"2024-02-14T21:52:17+00:00","mainEntityOfPage":{"@id":"https:\/\/luchonoticias.com\/editor\/hacemos-un-llamado-a-la-comunidad-educativa-a-que-vigilen-la-buena-prestacion-del-pae-l-gobernador-del-huila\/"},"wordCount":487,"commentCount":0,"publisher":{"@id":"https:\/\/luchonoticias.com\/editor\/#\/schema\/person\/7a7fd911f58561fd056dbac7b55af9cd"},"articleSection":["Destacado","Huila"],"inLanguage":"es","potentialAction":[{"@type":"CommentAction","name":"Comment","target":["https:\/\/luchonoticias.com\/editor\/hacemos-un-llamado-a-la-comunidad-educativa-a-que-vigilen-la-buena-prestacion-del-pae-l-gobernador-del-huila\/#respond"]}]},{"@type":"WebPage","@id":"https:\/\/luchonoticias.com\/editor\/hacemos-un-llamado-a-la-comunidad-educativa-a-que-vigilen-la-buena-prestacion-del-pae-l-gobernador-del-huila\/","url":"https:\/\/luchonoticias.com\/editor\/hacemos-un-llamado-a-la-comunidad-educativa-a-que-vigilen-la-buena-prestacion-del-pae-l-gobernador-del-huila\/","name":"\u201cHacemos un llamado a la comunidad educativa a que vigilen la buena prestaci\u00f3n del PAE l\u201d, Gobernador del Huila -","isPartOf":{"@id":"https:\/\/luchonoticias.com\/editor\/#website"},"datePublished":"2024-02-14T21:52:15+00:00","dateModified":"2024-02-14T21:52:17+00:00","breadcrumb":{"@id":"https:\/\/luchonoticias.com\/editor\/hacemos-un-llamado-a-la-comunidad-educativa-a-que-vigilen-la-buena-prestacion-del-pae-l-gobernador-del-huila\/#breadcrumb"},"inLanguage":"es","potentialAction":[{"@type":"ReadAction","target":["https:\/\/luchonoticias.com\/editor\/hacemos-un-llamado-a-la-comunidad-educativa-a-que-vigilen-la-buena-prestacion-del-pae-l-gobernador-del-huila\/"]}]},{"@type":"BreadcrumbList","@id":"https:\/\/luchonoticias.com\/editor\/hacemos-un-llamado-a-la-comunidad-educativa-a-que-vigilen-la-buena-prestacion-del-pae-l-gobernador-del-huila\/#breadcrumb","itemListElement":[{"@type":"ListItem","position":1,"name":"Portada","item":"https:\/\/luchonoticias.com\/editor\/"},{"@type":"ListItem","position":2,"name":"\u201cHacemos un llamado a la comunidad educativa a que vigilen la buena prestaci\u00f3n del PAE l\u201d, Gobernador del Huila"}]},{"@type":"WebSite","@id":"https:\/\/luchonoticias.com\/editor\/#website","url":"https:\/\/luchonoticias.com\/editor\/","name":"","description":"","publisher":{"@id":"https:\/\/luchonoticias.com\/editor\/#\/schema\/person\/7a7fd911f58561fd056dbac7b55af9cd"},"potentialAction":[{"@type":"SearchAction","target":{"@type":"EntryPoint","urlTemplate":"https:\/\/luchonoticias.com\/editor\/?s={search_term_string}"},"query-input":{"@type":"PropertyValueSpecification","valueRequired":true,"valueName":"search_term_string"}}],"inLanguage":"es"},{"@type":["Person","Organization"],"@id":"https:\/\/luchonoticias.com\/editor\/#\/schema\/person\/7a7fd911f58561fd056dbac7b55af9cd","name":"admin","image":{"@type":"ImageObject","inLanguage":"es","@id":"https:\/\/luchonoticias.com\/editor\/#\/schema\/person\/image\/","url":"https:\/\/luchonoticias.com\/editor\/wp-content\/uploads\/2024\/02\/cropped-cropped-logolu.webp","contentUrl":"https:\/\/luchonoticias.com\/editor\/wp-content\/uploads\/2024\/02\/cropped-cropped-logolu.webp","width":382,"height":170,"caption":"admin"},"logo":{"@id":"https:\/\/luchonoticias.com\/editor\/#\/schema\/person\/image\/"},"sameAs":["https:\/\/www.facebook.com\/luchonoticiasneiva"]},{"@type":"Person","@id":"https:\/\/luchonoticias.com\/editor\/#\/schema\/person\/29217990ddf6f14e35912b2866d591fb","name":"Editor General","image":{"@type":"ImageObject","inLanguage":"es","@id":"https:\/\/luchonoticias.com\/editor\/#\/schema\/person\/image\/","url":"https:\/\/luchonoticias.com\/editor\/wp-content\/uploads\/2024\/02\/cropped-cropped-logolu-150x150.webp","contentUrl":"https:\/\/luchonoticias.com\/editor\/wp-content\/uploads\/2024\/02\/cropped-cropped-logolu-150x150.webp","caption":"Editor General"},"sameAs":["https:\/\/luchonoticias.com\/"],"url":"https:\/\/luchonoticias.com\/editor\/author\/editor-general\/"}]}},"_links":{"self":[{"href":"https:\/\/luchonoticias.com\/editor\/wp-json\/wp\/v2\/posts\/68784","targetHints":{"allow":["GET"]}}],"collection":[{"href":"https:\/\/luchonoticias.com\/editor\/wp-json\/wp\/v2\/posts"}],"about":[{"href":"https:\/\/luchonoticias.com\/editor\/wp-json\/wp\/v2\/types\/post"}],"author":[{"embeddable":true,"href":"https:\/\/luchonoticias.com\/editor\/wp-json\/wp\/v2\/users\/2"}],"replies":[{"embeddable":true,"href":"https:\/\/luchonoticias.com\/editor\/wp-json\/wp\/v2\/comments?post=68784"}],"version-history":[{"count":0,"href":"https:\/\/luchonoticias.com\/editor\/wp-json\/wp\/v2\/posts\/68784\/revisions"}],"wp:attachment":[{"href":"https:\/\/luchonoticias.com\/editor\/wp-json\/wp\/v2\/media?parent=68784"}],"wp:term":[{"taxonomy":"category","embeddable":true,"href":"https:\/\/luchonoticias.com\/editor\/wp-json\/wp\/v2\/categories?post=68784"},{"taxonomy":"post_tag","embeddable":true,"href":"https:\/\/luchonoticias.com\/editor\/wp-json\/wp\/v2\/tags?post=68784"}],"curies":[{"name":"wp","href":"https:\/\/api.w.org\/{rel}","templated":true}]}}