{"id":68794,"date":"2024-02-14T16:59:31","date_gmt":"2024-02-14T21:59:31","guid":{"rendered":"https:\/\/luchonoticias.com\/?p=68794"},"modified":"2024-02-14T16:59:33","modified_gmt":"2024-02-14T21:59:33","slug":"abierta-convocatoria-para-seleccionar-los-monumentos-naturales-del-huila-2024","status":"publish","type":"post","link":"https:\/\/luchonoticias.com\/editor\/abierta-convocatoria-para-seleccionar-los-monumentos-naturales-del-huila-2024\/","title":{"rendered":"Abierta convocatoria para seleccionar los monumentos naturales del Huila 2024"},"content":{"rendered":"\n<p>La Corporaci\u00f3n Aut\u00f3noma Regional del Alto Magdalena \u2013 CAM abri\u00f3 la convocatoria para la tercera versi\u00f3n de la convocatoria Reconocimiento Ambiental &#8216;Monumento Natural&#8217; 2024, a trav\u00e9s de la cual las comunidades podr\u00e1n postular aquellas especies forestales que por sus caracter\u00edsticas deban ser declaradas Patrimonio Natural de los Huilenses.<\/p>\n\n\n\n<p>\u201cPor medio de esta convocatoria, la CAM contin\u00faa en&nbsp; la b\u00fasqueda&nbsp; de aquellas especies de la flora silvestre que por su importancia hist\u00f3rica, cultural y de la biodiversidad deban ser reconocidas como patrimonio del Huila\u00bb , indic\u00f3&nbsp; Leydy Lorena G\u00f3mez, profesional de Educaci\u00f3n Ambiental de la CAM.<\/p>\n\n\n\n<p>De igual manera, el reconocimiento tiene como objetivo\u00a0 motivar a la comunidad del departamento del Huila para que conozcan las especies de flora patrimonial que existen en la regi\u00f3n e incentivar, de esa manera, el turismo de naturaleza en la regi\u00f3n.<\/p>\n\n\n\n<figure class=\"wp-block-gallery has-nested-images columns-default is-cropped wp-block-gallery-1 is-layout-flex wp-block-gallery-is-layout-flex\">\n<figure class=\"wp-block-image size-large\"><img decoding=\"async\" data-id=\"68797\" src=\"https:\/\/luchonoticias.com\/wp-content\/uploads\/2024\/02\/WhatsApp-Image-2024-02-14-at-4.20.57-PM-768x1024.jpeg\" alt=\"\" class=\"wp-image-68797\"\/><\/figure>\n\n\n\n<figure class=\"wp-block-image size-large\"><img decoding=\"async\" data-id=\"68798\" src=\"https:\/\/luchonoticias.com\/wp-content\/uploads\/2024\/02\/WhatsApp-Image-2024-02-14-at-4.20.55-PM-768x1024.jpeg\" alt=\"\" class=\"wp-image-68798\"\/><\/figure>\n\n\n\n<figure class=\"wp-block-image size-large\"><img decoding=\"async\" data-id=\"68796\" src=\"https:\/\/luchonoticias.com\/wp-content\/uploads\/2024\/02\/WhatsApp-Image-2024-02-14-at-4.20.52-PM-534x1024.jpeg\" alt=\"\" class=\"wp-image-68796\"\/><\/figure>\n<\/figure>\n\n\n\n<p><strong>Inscripciones<\/strong><\/p>\n\n\n\n<p>La funcionaria de la corporaci\u00f3n ambiental se\u00f1al\u00f3 que las inscripciones est\u00e1n abiertas hasta el 5 de abril y los pobladores podr\u00e1n postular sus \u00e1rboles en cinco categor\u00edas. La primera es Conservaci\u00f3n de Especie Amenazada, en la que se encuentran \u00e1rboles con alguna categor\u00eda de amenaza declarada por la Uni\u00f3n Internacional para la Conservaci\u00f3n de la Naturaleza &#8211; UIC y\/o el Ministerio de Ambiente y Desarrollo Sostenible, Igualmente las especies en peligro cr\u00edtico, en peligro y vulnerables.<\/p>\n\n\n\n<p>La segunda categor\u00eda es Especie End\u00e9mica, es decir \u00e1rboles con distribuci\u00f3n restringida para Colombia o el departamento del Huila. La tercera categor\u00eda habla de la altura y\/o di\u00e1metro participando aqu\u00ed los individuos vegetales con mayor tallaje de altura y\/o mayor Di\u00e1metro a la Altura del Pecho &#8211; DAP, dentro de su especie en el departamento huilense.<\/p>\n\n\n\n<p>La cuarta categor\u00eda es Valor Ecol\u00f3gico, en la que participan \u00e1rboles de significaci\u00f3n ambiental, ecol\u00f3gica, longevidad y paisaj\u00edstica, que se encuentren en las categor\u00edas \u201cMuy especial, especial y otras especies\u201d, de acuerdo con el Decreto 1390 de 2018 expedido por Ministerio de Ambiente y Desarrollo Sostenible&nbsp; &#8211; MADS.<\/p>\n\n\n\n<p>Y por \u00faltima y quinta categor\u00eda se encuentran los \u00e1rboles con Valor Social, Cultural e Hist\u00f3rico, siendo estos los individuos vegetales que por su especie o localizaci\u00f3n tienen alguna importancia y\/o connotaci\u00f3n hist\u00f3rica.<\/p>\n\n\n\n<p><strong>Elegibilidad<\/strong><\/p>\n\n\n\n<p>Los criterios para su evaluaci\u00f3n, se basan en las caracter\u00edsticas de la especie y lo que representa cultural y paisaj\u00edsticamente dentro de su localizaci\u00f3n.<\/p>\n\n\n\n<p>Esta convocatoria busca especies forestales en condiciones sanitarias estables y \u00e1rboles localizados en el territorio departamental del Huila.<\/p>\n\n\n\n<p>Desde la m\u00e1xima autoridad ambiental del departamento se dio a conocer tambi\u00e9n que no se tendr\u00e1n en cuenta especies forestales catalogadas como invasoras tanto en el departamento como a nivel nacional. Adem\u00e1s aquellas especies forestales que se localicen en predios del Estado en cualquiera de sus categor\u00edas, tendr\u00e1n derecho a su reconocimiento con el fin de salvaguardarlos.<\/p>\n\n\n\n<p>Igualmente se indic\u00f3 que los individuos vegetales que se localicen en predios de car\u00e1cter privado, deber\u00e1n contar con el consentimiento de sus propietarios, para ser reconocidos como \u2018Monumento Natural\u2019.<\/p>\n\n\n\n<figure class=\"wp-block-image size-large\"><img decoding=\"async\" src=\"https:\/\/luchonoticias.com\/wp-content\/uploads\/2024\/02\/WhatsApp-Image-2024-02-14-at-4.20.56-PM-1024x640.jpeg\" alt=\"\" class=\"wp-image-68799\"\/><\/figure>\n\n\n\n<p><strong>Postulaci\u00f3n<\/strong><\/p>\n\n\n\n<p>Las personas, organizaciones y comunidades interesadas en participar de la estrategia y que su especie forestal cumpla con uno o varios de los criterios de las cinco categor\u00edas a evaluar, deber\u00e1n diligenciar un formulario alojado en la sede virtual de la CAM y en el siguiente enlace: https:\/\/forms.gle\/HPGbZ4GB3VYzLxAw6<\/p>\n\n\n\n<p><strong>Ganadores y reconocimiento<\/strong><\/p>\n\n\n\n<p>Los \u00e1rboles elegidos recibir\u00e1n, a trav\u00e9s de resoluci\u00f3n emanada por la CAM, una declaraci\u00f3n en nota de estilo que los acreditar\u00e1 como \u2018Monumento Natural\u2019 y el desarrollo de una estrategia comunicacional que permita la visualizaci\u00f3n y el reconocimiento de la importancia de dichos \u00e1rboles para la comunidad huilense.<\/p>\n\n\n\n<p>Para esto, los ganadores ser\u00e1n notificados mediante correo electr\u00f3nico o v\u00eda telef\u00f3nica y el reconocimiento se entregar\u00e1 en ceremonia especial el d\u00eda 29 de abril de 2024, el D\u00eda Nacional del \u00c1rbol.<\/p>\n","protected":false},"excerpt":{"rendered":"<p>La Corporaci\u00f3n Aut\u00f3noma Regional del Alto Magdalena \u2013 CAM abri\u00f3 la convocatoria para la tercera versi\u00f3n de la convocatoria Reconocimiento Ambiental &#8216;Monumento Natural&#8217; 2024, a trav\u00e9s de la cual las comunidades podr\u00e1n postular aquellas especies forestales que por sus caracter\u00edsticas deban ser declaradas Patrimonio Natural de los Huilenses. \u201cPor medio de esta convocatoria, la CAM [&hellip;]<\/p>\n","protected":false},"author":2,"featured_media":0,"comment_status":"open","ping_status":"open","sticky":false,"template":"","format":"standard","meta":{"footnotes":""},"categories":[36,35],"tags":[],"class_list":["post-68794","post","type-post","status-publish","format-standard","hentry","category-destacado","category-regional"],"yoast_head":"<!-- This site is optimized with the Yoast SEO plugin v26.6 - https:\/\/yoast.com\/wordpress\/plugins\/seo\/ -->\n<title>Abierta convocatoria para seleccionar los monumentos naturales del Huila 2024 -<\/title>\n<meta name=\"robots\" content=\"index, follow, max-snippet:-1, max-image-preview:large, max-video-preview:-1\" \/>\n<link rel=\"canonical\" href=\"https:\/\/luchonoticias.com\/editor\/abierta-convocatoria-para-seleccionar-los-monumentos-naturales-del-huila-2024\/\" \/>\n<meta property=\"og:locale\" content=\"es_ES\" \/>\n<meta property=\"og:type\" content=\"article\" \/>\n<meta property=\"og:title\" content=\"Abierta convocatoria para seleccionar los monumentos naturales del Huila 2024 -\" \/>\n<meta property=\"og:url\" content=\"https:\/\/luchonoticias.com\/editor\/abierta-convocatoria-para-seleccionar-los-monumentos-naturales-del-huila-2024\/\" \/>\n<meta property=\"article:publisher\" content=\"https:\/\/www.facebook.com\/luchonoticiasneiva\" \/>\n<meta property=\"article:published_time\" content=\"2024-02-14T21:59:31+00:00\" \/>\n<meta property=\"article:modified_time\" content=\"2024-02-14T21:59:33+00:00\" \/>\n<meta property=\"og:image\" content=\"https:\/\/luchonoticias.com\/wp-content\/uploads\/2024\/02\/WhatsApp-Image-2024-02-14-at-4.20.57-PM-768x1024.jpeg\" \/>\n<meta name=\"author\" content=\"Editor General\" \/>\n<meta name=\"twitter:card\" content=\"summary_large_image\" \/>\n<meta name=\"twitter:label1\" content=\"Escrito por\" \/>\n\t<meta name=\"twitter:data1\" content=\"Editor General\" \/>\n\t<meta name=\"twitter:label2\" content=\"Tiempo de lectura\" \/>\n\t<meta name=\"twitter:data2\" content=\"3 minutos\" \/>\n<script type=\"application\/ld+json\" class=\"yoast-schema-graph\">{\"@context\":\"https:\/\/schema.org\",\"@graph\":[{\"@type\":\"Article\",\"@id\":\"https:\/\/luchonoticias.com\/editor\/abierta-convocatoria-para-seleccionar-los-monumentos-naturales-del-huila-2024\/#article\",\"isPartOf\":{\"@id\":\"https:\/\/luchonoticias.com\/editor\/abierta-convocatoria-para-seleccionar-los-monumentos-naturales-del-huila-2024\/\"},\"author\":{\"name\":\"Editor General\",\"@id\":\"https:\/\/luchonoticias.com\/editor\/#\/schema\/person\/29217990ddf6f14e35912b2866d591fb\"},\"headline\":\"Abierta convocatoria para seleccionar los monumentos naturales del Huila 2024\",\"datePublished\":\"2024-02-14T21:59:31+00:00\",\"dateModified\":\"2024-02-14T21:59:33+00:00\",\"mainEntityOfPage\":{\"@id\":\"https:\/\/luchonoticias.com\/editor\/abierta-convocatoria-para-seleccionar-los-monumentos-naturales-del-huila-2024\/\"},\"wordCount\":691,\"commentCount\":0,\"publisher\":{\"@id\":\"https:\/\/luchonoticias.com\/editor\/#\/schema\/person\/7a7fd911f58561fd056dbac7b55af9cd\"},\"image\":{\"@id\":\"https:\/\/luchonoticias.com\/editor\/abierta-convocatoria-para-seleccionar-los-monumentos-naturales-del-huila-2024\/#primaryimage\"},\"thumbnailUrl\":\"https:\/\/luchonoticias.com\/wp-content\/uploads\/2024\/02\/WhatsApp-Image-2024-02-14-at-4.20.57-PM-768x1024.jpeg\",\"articleSection\":[\"Destacado\",\"Regional\"],\"inLanguage\":\"es\",\"potentialAction\":[{\"@type\":\"CommentAction\",\"name\":\"Comment\",\"target\":[\"https:\/\/luchonoticias.com\/editor\/abierta-convocatoria-para-seleccionar-los-monumentos-naturales-del-huila-2024\/#respond\"]}]},{\"@type\":\"WebPage\",\"@id\":\"https:\/\/luchonoticias.com\/editor\/abierta-convocatoria-para-seleccionar-los-monumentos-naturales-del-huila-2024\/\",\"url\":\"https:\/\/luchonoticias.com\/editor\/abierta-convocatoria-para-seleccionar-los-monumentos-naturales-del-huila-2024\/\",\"name\":\"Abierta convocatoria para seleccionar los monumentos naturales del Huila 2024 -\",\"isPartOf\":{\"@id\":\"https:\/\/luchonoticias.com\/editor\/#website\"},\"primaryImageOfPage\":{\"@id\":\"https:\/\/luchonoticias.com\/editor\/abierta-convocatoria-para-seleccionar-los-monumentos-naturales-del-huila-2024\/#primaryimage\"},\"image\":{\"@id\":\"https:\/\/luchonoticias.com\/editor\/abierta-convocatoria-para-seleccionar-los-monumentos-naturales-del-huila-2024\/#primaryimage\"},\"thumbnailUrl\":\"https:\/\/luchonoticias.com\/wp-content\/uploads\/2024\/02\/WhatsApp-Image-2024-02-14-at-4.20.57-PM-768x1024.jpeg\",\"datePublished\":\"2024-02-14T21:59:31+00:00\",\"dateModified\":\"2024-02-14T21:59:33+00:00\",\"breadcrumb\":{\"@id\":\"https:\/\/luchonoticias.com\/editor\/abierta-convocatoria-para-seleccionar-los-monumentos-naturales-del-huila-2024\/#breadcrumb\"},\"inLanguage\":\"es\",\"potentialAction\":[{\"@type\":\"ReadAction\",\"target\":[\"https:\/\/luchonoticias.com\/editor\/abierta-convocatoria-para-seleccionar-los-monumentos-naturales-del-huila-2024\/\"]}]},{\"@type\":\"ImageObject\",\"inLanguage\":\"es\",\"@id\":\"https:\/\/luchonoticias.com\/editor\/abierta-convocatoria-para-seleccionar-los-monumentos-naturales-del-huila-2024\/#primaryimage\",\"url\":\"https:\/\/luchonoticias.com\/wp-content\/uploads\/2024\/02\/WhatsApp-Image-2024-02-14-at-4.20.57-PM-768x1024.jpeg\",\"contentUrl\":\"https:\/\/luchonoticias.com\/wp-content\/uploads\/2024\/02\/WhatsApp-Image-2024-02-14-at-4.20.57-PM-768x1024.jpeg\"},{\"@type\":\"BreadcrumbList\",\"@id\":\"https:\/\/luchonoticias.com\/editor\/abierta-convocatoria-para-seleccionar-los-monumentos-naturales-del-huila-2024\/#breadcrumb\",\"itemListElement\":[{\"@type\":\"ListItem\",\"position\":1,\"name\":\"Portada\",\"item\":\"https:\/\/luchonoticias.com\/editor\/\"},{\"@type\":\"ListItem\",\"position\":2,\"name\":\"Abierta convocatoria para seleccionar los monumentos naturales del Huila 2024\"}]},{\"@type\":\"WebSite\",\"@id\":\"https:\/\/luchonoticias.com\/editor\/#website\",\"url\":\"https:\/\/luchonoticias.com\/editor\/\",\"name\":\"\",\"description\":\"\",\"publisher\":{\"@id\":\"https:\/\/luchonoticias.com\/editor\/#\/schema\/person\/7a7fd911f58561fd056dbac7b55af9cd\"},\"potentialAction\":[{\"@type\":\"SearchAction\",\"target\":{\"@type\":\"EntryPoint\",\"urlTemplate\":\"https:\/\/luchonoticias.com\/editor\/?s={search_term_string}\"},\"query-input\":{\"@type\":\"PropertyValueSpecification\",\"valueRequired\":true,\"valueName\":\"search_term_string\"}}],\"inLanguage\":\"es\"},{\"@type\":[\"Person\",\"Organization\"],\"@id\":\"https:\/\/luchonoticias.com\/editor\/#\/schema\/person\/7a7fd911f58561fd056dbac7b55af9cd\",\"name\":\"admin\",\"image\":{\"@type\":\"ImageObject\",\"inLanguage\":\"es\",\"@id\":\"https:\/\/luchonoticias.com\/editor\/#\/schema\/person\/image\/\",\"url\":\"https:\/\/luchonoticias.com\/editor\/wp-content\/uploads\/2024\/02\/cropped-cropped-logolu.webp\",\"contentUrl\":\"https:\/\/luchonoticias.com\/editor\/wp-content\/uploads\/2024\/02\/cropped-cropped-logolu.webp\",\"width\":382,\"height\":170,\"caption\":\"admin\"},\"logo\":{\"@id\":\"https:\/\/luchonoticias.com\/editor\/#\/schema\/person\/image\/\"},\"sameAs\":[\"https:\/\/www.facebook.com\/luchonoticiasneiva\"]},{\"@type\":\"Person\",\"@id\":\"https:\/\/luchonoticias.com\/editor\/#\/schema\/person\/29217990ddf6f14e35912b2866d591fb\",\"name\":\"Editor General\",\"image\":{\"@type\":\"ImageObject\",\"inLanguage\":\"es\",\"@id\":\"https:\/\/luchonoticias.com\/editor\/#\/schema\/person\/image\/\",\"url\":\"https:\/\/luchonoticias.com\/editor\/wp-content\/uploads\/2024\/02\/cropped-cropped-logolu-150x150.webp\",\"contentUrl\":\"https:\/\/luchonoticias.com\/editor\/wp-content\/uploads\/2024\/02\/cropped-cropped-logolu-150x150.webp\",\"caption\":\"Editor General\"},\"sameAs\":[\"https:\/\/luchonoticias.com\/\"],\"url\":\"https:\/\/luchonoticias.com\/editor\/author\/editor-general\/\"}]}<\/script>\n<!-- \/ Yoast SEO plugin. -->","yoast_head_json":{"title":"Abierta convocatoria para seleccionar los monumentos naturales del Huila 2024 -","robots":{"index":"index","follow":"follow","max-snippet":"max-snippet:-1","max-image-preview":"max-image-preview:large","max-video-preview":"max-video-preview:-1"},"canonical":"https:\/\/luchonoticias.com\/editor\/abierta-convocatoria-para-seleccionar-los-monumentos-naturales-del-huila-2024\/","og_locale":"es_ES","og_type":"article","og_title":"Abierta convocatoria para seleccionar los monumentos naturales del Huila 2024 -","og_url":"https:\/\/luchonoticias.com\/editor\/abierta-convocatoria-para-seleccionar-los-monumentos-naturales-del-huila-2024\/","article_publisher":"https:\/\/www.facebook.com\/luchonoticiasneiva","article_published_time":"2024-02-14T21:59:31+00:00","article_modified_time":"2024-02-14T21:59:33+00:00","og_image":[{"url":"https:\/\/luchonoticias.com\/wp-content\/uploads\/2024\/02\/WhatsApp-Image-2024-02-14-at-4.20.57-PM-768x1024.jpeg","type":"","width":"","height":""}],"author":"Editor General","twitter_card":"summary_large_image","twitter_misc":{"Escrito por":"Editor General","Tiempo de lectura":"3 minutos"},"schema":{"@context":"https:\/\/schema.org","@graph":[{"@type":"Article","@id":"https:\/\/luchonoticias.com\/editor\/abierta-convocatoria-para-seleccionar-los-monumentos-naturales-del-huila-2024\/#article","isPartOf":{"@id":"https:\/\/luchonoticias.com\/editor\/abierta-convocatoria-para-seleccionar-los-monumentos-naturales-del-huila-2024\/"},"author":{"name":"Editor General","@id":"https:\/\/luchonoticias.com\/editor\/#\/schema\/person\/29217990ddf6f14e35912b2866d591fb"},"headline":"Abierta convocatoria para seleccionar los monumentos naturales del Huila 2024","datePublished":"2024-02-14T21:59:31+00:00","dateModified":"2024-02-14T21:59:33+00:00","mainEntityOfPage":{"@id":"https:\/\/luchonoticias.com\/editor\/abierta-convocatoria-para-seleccionar-los-monumentos-naturales-del-huila-2024\/"},"wordCount":691,"commentCount":0,"publisher":{"@id":"https:\/\/luchonoticias.com\/editor\/#\/schema\/person\/7a7fd911f58561fd056dbac7b55af9cd"},"image":{"@id":"https:\/\/luchonoticias.com\/editor\/abierta-convocatoria-para-seleccionar-los-monumentos-naturales-del-huila-2024\/#primaryimage"},"thumbnailUrl":"https:\/\/luchonoticias.com\/wp-content\/uploads\/2024\/02\/WhatsApp-Image-2024-02-14-at-4.20.57-PM-768x1024.jpeg","articleSection":["Destacado","Regional"],"inLanguage":"es","potentialAction":[{"@type":"CommentAction","name":"Comment","target":["https:\/\/luchonoticias.com\/editor\/abierta-convocatoria-para-seleccionar-los-monumentos-naturales-del-huila-2024\/#respond"]}]},{"@type":"WebPage","@id":"https:\/\/luchonoticias.com\/editor\/abierta-convocatoria-para-seleccionar-los-monumentos-naturales-del-huila-2024\/","url":"https:\/\/luchonoticias.com\/editor\/abierta-convocatoria-para-seleccionar-los-monumentos-naturales-del-huila-2024\/","name":"Abierta convocatoria para seleccionar los monumentos naturales del Huila 2024 -","isPartOf":{"@id":"https:\/\/luchonoticias.com\/editor\/#website"},"primaryImageOfPage":{"@id":"https:\/\/luchonoticias.com\/editor\/abierta-convocatoria-para-seleccionar-los-monumentos-naturales-del-huila-2024\/#primaryimage"},"image":{"@id":"https:\/\/luchonoticias.com\/editor\/abierta-convocatoria-para-seleccionar-los-monumentos-naturales-del-huila-2024\/#primaryimage"},"thumbnailUrl":"https:\/\/luchonoticias.com\/wp-content\/uploads\/2024\/02\/WhatsApp-Image-2024-02-14-at-4.20.57-PM-768x1024.jpeg","datePublished":"2024-02-14T21:59:31+00:00","dateModified":"2024-02-14T21:59:33+00:00","breadcrumb":{"@id":"https:\/\/luchonoticias.com\/editor\/abierta-convocatoria-para-seleccionar-los-monumentos-naturales-del-huila-2024\/#breadcrumb"},"inLanguage":"es","potentialAction":[{"@type":"ReadAction","target":["https:\/\/luchonoticias.com\/editor\/abierta-convocatoria-para-seleccionar-los-monumentos-naturales-del-huila-2024\/"]}]},{"@type":"ImageObject","inLanguage":"es","@id":"https:\/\/luchonoticias.com\/editor\/abierta-convocatoria-para-seleccionar-los-monumentos-naturales-del-huila-2024\/#primaryimage","url":"https:\/\/luchonoticias.com\/wp-content\/uploads\/2024\/02\/WhatsApp-Image-2024-02-14-at-4.20.57-PM-768x1024.jpeg","contentUrl":"https:\/\/luchonoticias.com\/wp-content\/uploads\/2024\/02\/WhatsApp-Image-2024-02-14-at-4.20.57-PM-768x1024.jpeg"},{"@type":"BreadcrumbList","@id":"https:\/\/luchonoticias.com\/editor\/abierta-convocatoria-para-seleccionar-los-monumentos-naturales-del-huila-2024\/#breadcrumb","itemListElement":[{"@type":"ListItem","position":1,"name":"Portada","item":"https:\/\/luchonoticias.com\/editor\/"},{"@type":"ListItem","position":2,"name":"Abierta convocatoria para seleccionar los monumentos naturales del Huila 2024"}]},{"@type":"WebSite","@id":"https:\/\/luchonoticias.com\/editor\/#website","url":"https:\/\/luchonoticias.com\/editor\/","name":"","description":"","publisher":{"@id":"https:\/\/luchonoticias.com\/editor\/#\/schema\/person\/7a7fd911f58561fd056dbac7b55af9cd"},"potentialAction":[{"@type":"SearchAction","target":{"@type":"EntryPoint","urlTemplate":"https:\/\/luchonoticias.com\/editor\/?s={search_term_string}"},"query-input":{"@type":"PropertyValueSpecification","valueRequired":true,"valueName":"search_term_string"}}],"inLanguage":"es"},{"@type":["Person","Organization"],"@id":"https:\/\/luchonoticias.com\/editor\/#\/schema\/person\/7a7fd911f58561fd056dbac7b55af9cd","name":"admin","image":{"@type":"ImageObject","inLanguage":"es","@id":"https:\/\/luchonoticias.com\/editor\/#\/schema\/person\/image\/","url":"https:\/\/luchonoticias.com\/editor\/wp-content\/uploads\/2024\/02\/cropped-cropped-logolu.webp","contentUrl":"https:\/\/luchonoticias.com\/editor\/wp-content\/uploads\/2024\/02\/cropped-cropped-logolu.webp","width":382,"height":170,"caption":"admin"},"logo":{"@id":"https:\/\/luchonoticias.com\/editor\/#\/schema\/person\/image\/"},"sameAs":["https:\/\/www.facebook.com\/luchonoticiasneiva"]},{"@type":"Person","@id":"https:\/\/luchonoticias.com\/editor\/#\/schema\/person\/29217990ddf6f14e35912b2866d591fb","name":"Editor General","image":{"@type":"ImageObject","inLanguage":"es","@id":"https:\/\/luchonoticias.com\/editor\/#\/schema\/person\/image\/","url":"https:\/\/luchonoticias.com\/editor\/wp-content\/uploads\/2024\/02\/cropped-cropped-logolu-150x150.webp","contentUrl":"https:\/\/luchonoticias.com\/editor\/wp-content\/uploads\/2024\/02\/cropped-cropped-logolu-150x150.webp","caption":"Editor General"},"sameAs":["https:\/\/luchonoticias.com\/"],"url":"https:\/\/luchonoticias.com\/editor\/author\/editor-general\/"}]}},"_links":{"self":[{"href":"https:\/\/luchonoticias.com\/editor\/wp-json\/wp\/v2\/posts\/68794","targetHints":{"allow":["GET"]}}],"collection":[{"href":"https:\/\/luchonoticias.com\/editor\/wp-json\/wp\/v2\/posts"}],"about":[{"href":"https:\/\/luchonoticias.com\/editor\/wp-json\/wp\/v2\/types\/post"}],"author":[{"embeddable":true,"href":"https:\/\/luchonoticias.com\/editor\/wp-json\/wp\/v2\/users\/2"}],"replies":[{"embeddable":true,"href":"https:\/\/luchonoticias.com\/editor\/wp-json\/wp\/v2\/comments?post=68794"}],"version-history":[{"count":0,"href":"https:\/\/luchonoticias.com\/editor\/wp-json\/wp\/v2\/posts\/68794\/revisions"}],"wp:attachment":[{"href":"https:\/\/luchonoticias.com\/editor\/wp-json\/wp\/v2\/media?parent=68794"}],"wp:term":[{"taxonomy":"category","embeddable":true,"href":"https:\/\/luchonoticias.com\/editor\/wp-json\/wp\/v2\/categories?post=68794"},{"taxonomy":"post_tag","embeddable":true,"href":"https:\/\/luchonoticias.com\/editor\/wp-json\/wp\/v2\/tags?post=68794"}],"curies":[{"name":"wp","href":"https:\/\/api.w.org\/{rel}","templated":true}]}}