{"id":68801,"date":"2024-02-15T07:20:59","date_gmt":"2024-02-15T12:20:59","guid":{"rendered":"https:\/\/luchonoticias.com\/?p=68801"},"modified":"2024-02-15T07:21:01","modified_gmt":"2024-02-15T12:21:01","slug":"inspector-de-policia-fue-privado-de-la-libertad-por-el-delito-de-concusion","status":"publish","type":"post","link":"https:\/\/luchonoticias.com\/editor\/inspector-de-policia-fue-privado-de-la-libertad-por-el-delito-de-concusion\/","title":{"rendered":"Inspector de polic\u00eda fue privado de la libertad por el delito de concusi\u00f3n"},"content":{"rendered":"\n<p>Hugo Gerardo Bonilla C\u00f3rdoba, inspector de Polic\u00eda de Pitalito, Huila, fue judicializado por un despacho fiscal de ese municipio por el delito de concusi\u00f3n, el cual habr\u00eda cometido cuando constre\u00f1ir\u00eda a una ciudadana a entregarle dinero a cambio de permitirle avanzar en una construcci\u00f3n.<\/p>\n\n\n\n<p>Todo ocurri\u00f3 el 12 de febrero de 2024 cuando el procesado supuestamente lleg\u00f3 al barrio Le\u00f3n Ruiz donde se adelantaba una obra y le inform\u00f3 al maestro que realizaba dichos trabajos, que no pod\u00eda continuar por no tener unos supuestos permisos, y que por tanto deb\u00eda cancelarle la suma de $1.500.000, accediendo finalmente a dejarlo en $1.000.000.<\/p>\n\n\n\n<p>Fue as\u00ed como como el trabajador se puso en contacto con la due\u00f1a de la vivienda para comentarle lo que estaba ocurriendo quien no dud\u00f3 en denunciarlo, pero antes acord\u00f3 la entrega con el inspector en v\u00eda p\u00fablica, diagonal a la Alcald\u00eda Municipal.<\/p>\n\n\n\n<p>Luego de recibir el dinero uniformados del Gaula de la Polic\u00eda lo siguieron, siendo capturado en el cuarto piso de la Alcald\u00eda, su lugar de trabajo.<\/p>\n\n\n\n<p>Durante las audiencias de rigor no acept\u00f3 los cargos enrostrados por el delegado fiscal y fue cobijado con medida de aseguramiento en su domicilio.<\/p>\n\n\n\n<figure class=\"wp-block-video\"><video autoplay controls src=\"https:\/\/luchonoticias.com\/wp-content\/uploads\/2024\/02\/MEDIOS-1.mp4\"><\/video><\/figure>\n","protected":false},"excerpt":{"rendered":"<p>Hugo Gerardo Bonilla C\u00f3rdoba, inspector de Polic\u00eda de Pitalito, Huila, fue judicializado por un despacho fiscal de ese municipio por el delito de concusi\u00f3n, el cual habr\u00eda cometido cuando constre\u00f1ir\u00eda a una ciudadana a entregarle dinero a cambio de permitirle avanzar en una construcci\u00f3n. Todo ocurri\u00f3 el 12 de febrero de 2024 cuando el procesado [&hellip;]<\/p>\n","protected":false},"author":2,"featured_media":0,"comment_status":"open","ping_status":"open","sticky":false,"template":"","format":"standard","meta":{"footnotes":""},"categories":[36,29,3962],"tags":[],"class_list":["post-68801","post","type-post","status-publish","format-standard","hentry","category-destacado","category-judicial","category-videos"],"yoast_head":"<!-- This site is optimized with the Yoast SEO plugin v26.6 - https:\/\/yoast.com\/wordpress\/plugins\/seo\/ -->\n<title>Inspector de polic\u00eda fue privado de la libertad por el delito de concusi\u00f3n -<\/title>\n<meta name=\"robots\" content=\"index, follow, max-snippet:-1, max-image-preview:large, max-video-preview:-1\" \/>\n<link rel=\"canonical\" href=\"https:\/\/luchonoticias.com\/editor\/inspector-de-policia-fue-privado-de-la-libertad-por-el-delito-de-concusion\/\" \/>\n<meta property=\"og:locale\" content=\"es_ES\" \/>\n<meta property=\"og:type\" content=\"article\" \/>\n<meta property=\"og:title\" content=\"Inspector de polic\u00eda fue privado de la libertad por el delito de concusi\u00f3n -\" \/>\n<meta property=\"og:url\" content=\"https:\/\/luchonoticias.com\/editor\/inspector-de-policia-fue-privado-de-la-libertad-por-el-delito-de-concusion\/\" \/>\n<meta property=\"article:publisher\" content=\"https:\/\/www.facebook.com\/luchonoticiasneiva\" \/>\n<meta property=\"article:published_time\" content=\"2024-02-15T12:20:59+00:00\" \/>\n<meta property=\"article:modified_time\" content=\"2024-02-15T12:21:01+00:00\" \/>\n<meta name=\"author\" content=\"Editor General\" \/>\n<meta name=\"twitter:card\" content=\"summary_large_image\" \/>\n<meta name=\"twitter:label1\" content=\"Escrito por\" \/>\n\t<meta name=\"twitter:data1\" content=\"Editor General\" \/>\n\t<meta name=\"twitter:label2\" content=\"Tiempo de lectura\" \/>\n\t<meta name=\"twitter:data2\" content=\"1 minuto\" \/>\n<script type=\"application\/ld+json\" class=\"yoast-schema-graph\">{\"@context\":\"https:\/\/schema.org\",\"@graph\":[{\"@type\":\"Article\",\"@id\":\"https:\/\/luchonoticias.com\/editor\/inspector-de-policia-fue-privado-de-la-libertad-por-el-delito-de-concusion\/#article\",\"isPartOf\":{\"@id\":\"https:\/\/luchonoticias.com\/editor\/inspector-de-policia-fue-privado-de-la-libertad-por-el-delito-de-concusion\/\"},\"author\":{\"name\":\"Editor General\",\"@id\":\"https:\/\/luchonoticias.com\/editor\/#\/schema\/person\/29217990ddf6f14e35912b2866d591fb\"},\"headline\":\"Inspector de polic\u00eda fue privado de la libertad por el delito de concusi\u00f3n\",\"datePublished\":\"2024-02-15T12:20:59+00:00\",\"dateModified\":\"2024-02-15T12:21:01+00:00\",\"mainEntityOfPage\":{\"@id\":\"https:\/\/luchonoticias.com\/editor\/inspector-de-policia-fue-privado-de-la-libertad-por-el-delito-de-concusion\/\"},\"wordCount\":221,\"commentCount\":0,\"publisher\":{\"@id\":\"https:\/\/luchonoticias.com\/editor\/#\/schema\/person\/7a7fd911f58561fd056dbac7b55af9cd\"},\"articleSection\":[\"Destacado\",\"Judicial\",\"Videos\"],\"inLanguage\":\"es\",\"potentialAction\":[{\"@type\":\"CommentAction\",\"name\":\"Comment\",\"target\":[\"https:\/\/luchonoticias.com\/editor\/inspector-de-policia-fue-privado-de-la-libertad-por-el-delito-de-concusion\/#respond\"]}]},{\"@type\":\"WebPage\",\"@id\":\"https:\/\/luchonoticias.com\/editor\/inspector-de-policia-fue-privado-de-la-libertad-por-el-delito-de-concusion\/\",\"url\":\"https:\/\/luchonoticias.com\/editor\/inspector-de-policia-fue-privado-de-la-libertad-por-el-delito-de-concusion\/\",\"name\":\"Inspector de polic\u00eda fue privado de la libertad por el delito de concusi\u00f3n -\",\"isPartOf\":{\"@id\":\"https:\/\/luchonoticias.com\/editor\/#website\"},\"datePublished\":\"2024-02-15T12:20:59+00:00\",\"dateModified\":\"2024-02-15T12:21:01+00:00\",\"breadcrumb\":{\"@id\":\"https:\/\/luchonoticias.com\/editor\/inspector-de-policia-fue-privado-de-la-libertad-por-el-delito-de-concusion\/#breadcrumb\"},\"inLanguage\":\"es\",\"potentialAction\":[{\"@type\":\"ReadAction\",\"target\":[\"https:\/\/luchonoticias.com\/editor\/inspector-de-policia-fue-privado-de-la-libertad-por-el-delito-de-concusion\/\"]}]},{\"@type\":\"BreadcrumbList\",\"@id\":\"https:\/\/luchonoticias.com\/editor\/inspector-de-policia-fue-privado-de-la-libertad-por-el-delito-de-concusion\/#breadcrumb\",\"itemListElement\":[{\"@type\":\"ListItem\",\"position\":1,\"name\":\"Portada\",\"item\":\"https:\/\/luchonoticias.com\/editor\/\"},{\"@type\":\"ListItem\",\"position\":2,\"name\":\"Inspector de polic\u00eda fue privado de la libertad por el delito de concusi\u00f3n\"}]},{\"@type\":\"WebSite\",\"@id\":\"https:\/\/luchonoticias.com\/editor\/#website\",\"url\":\"https:\/\/luchonoticias.com\/editor\/\",\"name\":\"\",\"description\":\"\",\"publisher\":{\"@id\":\"https:\/\/luchonoticias.com\/editor\/#\/schema\/person\/7a7fd911f58561fd056dbac7b55af9cd\"},\"potentialAction\":[{\"@type\":\"SearchAction\",\"target\":{\"@type\":\"EntryPoint\",\"urlTemplate\":\"https:\/\/luchonoticias.com\/editor\/?s={search_term_string}\"},\"query-input\":{\"@type\":\"PropertyValueSpecification\",\"valueRequired\":true,\"valueName\":\"search_term_string\"}}],\"inLanguage\":\"es\"},{\"@type\":[\"Person\",\"Organization\"],\"@id\":\"https:\/\/luchonoticias.com\/editor\/#\/schema\/person\/7a7fd911f58561fd056dbac7b55af9cd\",\"name\":\"admin\",\"image\":{\"@type\":\"ImageObject\",\"inLanguage\":\"es\",\"@id\":\"https:\/\/luchonoticias.com\/editor\/#\/schema\/person\/image\/\",\"url\":\"https:\/\/luchonoticias.com\/editor\/wp-content\/uploads\/2024\/02\/cropped-cropped-logolu.webp\",\"contentUrl\":\"https:\/\/luchonoticias.com\/editor\/wp-content\/uploads\/2024\/02\/cropped-cropped-logolu.webp\",\"width\":382,\"height\":170,\"caption\":\"admin\"},\"logo\":{\"@id\":\"https:\/\/luchonoticias.com\/editor\/#\/schema\/person\/image\/\"},\"sameAs\":[\"https:\/\/www.facebook.com\/luchonoticiasneiva\"]},{\"@type\":\"Person\",\"@id\":\"https:\/\/luchonoticias.com\/editor\/#\/schema\/person\/29217990ddf6f14e35912b2866d591fb\",\"name\":\"Editor General\",\"image\":{\"@type\":\"ImageObject\",\"inLanguage\":\"es\",\"@id\":\"https:\/\/luchonoticias.com\/editor\/#\/schema\/person\/image\/\",\"url\":\"https:\/\/luchonoticias.com\/editor\/wp-content\/uploads\/2024\/02\/cropped-cropped-logolu-150x150.webp\",\"contentUrl\":\"https:\/\/luchonoticias.com\/editor\/wp-content\/uploads\/2024\/02\/cropped-cropped-logolu-150x150.webp\",\"caption\":\"Editor General\"},\"sameAs\":[\"https:\/\/luchonoticias.com\/\"],\"url\":\"https:\/\/luchonoticias.com\/editor\/author\/editor-general\/\"}]}<\/script>\n<!-- \/ Yoast SEO plugin. -->","yoast_head_json":{"title":"Inspector de polic\u00eda fue privado de la libertad por el delito de concusi\u00f3n -","robots":{"index":"index","follow":"follow","max-snippet":"max-snippet:-1","max-image-preview":"max-image-preview:large","max-video-preview":"max-video-preview:-1"},"canonical":"https:\/\/luchonoticias.com\/editor\/inspector-de-policia-fue-privado-de-la-libertad-por-el-delito-de-concusion\/","og_locale":"es_ES","og_type":"article","og_title":"Inspector de polic\u00eda fue privado de la libertad por el delito de concusi\u00f3n -","og_url":"https:\/\/luchonoticias.com\/editor\/inspector-de-policia-fue-privado-de-la-libertad-por-el-delito-de-concusion\/","article_publisher":"https:\/\/www.facebook.com\/luchonoticiasneiva","article_published_time":"2024-02-15T12:20:59+00:00","article_modified_time":"2024-02-15T12:21:01+00:00","author":"Editor General","twitter_card":"summary_large_image","twitter_misc":{"Escrito por":"Editor General","Tiempo de lectura":"1 minuto"},"schema":{"@context":"https:\/\/schema.org","@graph":[{"@type":"Article","@id":"https:\/\/luchonoticias.com\/editor\/inspector-de-policia-fue-privado-de-la-libertad-por-el-delito-de-concusion\/#article","isPartOf":{"@id":"https:\/\/luchonoticias.com\/editor\/inspector-de-policia-fue-privado-de-la-libertad-por-el-delito-de-concusion\/"},"author":{"name":"Editor General","@id":"https:\/\/luchonoticias.com\/editor\/#\/schema\/person\/29217990ddf6f14e35912b2866d591fb"},"headline":"Inspector de polic\u00eda fue privado de la libertad por el delito de concusi\u00f3n","datePublished":"2024-02-15T12:20:59+00:00","dateModified":"2024-02-15T12:21:01+00:00","mainEntityOfPage":{"@id":"https:\/\/luchonoticias.com\/editor\/inspector-de-policia-fue-privado-de-la-libertad-por-el-delito-de-concusion\/"},"wordCount":221,"commentCount":0,"publisher":{"@id":"https:\/\/luchonoticias.com\/editor\/#\/schema\/person\/7a7fd911f58561fd056dbac7b55af9cd"},"articleSection":["Destacado","Judicial","Videos"],"inLanguage":"es","potentialAction":[{"@type":"CommentAction","name":"Comment","target":["https:\/\/luchonoticias.com\/editor\/inspector-de-policia-fue-privado-de-la-libertad-por-el-delito-de-concusion\/#respond"]}]},{"@type":"WebPage","@id":"https:\/\/luchonoticias.com\/editor\/inspector-de-policia-fue-privado-de-la-libertad-por-el-delito-de-concusion\/","url":"https:\/\/luchonoticias.com\/editor\/inspector-de-policia-fue-privado-de-la-libertad-por-el-delito-de-concusion\/","name":"Inspector de polic\u00eda fue privado de la libertad por el delito de concusi\u00f3n -","isPartOf":{"@id":"https:\/\/luchonoticias.com\/editor\/#website"},"datePublished":"2024-02-15T12:20:59+00:00","dateModified":"2024-02-15T12:21:01+00:00","breadcrumb":{"@id":"https:\/\/luchonoticias.com\/editor\/inspector-de-policia-fue-privado-de-la-libertad-por-el-delito-de-concusion\/#breadcrumb"},"inLanguage":"es","potentialAction":[{"@type":"ReadAction","target":["https:\/\/luchonoticias.com\/editor\/inspector-de-policia-fue-privado-de-la-libertad-por-el-delito-de-concusion\/"]}]},{"@type":"BreadcrumbList","@id":"https:\/\/luchonoticias.com\/editor\/inspector-de-policia-fue-privado-de-la-libertad-por-el-delito-de-concusion\/#breadcrumb","itemListElement":[{"@type":"ListItem","position":1,"name":"Portada","item":"https:\/\/luchonoticias.com\/editor\/"},{"@type":"ListItem","position":2,"name":"Inspector de polic\u00eda fue privado de la libertad por el delito de concusi\u00f3n"}]},{"@type":"WebSite","@id":"https:\/\/luchonoticias.com\/editor\/#website","url":"https:\/\/luchonoticias.com\/editor\/","name":"","description":"","publisher":{"@id":"https:\/\/luchonoticias.com\/editor\/#\/schema\/person\/7a7fd911f58561fd056dbac7b55af9cd"},"potentialAction":[{"@type":"SearchAction","target":{"@type":"EntryPoint","urlTemplate":"https:\/\/luchonoticias.com\/editor\/?s={search_term_string}"},"query-input":{"@type":"PropertyValueSpecification","valueRequired":true,"valueName":"search_term_string"}}],"inLanguage":"es"},{"@type":["Person","Organization"],"@id":"https:\/\/luchonoticias.com\/editor\/#\/schema\/person\/7a7fd911f58561fd056dbac7b55af9cd","name":"admin","image":{"@type":"ImageObject","inLanguage":"es","@id":"https:\/\/luchonoticias.com\/editor\/#\/schema\/person\/image\/","url":"https:\/\/luchonoticias.com\/editor\/wp-content\/uploads\/2024\/02\/cropped-cropped-logolu.webp","contentUrl":"https:\/\/luchonoticias.com\/editor\/wp-content\/uploads\/2024\/02\/cropped-cropped-logolu.webp","width":382,"height":170,"caption":"admin"},"logo":{"@id":"https:\/\/luchonoticias.com\/editor\/#\/schema\/person\/image\/"},"sameAs":["https:\/\/www.facebook.com\/luchonoticiasneiva"]},{"@type":"Person","@id":"https:\/\/luchonoticias.com\/editor\/#\/schema\/person\/29217990ddf6f14e35912b2866d591fb","name":"Editor General","image":{"@type":"ImageObject","inLanguage":"es","@id":"https:\/\/luchonoticias.com\/editor\/#\/schema\/person\/image\/","url":"https:\/\/luchonoticias.com\/editor\/wp-content\/uploads\/2024\/02\/cropped-cropped-logolu-150x150.webp","contentUrl":"https:\/\/luchonoticias.com\/editor\/wp-content\/uploads\/2024\/02\/cropped-cropped-logolu-150x150.webp","caption":"Editor General"},"sameAs":["https:\/\/luchonoticias.com\/"],"url":"https:\/\/luchonoticias.com\/editor\/author\/editor-general\/"}]}},"_links":{"self":[{"href":"https:\/\/luchonoticias.com\/editor\/wp-json\/wp\/v2\/posts\/68801","targetHints":{"allow":["GET"]}}],"collection":[{"href":"https:\/\/luchonoticias.com\/editor\/wp-json\/wp\/v2\/posts"}],"about":[{"href":"https:\/\/luchonoticias.com\/editor\/wp-json\/wp\/v2\/types\/post"}],"author":[{"embeddable":true,"href":"https:\/\/luchonoticias.com\/editor\/wp-json\/wp\/v2\/users\/2"}],"replies":[{"embeddable":true,"href":"https:\/\/luchonoticias.com\/editor\/wp-json\/wp\/v2\/comments?post=68801"}],"version-history":[{"count":0,"href":"https:\/\/luchonoticias.com\/editor\/wp-json\/wp\/v2\/posts\/68801\/revisions"}],"wp:attachment":[{"href":"https:\/\/luchonoticias.com\/editor\/wp-json\/wp\/v2\/media?parent=68801"}],"wp:term":[{"taxonomy":"category","embeddable":true,"href":"https:\/\/luchonoticias.com\/editor\/wp-json\/wp\/v2\/categories?post=68801"},{"taxonomy":"post_tag","embeddable":true,"href":"https:\/\/luchonoticias.com\/editor\/wp-json\/wp\/v2\/tags?post=68801"}],"curies":[{"name":"wp","href":"https:\/\/api.w.org\/{rel}","templated":true}]}}