{"id":68823,"date":"2024-02-15T07:39:57","date_gmt":"2024-02-15T12:39:57","guid":{"rendered":"https:\/\/luchonoticias.com\/?p=68823"},"modified":"2024-02-15T07:39:58","modified_gmt":"2024-02-15T12:39:58","slug":"mas-de-700-millones-de-indemnizacion-a-victimas-del-conflicto-fueron-entregados-en-neiva","status":"publish","type":"post","link":"https:\/\/luchonoticias.com\/editor\/mas-de-700-millones-de-indemnizacion-a-victimas-del-conflicto-fueron-entregados-en-neiva\/","title":{"rendered":"M\u00e1s de 700 millones de indemnizaci\u00f3n a v\u00edctimas del conflicto fueron entregados en Neiva"},"content":{"rendered":"\n<p>El encuentro, que cont\u00f3 con el acompa\u00f1amiento de la secretaria de Paz y Derechos Humanos, se dio en las instalaciones del Centro Regional a V\u00edctimas del Conflicto Armado, CRAV, donde se le entreg\u00f3 a 94 personas cartas de indemnizaci\u00f3n por un valor de 770 millones de pesos. Estas cartas hacen parte del rubro que entrega la Unidad para las V\u00edctimas, como parte de esas medidas de reparaci\u00f3n que se realizan con las personas que vivieron el flagelo del conflicto armado.<\/p>\n\n\n\n<p>Teniendo en cuenta los diferentes hechos victimizantes, se dio prioridad a adultos mayores de 63 a\u00f1os, personas en condici\u00f3n de discapacidad y personas que padecen enfermedades terminales.<\/p>\n\n\n\n<p>El secretario de Paz y DD.HH, Jorge Lozano, indic\u00f3 en medio del evento que \u201csabemos que haciendo un trabajo incansable pero bien articulado con las entidades del Gobierno Nacional, como lo es la Unidad Nacional de V\u00edctimas, podemos alcanzar y podemos lograr muchas metas, que se que todos ustedes que son las v\u00edctimas del conflicto, necesitan para seguir adelante con la construcci\u00f3n de sus vidas y el logro de muchos sue\u00f1os\u201d.<\/p>\n\n\n\n<p>Lesdy Marlody Rodr\u00edguez Qui\u00f1ones, directora de la Unidad para las V\u00edctimas direcci\u00f3n territoriales Caquet\u00e1 &#8211; Huila, tuvo la oportunidad de expresar cu\u00e1l ser\u00e1 el trabajo articulado previsto con la secretar\u00eda de Paz y DD.HH de la Administraci\u00f3n Municipal, expresando que \u201cauguramos muchos \u00e9xitos para esta nueva administraci\u00f3n y en esta visita al departamento del Huila estamos buscando generar acciones de articulaci\u00f3n, con la Alcald\u00eda y con la oficina de Paz\u201d. As\u00ed mismo, indic\u00f3 que la idea es \u201capuntarle a todas las acciones de reconciliaci\u00f3n, de paz y convivencia, que tiene planeada esta nueva administraci\u00f3n\u201d.<\/p>\n\n\n\n<p>De igual forma, el encuentro cont\u00f3 con la participaci\u00f3n de Edna Roc\u00edo Pinto Serrato, Coordinadora de la Mesa Departamental de V\u00edctimas del Conflicto Armado del Huila, quien ha expresado la disposici\u00f3n de poder articular con el alcalde Germ\u00e1n Casagua Bonilla y la necesidad de unir m\u00e1s al departamento, en un trabajo mancomunado en pro del beneficio de las v\u00edctimas del conflicto armado.<\/p>\n","protected":false},"excerpt":{"rendered":"<p>El encuentro, que cont\u00f3 con el acompa\u00f1amiento de la secretaria de Paz y Derechos Humanos, se dio en las instalaciones del Centro Regional a V\u00edctimas del Conflicto Armado, CRAV, donde se le entreg\u00f3 a 94 personas cartas de indemnizaci\u00f3n por un valor de 770 millones de pesos. Estas cartas hacen parte del rubro que entrega [&hellip;]<\/p>\n","protected":false},"author":2,"featured_media":0,"comment_status":"open","ping_status":"open","sticky":false,"template":"","format":"standard","meta":{"footnotes":""},"categories":[36,31],"tags":[],"class_list":["post-68823","post","type-post","status-publish","format-standard","hentry","category-destacado","category-local"],"yoast_head":"<!-- This site is optimized with the Yoast SEO plugin v26.6 - https:\/\/yoast.com\/wordpress\/plugins\/seo\/ -->\n<title>M\u00e1s de 700 millones de indemnizaci\u00f3n a v\u00edctimas del conflicto fueron entregados en Neiva -<\/title>\n<meta name=\"robots\" content=\"index, follow, max-snippet:-1, max-image-preview:large, max-video-preview:-1\" \/>\n<link rel=\"canonical\" href=\"https:\/\/luchonoticias.com\/editor\/mas-de-700-millones-de-indemnizacion-a-victimas-del-conflicto-fueron-entregados-en-neiva\/\" \/>\n<meta property=\"og:locale\" content=\"es_ES\" \/>\n<meta property=\"og:type\" content=\"article\" \/>\n<meta property=\"og:title\" content=\"M\u00e1s de 700 millones de indemnizaci\u00f3n a v\u00edctimas del conflicto fueron entregados en Neiva -\" \/>\n<meta property=\"og:url\" content=\"https:\/\/luchonoticias.com\/editor\/mas-de-700-millones-de-indemnizacion-a-victimas-del-conflicto-fueron-entregados-en-neiva\/\" \/>\n<meta property=\"article:publisher\" content=\"https:\/\/www.facebook.com\/luchonoticiasneiva\" \/>\n<meta property=\"article:published_time\" content=\"2024-02-15T12:39:57+00:00\" \/>\n<meta property=\"article:modified_time\" content=\"2024-02-15T12:39:58+00:00\" \/>\n<meta name=\"author\" content=\"Editor General\" \/>\n<meta name=\"twitter:card\" content=\"summary_large_image\" \/>\n<meta name=\"twitter:label1\" content=\"Escrito por\" \/>\n\t<meta name=\"twitter:data1\" content=\"Editor General\" \/>\n\t<meta name=\"twitter:label2\" content=\"Tiempo de lectura\" \/>\n\t<meta name=\"twitter:data2\" content=\"2 minutos\" \/>\n<script type=\"application\/ld+json\" class=\"yoast-schema-graph\">{\"@context\":\"https:\/\/schema.org\",\"@graph\":[{\"@type\":\"Article\",\"@id\":\"https:\/\/luchonoticias.com\/editor\/mas-de-700-millones-de-indemnizacion-a-victimas-del-conflicto-fueron-entregados-en-neiva\/#article\",\"isPartOf\":{\"@id\":\"https:\/\/luchonoticias.com\/editor\/mas-de-700-millones-de-indemnizacion-a-victimas-del-conflicto-fueron-entregados-en-neiva\/\"},\"author\":{\"name\":\"Editor General\",\"@id\":\"https:\/\/luchonoticias.com\/editor\/#\/schema\/person\/29217990ddf6f14e35912b2866d591fb\"},\"headline\":\"M\u00e1s de 700 millones de indemnizaci\u00f3n a v\u00edctimas del conflicto fueron entregados en Neiva\",\"datePublished\":\"2024-02-15T12:39:57+00:00\",\"dateModified\":\"2024-02-15T12:39:58+00:00\",\"mainEntityOfPage\":{\"@id\":\"https:\/\/luchonoticias.com\/editor\/mas-de-700-millones-de-indemnizacion-a-victimas-del-conflicto-fueron-entregados-en-neiva\/\"},\"wordCount\":379,\"commentCount\":0,\"publisher\":{\"@id\":\"https:\/\/luchonoticias.com\/editor\/#\/schema\/person\/7a7fd911f58561fd056dbac7b55af9cd\"},\"articleSection\":[\"Destacado\",\"Local\"],\"inLanguage\":\"es\",\"potentialAction\":[{\"@type\":\"CommentAction\",\"name\":\"Comment\",\"target\":[\"https:\/\/luchonoticias.com\/editor\/mas-de-700-millones-de-indemnizacion-a-victimas-del-conflicto-fueron-entregados-en-neiva\/#respond\"]}]},{\"@type\":\"WebPage\",\"@id\":\"https:\/\/luchonoticias.com\/editor\/mas-de-700-millones-de-indemnizacion-a-victimas-del-conflicto-fueron-entregados-en-neiva\/\",\"url\":\"https:\/\/luchonoticias.com\/editor\/mas-de-700-millones-de-indemnizacion-a-victimas-del-conflicto-fueron-entregados-en-neiva\/\",\"name\":\"M\u00e1s de 700 millones de indemnizaci\u00f3n a v\u00edctimas del conflicto fueron entregados en Neiva -\",\"isPartOf\":{\"@id\":\"https:\/\/luchonoticias.com\/editor\/#website\"},\"datePublished\":\"2024-02-15T12:39:57+00:00\",\"dateModified\":\"2024-02-15T12:39:58+00:00\",\"breadcrumb\":{\"@id\":\"https:\/\/luchonoticias.com\/editor\/mas-de-700-millones-de-indemnizacion-a-victimas-del-conflicto-fueron-entregados-en-neiva\/#breadcrumb\"},\"inLanguage\":\"es\",\"potentialAction\":[{\"@type\":\"ReadAction\",\"target\":[\"https:\/\/luchonoticias.com\/editor\/mas-de-700-millones-de-indemnizacion-a-victimas-del-conflicto-fueron-entregados-en-neiva\/\"]}]},{\"@type\":\"BreadcrumbList\",\"@id\":\"https:\/\/luchonoticias.com\/editor\/mas-de-700-millones-de-indemnizacion-a-victimas-del-conflicto-fueron-entregados-en-neiva\/#breadcrumb\",\"itemListElement\":[{\"@type\":\"ListItem\",\"position\":1,\"name\":\"Portada\",\"item\":\"https:\/\/luchonoticias.com\/editor\/\"},{\"@type\":\"ListItem\",\"position\":2,\"name\":\"M\u00e1s de 700 millones de indemnizaci\u00f3n a v\u00edctimas del conflicto fueron entregados en Neiva\"}]},{\"@type\":\"WebSite\",\"@id\":\"https:\/\/luchonoticias.com\/editor\/#website\",\"url\":\"https:\/\/luchonoticias.com\/editor\/\",\"name\":\"\",\"description\":\"\",\"publisher\":{\"@id\":\"https:\/\/luchonoticias.com\/editor\/#\/schema\/person\/7a7fd911f58561fd056dbac7b55af9cd\"},\"potentialAction\":[{\"@type\":\"SearchAction\",\"target\":{\"@type\":\"EntryPoint\",\"urlTemplate\":\"https:\/\/luchonoticias.com\/editor\/?s={search_term_string}\"},\"query-input\":{\"@type\":\"PropertyValueSpecification\",\"valueRequired\":true,\"valueName\":\"search_term_string\"}}],\"inLanguage\":\"es\"},{\"@type\":[\"Person\",\"Organization\"],\"@id\":\"https:\/\/luchonoticias.com\/editor\/#\/schema\/person\/7a7fd911f58561fd056dbac7b55af9cd\",\"name\":\"admin\",\"image\":{\"@type\":\"ImageObject\",\"inLanguage\":\"es\",\"@id\":\"https:\/\/luchonoticias.com\/editor\/#\/schema\/person\/image\/\",\"url\":\"https:\/\/luchonoticias.com\/editor\/wp-content\/uploads\/2024\/02\/cropped-cropped-logolu.webp\",\"contentUrl\":\"https:\/\/luchonoticias.com\/editor\/wp-content\/uploads\/2024\/02\/cropped-cropped-logolu.webp\",\"width\":382,\"height\":170,\"caption\":\"admin\"},\"logo\":{\"@id\":\"https:\/\/luchonoticias.com\/editor\/#\/schema\/person\/image\/\"},\"sameAs\":[\"https:\/\/www.facebook.com\/luchonoticiasneiva\"]},{\"@type\":\"Person\",\"@id\":\"https:\/\/luchonoticias.com\/editor\/#\/schema\/person\/29217990ddf6f14e35912b2866d591fb\",\"name\":\"Editor General\",\"image\":{\"@type\":\"ImageObject\",\"inLanguage\":\"es\",\"@id\":\"https:\/\/luchonoticias.com\/editor\/#\/schema\/person\/image\/\",\"url\":\"https:\/\/luchonoticias.com\/editor\/wp-content\/uploads\/2024\/02\/cropped-cropped-logolu-150x150.webp\",\"contentUrl\":\"https:\/\/luchonoticias.com\/editor\/wp-content\/uploads\/2024\/02\/cropped-cropped-logolu-150x150.webp\",\"caption\":\"Editor General\"},\"sameAs\":[\"https:\/\/luchonoticias.com\/\"],\"url\":\"https:\/\/luchonoticias.com\/editor\/author\/editor-general\/\"}]}<\/script>\n<!-- \/ Yoast SEO plugin. -->","yoast_head_json":{"title":"M\u00e1s de 700 millones de indemnizaci\u00f3n a v\u00edctimas del conflicto fueron entregados en Neiva -","robots":{"index":"index","follow":"follow","max-snippet":"max-snippet:-1","max-image-preview":"max-image-preview:large","max-video-preview":"max-video-preview:-1"},"canonical":"https:\/\/luchonoticias.com\/editor\/mas-de-700-millones-de-indemnizacion-a-victimas-del-conflicto-fueron-entregados-en-neiva\/","og_locale":"es_ES","og_type":"article","og_title":"M\u00e1s de 700 millones de indemnizaci\u00f3n a v\u00edctimas del conflicto fueron entregados en Neiva -","og_url":"https:\/\/luchonoticias.com\/editor\/mas-de-700-millones-de-indemnizacion-a-victimas-del-conflicto-fueron-entregados-en-neiva\/","article_publisher":"https:\/\/www.facebook.com\/luchonoticiasneiva","article_published_time":"2024-02-15T12:39:57+00:00","article_modified_time":"2024-02-15T12:39:58+00:00","author":"Editor General","twitter_card":"summary_large_image","twitter_misc":{"Escrito por":"Editor General","Tiempo de lectura":"2 minutos"},"schema":{"@context":"https:\/\/schema.org","@graph":[{"@type":"Article","@id":"https:\/\/luchonoticias.com\/editor\/mas-de-700-millones-de-indemnizacion-a-victimas-del-conflicto-fueron-entregados-en-neiva\/#article","isPartOf":{"@id":"https:\/\/luchonoticias.com\/editor\/mas-de-700-millones-de-indemnizacion-a-victimas-del-conflicto-fueron-entregados-en-neiva\/"},"author":{"name":"Editor General","@id":"https:\/\/luchonoticias.com\/editor\/#\/schema\/person\/29217990ddf6f14e35912b2866d591fb"},"headline":"M\u00e1s de 700 millones de indemnizaci\u00f3n a v\u00edctimas del conflicto fueron entregados en Neiva","datePublished":"2024-02-15T12:39:57+00:00","dateModified":"2024-02-15T12:39:58+00:00","mainEntityOfPage":{"@id":"https:\/\/luchonoticias.com\/editor\/mas-de-700-millones-de-indemnizacion-a-victimas-del-conflicto-fueron-entregados-en-neiva\/"},"wordCount":379,"commentCount":0,"publisher":{"@id":"https:\/\/luchonoticias.com\/editor\/#\/schema\/person\/7a7fd911f58561fd056dbac7b55af9cd"},"articleSection":["Destacado","Local"],"inLanguage":"es","potentialAction":[{"@type":"CommentAction","name":"Comment","target":["https:\/\/luchonoticias.com\/editor\/mas-de-700-millones-de-indemnizacion-a-victimas-del-conflicto-fueron-entregados-en-neiva\/#respond"]}]},{"@type":"WebPage","@id":"https:\/\/luchonoticias.com\/editor\/mas-de-700-millones-de-indemnizacion-a-victimas-del-conflicto-fueron-entregados-en-neiva\/","url":"https:\/\/luchonoticias.com\/editor\/mas-de-700-millones-de-indemnizacion-a-victimas-del-conflicto-fueron-entregados-en-neiva\/","name":"M\u00e1s de 700 millones de indemnizaci\u00f3n a v\u00edctimas del conflicto fueron entregados en Neiva -","isPartOf":{"@id":"https:\/\/luchonoticias.com\/editor\/#website"},"datePublished":"2024-02-15T12:39:57+00:00","dateModified":"2024-02-15T12:39:58+00:00","breadcrumb":{"@id":"https:\/\/luchonoticias.com\/editor\/mas-de-700-millones-de-indemnizacion-a-victimas-del-conflicto-fueron-entregados-en-neiva\/#breadcrumb"},"inLanguage":"es","potentialAction":[{"@type":"ReadAction","target":["https:\/\/luchonoticias.com\/editor\/mas-de-700-millones-de-indemnizacion-a-victimas-del-conflicto-fueron-entregados-en-neiva\/"]}]},{"@type":"BreadcrumbList","@id":"https:\/\/luchonoticias.com\/editor\/mas-de-700-millones-de-indemnizacion-a-victimas-del-conflicto-fueron-entregados-en-neiva\/#breadcrumb","itemListElement":[{"@type":"ListItem","position":1,"name":"Portada","item":"https:\/\/luchonoticias.com\/editor\/"},{"@type":"ListItem","position":2,"name":"M\u00e1s de 700 millones de indemnizaci\u00f3n a v\u00edctimas del conflicto fueron entregados en Neiva"}]},{"@type":"WebSite","@id":"https:\/\/luchonoticias.com\/editor\/#website","url":"https:\/\/luchonoticias.com\/editor\/","name":"","description":"","publisher":{"@id":"https:\/\/luchonoticias.com\/editor\/#\/schema\/person\/7a7fd911f58561fd056dbac7b55af9cd"},"potentialAction":[{"@type":"SearchAction","target":{"@type":"EntryPoint","urlTemplate":"https:\/\/luchonoticias.com\/editor\/?s={search_term_string}"},"query-input":{"@type":"PropertyValueSpecification","valueRequired":true,"valueName":"search_term_string"}}],"inLanguage":"es"},{"@type":["Person","Organization"],"@id":"https:\/\/luchonoticias.com\/editor\/#\/schema\/person\/7a7fd911f58561fd056dbac7b55af9cd","name":"admin","image":{"@type":"ImageObject","inLanguage":"es","@id":"https:\/\/luchonoticias.com\/editor\/#\/schema\/person\/image\/","url":"https:\/\/luchonoticias.com\/editor\/wp-content\/uploads\/2024\/02\/cropped-cropped-logolu.webp","contentUrl":"https:\/\/luchonoticias.com\/editor\/wp-content\/uploads\/2024\/02\/cropped-cropped-logolu.webp","width":382,"height":170,"caption":"admin"},"logo":{"@id":"https:\/\/luchonoticias.com\/editor\/#\/schema\/person\/image\/"},"sameAs":["https:\/\/www.facebook.com\/luchonoticiasneiva"]},{"@type":"Person","@id":"https:\/\/luchonoticias.com\/editor\/#\/schema\/person\/29217990ddf6f14e35912b2866d591fb","name":"Editor General","image":{"@type":"ImageObject","inLanguage":"es","@id":"https:\/\/luchonoticias.com\/editor\/#\/schema\/person\/image\/","url":"https:\/\/luchonoticias.com\/editor\/wp-content\/uploads\/2024\/02\/cropped-cropped-logolu-150x150.webp","contentUrl":"https:\/\/luchonoticias.com\/editor\/wp-content\/uploads\/2024\/02\/cropped-cropped-logolu-150x150.webp","caption":"Editor General"},"sameAs":["https:\/\/luchonoticias.com\/"],"url":"https:\/\/luchonoticias.com\/editor\/author\/editor-general\/"}]}},"_links":{"self":[{"href":"https:\/\/luchonoticias.com\/editor\/wp-json\/wp\/v2\/posts\/68823","targetHints":{"allow":["GET"]}}],"collection":[{"href":"https:\/\/luchonoticias.com\/editor\/wp-json\/wp\/v2\/posts"}],"about":[{"href":"https:\/\/luchonoticias.com\/editor\/wp-json\/wp\/v2\/types\/post"}],"author":[{"embeddable":true,"href":"https:\/\/luchonoticias.com\/editor\/wp-json\/wp\/v2\/users\/2"}],"replies":[{"embeddable":true,"href":"https:\/\/luchonoticias.com\/editor\/wp-json\/wp\/v2\/comments?post=68823"}],"version-history":[{"count":0,"href":"https:\/\/luchonoticias.com\/editor\/wp-json\/wp\/v2\/posts\/68823\/revisions"}],"wp:attachment":[{"href":"https:\/\/luchonoticias.com\/editor\/wp-json\/wp\/v2\/media?parent=68823"}],"wp:term":[{"taxonomy":"category","embeddable":true,"href":"https:\/\/luchonoticias.com\/editor\/wp-json\/wp\/v2\/categories?post=68823"},{"taxonomy":"post_tag","embeddable":true,"href":"https:\/\/luchonoticias.com\/editor\/wp-json\/wp\/v2\/tags?post=68823"}],"curies":[{"name":"wp","href":"https:\/\/api.w.org\/{rel}","templated":true}]}}