{"id":68826,"date":"2024-02-15T07:44:26","date_gmt":"2024-02-15T12:44:26","guid":{"rendered":"https:\/\/luchonoticias.com\/?p=68826"},"modified":"2024-02-15T07:44:28","modified_gmt":"2024-02-15T12:44:28","slug":"fiestas-del-san-juan-y-san-pedro-ya-tienen-afiche-oficial","status":"publish","type":"post","link":"https:\/\/luchonoticias.com\/editor\/fiestas-del-san-juan-y-san-pedro-ya-tienen-afiche-oficial\/","title":{"rendered":"Fiestas del San Juan y San Pedro ya tienen afiche oficial"},"content":{"rendered":"\n<p>El dise\u00f1o de Reynell Llanos Murcia, denominado \u2018Herencia M\u00e1gica y Cultural\u2019, reuni\u00f3 los criterios de selecci\u00f3n para ser elegido la imagen oficial del 63 Festival del Bambuco en San Juan y San Pedro que se llevar\u00e1 a cabo del 14 de junio al 1 de julio de 2024.<\/p>\n\n\n\n<p>\u201cResponde a las tendencias actuales, aplicando referentes visuales provenientes de la tradici\u00f3n hist\u00f3rica y cultural de la regi\u00f3n\u201d, se lee en el acta firmada por la triada de expertos que tuvo a cargo la dif\u00edcil decisi\u00f3n.<\/p>\n\n\n\n<p>Cabe resaltar, adem\u00e1s, que el afiche re\u00fane distintos elementos que est\u00e1n enmarcados en el imaginario colectivo del pueblo opita, subrayando principalmente el centenario de la publicaci\u00f3n de \u2018La Vor\u00e1gine\u2019, cl\u00e1sica obra de la literatura colombiana escrita por Jos\u00e9 Eustasio Rivera Salas.<\/p>\n\n\n\n<p>Con esto, la Gobernaci\u00f3n del Huila avanza con su plan de acci\u00f3n y promoci\u00f3n de las festividades m\u00e1s importantes del sur de Colombia.<\/p>\n\n\n\n<figure class=\"wp-block-image size-large\"><img decoding=\"async\" src=\"https:\/\/luchonoticias.com\/wp-content\/uploads\/2024\/02\/428246132_1148683173146953_5732082095773446993_n-716x1024.jpg\" alt=\"\" class=\"wp-image-68828\"\/><\/figure>\n\n\n\n<p><strong>Perfiles del jurado calificador:<\/strong><\/p>\n\n\n\n<p>*Jaime Ru\u00edz Sol\u00f3rzano &#8211; Maestr\u00eda en Educaci\u00f3n por el Arte y Animaci\u00f3n Sociocultura*l<\/p>\n\n\n\n<p>Licenciado en Filosof\u00eda e Historia y Especializado en Docencia Universitaria, Universidad Santo Tom\u00e1s, especializado en Planeaci\u00f3n del Desarrollo Educativo y Cultural, Universidad Surcolombiana, estudios de Maestr\u00eda en Educaci\u00f3n por el Arte y Animaci\u00f3n Sociocultural, Instituto Pedag\u00f3gico Latinoamericano y Caribe\u00f1o (La Habana). Mag\u00edster en Historia, Universidad Nacional de Colombia, Doctor en Estudios Sociales, Universidad Externado de Colombia, ejerce como Ensayista y Curador independiente; Docente e Investigador del Programa de la Licenciatura en Educaci\u00f3n Art\u00edstica, Universidad Surcolombiana, Neiva, graduado en Pintura. Escuela de Artes de Bogot\u00e1, Instituto Distrital de Cultura.<\/p>\n\n\n\n<p><strong>Fernando Solano &#8211; Dise\u00f1ador Gr\u00e1fico<\/strong><\/p>\n\n\n\n<p>Dise\u00f1ador Gr\u00e1fico de profesi\u00f3n con m\u00e1s de 20 a\u00f1os de experiencia en el sector de las artes gr\u00e1ficas, con estudios en Marketing, fotograf\u00eda e ilustraci\u00f3n digital, creador y propietario de varias marcas comerciales, entre ellas la agencia de dise\u00f1o y publicidad \u201cA Publicidad Colombia\u201d, dise\u00f1ador y ganador en 3 oportunidades del Afiche Oficial del Festival Folcl\u00f3rico y Reinado Nacional de Bambuco.<\/p>\n\n\n\n<p><strong>Pedro Pablo Tinjac\u00e1 Ruiz &#8211; Presidente de la Academia Huilense de Historia<\/strong><\/p>\n\n\n\n<p>M\u00e9dico Cirujano de la Universidad Nacional de Colombia. Natural de Zipaquir\u00e1, Cundinamarca. Especialista en Administraci\u00f3n y gerencia en salud, de la FUCS, Epidemiolog\u00eda de la Universidad del Valle y Sur colombiana de Neiva. Profesor de historia y ciencias sociales desde su \u00e9poca de estudiante. Estudios en EE. UU., Brasil, M\u00e9xico y Cuba, sobre fabricaci\u00f3n y control de vacunas, siendo jefe de producci\u00f3n de vacuna de fiebre amarilla en el Instituto nacional de Salud. Jefe de servicios de salud, medicamentos y atenci\u00f3n primaria en el Ministerio de salud. Socorrista y voluntario de la Cruz Roja por 30 a\u00f1os, 12 a\u00f1os miembro de la Junta Directiva de la Cruz Roja, Huila. Jefe de emergencias y desastres de Neiva por cuatro a\u00f1os. Epidemi\u00f3logo de la secretaria de salud departamental. Actualmente docente de la facultad de medicina de la Fundaci\u00f3n Universitaria Navarra y Magistrado del Tribunal de \u00e9tica m\u00e9dica del Huila. Presidente de la Academia Huilense de Historia y miembro correspondiente de la Academia de Historia de Cundinamarca. Investigador sobre la masoner\u00eda en Colombia.<\/p>\n\n\n\n<figure class=\"wp-block-image size-large\"><img decoding=\"async\" src=\"https:\/\/luchonoticias.com\/wp-content\/uploads\/2024\/02\/ACTA-AFICHE-2024_page-0001-795x1024.jpg\" alt=\"\" class=\"wp-image-68829\"\/><\/figure>\n","protected":false},"excerpt":{"rendered":"<p>El dise\u00f1o de Reynell Llanos Murcia, denominado \u2018Herencia M\u00e1gica y Cultural\u2019, reuni\u00f3 los criterios de selecci\u00f3n para ser elegido la imagen oficial del 63 Festival del Bambuco en San Juan y San Pedro que se llevar\u00e1 a cabo del 14 de junio al 1 de julio de 2024. \u201cResponde a las tendencias actuales, aplicando referentes [&hellip;]<\/p>\n","protected":false},"author":2,"featured_media":0,"comment_status":"open","ping_status":"open","sticky":false,"template":"","format":"standard","meta":{"footnotes":""},"categories":[36,35],"tags":[],"class_list":["post-68826","post","type-post","status-publish","format-standard","hentry","category-destacado","category-regional"],"yoast_head":"<!-- This site is optimized with the Yoast SEO plugin v26.6 - https:\/\/yoast.com\/wordpress\/plugins\/seo\/ -->\n<title>Fiestas del San Juan y San Pedro ya tienen afiche oficial -<\/title>\n<meta name=\"robots\" content=\"index, follow, max-snippet:-1, max-image-preview:large, max-video-preview:-1\" \/>\n<link rel=\"canonical\" href=\"https:\/\/luchonoticias.com\/editor\/fiestas-del-san-juan-y-san-pedro-ya-tienen-afiche-oficial\/\" \/>\n<meta property=\"og:locale\" content=\"es_ES\" \/>\n<meta property=\"og:type\" content=\"article\" \/>\n<meta property=\"og:title\" content=\"Fiestas del San Juan y San Pedro ya tienen afiche oficial -\" \/>\n<meta property=\"og:url\" content=\"https:\/\/luchonoticias.com\/editor\/fiestas-del-san-juan-y-san-pedro-ya-tienen-afiche-oficial\/\" \/>\n<meta property=\"article:publisher\" content=\"https:\/\/www.facebook.com\/luchonoticiasneiva\" \/>\n<meta property=\"article:published_time\" content=\"2024-02-15T12:44:26+00:00\" \/>\n<meta property=\"article:modified_time\" content=\"2024-02-15T12:44:28+00:00\" \/>\n<meta property=\"og:image\" content=\"https:\/\/luchonoticias.com\/wp-content\/uploads\/2024\/02\/428246132_1148683173146953_5732082095773446993_n-716x1024.jpg\" \/>\n<meta name=\"author\" content=\"Editor General\" \/>\n<meta name=\"twitter:card\" content=\"summary_large_image\" \/>\n<meta name=\"twitter:label1\" content=\"Escrito por\" \/>\n\t<meta name=\"twitter:data1\" content=\"Editor General\" \/>\n\t<meta name=\"twitter:label2\" content=\"Tiempo de lectura\" \/>\n\t<meta name=\"twitter:data2\" content=\"3 minutos\" \/>\n<script type=\"application\/ld+json\" class=\"yoast-schema-graph\">{\"@context\":\"https:\/\/schema.org\",\"@graph\":[{\"@type\":\"Article\",\"@id\":\"https:\/\/luchonoticias.com\/editor\/fiestas-del-san-juan-y-san-pedro-ya-tienen-afiche-oficial\/#article\",\"isPartOf\":{\"@id\":\"https:\/\/luchonoticias.com\/editor\/fiestas-del-san-juan-y-san-pedro-ya-tienen-afiche-oficial\/\"},\"author\":{\"name\":\"Editor General\",\"@id\":\"https:\/\/luchonoticias.com\/editor\/#\/schema\/person\/29217990ddf6f14e35912b2866d591fb\"},\"headline\":\"Fiestas del San Juan y San Pedro ya tienen afiche oficial\",\"datePublished\":\"2024-02-15T12:44:26+00:00\",\"dateModified\":\"2024-02-15T12:44:28+00:00\",\"mainEntityOfPage\":{\"@id\":\"https:\/\/luchonoticias.com\/editor\/fiestas-del-san-juan-y-san-pedro-ya-tienen-afiche-oficial\/\"},\"wordCount\":566,\"commentCount\":0,\"publisher\":{\"@id\":\"https:\/\/luchonoticias.com\/editor\/#\/schema\/person\/7a7fd911f58561fd056dbac7b55af9cd\"},\"image\":{\"@id\":\"https:\/\/luchonoticias.com\/editor\/fiestas-del-san-juan-y-san-pedro-ya-tienen-afiche-oficial\/#primaryimage\"},\"thumbnailUrl\":\"https:\/\/luchonoticias.com\/wp-content\/uploads\/2024\/02\/428246132_1148683173146953_5732082095773446993_n-716x1024.jpg\",\"articleSection\":[\"Destacado\",\"Regional\"],\"inLanguage\":\"es\",\"potentialAction\":[{\"@type\":\"CommentAction\",\"name\":\"Comment\",\"target\":[\"https:\/\/luchonoticias.com\/editor\/fiestas-del-san-juan-y-san-pedro-ya-tienen-afiche-oficial\/#respond\"]}]},{\"@type\":\"WebPage\",\"@id\":\"https:\/\/luchonoticias.com\/editor\/fiestas-del-san-juan-y-san-pedro-ya-tienen-afiche-oficial\/\",\"url\":\"https:\/\/luchonoticias.com\/editor\/fiestas-del-san-juan-y-san-pedro-ya-tienen-afiche-oficial\/\",\"name\":\"Fiestas del San Juan y San Pedro ya tienen afiche oficial -\",\"isPartOf\":{\"@id\":\"https:\/\/luchonoticias.com\/editor\/#website\"},\"primaryImageOfPage\":{\"@id\":\"https:\/\/luchonoticias.com\/editor\/fiestas-del-san-juan-y-san-pedro-ya-tienen-afiche-oficial\/#primaryimage\"},\"image\":{\"@id\":\"https:\/\/luchonoticias.com\/editor\/fiestas-del-san-juan-y-san-pedro-ya-tienen-afiche-oficial\/#primaryimage\"},\"thumbnailUrl\":\"https:\/\/luchonoticias.com\/wp-content\/uploads\/2024\/02\/428246132_1148683173146953_5732082095773446993_n-716x1024.jpg\",\"datePublished\":\"2024-02-15T12:44:26+00:00\",\"dateModified\":\"2024-02-15T12:44:28+00:00\",\"breadcrumb\":{\"@id\":\"https:\/\/luchonoticias.com\/editor\/fiestas-del-san-juan-y-san-pedro-ya-tienen-afiche-oficial\/#breadcrumb\"},\"inLanguage\":\"es\",\"potentialAction\":[{\"@type\":\"ReadAction\",\"target\":[\"https:\/\/luchonoticias.com\/editor\/fiestas-del-san-juan-y-san-pedro-ya-tienen-afiche-oficial\/\"]}]},{\"@type\":\"ImageObject\",\"inLanguage\":\"es\",\"@id\":\"https:\/\/luchonoticias.com\/editor\/fiestas-del-san-juan-y-san-pedro-ya-tienen-afiche-oficial\/#primaryimage\",\"url\":\"https:\/\/luchonoticias.com\/wp-content\/uploads\/2024\/02\/428246132_1148683173146953_5732082095773446993_n-716x1024.jpg\",\"contentUrl\":\"https:\/\/luchonoticias.com\/wp-content\/uploads\/2024\/02\/428246132_1148683173146953_5732082095773446993_n-716x1024.jpg\"},{\"@type\":\"BreadcrumbList\",\"@id\":\"https:\/\/luchonoticias.com\/editor\/fiestas-del-san-juan-y-san-pedro-ya-tienen-afiche-oficial\/#breadcrumb\",\"itemListElement\":[{\"@type\":\"ListItem\",\"position\":1,\"name\":\"Portada\",\"item\":\"https:\/\/luchonoticias.com\/editor\/\"},{\"@type\":\"ListItem\",\"position\":2,\"name\":\"Fiestas del San Juan y San Pedro ya tienen afiche oficial\"}]},{\"@type\":\"WebSite\",\"@id\":\"https:\/\/luchonoticias.com\/editor\/#website\",\"url\":\"https:\/\/luchonoticias.com\/editor\/\",\"name\":\"\",\"description\":\"\",\"publisher\":{\"@id\":\"https:\/\/luchonoticias.com\/editor\/#\/schema\/person\/7a7fd911f58561fd056dbac7b55af9cd\"},\"potentialAction\":[{\"@type\":\"SearchAction\",\"target\":{\"@type\":\"EntryPoint\",\"urlTemplate\":\"https:\/\/luchonoticias.com\/editor\/?s={search_term_string}\"},\"query-input\":{\"@type\":\"PropertyValueSpecification\",\"valueRequired\":true,\"valueName\":\"search_term_string\"}}],\"inLanguage\":\"es\"},{\"@type\":[\"Person\",\"Organization\"],\"@id\":\"https:\/\/luchonoticias.com\/editor\/#\/schema\/person\/7a7fd911f58561fd056dbac7b55af9cd\",\"name\":\"admin\",\"image\":{\"@type\":\"ImageObject\",\"inLanguage\":\"es\",\"@id\":\"https:\/\/luchonoticias.com\/editor\/#\/schema\/person\/image\/\",\"url\":\"https:\/\/luchonoticias.com\/editor\/wp-content\/uploads\/2024\/02\/cropped-cropped-logolu.webp\",\"contentUrl\":\"https:\/\/luchonoticias.com\/editor\/wp-content\/uploads\/2024\/02\/cropped-cropped-logolu.webp\",\"width\":382,\"height\":170,\"caption\":\"admin\"},\"logo\":{\"@id\":\"https:\/\/luchonoticias.com\/editor\/#\/schema\/person\/image\/\"},\"sameAs\":[\"https:\/\/www.facebook.com\/luchonoticiasneiva\"]},{\"@type\":\"Person\",\"@id\":\"https:\/\/luchonoticias.com\/editor\/#\/schema\/person\/29217990ddf6f14e35912b2866d591fb\",\"name\":\"Editor General\",\"image\":{\"@type\":\"ImageObject\",\"inLanguage\":\"es\",\"@id\":\"https:\/\/luchonoticias.com\/editor\/#\/schema\/person\/image\/\",\"url\":\"https:\/\/luchonoticias.com\/editor\/wp-content\/uploads\/2024\/02\/cropped-cropped-logolu-150x150.webp\",\"contentUrl\":\"https:\/\/luchonoticias.com\/editor\/wp-content\/uploads\/2024\/02\/cropped-cropped-logolu-150x150.webp\",\"caption\":\"Editor General\"},\"sameAs\":[\"https:\/\/luchonoticias.com\/\"],\"url\":\"https:\/\/luchonoticias.com\/editor\/author\/editor-general\/\"}]}<\/script>\n<!-- \/ Yoast SEO plugin. -->","yoast_head_json":{"title":"Fiestas del San Juan y San Pedro ya tienen afiche oficial -","robots":{"index":"index","follow":"follow","max-snippet":"max-snippet:-1","max-image-preview":"max-image-preview:large","max-video-preview":"max-video-preview:-1"},"canonical":"https:\/\/luchonoticias.com\/editor\/fiestas-del-san-juan-y-san-pedro-ya-tienen-afiche-oficial\/","og_locale":"es_ES","og_type":"article","og_title":"Fiestas del San Juan y San Pedro ya tienen afiche oficial -","og_url":"https:\/\/luchonoticias.com\/editor\/fiestas-del-san-juan-y-san-pedro-ya-tienen-afiche-oficial\/","article_publisher":"https:\/\/www.facebook.com\/luchonoticiasneiva","article_published_time":"2024-02-15T12:44:26+00:00","article_modified_time":"2024-02-15T12:44:28+00:00","og_image":[{"url":"https:\/\/luchonoticias.com\/wp-content\/uploads\/2024\/02\/428246132_1148683173146953_5732082095773446993_n-716x1024.jpg","type":"","width":"","height":""}],"author":"Editor General","twitter_card":"summary_large_image","twitter_misc":{"Escrito por":"Editor General","Tiempo de lectura":"3 minutos"},"schema":{"@context":"https:\/\/schema.org","@graph":[{"@type":"Article","@id":"https:\/\/luchonoticias.com\/editor\/fiestas-del-san-juan-y-san-pedro-ya-tienen-afiche-oficial\/#article","isPartOf":{"@id":"https:\/\/luchonoticias.com\/editor\/fiestas-del-san-juan-y-san-pedro-ya-tienen-afiche-oficial\/"},"author":{"name":"Editor General","@id":"https:\/\/luchonoticias.com\/editor\/#\/schema\/person\/29217990ddf6f14e35912b2866d591fb"},"headline":"Fiestas del San Juan y San Pedro ya tienen afiche oficial","datePublished":"2024-02-15T12:44:26+00:00","dateModified":"2024-02-15T12:44:28+00:00","mainEntityOfPage":{"@id":"https:\/\/luchonoticias.com\/editor\/fiestas-del-san-juan-y-san-pedro-ya-tienen-afiche-oficial\/"},"wordCount":566,"commentCount":0,"publisher":{"@id":"https:\/\/luchonoticias.com\/editor\/#\/schema\/person\/7a7fd911f58561fd056dbac7b55af9cd"},"image":{"@id":"https:\/\/luchonoticias.com\/editor\/fiestas-del-san-juan-y-san-pedro-ya-tienen-afiche-oficial\/#primaryimage"},"thumbnailUrl":"https:\/\/luchonoticias.com\/wp-content\/uploads\/2024\/02\/428246132_1148683173146953_5732082095773446993_n-716x1024.jpg","articleSection":["Destacado","Regional"],"inLanguage":"es","potentialAction":[{"@type":"CommentAction","name":"Comment","target":["https:\/\/luchonoticias.com\/editor\/fiestas-del-san-juan-y-san-pedro-ya-tienen-afiche-oficial\/#respond"]}]},{"@type":"WebPage","@id":"https:\/\/luchonoticias.com\/editor\/fiestas-del-san-juan-y-san-pedro-ya-tienen-afiche-oficial\/","url":"https:\/\/luchonoticias.com\/editor\/fiestas-del-san-juan-y-san-pedro-ya-tienen-afiche-oficial\/","name":"Fiestas del San Juan y San Pedro ya tienen afiche oficial -","isPartOf":{"@id":"https:\/\/luchonoticias.com\/editor\/#website"},"primaryImageOfPage":{"@id":"https:\/\/luchonoticias.com\/editor\/fiestas-del-san-juan-y-san-pedro-ya-tienen-afiche-oficial\/#primaryimage"},"image":{"@id":"https:\/\/luchonoticias.com\/editor\/fiestas-del-san-juan-y-san-pedro-ya-tienen-afiche-oficial\/#primaryimage"},"thumbnailUrl":"https:\/\/luchonoticias.com\/wp-content\/uploads\/2024\/02\/428246132_1148683173146953_5732082095773446993_n-716x1024.jpg","datePublished":"2024-02-15T12:44:26+00:00","dateModified":"2024-02-15T12:44:28+00:00","breadcrumb":{"@id":"https:\/\/luchonoticias.com\/editor\/fiestas-del-san-juan-y-san-pedro-ya-tienen-afiche-oficial\/#breadcrumb"},"inLanguage":"es","potentialAction":[{"@type":"ReadAction","target":["https:\/\/luchonoticias.com\/editor\/fiestas-del-san-juan-y-san-pedro-ya-tienen-afiche-oficial\/"]}]},{"@type":"ImageObject","inLanguage":"es","@id":"https:\/\/luchonoticias.com\/editor\/fiestas-del-san-juan-y-san-pedro-ya-tienen-afiche-oficial\/#primaryimage","url":"https:\/\/luchonoticias.com\/wp-content\/uploads\/2024\/02\/428246132_1148683173146953_5732082095773446993_n-716x1024.jpg","contentUrl":"https:\/\/luchonoticias.com\/wp-content\/uploads\/2024\/02\/428246132_1148683173146953_5732082095773446993_n-716x1024.jpg"},{"@type":"BreadcrumbList","@id":"https:\/\/luchonoticias.com\/editor\/fiestas-del-san-juan-y-san-pedro-ya-tienen-afiche-oficial\/#breadcrumb","itemListElement":[{"@type":"ListItem","position":1,"name":"Portada","item":"https:\/\/luchonoticias.com\/editor\/"},{"@type":"ListItem","position":2,"name":"Fiestas del San Juan y San Pedro ya tienen afiche oficial"}]},{"@type":"WebSite","@id":"https:\/\/luchonoticias.com\/editor\/#website","url":"https:\/\/luchonoticias.com\/editor\/","name":"","description":"","publisher":{"@id":"https:\/\/luchonoticias.com\/editor\/#\/schema\/person\/7a7fd911f58561fd056dbac7b55af9cd"},"potentialAction":[{"@type":"SearchAction","target":{"@type":"EntryPoint","urlTemplate":"https:\/\/luchonoticias.com\/editor\/?s={search_term_string}"},"query-input":{"@type":"PropertyValueSpecification","valueRequired":true,"valueName":"search_term_string"}}],"inLanguage":"es"},{"@type":["Person","Organization"],"@id":"https:\/\/luchonoticias.com\/editor\/#\/schema\/person\/7a7fd911f58561fd056dbac7b55af9cd","name":"admin","image":{"@type":"ImageObject","inLanguage":"es","@id":"https:\/\/luchonoticias.com\/editor\/#\/schema\/person\/image\/","url":"https:\/\/luchonoticias.com\/editor\/wp-content\/uploads\/2024\/02\/cropped-cropped-logolu.webp","contentUrl":"https:\/\/luchonoticias.com\/editor\/wp-content\/uploads\/2024\/02\/cropped-cropped-logolu.webp","width":382,"height":170,"caption":"admin"},"logo":{"@id":"https:\/\/luchonoticias.com\/editor\/#\/schema\/person\/image\/"},"sameAs":["https:\/\/www.facebook.com\/luchonoticiasneiva"]},{"@type":"Person","@id":"https:\/\/luchonoticias.com\/editor\/#\/schema\/person\/29217990ddf6f14e35912b2866d591fb","name":"Editor General","image":{"@type":"ImageObject","inLanguage":"es","@id":"https:\/\/luchonoticias.com\/editor\/#\/schema\/person\/image\/","url":"https:\/\/luchonoticias.com\/editor\/wp-content\/uploads\/2024\/02\/cropped-cropped-logolu-150x150.webp","contentUrl":"https:\/\/luchonoticias.com\/editor\/wp-content\/uploads\/2024\/02\/cropped-cropped-logolu-150x150.webp","caption":"Editor General"},"sameAs":["https:\/\/luchonoticias.com\/"],"url":"https:\/\/luchonoticias.com\/editor\/author\/editor-general\/"}]}},"_links":{"self":[{"href":"https:\/\/luchonoticias.com\/editor\/wp-json\/wp\/v2\/posts\/68826","targetHints":{"allow":["GET"]}}],"collection":[{"href":"https:\/\/luchonoticias.com\/editor\/wp-json\/wp\/v2\/posts"}],"about":[{"href":"https:\/\/luchonoticias.com\/editor\/wp-json\/wp\/v2\/types\/post"}],"author":[{"embeddable":true,"href":"https:\/\/luchonoticias.com\/editor\/wp-json\/wp\/v2\/users\/2"}],"replies":[{"embeddable":true,"href":"https:\/\/luchonoticias.com\/editor\/wp-json\/wp\/v2\/comments?post=68826"}],"version-history":[{"count":0,"href":"https:\/\/luchonoticias.com\/editor\/wp-json\/wp\/v2\/posts\/68826\/revisions"}],"wp:attachment":[{"href":"https:\/\/luchonoticias.com\/editor\/wp-json\/wp\/v2\/media?parent=68826"}],"wp:term":[{"taxonomy":"category","embeddable":true,"href":"https:\/\/luchonoticias.com\/editor\/wp-json\/wp\/v2\/categories?post=68826"},{"taxonomy":"post_tag","embeddable":true,"href":"https:\/\/luchonoticias.com\/editor\/wp-json\/wp\/v2\/tags?post=68826"}],"curies":[{"name":"wp","href":"https:\/\/api.w.org\/{rel}","templated":true}]}}