{"id":68831,"date":"2024-02-15T07:46:54","date_gmt":"2024-02-15T12:46:54","guid":{"rendered":"https:\/\/luchonoticias.com\/?p=68831"},"modified":"2024-02-15T07:46:56","modified_gmt":"2024-02-15T12:46:56","slug":"confirmado-el-departamento-del-huila-sera-sede-de-las-finales-zonales-de-los-juegos-intercolegiados-2024","status":"publish","type":"post","link":"https:\/\/luchonoticias.com\/editor\/confirmado-el-departamento-del-huila-sera-sede-de-las-finales-zonales-de-los-juegos-intercolegiados-2024\/","title":{"rendered":"Confirmado: El Departamento del Huila ser\u00e1 sede de las finales zonales de los Juegos Intercolegiados 2024"},"content":{"rendered":"\n<p>Una mesa de trabajo integrada por el m\u00e1ximo mandatario de los huilenses, Rodrigo Villalba Mosquera, el Inderhuila y el Gobierno Nacional, dieron por hecho la realizaci\u00f3n de estas justas deportivas a llevarse a cabo en nuestro territorio del 12 al 23 de marzo.<\/p>\n\n\n\n<p>\u201cUnas finales que permitiran abarcar las diferentes delegaciones deportivas de seis departamentos en nuestra regi\u00f3n con una inversi\u00f3n cercana a los 2.000 millones de pesos por parte del Ministerio del Deporte para garantizar la log\u00edstica en el desarrollo de estos juegos\u201d, afirm\u00f3 Victoria Barrag\u00e1n.<\/p>\n\n\n\n<p>\u201cPor supuesto que, con estos recursos, nuestra econom\u00eda se dinamizar\u00e1 y se fortalecer\u00e1 durante el mes de marzo, impulsando el sector hotelero, el sector de los restaurantes, el sector transportador, entre otros, permitiendo la generaci\u00f3n de empleos directos e indirectos para el desarrollo de las justas\u201d, complement\u00f3.<\/p>\n\n\n\n<figure class=\"wp-block-image size-large\"><img decoding=\"async\" src=\"https:\/\/luchonoticias.com\/wp-content\/uploads\/2024\/02\/WhatsApp-Image-2024-02-14-at-11.45.05-PM-1024x682.jpeg\" alt=\"\" class=\"wp-image-68833\"\/><\/figure>\n\n\n\n<p>Finalmente, el director del Inderhuila, hizo \u00e9nfasis en la gran contribuci\u00f3n al fortalecimiento del deporte que estos eventos traen para el departamento, en la firme intenci\u00f3n de consolidar al Huila como un territorio grande en materia deportiva.<\/p>\n\n\n\n<p>\u201cEsto nos hace muy felices. Ha sido una directriz de nuestro Gobernador que el Inderhuila gestione eventos de talla nacional y regional, con el apoyo de todos y cada uno de los funcionarios que han venido trabajando en este importante hecho\u201d, puntualiz\u00f3.<\/p>\n","protected":false},"excerpt":{"rendered":"<p>Una mesa de trabajo integrada por el m\u00e1ximo mandatario de los huilenses, Rodrigo Villalba Mosquera, el Inderhuila y el Gobierno Nacional, dieron por hecho la realizaci\u00f3n de estas justas deportivas a llevarse a cabo en nuestro territorio del 12 al 23 de marzo. \u201cUnas finales que permitiran abarcar las diferentes delegaciones deportivas de seis departamentos [&hellip;]<\/p>\n","protected":false},"author":2,"featured_media":0,"comment_status":"open","ping_status":"open","sticky":false,"template":"","format":"standard","meta":{"footnotes":""},"categories":[36,33],"tags":[],"class_list":["post-68831","post","type-post","status-publish","format-standard","hentry","category-destacado","category-huila"],"yoast_head":"<!-- This site is optimized with the Yoast SEO plugin v26.6 - https:\/\/yoast.com\/wordpress\/plugins\/seo\/ -->\n<title>Confirmado: El Departamento del Huila ser\u00e1 sede de las finales zonales de los Juegos Intercolegiados 2024 -<\/title>\n<meta name=\"robots\" content=\"index, follow, max-snippet:-1, max-image-preview:large, max-video-preview:-1\" \/>\n<link rel=\"canonical\" href=\"https:\/\/luchonoticias.com\/editor\/confirmado-el-departamento-del-huila-sera-sede-de-las-finales-zonales-de-los-juegos-intercolegiados-2024\/\" \/>\n<meta property=\"og:locale\" content=\"es_ES\" \/>\n<meta property=\"og:type\" content=\"article\" \/>\n<meta property=\"og:title\" content=\"Confirmado: El Departamento del Huila ser\u00e1 sede de las finales zonales de los Juegos Intercolegiados 2024 -\" \/>\n<meta property=\"og:url\" content=\"https:\/\/luchonoticias.com\/editor\/confirmado-el-departamento-del-huila-sera-sede-de-las-finales-zonales-de-los-juegos-intercolegiados-2024\/\" \/>\n<meta property=\"article:publisher\" content=\"https:\/\/www.facebook.com\/luchonoticiasneiva\" \/>\n<meta property=\"article:published_time\" content=\"2024-02-15T12:46:54+00:00\" \/>\n<meta property=\"article:modified_time\" content=\"2024-02-15T12:46:56+00:00\" \/>\n<meta property=\"og:image\" content=\"https:\/\/luchonoticias.com\/wp-content\/uploads\/2024\/02\/WhatsApp-Image-2024-02-14-at-11.45.05-PM-1024x682.jpeg\" \/>\n<meta name=\"author\" content=\"Editor General\" \/>\n<meta name=\"twitter:card\" content=\"summary_large_image\" \/>\n<meta name=\"twitter:label1\" content=\"Escrito por\" \/>\n\t<meta name=\"twitter:data1\" content=\"Editor General\" \/>\n\t<meta name=\"twitter:label2\" content=\"Tiempo de lectura\" \/>\n\t<meta name=\"twitter:data2\" content=\"1 minuto\" \/>\n<script type=\"application\/ld+json\" class=\"yoast-schema-graph\">{\"@context\":\"https:\/\/schema.org\",\"@graph\":[{\"@type\":\"Article\",\"@id\":\"https:\/\/luchonoticias.com\/editor\/confirmado-el-departamento-del-huila-sera-sede-de-las-finales-zonales-de-los-juegos-intercolegiados-2024\/#article\",\"isPartOf\":{\"@id\":\"https:\/\/luchonoticias.com\/editor\/confirmado-el-departamento-del-huila-sera-sede-de-las-finales-zonales-de-los-juegos-intercolegiados-2024\/\"},\"author\":{\"name\":\"Editor General\",\"@id\":\"https:\/\/luchonoticias.com\/editor\/#\/schema\/person\/29217990ddf6f14e35912b2866d591fb\"},\"headline\":\"Confirmado: El Departamento del Huila ser\u00e1 sede de las finales zonales de los Juegos Intercolegiados 2024\",\"datePublished\":\"2024-02-15T12:46:54+00:00\",\"dateModified\":\"2024-02-15T12:46:56+00:00\",\"mainEntityOfPage\":{\"@id\":\"https:\/\/luchonoticias.com\/editor\/confirmado-el-departamento-del-huila-sera-sede-de-las-finales-zonales-de-los-juegos-intercolegiados-2024\/\"},\"wordCount\":235,\"commentCount\":0,\"publisher\":{\"@id\":\"https:\/\/luchonoticias.com\/editor\/#\/schema\/person\/7a7fd911f58561fd056dbac7b55af9cd\"},\"image\":{\"@id\":\"https:\/\/luchonoticias.com\/editor\/confirmado-el-departamento-del-huila-sera-sede-de-las-finales-zonales-de-los-juegos-intercolegiados-2024\/#primaryimage\"},\"thumbnailUrl\":\"https:\/\/luchonoticias.com\/wp-content\/uploads\/2024\/02\/WhatsApp-Image-2024-02-14-at-11.45.05-PM-1024x682.jpeg\",\"articleSection\":[\"Destacado\",\"Huila\"],\"inLanguage\":\"es\",\"potentialAction\":[{\"@type\":\"CommentAction\",\"name\":\"Comment\",\"target\":[\"https:\/\/luchonoticias.com\/editor\/confirmado-el-departamento-del-huila-sera-sede-de-las-finales-zonales-de-los-juegos-intercolegiados-2024\/#respond\"]}]},{\"@type\":\"WebPage\",\"@id\":\"https:\/\/luchonoticias.com\/editor\/confirmado-el-departamento-del-huila-sera-sede-de-las-finales-zonales-de-los-juegos-intercolegiados-2024\/\",\"url\":\"https:\/\/luchonoticias.com\/editor\/confirmado-el-departamento-del-huila-sera-sede-de-las-finales-zonales-de-los-juegos-intercolegiados-2024\/\",\"name\":\"Confirmado: El Departamento del Huila ser\u00e1 sede de las finales zonales de los Juegos Intercolegiados 2024 -\",\"isPartOf\":{\"@id\":\"https:\/\/luchonoticias.com\/editor\/#website\"},\"primaryImageOfPage\":{\"@id\":\"https:\/\/luchonoticias.com\/editor\/confirmado-el-departamento-del-huila-sera-sede-de-las-finales-zonales-de-los-juegos-intercolegiados-2024\/#primaryimage\"},\"image\":{\"@id\":\"https:\/\/luchonoticias.com\/editor\/confirmado-el-departamento-del-huila-sera-sede-de-las-finales-zonales-de-los-juegos-intercolegiados-2024\/#primaryimage\"},\"thumbnailUrl\":\"https:\/\/luchonoticias.com\/wp-content\/uploads\/2024\/02\/WhatsApp-Image-2024-02-14-at-11.45.05-PM-1024x682.jpeg\",\"datePublished\":\"2024-02-15T12:46:54+00:00\",\"dateModified\":\"2024-02-15T12:46:56+00:00\",\"breadcrumb\":{\"@id\":\"https:\/\/luchonoticias.com\/editor\/confirmado-el-departamento-del-huila-sera-sede-de-las-finales-zonales-de-los-juegos-intercolegiados-2024\/#breadcrumb\"},\"inLanguage\":\"es\",\"potentialAction\":[{\"@type\":\"ReadAction\",\"target\":[\"https:\/\/luchonoticias.com\/editor\/confirmado-el-departamento-del-huila-sera-sede-de-las-finales-zonales-de-los-juegos-intercolegiados-2024\/\"]}]},{\"@type\":\"ImageObject\",\"inLanguage\":\"es\",\"@id\":\"https:\/\/luchonoticias.com\/editor\/confirmado-el-departamento-del-huila-sera-sede-de-las-finales-zonales-de-los-juegos-intercolegiados-2024\/#primaryimage\",\"url\":\"https:\/\/luchonoticias.com\/wp-content\/uploads\/2024\/02\/WhatsApp-Image-2024-02-14-at-11.45.05-PM-1024x682.jpeg\",\"contentUrl\":\"https:\/\/luchonoticias.com\/wp-content\/uploads\/2024\/02\/WhatsApp-Image-2024-02-14-at-11.45.05-PM-1024x682.jpeg\"},{\"@type\":\"BreadcrumbList\",\"@id\":\"https:\/\/luchonoticias.com\/editor\/confirmado-el-departamento-del-huila-sera-sede-de-las-finales-zonales-de-los-juegos-intercolegiados-2024\/#breadcrumb\",\"itemListElement\":[{\"@type\":\"ListItem\",\"position\":1,\"name\":\"Portada\",\"item\":\"https:\/\/luchonoticias.com\/editor\/\"},{\"@type\":\"ListItem\",\"position\":2,\"name\":\"Confirmado: El Departamento del Huila ser\u00e1 sede de las finales zonales de los Juegos Intercolegiados 2024\"}]},{\"@type\":\"WebSite\",\"@id\":\"https:\/\/luchonoticias.com\/editor\/#website\",\"url\":\"https:\/\/luchonoticias.com\/editor\/\",\"name\":\"\",\"description\":\"\",\"publisher\":{\"@id\":\"https:\/\/luchonoticias.com\/editor\/#\/schema\/person\/7a7fd911f58561fd056dbac7b55af9cd\"},\"potentialAction\":[{\"@type\":\"SearchAction\",\"target\":{\"@type\":\"EntryPoint\",\"urlTemplate\":\"https:\/\/luchonoticias.com\/editor\/?s={search_term_string}\"},\"query-input\":{\"@type\":\"PropertyValueSpecification\",\"valueRequired\":true,\"valueName\":\"search_term_string\"}}],\"inLanguage\":\"es\"},{\"@type\":[\"Person\",\"Organization\"],\"@id\":\"https:\/\/luchonoticias.com\/editor\/#\/schema\/person\/7a7fd911f58561fd056dbac7b55af9cd\",\"name\":\"admin\",\"image\":{\"@type\":\"ImageObject\",\"inLanguage\":\"es\",\"@id\":\"https:\/\/luchonoticias.com\/editor\/#\/schema\/person\/image\/\",\"url\":\"https:\/\/luchonoticias.com\/editor\/wp-content\/uploads\/2024\/02\/cropped-cropped-logolu.webp\",\"contentUrl\":\"https:\/\/luchonoticias.com\/editor\/wp-content\/uploads\/2024\/02\/cropped-cropped-logolu.webp\",\"width\":382,\"height\":170,\"caption\":\"admin\"},\"logo\":{\"@id\":\"https:\/\/luchonoticias.com\/editor\/#\/schema\/person\/image\/\"},\"sameAs\":[\"https:\/\/www.facebook.com\/luchonoticiasneiva\"]},{\"@type\":\"Person\",\"@id\":\"https:\/\/luchonoticias.com\/editor\/#\/schema\/person\/29217990ddf6f14e35912b2866d591fb\",\"name\":\"Editor General\",\"image\":{\"@type\":\"ImageObject\",\"inLanguage\":\"es\",\"@id\":\"https:\/\/luchonoticias.com\/editor\/#\/schema\/person\/image\/\",\"url\":\"https:\/\/luchonoticias.com\/editor\/wp-content\/uploads\/2024\/02\/cropped-cropped-logolu-150x150.webp\",\"contentUrl\":\"https:\/\/luchonoticias.com\/editor\/wp-content\/uploads\/2024\/02\/cropped-cropped-logolu-150x150.webp\",\"caption\":\"Editor General\"},\"sameAs\":[\"https:\/\/luchonoticias.com\/\"],\"url\":\"https:\/\/luchonoticias.com\/editor\/author\/editor-general\/\"}]}<\/script>\n<!-- \/ Yoast SEO plugin. -->","yoast_head_json":{"title":"Confirmado: El Departamento del Huila ser\u00e1 sede de las finales zonales de los Juegos Intercolegiados 2024 -","robots":{"index":"index","follow":"follow","max-snippet":"max-snippet:-1","max-image-preview":"max-image-preview:large","max-video-preview":"max-video-preview:-1"},"canonical":"https:\/\/luchonoticias.com\/editor\/confirmado-el-departamento-del-huila-sera-sede-de-las-finales-zonales-de-los-juegos-intercolegiados-2024\/","og_locale":"es_ES","og_type":"article","og_title":"Confirmado: El Departamento del Huila ser\u00e1 sede de las finales zonales de los Juegos Intercolegiados 2024 -","og_url":"https:\/\/luchonoticias.com\/editor\/confirmado-el-departamento-del-huila-sera-sede-de-las-finales-zonales-de-los-juegos-intercolegiados-2024\/","article_publisher":"https:\/\/www.facebook.com\/luchonoticiasneiva","article_published_time":"2024-02-15T12:46:54+00:00","article_modified_time":"2024-02-15T12:46:56+00:00","og_image":[{"url":"https:\/\/luchonoticias.com\/wp-content\/uploads\/2024\/02\/WhatsApp-Image-2024-02-14-at-11.45.05-PM-1024x682.jpeg","type":"","width":"","height":""}],"author":"Editor General","twitter_card":"summary_large_image","twitter_misc":{"Escrito por":"Editor General","Tiempo de lectura":"1 minuto"},"schema":{"@context":"https:\/\/schema.org","@graph":[{"@type":"Article","@id":"https:\/\/luchonoticias.com\/editor\/confirmado-el-departamento-del-huila-sera-sede-de-las-finales-zonales-de-los-juegos-intercolegiados-2024\/#article","isPartOf":{"@id":"https:\/\/luchonoticias.com\/editor\/confirmado-el-departamento-del-huila-sera-sede-de-las-finales-zonales-de-los-juegos-intercolegiados-2024\/"},"author":{"name":"Editor General","@id":"https:\/\/luchonoticias.com\/editor\/#\/schema\/person\/29217990ddf6f14e35912b2866d591fb"},"headline":"Confirmado: El Departamento del Huila ser\u00e1 sede de las finales zonales de los Juegos Intercolegiados 2024","datePublished":"2024-02-15T12:46:54+00:00","dateModified":"2024-02-15T12:46:56+00:00","mainEntityOfPage":{"@id":"https:\/\/luchonoticias.com\/editor\/confirmado-el-departamento-del-huila-sera-sede-de-las-finales-zonales-de-los-juegos-intercolegiados-2024\/"},"wordCount":235,"commentCount":0,"publisher":{"@id":"https:\/\/luchonoticias.com\/editor\/#\/schema\/person\/7a7fd911f58561fd056dbac7b55af9cd"},"image":{"@id":"https:\/\/luchonoticias.com\/editor\/confirmado-el-departamento-del-huila-sera-sede-de-las-finales-zonales-de-los-juegos-intercolegiados-2024\/#primaryimage"},"thumbnailUrl":"https:\/\/luchonoticias.com\/wp-content\/uploads\/2024\/02\/WhatsApp-Image-2024-02-14-at-11.45.05-PM-1024x682.jpeg","articleSection":["Destacado","Huila"],"inLanguage":"es","potentialAction":[{"@type":"CommentAction","name":"Comment","target":["https:\/\/luchonoticias.com\/editor\/confirmado-el-departamento-del-huila-sera-sede-de-las-finales-zonales-de-los-juegos-intercolegiados-2024\/#respond"]}]},{"@type":"WebPage","@id":"https:\/\/luchonoticias.com\/editor\/confirmado-el-departamento-del-huila-sera-sede-de-las-finales-zonales-de-los-juegos-intercolegiados-2024\/","url":"https:\/\/luchonoticias.com\/editor\/confirmado-el-departamento-del-huila-sera-sede-de-las-finales-zonales-de-los-juegos-intercolegiados-2024\/","name":"Confirmado: El Departamento del Huila ser\u00e1 sede de las finales zonales de los Juegos Intercolegiados 2024 -","isPartOf":{"@id":"https:\/\/luchonoticias.com\/editor\/#website"},"primaryImageOfPage":{"@id":"https:\/\/luchonoticias.com\/editor\/confirmado-el-departamento-del-huila-sera-sede-de-las-finales-zonales-de-los-juegos-intercolegiados-2024\/#primaryimage"},"image":{"@id":"https:\/\/luchonoticias.com\/editor\/confirmado-el-departamento-del-huila-sera-sede-de-las-finales-zonales-de-los-juegos-intercolegiados-2024\/#primaryimage"},"thumbnailUrl":"https:\/\/luchonoticias.com\/wp-content\/uploads\/2024\/02\/WhatsApp-Image-2024-02-14-at-11.45.05-PM-1024x682.jpeg","datePublished":"2024-02-15T12:46:54+00:00","dateModified":"2024-02-15T12:46:56+00:00","breadcrumb":{"@id":"https:\/\/luchonoticias.com\/editor\/confirmado-el-departamento-del-huila-sera-sede-de-las-finales-zonales-de-los-juegos-intercolegiados-2024\/#breadcrumb"},"inLanguage":"es","potentialAction":[{"@type":"ReadAction","target":["https:\/\/luchonoticias.com\/editor\/confirmado-el-departamento-del-huila-sera-sede-de-las-finales-zonales-de-los-juegos-intercolegiados-2024\/"]}]},{"@type":"ImageObject","inLanguage":"es","@id":"https:\/\/luchonoticias.com\/editor\/confirmado-el-departamento-del-huila-sera-sede-de-las-finales-zonales-de-los-juegos-intercolegiados-2024\/#primaryimage","url":"https:\/\/luchonoticias.com\/wp-content\/uploads\/2024\/02\/WhatsApp-Image-2024-02-14-at-11.45.05-PM-1024x682.jpeg","contentUrl":"https:\/\/luchonoticias.com\/wp-content\/uploads\/2024\/02\/WhatsApp-Image-2024-02-14-at-11.45.05-PM-1024x682.jpeg"},{"@type":"BreadcrumbList","@id":"https:\/\/luchonoticias.com\/editor\/confirmado-el-departamento-del-huila-sera-sede-de-las-finales-zonales-de-los-juegos-intercolegiados-2024\/#breadcrumb","itemListElement":[{"@type":"ListItem","position":1,"name":"Portada","item":"https:\/\/luchonoticias.com\/editor\/"},{"@type":"ListItem","position":2,"name":"Confirmado: El Departamento del Huila ser\u00e1 sede de las finales zonales de los Juegos Intercolegiados 2024"}]},{"@type":"WebSite","@id":"https:\/\/luchonoticias.com\/editor\/#website","url":"https:\/\/luchonoticias.com\/editor\/","name":"","description":"","publisher":{"@id":"https:\/\/luchonoticias.com\/editor\/#\/schema\/person\/7a7fd911f58561fd056dbac7b55af9cd"},"potentialAction":[{"@type":"SearchAction","target":{"@type":"EntryPoint","urlTemplate":"https:\/\/luchonoticias.com\/editor\/?s={search_term_string}"},"query-input":{"@type":"PropertyValueSpecification","valueRequired":true,"valueName":"search_term_string"}}],"inLanguage":"es"},{"@type":["Person","Organization"],"@id":"https:\/\/luchonoticias.com\/editor\/#\/schema\/person\/7a7fd911f58561fd056dbac7b55af9cd","name":"admin","image":{"@type":"ImageObject","inLanguage":"es","@id":"https:\/\/luchonoticias.com\/editor\/#\/schema\/person\/image\/","url":"https:\/\/luchonoticias.com\/editor\/wp-content\/uploads\/2024\/02\/cropped-cropped-logolu.webp","contentUrl":"https:\/\/luchonoticias.com\/editor\/wp-content\/uploads\/2024\/02\/cropped-cropped-logolu.webp","width":382,"height":170,"caption":"admin"},"logo":{"@id":"https:\/\/luchonoticias.com\/editor\/#\/schema\/person\/image\/"},"sameAs":["https:\/\/www.facebook.com\/luchonoticiasneiva"]},{"@type":"Person","@id":"https:\/\/luchonoticias.com\/editor\/#\/schema\/person\/29217990ddf6f14e35912b2866d591fb","name":"Editor General","image":{"@type":"ImageObject","inLanguage":"es","@id":"https:\/\/luchonoticias.com\/editor\/#\/schema\/person\/image\/","url":"https:\/\/luchonoticias.com\/editor\/wp-content\/uploads\/2024\/02\/cropped-cropped-logolu-150x150.webp","contentUrl":"https:\/\/luchonoticias.com\/editor\/wp-content\/uploads\/2024\/02\/cropped-cropped-logolu-150x150.webp","caption":"Editor General"},"sameAs":["https:\/\/luchonoticias.com\/"],"url":"https:\/\/luchonoticias.com\/editor\/author\/editor-general\/"}]}},"_links":{"self":[{"href":"https:\/\/luchonoticias.com\/editor\/wp-json\/wp\/v2\/posts\/68831","targetHints":{"allow":["GET"]}}],"collection":[{"href":"https:\/\/luchonoticias.com\/editor\/wp-json\/wp\/v2\/posts"}],"about":[{"href":"https:\/\/luchonoticias.com\/editor\/wp-json\/wp\/v2\/types\/post"}],"author":[{"embeddable":true,"href":"https:\/\/luchonoticias.com\/editor\/wp-json\/wp\/v2\/users\/2"}],"replies":[{"embeddable":true,"href":"https:\/\/luchonoticias.com\/editor\/wp-json\/wp\/v2\/comments?post=68831"}],"version-history":[{"count":0,"href":"https:\/\/luchonoticias.com\/editor\/wp-json\/wp\/v2\/posts\/68831\/revisions"}],"wp:attachment":[{"href":"https:\/\/luchonoticias.com\/editor\/wp-json\/wp\/v2\/media?parent=68831"}],"wp:term":[{"taxonomy":"category","embeddable":true,"href":"https:\/\/luchonoticias.com\/editor\/wp-json\/wp\/v2\/categories?post=68831"},{"taxonomy":"post_tag","embeddable":true,"href":"https:\/\/luchonoticias.com\/editor\/wp-json\/wp\/v2\/tags?post=68831"}],"curies":[{"name":"wp","href":"https:\/\/api.w.org\/{rel}","templated":true}]}}