{"id":68838,"date":"2024-02-15T07:51:42","date_gmt":"2024-02-15T12:51:42","guid":{"rendered":"https:\/\/luchonoticias.com\/?p=68838"},"modified":"2024-02-15T07:51:44","modified_gmt":"2024-02-15T12:51:44","slug":"aeronaves-que-antes-arrojaban-glifosato-ahora-apagaran-incendios-y-protegeran-la-vida-y-el-medio-ambiente","status":"publish","type":"post","link":"https:\/\/luchonoticias.com\/editor\/aeronaves-que-antes-arrojaban-glifosato-ahora-apagaran-incendios-y-protegeran-la-vida-y-el-medio-ambiente\/","title":{"rendered":"Aeronaves que antes arrojaban glifosato ahora apagar\u00e1n incendios y proteger\u00e1n la vida y el medio ambiente"},"content":{"rendered":"\n<p>Como un \u201ccambio radical\u201d calific\u00f3 el presidente Gustavo Petro Urrego la utilizaci\u00f3n de aeronaves que antes se usaban para arrojar glifosato sobre territorios y comunidades y en adelante ser\u00e1n una herramienta para enfrentar los efectos del fen\u00f3meno de El Ni\u00f1o y, tambi\u00e9n, combatir delitos ambientales en el pa\u00eds.<\/p>\n\n\n\n<p>El mandatario particip\u00f3 en la presentaci\u00f3n del Programa de Extinci\u00f3n de Incendios Forestales y Protecci\u00f3n del Medio Ambiente, liderado por la Polic\u00eda Nacional, acto que se realiz\u00f3 este mi\u00e9rcoles en la Escuela de Aviaci\u00f3n de la Polic\u00eda de Mariquita, Tolima.<\/p>\n\n\n\n<p>&nbsp;\u201cEstos aparatos tienen ese significado: hechos o pensados para arrojar veneno sobre nuestra tierra, sin \u00e9xito, hoy pueden arrojar agua sobre nuestra tierra con un \u00e9xito, que es la vida\u201d, expres\u00f3 el mandatario.<\/p>\n\n\n\n<p>\u201cEs un cambio radical, un cambio que es el que nosotros quer\u00edamos establecer simb\u00f3licamente aqu\u00ed. Esta flota no ir\u00e1 a matar colombianos, no ir\u00e1 a matar seres humanos, ir\u00e1 a salvar seres humanos\u201d, recalc\u00f3 el Jefe de Estado.<\/p>\n\n\n\n<p>En la presentaci\u00f3n del programa tambi\u00e9n participaron los ministros de Defensa, Iv\u00e1n Vel\u00e1squez, y Ambiente, Susana Muhamad; el director de la Polic\u00eda Nacional, general William Ren\u00e9 Salamanca, y Kevin Murakami, director de la Secci\u00f3n de Antinarc\u00f3ticos y Aplicaci\u00f3n de la Ley (INL) de la Embajada de Estados Unidos, pa\u00eds que brinda apoyo financiero a la iniciativa.<\/p>\n\n\n\n<p><strong>Patrulla a\u00e9rea multiprop\u00f3sito<\/strong><\/p>\n\n\n\n<p>El general Salamanca destac\u00f3 que la estrategia, que es pionera en Am\u00e9rica Latina, estar\u00e1 compuesta por una flotilla de 15 aeronaves, 8 de las cuales entraron ya en funcionamiento y las restantes ser\u00e1n incorporadas en las pr\u00f3ximas semanas.<\/p>\n\n\n\n<p>Adem\u00e1s de combatir incendios forestales, las aeronaves constituyen una patrulla a\u00e9rea multiprop\u00f3sito, ya que se utilizar\u00e1n en operaciones contra la miner\u00eda ilegal, lucha contra la deforestaci\u00f3n y la protecci\u00f3n de p\u00e1ramos y fuentes h\u00eddricas.<\/p>\n\n\n\n<p>\u201cSus capacidades ser\u00e1n fundamentales para consolidar el naciente centro de investigaci\u00f3n para el control de delitos ambientales de la Amazon\u00eda colombiana\u201d, manifest\u00f3 el director de la Polic\u00eda Nacional.<\/p>\n\n\n\n<p>Las aeronaves se suman a las capacidades del Gobierno Nacional para anticiparse a las emergencias provocadas por el fen\u00f3meno de El Ni\u00f1o, que entrar\u00e1 en su fase m\u00e1s fuerte desde ahora hasta abril, y dar\u00e1n soporte a las autoridades regionales para combatir incendios y deforestaci\u00f3n.<\/p>\n\n\n\n<p>\u201cCon estas nuevas fortalezas la Polic\u00eda Nacional contribuir\u00e1 a alcanzar la meta colombiana de lograr cero deforestaciones para el a\u00f1o 2030, lo cual requiere prestar particular atenci\u00f3n a las amenazas que demandan acciones urgentes contra incendios forestales, cultivos ilegales, tala il\u00edcita de bosques, acaparamiento de tierras y explotaci\u00f3n ilegal de yacimientos mineros\u201d, precis\u00f3 el general Salamanca.<\/p>\n\n\n\n<p><strong>Compromiso de la Fuerza P\u00fablica<\/strong><\/p>\n\n\n\n<p>La ministra de Ambiente, Susana Muhamad, destac\u00f3 el compromiso de la Polic\u00eda Nacional y el apoyo financiero del gobierno de Estados Unidos para hacer realidad el Programa de Extinci\u00f3n de Incendios Forestales y Protecci\u00f3n del Medio Ambiente.<\/p>\n\n\n\n<p>La titular de esta cartera resalt\u00f3 los esfuerzos para \u201cacondicionar estos aviones que previamente se utilizaron en la aspersi\u00f3n de glifosato en contra de cultivos il\u00edcitos, en una pol\u00edtica p\u00fablica que terminaba castigando a los campesinos, contaminando el medio ambiente y causando conflictos territoriales\u201d.<\/p>\n\n\n\n<p>\u201cLa pol\u00edtica de seguridad humana del presidente Gustavo Petro, liderada por el ministro de Defensa, Iv\u00e1n Vel\u00e1squez, por el contrario, se enfoca en una visi\u00f3n integral de la seguridad\u201d, dijo.<\/p>\n\n\n\n<p>\u201cLa reconversi\u00f3n y experticia de los pilotos, que saben manejar estos aviones a distancias muy cercanas del suelo, aplicadas hoy para atacar los incendios forestales, que han sido devastadores durante el fen\u00f3meno de El Ni\u00f1o, es una muestra del Gobierno del Cambio y es una muestra de la cooperaci\u00f3n y el rol que tiene la Polic\u00eda Nacional y en general la Fuerza P\u00fablica en la protecci\u00f3n del medio ambiente\u201d, sostuvo la ministra Muhamad.<\/p>\n\n\n\n<p><strong>Alianza para la vida<\/strong><\/p>\n\n\n\n<p>Para el presidente Gustavo Petro, \u201cesta alianza entre pa\u00edses, en este caso Estados Unidos y Colombia, es una alianza para la vida y ense\u00f1a lo que podr\u00eda ser en el futuro las alianzas en el mundo: el gran pacto de la humanidad para salvar la existencia en el planeta Tierra\u201d.<\/p>\n\n\n\n<p>El jefe de Estado puntualiz\u00f3 que este tipo de nuevas alianzas solo son posibles \u201cuniendo los cerebros, las investigaciones, la ciencia, la voluntad de las comunidades y el hero\u00edsmo de las personas, que tendr\u00e1n que ponerse al l\u00edmite si queremos realmente rescatar nuestro planeta, haciendo las transformaciones pol\u00edticas y econ\u00f3micas\u201d que se requieren.<\/p>\n\n\n\n<p><strong>L\u00edneas de acci\u00f3n<\/strong><\/p>\n\n\n\n<p><em><u>El programa cuenta con 3 l\u00edneas de acci\u00f3n:<\/u><\/em><\/p>\n\n\n\n<p>\u2014L\u00ednea de prevenci\u00f3n: para generar procesos educativos e informaci\u00f3n p\u00fablica, para lograr la activa y efectiva participaci\u00f3n de la comunidad y entidades institucionales involucradas en la soluci\u00f3n de la problem\u00e1tica de los incendios forestales y protecci\u00f3n del medio ambiente.<\/p>\n\n\n\n<p>\u2014L\u00ednea de respuesta ante incendios forestales terrestres: conformada por brigadas forestales con capacidad de movilizarse y trabajar articuladamente con todas las entidades del sistema nacional para la gesti\u00f3n del riesgo de desastres en todo el pa\u00eds.<\/p>\n\n\n\n<p>\u2014L\u00ednea de respuesta ante incendios forestales a\u00e9reos: adaptaci\u00f3n de cuatro 4 aeronaves UH-60 Black Hawk y cuatro 4 AT-802 Air Tractor, con capacidad para controlar incendios forestales y protecci\u00f3n del medio ambiente, ante los cambios clim\u00e1ticos que se presentan en el pa\u00eds.<\/p>\n\n\n\n<p><strong>Datos t\u00e9cnicos de las aeronaves<\/strong><\/p>\n\n\n\n<p>\u2014\u2018Colibr\u00edes\u2019<\/p>\n\n\n\n<p>Air Tractor AT-802<\/p>\n\n\n\n<p>Motor: 1.350 caballos de fuerza<\/p>\n\n\n\n<p>Capacidad: 800 galones<\/p>\n\n\n\n<p>Velocidad m\u00e1xima: 200 km\/h<\/p>\n\n\n\n<p>Hasta 21 metros de altura del lugar del incendio<\/p>\n\n\n\n<p>Dispersi\u00f3n de 150 metros sobre el \u00e1rea del incendio<\/p>\n\n\n\n<p>\u2014\u2018Guacamayas\u2019<\/p>\n\n\n\n<p>UH-60 Black Hawk<\/p>\n\n\n\n<p>Motor: 1.662 caballos de fuerza<\/p>\n\n\n\n<p>Capacidad: 660 galones<\/p>\n\n\n\n<p>Velocidad: 130 km\/h<\/p>\n\n\n\n<p>Acondicionados con \u2018Bambi Buckets\u2019<\/p>\n\n\n\n<p>Puede acercarse hasta 17 metros de altura de la zona de incendios<\/p>\n\n\n\n<p><strong>Misiones desarrolladas<\/strong><\/p>\n\n\n\n<p>Se destacan algunas de las misiones relevantes realizadas desde la modificaci\u00f3n y conversi\u00f3n de las aeronaves, as\u00ed:<\/p>\n\n\n\n<p>(2023) Parque Natural Regional El Valle<\/p>\n\n\n\n<p>(2023) P\u00e1ramo del Complejo Iguaque \u2013 Merch\u00e1n<\/p>\n\n\n\n<p>(2024) Parque Nacional Natural Sierra Nevada de Santa Marta<\/p>\n\n\n\n<p>(2024) Cerros Orientales de Bogot\u00e1.<\/p>\n\n\n\n<p>(2024) Parque Natural del Cocuy.<\/p>\n","protected":false},"excerpt":{"rendered":"<p>Como un \u201ccambio radical\u201d calific\u00f3 el presidente Gustavo Petro Urrego la utilizaci\u00f3n de aeronaves que antes se usaban para arrojar glifosato sobre territorios y comunidades y en adelante ser\u00e1n una herramienta para enfrentar los efectos del fen\u00f3meno de El Ni\u00f1o y, tambi\u00e9n, combatir delitos ambientales en el pa\u00eds. El mandatario particip\u00f3 en la presentaci\u00f3n del [&hellip;]<\/p>\n","protected":false},"author":2,"featured_media":0,"comment_status":"open","ping_status":"open","sticky":false,"template":"","format":"standard","meta":{"footnotes":""},"categories":[36,32],"tags":[],"class_list":["post-68838","post","type-post","status-publish","format-standard","hentry","category-destacado","category-nacional"],"yoast_head":"<!-- This site is optimized with the Yoast SEO plugin v26.6 - https:\/\/yoast.com\/wordpress\/plugins\/seo\/ -->\n<title>Aeronaves que antes arrojaban glifosato ahora apagar\u00e1n incendios y proteger\u00e1n la vida y el medio ambiente -<\/title>\n<meta name=\"robots\" content=\"index, follow, max-snippet:-1, max-image-preview:large, max-video-preview:-1\" \/>\n<link rel=\"canonical\" href=\"https:\/\/luchonoticias.com\/editor\/aeronaves-que-antes-arrojaban-glifosato-ahora-apagaran-incendios-y-protegeran-la-vida-y-el-medio-ambiente\/\" \/>\n<meta property=\"og:locale\" content=\"es_ES\" \/>\n<meta property=\"og:type\" content=\"article\" \/>\n<meta property=\"og:title\" content=\"Aeronaves que antes arrojaban glifosato ahora apagar\u00e1n incendios y proteger\u00e1n la vida y el medio ambiente -\" \/>\n<meta property=\"og:url\" content=\"https:\/\/luchonoticias.com\/editor\/aeronaves-que-antes-arrojaban-glifosato-ahora-apagaran-incendios-y-protegeran-la-vida-y-el-medio-ambiente\/\" \/>\n<meta property=\"article:publisher\" content=\"https:\/\/www.facebook.com\/luchonoticiasneiva\" \/>\n<meta property=\"article:published_time\" content=\"2024-02-15T12:51:42+00:00\" \/>\n<meta property=\"article:modified_time\" content=\"2024-02-15T12:51:44+00:00\" \/>\n<meta name=\"author\" content=\"Editor General\" \/>\n<meta name=\"twitter:card\" content=\"summary_large_image\" \/>\n<meta name=\"twitter:label1\" content=\"Escrito por\" \/>\n\t<meta name=\"twitter:data1\" content=\"Editor General\" \/>\n\t<meta name=\"twitter:label2\" content=\"Tiempo de lectura\" \/>\n\t<meta name=\"twitter:data2\" content=\"5 minutos\" \/>\n<script type=\"application\/ld+json\" class=\"yoast-schema-graph\">{\"@context\":\"https:\/\/schema.org\",\"@graph\":[{\"@type\":\"Article\",\"@id\":\"https:\/\/luchonoticias.com\/editor\/aeronaves-que-antes-arrojaban-glifosato-ahora-apagaran-incendios-y-protegeran-la-vida-y-el-medio-ambiente\/#article\",\"isPartOf\":{\"@id\":\"https:\/\/luchonoticias.com\/editor\/aeronaves-que-antes-arrojaban-glifosato-ahora-apagaran-incendios-y-protegeran-la-vida-y-el-medio-ambiente\/\"},\"author\":{\"name\":\"Editor General\",\"@id\":\"https:\/\/luchonoticias.com\/editor\/#\/schema\/person\/29217990ddf6f14e35912b2866d591fb\"},\"headline\":\"Aeronaves que antes arrojaban glifosato ahora apagar\u00e1n incendios y proteger\u00e1n la vida y el medio ambiente\",\"datePublished\":\"2024-02-15T12:51:42+00:00\",\"dateModified\":\"2024-02-15T12:51:44+00:00\",\"mainEntityOfPage\":{\"@id\":\"https:\/\/luchonoticias.com\/editor\/aeronaves-que-antes-arrojaban-glifosato-ahora-apagaran-incendios-y-protegeran-la-vida-y-el-medio-ambiente\/\"},\"wordCount\":1072,\"commentCount\":0,\"publisher\":{\"@id\":\"https:\/\/luchonoticias.com\/editor\/#\/schema\/person\/7a7fd911f58561fd056dbac7b55af9cd\"},\"articleSection\":[\"Destacado\",\"Nacional\"],\"inLanguage\":\"es\",\"potentialAction\":[{\"@type\":\"CommentAction\",\"name\":\"Comment\",\"target\":[\"https:\/\/luchonoticias.com\/editor\/aeronaves-que-antes-arrojaban-glifosato-ahora-apagaran-incendios-y-protegeran-la-vida-y-el-medio-ambiente\/#respond\"]}]},{\"@type\":\"WebPage\",\"@id\":\"https:\/\/luchonoticias.com\/editor\/aeronaves-que-antes-arrojaban-glifosato-ahora-apagaran-incendios-y-protegeran-la-vida-y-el-medio-ambiente\/\",\"url\":\"https:\/\/luchonoticias.com\/editor\/aeronaves-que-antes-arrojaban-glifosato-ahora-apagaran-incendios-y-protegeran-la-vida-y-el-medio-ambiente\/\",\"name\":\"Aeronaves que antes arrojaban glifosato ahora apagar\u00e1n incendios y proteger\u00e1n la vida y el medio ambiente -\",\"isPartOf\":{\"@id\":\"https:\/\/luchonoticias.com\/editor\/#website\"},\"datePublished\":\"2024-02-15T12:51:42+00:00\",\"dateModified\":\"2024-02-15T12:51:44+00:00\",\"breadcrumb\":{\"@id\":\"https:\/\/luchonoticias.com\/editor\/aeronaves-que-antes-arrojaban-glifosato-ahora-apagaran-incendios-y-protegeran-la-vida-y-el-medio-ambiente\/#breadcrumb\"},\"inLanguage\":\"es\",\"potentialAction\":[{\"@type\":\"ReadAction\",\"target\":[\"https:\/\/luchonoticias.com\/editor\/aeronaves-que-antes-arrojaban-glifosato-ahora-apagaran-incendios-y-protegeran-la-vida-y-el-medio-ambiente\/\"]}]},{\"@type\":\"BreadcrumbList\",\"@id\":\"https:\/\/luchonoticias.com\/editor\/aeronaves-que-antes-arrojaban-glifosato-ahora-apagaran-incendios-y-protegeran-la-vida-y-el-medio-ambiente\/#breadcrumb\",\"itemListElement\":[{\"@type\":\"ListItem\",\"position\":1,\"name\":\"Portada\",\"item\":\"https:\/\/luchonoticias.com\/editor\/\"},{\"@type\":\"ListItem\",\"position\":2,\"name\":\"Aeronaves que antes arrojaban glifosato ahora apagar\u00e1n incendios y proteger\u00e1n la vida y el medio ambiente\"}]},{\"@type\":\"WebSite\",\"@id\":\"https:\/\/luchonoticias.com\/editor\/#website\",\"url\":\"https:\/\/luchonoticias.com\/editor\/\",\"name\":\"\",\"description\":\"\",\"publisher\":{\"@id\":\"https:\/\/luchonoticias.com\/editor\/#\/schema\/person\/7a7fd911f58561fd056dbac7b55af9cd\"},\"potentialAction\":[{\"@type\":\"SearchAction\",\"target\":{\"@type\":\"EntryPoint\",\"urlTemplate\":\"https:\/\/luchonoticias.com\/editor\/?s={search_term_string}\"},\"query-input\":{\"@type\":\"PropertyValueSpecification\",\"valueRequired\":true,\"valueName\":\"search_term_string\"}}],\"inLanguage\":\"es\"},{\"@type\":[\"Person\",\"Organization\"],\"@id\":\"https:\/\/luchonoticias.com\/editor\/#\/schema\/person\/7a7fd911f58561fd056dbac7b55af9cd\",\"name\":\"admin\",\"image\":{\"@type\":\"ImageObject\",\"inLanguage\":\"es\",\"@id\":\"https:\/\/luchonoticias.com\/editor\/#\/schema\/person\/image\/\",\"url\":\"https:\/\/luchonoticias.com\/editor\/wp-content\/uploads\/2024\/02\/cropped-cropped-logolu.webp\",\"contentUrl\":\"https:\/\/luchonoticias.com\/editor\/wp-content\/uploads\/2024\/02\/cropped-cropped-logolu.webp\",\"width\":382,\"height\":170,\"caption\":\"admin\"},\"logo\":{\"@id\":\"https:\/\/luchonoticias.com\/editor\/#\/schema\/person\/image\/\"},\"sameAs\":[\"https:\/\/www.facebook.com\/luchonoticiasneiva\"]},{\"@type\":\"Person\",\"@id\":\"https:\/\/luchonoticias.com\/editor\/#\/schema\/person\/29217990ddf6f14e35912b2866d591fb\",\"name\":\"Editor General\",\"image\":{\"@type\":\"ImageObject\",\"inLanguage\":\"es\",\"@id\":\"https:\/\/luchonoticias.com\/editor\/#\/schema\/person\/image\/\",\"url\":\"https:\/\/luchonoticias.com\/editor\/wp-content\/uploads\/2024\/02\/cropped-cropped-logolu-150x150.webp\",\"contentUrl\":\"https:\/\/luchonoticias.com\/editor\/wp-content\/uploads\/2024\/02\/cropped-cropped-logolu-150x150.webp\",\"caption\":\"Editor General\"},\"sameAs\":[\"https:\/\/luchonoticias.com\/\"],\"url\":\"https:\/\/luchonoticias.com\/editor\/author\/editor-general\/\"}]}<\/script>\n<!-- \/ Yoast SEO plugin. -->","yoast_head_json":{"title":"Aeronaves que antes arrojaban glifosato ahora apagar\u00e1n incendios y proteger\u00e1n la vida y el medio ambiente -","robots":{"index":"index","follow":"follow","max-snippet":"max-snippet:-1","max-image-preview":"max-image-preview:large","max-video-preview":"max-video-preview:-1"},"canonical":"https:\/\/luchonoticias.com\/editor\/aeronaves-que-antes-arrojaban-glifosato-ahora-apagaran-incendios-y-protegeran-la-vida-y-el-medio-ambiente\/","og_locale":"es_ES","og_type":"article","og_title":"Aeronaves que antes arrojaban glifosato ahora apagar\u00e1n incendios y proteger\u00e1n la vida y el medio ambiente -","og_url":"https:\/\/luchonoticias.com\/editor\/aeronaves-que-antes-arrojaban-glifosato-ahora-apagaran-incendios-y-protegeran-la-vida-y-el-medio-ambiente\/","article_publisher":"https:\/\/www.facebook.com\/luchonoticiasneiva","article_published_time":"2024-02-15T12:51:42+00:00","article_modified_time":"2024-02-15T12:51:44+00:00","author":"Editor General","twitter_card":"summary_large_image","twitter_misc":{"Escrito por":"Editor General","Tiempo de lectura":"5 minutos"},"schema":{"@context":"https:\/\/schema.org","@graph":[{"@type":"Article","@id":"https:\/\/luchonoticias.com\/editor\/aeronaves-que-antes-arrojaban-glifosato-ahora-apagaran-incendios-y-protegeran-la-vida-y-el-medio-ambiente\/#article","isPartOf":{"@id":"https:\/\/luchonoticias.com\/editor\/aeronaves-que-antes-arrojaban-glifosato-ahora-apagaran-incendios-y-protegeran-la-vida-y-el-medio-ambiente\/"},"author":{"name":"Editor General","@id":"https:\/\/luchonoticias.com\/editor\/#\/schema\/person\/29217990ddf6f14e35912b2866d591fb"},"headline":"Aeronaves que antes arrojaban glifosato ahora apagar\u00e1n incendios y proteger\u00e1n la vida y el medio ambiente","datePublished":"2024-02-15T12:51:42+00:00","dateModified":"2024-02-15T12:51:44+00:00","mainEntityOfPage":{"@id":"https:\/\/luchonoticias.com\/editor\/aeronaves-que-antes-arrojaban-glifosato-ahora-apagaran-incendios-y-protegeran-la-vida-y-el-medio-ambiente\/"},"wordCount":1072,"commentCount":0,"publisher":{"@id":"https:\/\/luchonoticias.com\/editor\/#\/schema\/person\/7a7fd911f58561fd056dbac7b55af9cd"},"articleSection":["Destacado","Nacional"],"inLanguage":"es","potentialAction":[{"@type":"CommentAction","name":"Comment","target":["https:\/\/luchonoticias.com\/editor\/aeronaves-que-antes-arrojaban-glifosato-ahora-apagaran-incendios-y-protegeran-la-vida-y-el-medio-ambiente\/#respond"]}]},{"@type":"WebPage","@id":"https:\/\/luchonoticias.com\/editor\/aeronaves-que-antes-arrojaban-glifosato-ahora-apagaran-incendios-y-protegeran-la-vida-y-el-medio-ambiente\/","url":"https:\/\/luchonoticias.com\/editor\/aeronaves-que-antes-arrojaban-glifosato-ahora-apagaran-incendios-y-protegeran-la-vida-y-el-medio-ambiente\/","name":"Aeronaves que antes arrojaban glifosato ahora apagar\u00e1n incendios y proteger\u00e1n la vida y el medio ambiente -","isPartOf":{"@id":"https:\/\/luchonoticias.com\/editor\/#website"},"datePublished":"2024-02-15T12:51:42+00:00","dateModified":"2024-02-15T12:51:44+00:00","breadcrumb":{"@id":"https:\/\/luchonoticias.com\/editor\/aeronaves-que-antes-arrojaban-glifosato-ahora-apagaran-incendios-y-protegeran-la-vida-y-el-medio-ambiente\/#breadcrumb"},"inLanguage":"es","potentialAction":[{"@type":"ReadAction","target":["https:\/\/luchonoticias.com\/editor\/aeronaves-que-antes-arrojaban-glifosato-ahora-apagaran-incendios-y-protegeran-la-vida-y-el-medio-ambiente\/"]}]},{"@type":"BreadcrumbList","@id":"https:\/\/luchonoticias.com\/editor\/aeronaves-que-antes-arrojaban-glifosato-ahora-apagaran-incendios-y-protegeran-la-vida-y-el-medio-ambiente\/#breadcrumb","itemListElement":[{"@type":"ListItem","position":1,"name":"Portada","item":"https:\/\/luchonoticias.com\/editor\/"},{"@type":"ListItem","position":2,"name":"Aeronaves que antes arrojaban glifosato ahora apagar\u00e1n incendios y proteger\u00e1n la vida y el medio ambiente"}]},{"@type":"WebSite","@id":"https:\/\/luchonoticias.com\/editor\/#website","url":"https:\/\/luchonoticias.com\/editor\/","name":"","description":"","publisher":{"@id":"https:\/\/luchonoticias.com\/editor\/#\/schema\/person\/7a7fd911f58561fd056dbac7b55af9cd"},"potentialAction":[{"@type":"SearchAction","target":{"@type":"EntryPoint","urlTemplate":"https:\/\/luchonoticias.com\/editor\/?s={search_term_string}"},"query-input":{"@type":"PropertyValueSpecification","valueRequired":true,"valueName":"search_term_string"}}],"inLanguage":"es"},{"@type":["Person","Organization"],"@id":"https:\/\/luchonoticias.com\/editor\/#\/schema\/person\/7a7fd911f58561fd056dbac7b55af9cd","name":"admin","image":{"@type":"ImageObject","inLanguage":"es","@id":"https:\/\/luchonoticias.com\/editor\/#\/schema\/person\/image\/","url":"https:\/\/luchonoticias.com\/editor\/wp-content\/uploads\/2024\/02\/cropped-cropped-logolu.webp","contentUrl":"https:\/\/luchonoticias.com\/editor\/wp-content\/uploads\/2024\/02\/cropped-cropped-logolu.webp","width":382,"height":170,"caption":"admin"},"logo":{"@id":"https:\/\/luchonoticias.com\/editor\/#\/schema\/person\/image\/"},"sameAs":["https:\/\/www.facebook.com\/luchonoticiasneiva"]},{"@type":"Person","@id":"https:\/\/luchonoticias.com\/editor\/#\/schema\/person\/29217990ddf6f14e35912b2866d591fb","name":"Editor General","image":{"@type":"ImageObject","inLanguage":"es","@id":"https:\/\/luchonoticias.com\/editor\/#\/schema\/person\/image\/","url":"https:\/\/luchonoticias.com\/editor\/wp-content\/uploads\/2024\/02\/cropped-cropped-logolu-150x150.webp","contentUrl":"https:\/\/luchonoticias.com\/editor\/wp-content\/uploads\/2024\/02\/cropped-cropped-logolu-150x150.webp","caption":"Editor General"},"sameAs":["https:\/\/luchonoticias.com\/"],"url":"https:\/\/luchonoticias.com\/editor\/author\/editor-general\/"}]}},"_links":{"self":[{"href":"https:\/\/luchonoticias.com\/editor\/wp-json\/wp\/v2\/posts\/68838","targetHints":{"allow":["GET"]}}],"collection":[{"href":"https:\/\/luchonoticias.com\/editor\/wp-json\/wp\/v2\/posts"}],"about":[{"href":"https:\/\/luchonoticias.com\/editor\/wp-json\/wp\/v2\/types\/post"}],"author":[{"embeddable":true,"href":"https:\/\/luchonoticias.com\/editor\/wp-json\/wp\/v2\/users\/2"}],"replies":[{"embeddable":true,"href":"https:\/\/luchonoticias.com\/editor\/wp-json\/wp\/v2\/comments?post=68838"}],"version-history":[{"count":0,"href":"https:\/\/luchonoticias.com\/editor\/wp-json\/wp\/v2\/posts\/68838\/revisions"}],"wp:attachment":[{"href":"https:\/\/luchonoticias.com\/editor\/wp-json\/wp\/v2\/media?parent=68838"}],"wp:term":[{"taxonomy":"category","embeddable":true,"href":"https:\/\/luchonoticias.com\/editor\/wp-json\/wp\/v2\/categories?post=68838"},{"taxonomy":"post_tag","embeddable":true,"href":"https:\/\/luchonoticias.com\/editor\/wp-json\/wp\/v2\/tags?post=68838"}],"curies":[{"name":"wp","href":"https:\/\/api.w.org\/{rel}","templated":true}]}}