{"id":68844,"date":"2024-02-15T08:06:01","date_gmt":"2024-02-15T13:06:01","guid":{"rendered":"https:\/\/luchonoticias.com\/?p=68844"},"modified":"2024-02-15T08:06:03","modified_gmt":"2024-02-15T13:06:03","slug":"la-usco-empezo-a-prestar-desde-hoy-de-forma-gratuita-130-bicicletas-para-sus-estudiantes-de-neiva","status":"publish","type":"post","link":"https:\/\/luchonoticias.com\/editor\/la-usco-empezo-a-prestar-desde-hoy-de-forma-gratuita-130-bicicletas-para-sus-estudiantes-de-neiva\/","title":{"rendered":"La USCO empez\u00f3 a prestar desde hoy, de forma gratuita, 130 bicicletas para sus estudiantes de Neiva"},"content":{"rendered":"\n<p>La Universidad Surcolombiana, dio inicio este mi\u00e9rcoles en la sede central a BiciUSCO, una iniciativa que lidera la rectora Nidia Guzm\u00e1n Dur\u00e1n y el \u00e1rea de Bienestar Universitario, con el prop\u00f3sito de beneficiar a los j\u00f3venes en materia de movilidad, con el pr\u00e9stamo gratuito de bicicletas.<\/p>\n\n\n\n<p>Una de las apuestas de este programa, adem\u00e1s contribuir con el medio ambiente, es garantizar la permanencia acad\u00e9mica, teniendo en cuenta que los estudiantes requieren de apoyo econ\u00f3mico para la asistencia a sus actividades en la instituci\u00f3n.&nbsp;<\/p>\n\n\n\n<p>La Rectora de la Usco, destac\u00f3 los beneficios del programa \u201cPara mi es muy importante teniendo en cuenta que dentro de las pol\u00edticas que tenemos en la Universidad Surcolombiana est\u00e1 el de apoyo a todos los estudiantes para que puedan ingresar y poder graduarse. Sabemos que tienen muchas dificultades a nivel econ\u00f3mico y por eso en la universidad dentro del proyecto de bienestar apoyamos los estudiantes en esta parte de la movilidad\u201d, indic\u00f3.<\/p>\n\n\n\n<p>\u201cEn el segundo semestre de 2022 hicimos una prueba piloto de entregar a unos estudiantes un total de 50 bicicletas dotadas con todo lo necesario; casco, chaleco y mantenimiento, en caso de que tengan alg\u00fan problema mec\u00e1nico.\u00a0 Este a\u00f1o implementamos este programa de BiciUSCO en la sedes y tambi\u00e9n m\u00e1s bicicletas para Neiva\u201d, agreg\u00f3 la Rectora.<\/p>\n\n\n\n<figure class=\"wp-block-gallery has-nested-images columns-default is-cropped wp-block-gallery-1 is-layout-flex wp-block-gallery-is-layout-flex\">\n<figure class=\"wp-block-image size-large\"><img decoding=\"async\" data-id=\"68846\" src=\"https:\/\/luchonoticias.com\/wp-content\/uploads\/2024\/02\/WhatsApp-Image-2024-02-14-at-5.52.02-PM-1-1024x683.jpeg\" alt=\"\" class=\"wp-image-68846\"\/><\/figure>\n\n\n\n<figure class=\"wp-block-image size-large\"><img decoding=\"async\" data-id=\"68847\" src=\"https:\/\/luchonoticias.com\/wp-content\/uploads\/2024\/02\/WhatsApp-Image-2024-02-14-at-5.52.01-PM-1024x683.jpeg\" alt=\"\" class=\"wp-image-68847\"\/><\/figure>\n\n\n\n<figure class=\"wp-block-image size-large\"><img decoding=\"async\" data-id=\"68848\" src=\"https:\/\/luchonoticias.com\/wp-content\/uploads\/2024\/02\/WhatsApp-Image-2024-02-14-at-5.52.00-PM-1024x768.jpeg\" alt=\"\" class=\"wp-image-68848\"\/><\/figure>\n<\/figure>\n\n\n\n<p><strong>Ahorran dinero<\/strong><\/p>\n\n\n\n<p>Por su parte, los estudiantes beneficiarios destacaron esta estrategia, que les permite tener una alternativa para desplazarse desde sus hogares hasta la instituci\u00f3n.<\/p>\n\n\n\n<p>Juan Jos\u00e9 Herrera Montealegre del programa de Licenciatura en Literatura y Lengua Castellana se\u00f1al\u00f3 que \u201ceste programa me parece muy bueno para los estudiantes, comprometedor y significativo, tanto para el bolsillo, como para la viabilidad y la movilidad del mismo, dado que en bicicleta se ahorra dinero y se ayuda al ambiente\u201d.&nbsp;<\/p>\n\n\n\n<p>Mientras tanto, Dilmer Andr\u00e9s Su\u00e1rez Pe\u00f1a del programa de Administraci\u00f3n de Empresas, indic\u00f3 que \u00e9l ten\u00eda que desplazarse a pie hasta la instituci\u00f3n, y que el pr\u00e9stamo de la bicicleta le va a permitir llegar a tiempo y r\u00e1pido a su jornada de clases.<\/p>\n\n\n\n<p>Por su parte, Tiani Darley Mendoza Cano, del programa Licenciatura en Lenguas Extrajeras, que vive en Villa Carolina, y quien se ten\u00eda que desplazar a pie alrededor de una hora, sobre el programa BiciUSCO, se\u00f1al\u00f3: \u201cHa sido un alivio para m\u00ed, se hace ejercicio, y segundo colabora much\u00edsimo con la parte de la movilidad y adem\u00e1s en mi caso, tengo que trabajar en sitios muy lejanos; tengo que desplazarme de un lugar a otro y eso me ha ayudado bastante para la econom\u00eda. Me gustar\u00eda que lo implementaran en otras universidades\u201d.<\/p>\n\n\n\n<figure class=\"wp-block-gallery has-nested-images columns-default is-cropped wp-block-gallery-2 is-layout-flex wp-block-gallery-is-layout-flex\">\n<figure class=\"wp-block-image size-large\"><img decoding=\"async\" data-id=\"68850\" src=\"https:\/\/luchonoticias.com\/wp-content\/uploads\/2024\/02\/WhatsApp-Image-2024-02-14-at-5.52.05-PM-1024x683.jpeg\" alt=\"\" class=\"wp-image-68850\"\/><\/figure>\n\n\n\n<figure class=\"wp-block-image size-large\"><img decoding=\"async\" data-id=\"68849\" src=\"https:\/\/luchonoticias.com\/wp-content\/uploads\/2024\/02\/WhatsApp-Image-2024-02-14-at-5.52.04-PM-1024x683.jpeg\" alt=\"\" class=\"wp-image-68849\"\/><\/figure>\n\n\n\n<figure class=\"wp-block-image size-large\"><img decoding=\"async\" data-id=\"68851\" src=\"https:\/\/luchonoticias.com\/wp-content\/uploads\/2024\/02\/WhatsApp-Image-2024-02-14-at-5.52.03-PM-1024x683.jpeg\" alt=\"\" class=\"wp-image-68851\"\/><\/figure>\n<\/figure>\n\n\n\n<p>Es de recordar que en 2024,&nbsp; la universidad hizo la entrega de 130 bicicletas en Neiva, 30 en la sede de Pitalito, 20 en Garz\u00f3n y 20 en y La Plata, con una inversi\u00f3n de aproximadamente 180 millones de pesos.<\/p>\n","protected":false},"excerpt":{"rendered":"<p>La Universidad Surcolombiana, dio inicio este mi\u00e9rcoles en la sede central a BiciUSCO, una iniciativa que lidera la rectora Nidia Guzm\u00e1n Dur\u00e1n y el \u00e1rea de Bienestar Universitario, con el prop\u00f3sito de beneficiar a los j\u00f3venes en materia de movilidad, con el pr\u00e9stamo gratuito de bicicletas. Una de las apuestas de este programa, adem\u00e1s contribuir [&hellip;]<\/p>\n","protected":false},"author":2,"featured_media":0,"comment_status":"open","ping_status":"open","sticky":false,"template":"","format":"standard","meta":{"footnotes":""},"categories":[36,31],"tags":[],"class_list":["post-68844","post","type-post","status-publish","format-standard","hentry","category-destacado","category-local"],"yoast_head":"<!-- This site is optimized with the Yoast SEO plugin v26.6 - https:\/\/yoast.com\/wordpress\/plugins\/seo\/ -->\n<title>La USCO empez\u00f3 a prestar desde hoy, de forma gratuita, 130 bicicletas para sus estudiantes de Neiva -<\/title>\n<meta name=\"robots\" content=\"index, follow, max-snippet:-1, max-image-preview:large, max-video-preview:-1\" \/>\n<link rel=\"canonical\" href=\"https:\/\/luchonoticias.com\/editor\/la-usco-empezo-a-prestar-desde-hoy-de-forma-gratuita-130-bicicletas-para-sus-estudiantes-de-neiva\/\" \/>\n<meta property=\"og:locale\" content=\"es_ES\" \/>\n<meta property=\"og:type\" content=\"article\" \/>\n<meta property=\"og:title\" content=\"La USCO empez\u00f3 a prestar desde hoy, de forma gratuita, 130 bicicletas para sus estudiantes de Neiva -\" \/>\n<meta property=\"og:url\" content=\"https:\/\/luchonoticias.com\/editor\/la-usco-empezo-a-prestar-desde-hoy-de-forma-gratuita-130-bicicletas-para-sus-estudiantes-de-neiva\/\" \/>\n<meta property=\"article:publisher\" content=\"https:\/\/www.facebook.com\/luchonoticiasneiva\" \/>\n<meta property=\"article:published_time\" content=\"2024-02-15T13:06:01+00:00\" \/>\n<meta property=\"article:modified_time\" content=\"2024-02-15T13:06:03+00:00\" \/>\n<meta property=\"og:image\" content=\"https:\/\/luchonoticias.com\/wp-content\/uploads\/2024\/02\/WhatsApp-Image-2024-02-14-at-5.52.02-PM-1-1024x683.jpeg\" \/>\n<meta name=\"author\" content=\"Editor General\" \/>\n<meta name=\"twitter:card\" content=\"summary_large_image\" \/>\n<meta name=\"twitter:label1\" content=\"Escrito por\" \/>\n\t<meta name=\"twitter:data1\" content=\"Editor General\" \/>\n\t<meta name=\"twitter:label2\" content=\"Tiempo de lectura\" \/>\n\t<meta name=\"twitter:data2\" content=\"2 minutos\" \/>\n<script type=\"application\/ld+json\" class=\"yoast-schema-graph\">{\"@context\":\"https:\/\/schema.org\",\"@graph\":[{\"@type\":\"Article\",\"@id\":\"https:\/\/luchonoticias.com\/editor\/la-usco-empezo-a-prestar-desde-hoy-de-forma-gratuita-130-bicicletas-para-sus-estudiantes-de-neiva\/#article\",\"isPartOf\":{\"@id\":\"https:\/\/luchonoticias.com\/editor\/la-usco-empezo-a-prestar-desde-hoy-de-forma-gratuita-130-bicicletas-para-sus-estudiantes-de-neiva\/\"},\"author\":{\"name\":\"Editor General\",\"@id\":\"https:\/\/luchonoticias.com\/editor\/#\/schema\/person\/29217990ddf6f14e35912b2866d591fb\"},\"headline\":\"La USCO empez\u00f3 a prestar desde hoy, de forma gratuita, 130 bicicletas para sus estudiantes de Neiva\",\"datePublished\":\"2024-02-15T13:06:01+00:00\",\"dateModified\":\"2024-02-15T13:06:03+00:00\",\"mainEntityOfPage\":{\"@id\":\"https:\/\/luchonoticias.com\/editor\/la-usco-empezo-a-prestar-desde-hoy-de-forma-gratuita-130-bicicletas-para-sus-estudiantes-de-neiva\/\"},\"wordCount\":510,\"commentCount\":0,\"publisher\":{\"@id\":\"https:\/\/luchonoticias.com\/editor\/#\/schema\/person\/7a7fd911f58561fd056dbac7b55af9cd\"},\"image\":{\"@id\":\"https:\/\/luchonoticias.com\/editor\/la-usco-empezo-a-prestar-desde-hoy-de-forma-gratuita-130-bicicletas-para-sus-estudiantes-de-neiva\/#primaryimage\"},\"thumbnailUrl\":\"https:\/\/luchonoticias.com\/wp-content\/uploads\/2024\/02\/WhatsApp-Image-2024-02-14-at-5.52.02-PM-1-1024x683.jpeg\",\"articleSection\":[\"Destacado\",\"Local\"],\"inLanguage\":\"es\",\"potentialAction\":[{\"@type\":\"CommentAction\",\"name\":\"Comment\",\"target\":[\"https:\/\/luchonoticias.com\/editor\/la-usco-empezo-a-prestar-desde-hoy-de-forma-gratuita-130-bicicletas-para-sus-estudiantes-de-neiva\/#respond\"]}]},{\"@type\":\"WebPage\",\"@id\":\"https:\/\/luchonoticias.com\/editor\/la-usco-empezo-a-prestar-desde-hoy-de-forma-gratuita-130-bicicletas-para-sus-estudiantes-de-neiva\/\",\"url\":\"https:\/\/luchonoticias.com\/editor\/la-usco-empezo-a-prestar-desde-hoy-de-forma-gratuita-130-bicicletas-para-sus-estudiantes-de-neiva\/\",\"name\":\"La USCO empez\u00f3 a prestar desde hoy, de forma gratuita, 130 bicicletas para sus estudiantes de Neiva -\",\"isPartOf\":{\"@id\":\"https:\/\/luchonoticias.com\/editor\/#website\"},\"primaryImageOfPage\":{\"@id\":\"https:\/\/luchonoticias.com\/editor\/la-usco-empezo-a-prestar-desde-hoy-de-forma-gratuita-130-bicicletas-para-sus-estudiantes-de-neiva\/#primaryimage\"},\"image\":{\"@id\":\"https:\/\/luchonoticias.com\/editor\/la-usco-empezo-a-prestar-desde-hoy-de-forma-gratuita-130-bicicletas-para-sus-estudiantes-de-neiva\/#primaryimage\"},\"thumbnailUrl\":\"https:\/\/luchonoticias.com\/wp-content\/uploads\/2024\/02\/WhatsApp-Image-2024-02-14-at-5.52.02-PM-1-1024x683.jpeg\",\"datePublished\":\"2024-02-15T13:06:01+00:00\",\"dateModified\":\"2024-02-15T13:06:03+00:00\",\"breadcrumb\":{\"@id\":\"https:\/\/luchonoticias.com\/editor\/la-usco-empezo-a-prestar-desde-hoy-de-forma-gratuita-130-bicicletas-para-sus-estudiantes-de-neiva\/#breadcrumb\"},\"inLanguage\":\"es\",\"potentialAction\":[{\"@type\":\"ReadAction\",\"target\":[\"https:\/\/luchonoticias.com\/editor\/la-usco-empezo-a-prestar-desde-hoy-de-forma-gratuita-130-bicicletas-para-sus-estudiantes-de-neiva\/\"]}]},{\"@type\":\"ImageObject\",\"inLanguage\":\"es\",\"@id\":\"https:\/\/luchonoticias.com\/editor\/la-usco-empezo-a-prestar-desde-hoy-de-forma-gratuita-130-bicicletas-para-sus-estudiantes-de-neiva\/#primaryimage\",\"url\":\"https:\/\/luchonoticias.com\/wp-content\/uploads\/2024\/02\/WhatsApp-Image-2024-02-14-at-5.52.02-PM-1-1024x683.jpeg\",\"contentUrl\":\"https:\/\/luchonoticias.com\/wp-content\/uploads\/2024\/02\/WhatsApp-Image-2024-02-14-at-5.52.02-PM-1-1024x683.jpeg\"},{\"@type\":\"BreadcrumbList\",\"@id\":\"https:\/\/luchonoticias.com\/editor\/la-usco-empezo-a-prestar-desde-hoy-de-forma-gratuita-130-bicicletas-para-sus-estudiantes-de-neiva\/#breadcrumb\",\"itemListElement\":[{\"@type\":\"ListItem\",\"position\":1,\"name\":\"Portada\",\"item\":\"https:\/\/luchonoticias.com\/editor\/\"},{\"@type\":\"ListItem\",\"position\":2,\"name\":\"La USCO empez\u00f3 a prestar desde hoy, de forma gratuita, 130 bicicletas para sus estudiantes de Neiva\"}]},{\"@type\":\"WebSite\",\"@id\":\"https:\/\/luchonoticias.com\/editor\/#website\",\"url\":\"https:\/\/luchonoticias.com\/editor\/\",\"name\":\"\",\"description\":\"\",\"publisher\":{\"@id\":\"https:\/\/luchonoticias.com\/editor\/#\/schema\/person\/7a7fd911f58561fd056dbac7b55af9cd\"},\"potentialAction\":[{\"@type\":\"SearchAction\",\"target\":{\"@type\":\"EntryPoint\",\"urlTemplate\":\"https:\/\/luchonoticias.com\/editor\/?s={search_term_string}\"},\"query-input\":{\"@type\":\"PropertyValueSpecification\",\"valueRequired\":true,\"valueName\":\"search_term_string\"}}],\"inLanguage\":\"es\"},{\"@type\":[\"Person\",\"Organization\"],\"@id\":\"https:\/\/luchonoticias.com\/editor\/#\/schema\/person\/7a7fd911f58561fd056dbac7b55af9cd\",\"name\":\"admin\",\"image\":{\"@type\":\"ImageObject\",\"inLanguage\":\"es\",\"@id\":\"https:\/\/luchonoticias.com\/editor\/#\/schema\/person\/image\/\",\"url\":\"https:\/\/luchonoticias.com\/editor\/wp-content\/uploads\/2024\/02\/cropped-cropped-logolu.webp\",\"contentUrl\":\"https:\/\/luchonoticias.com\/editor\/wp-content\/uploads\/2024\/02\/cropped-cropped-logolu.webp\",\"width\":382,\"height\":170,\"caption\":\"admin\"},\"logo\":{\"@id\":\"https:\/\/luchonoticias.com\/editor\/#\/schema\/person\/image\/\"},\"sameAs\":[\"https:\/\/www.facebook.com\/luchonoticiasneiva\"]},{\"@type\":\"Person\",\"@id\":\"https:\/\/luchonoticias.com\/editor\/#\/schema\/person\/29217990ddf6f14e35912b2866d591fb\",\"name\":\"Editor General\",\"image\":{\"@type\":\"ImageObject\",\"inLanguage\":\"es\",\"@id\":\"https:\/\/luchonoticias.com\/editor\/#\/schema\/person\/image\/\",\"url\":\"https:\/\/luchonoticias.com\/editor\/wp-content\/uploads\/2024\/02\/cropped-cropped-logolu-150x150.webp\",\"contentUrl\":\"https:\/\/luchonoticias.com\/editor\/wp-content\/uploads\/2024\/02\/cropped-cropped-logolu-150x150.webp\",\"caption\":\"Editor General\"},\"sameAs\":[\"https:\/\/luchonoticias.com\/\"],\"url\":\"https:\/\/luchonoticias.com\/editor\/author\/editor-general\/\"}]}<\/script>\n<!-- \/ Yoast SEO plugin. -->","yoast_head_json":{"title":"La USCO empez\u00f3 a prestar desde hoy, de forma gratuita, 130 bicicletas para sus estudiantes de Neiva -","robots":{"index":"index","follow":"follow","max-snippet":"max-snippet:-1","max-image-preview":"max-image-preview:large","max-video-preview":"max-video-preview:-1"},"canonical":"https:\/\/luchonoticias.com\/editor\/la-usco-empezo-a-prestar-desde-hoy-de-forma-gratuita-130-bicicletas-para-sus-estudiantes-de-neiva\/","og_locale":"es_ES","og_type":"article","og_title":"La USCO empez\u00f3 a prestar desde hoy, de forma gratuita, 130 bicicletas para sus estudiantes de Neiva -","og_url":"https:\/\/luchonoticias.com\/editor\/la-usco-empezo-a-prestar-desde-hoy-de-forma-gratuita-130-bicicletas-para-sus-estudiantes-de-neiva\/","article_publisher":"https:\/\/www.facebook.com\/luchonoticiasneiva","article_published_time":"2024-02-15T13:06:01+00:00","article_modified_time":"2024-02-15T13:06:03+00:00","og_image":[{"url":"https:\/\/luchonoticias.com\/wp-content\/uploads\/2024\/02\/WhatsApp-Image-2024-02-14-at-5.52.02-PM-1-1024x683.jpeg","type":"","width":"","height":""}],"author":"Editor General","twitter_card":"summary_large_image","twitter_misc":{"Escrito por":"Editor General","Tiempo de lectura":"2 minutos"},"schema":{"@context":"https:\/\/schema.org","@graph":[{"@type":"Article","@id":"https:\/\/luchonoticias.com\/editor\/la-usco-empezo-a-prestar-desde-hoy-de-forma-gratuita-130-bicicletas-para-sus-estudiantes-de-neiva\/#article","isPartOf":{"@id":"https:\/\/luchonoticias.com\/editor\/la-usco-empezo-a-prestar-desde-hoy-de-forma-gratuita-130-bicicletas-para-sus-estudiantes-de-neiva\/"},"author":{"name":"Editor General","@id":"https:\/\/luchonoticias.com\/editor\/#\/schema\/person\/29217990ddf6f14e35912b2866d591fb"},"headline":"La USCO empez\u00f3 a prestar desde hoy, de forma gratuita, 130 bicicletas para sus estudiantes de Neiva","datePublished":"2024-02-15T13:06:01+00:00","dateModified":"2024-02-15T13:06:03+00:00","mainEntityOfPage":{"@id":"https:\/\/luchonoticias.com\/editor\/la-usco-empezo-a-prestar-desde-hoy-de-forma-gratuita-130-bicicletas-para-sus-estudiantes-de-neiva\/"},"wordCount":510,"commentCount":0,"publisher":{"@id":"https:\/\/luchonoticias.com\/editor\/#\/schema\/person\/7a7fd911f58561fd056dbac7b55af9cd"},"image":{"@id":"https:\/\/luchonoticias.com\/editor\/la-usco-empezo-a-prestar-desde-hoy-de-forma-gratuita-130-bicicletas-para-sus-estudiantes-de-neiva\/#primaryimage"},"thumbnailUrl":"https:\/\/luchonoticias.com\/wp-content\/uploads\/2024\/02\/WhatsApp-Image-2024-02-14-at-5.52.02-PM-1-1024x683.jpeg","articleSection":["Destacado","Local"],"inLanguage":"es","potentialAction":[{"@type":"CommentAction","name":"Comment","target":["https:\/\/luchonoticias.com\/editor\/la-usco-empezo-a-prestar-desde-hoy-de-forma-gratuita-130-bicicletas-para-sus-estudiantes-de-neiva\/#respond"]}]},{"@type":"WebPage","@id":"https:\/\/luchonoticias.com\/editor\/la-usco-empezo-a-prestar-desde-hoy-de-forma-gratuita-130-bicicletas-para-sus-estudiantes-de-neiva\/","url":"https:\/\/luchonoticias.com\/editor\/la-usco-empezo-a-prestar-desde-hoy-de-forma-gratuita-130-bicicletas-para-sus-estudiantes-de-neiva\/","name":"La USCO empez\u00f3 a prestar desde hoy, de forma gratuita, 130 bicicletas para sus estudiantes de Neiva -","isPartOf":{"@id":"https:\/\/luchonoticias.com\/editor\/#website"},"primaryImageOfPage":{"@id":"https:\/\/luchonoticias.com\/editor\/la-usco-empezo-a-prestar-desde-hoy-de-forma-gratuita-130-bicicletas-para-sus-estudiantes-de-neiva\/#primaryimage"},"image":{"@id":"https:\/\/luchonoticias.com\/editor\/la-usco-empezo-a-prestar-desde-hoy-de-forma-gratuita-130-bicicletas-para-sus-estudiantes-de-neiva\/#primaryimage"},"thumbnailUrl":"https:\/\/luchonoticias.com\/wp-content\/uploads\/2024\/02\/WhatsApp-Image-2024-02-14-at-5.52.02-PM-1-1024x683.jpeg","datePublished":"2024-02-15T13:06:01+00:00","dateModified":"2024-02-15T13:06:03+00:00","breadcrumb":{"@id":"https:\/\/luchonoticias.com\/editor\/la-usco-empezo-a-prestar-desde-hoy-de-forma-gratuita-130-bicicletas-para-sus-estudiantes-de-neiva\/#breadcrumb"},"inLanguage":"es","potentialAction":[{"@type":"ReadAction","target":["https:\/\/luchonoticias.com\/editor\/la-usco-empezo-a-prestar-desde-hoy-de-forma-gratuita-130-bicicletas-para-sus-estudiantes-de-neiva\/"]}]},{"@type":"ImageObject","inLanguage":"es","@id":"https:\/\/luchonoticias.com\/editor\/la-usco-empezo-a-prestar-desde-hoy-de-forma-gratuita-130-bicicletas-para-sus-estudiantes-de-neiva\/#primaryimage","url":"https:\/\/luchonoticias.com\/wp-content\/uploads\/2024\/02\/WhatsApp-Image-2024-02-14-at-5.52.02-PM-1-1024x683.jpeg","contentUrl":"https:\/\/luchonoticias.com\/wp-content\/uploads\/2024\/02\/WhatsApp-Image-2024-02-14-at-5.52.02-PM-1-1024x683.jpeg"},{"@type":"BreadcrumbList","@id":"https:\/\/luchonoticias.com\/editor\/la-usco-empezo-a-prestar-desde-hoy-de-forma-gratuita-130-bicicletas-para-sus-estudiantes-de-neiva\/#breadcrumb","itemListElement":[{"@type":"ListItem","position":1,"name":"Portada","item":"https:\/\/luchonoticias.com\/editor\/"},{"@type":"ListItem","position":2,"name":"La USCO empez\u00f3 a prestar desde hoy, de forma gratuita, 130 bicicletas para sus estudiantes de Neiva"}]},{"@type":"WebSite","@id":"https:\/\/luchonoticias.com\/editor\/#website","url":"https:\/\/luchonoticias.com\/editor\/","name":"","description":"","publisher":{"@id":"https:\/\/luchonoticias.com\/editor\/#\/schema\/person\/7a7fd911f58561fd056dbac7b55af9cd"},"potentialAction":[{"@type":"SearchAction","target":{"@type":"EntryPoint","urlTemplate":"https:\/\/luchonoticias.com\/editor\/?s={search_term_string}"},"query-input":{"@type":"PropertyValueSpecification","valueRequired":true,"valueName":"search_term_string"}}],"inLanguage":"es"},{"@type":["Person","Organization"],"@id":"https:\/\/luchonoticias.com\/editor\/#\/schema\/person\/7a7fd911f58561fd056dbac7b55af9cd","name":"admin","image":{"@type":"ImageObject","inLanguage":"es","@id":"https:\/\/luchonoticias.com\/editor\/#\/schema\/person\/image\/","url":"https:\/\/luchonoticias.com\/editor\/wp-content\/uploads\/2024\/02\/cropped-cropped-logolu.webp","contentUrl":"https:\/\/luchonoticias.com\/editor\/wp-content\/uploads\/2024\/02\/cropped-cropped-logolu.webp","width":382,"height":170,"caption":"admin"},"logo":{"@id":"https:\/\/luchonoticias.com\/editor\/#\/schema\/person\/image\/"},"sameAs":["https:\/\/www.facebook.com\/luchonoticiasneiva"]},{"@type":"Person","@id":"https:\/\/luchonoticias.com\/editor\/#\/schema\/person\/29217990ddf6f14e35912b2866d591fb","name":"Editor General","image":{"@type":"ImageObject","inLanguage":"es","@id":"https:\/\/luchonoticias.com\/editor\/#\/schema\/person\/image\/","url":"https:\/\/luchonoticias.com\/editor\/wp-content\/uploads\/2024\/02\/cropped-cropped-logolu-150x150.webp","contentUrl":"https:\/\/luchonoticias.com\/editor\/wp-content\/uploads\/2024\/02\/cropped-cropped-logolu-150x150.webp","caption":"Editor General"},"sameAs":["https:\/\/luchonoticias.com\/"],"url":"https:\/\/luchonoticias.com\/editor\/author\/editor-general\/"}]}},"_links":{"self":[{"href":"https:\/\/luchonoticias.com\/editor\/wp-json\/wp\/v2\/posts\/68844","targetHints":{"allow":["GET"]}}],"collection":[{"href":"https:\/\/luchonoticias.com\/editor\/wp-json\/wp\/v2\/posts"}],"about":[{"href":"https:\/\/luchonoticias.com\/editor\/wp-json\/wp\/v2\/types\/post"}],"author":[{"embeddable":true,"href":"https:\/\/luchonoticias.com\/editor\/wp-json\/wp\/v2\/users\/2"}],"replies":[{"embeddable":true,"href":"https:\/\/luchonoticias.com\/editor\/wp-json\/wp\/v2\/comments?post=68844"}],"version-history":[{"count":0,"href":"https:\/\/luchonoticias.com\/editor\/wp-json\/wp\/v2\/posts\/68844\/revisions"}],"wp:attachment":[{"href":"https:\/\/luchonoticias.com\/editor\/wp-json\/wp\/v2\/media?parent=68844"}],"wp:term":[{"taxonomy":"category","embeddable":true,"href":"https:\/\/luchonoticias.com\/editor\/wp-json\/wp\/v2\/categories?post=68844"},{"taxonomy":"post_tag","embeddable":true,"href":"https:\/\/luchonoticias.com\/editor\/wp-json\/wp\/v2\/tags?post=68844"}],"curies":[{"name":"wp","href":"https:\/\/api.w.org\/{rel}","templated":true}]}}