{"id":68857,"date":"2024-02-15T13:44:09","date_gmt":"2024-02-15T18:44:09","guid":{"rendered":"https:\/\/luchonoticias.com\/?p=68857"},"modified":"2024-02-15T13:44:11","modified_gmt":"2024-02-15T18:44:11","slug":"colombia-y-ecuador-acuerdan-gestionar-repatriacion-de-ciudadanos-sentenciados-a-prision","status":"publish","type":"post","link":"https:\/\/luchonoticias.com\/editor\/colombia-y-ecuador-acuerdan-gestionar-repatriacion-de-ciudadanos-sentenciados-a-prision\/","title":{"rendered":"Colombia y Ecuador acuerdan gestionar repatriaci\u00f3n de ciudadanos sentenciados a prisi\u00f3n"},"content":{"rendered":"\n<p>Los gobiernos de Colombia y Ecuador expresaron su voluntad de dar cumplimiento a los acuerdos bilaterales en materia de repatriaci\u00f3n de ciudadanos privados de la libertad y gestionar, de manera expedita y oportuna, las solicitudes para que las personas condenadas puedan cumplir sus sentencias en su pa\u00eds de origen.<\/p>\n\n\n\n<p>As\u00ed se estableci\u00f3 en la declaraci\u00f3n conjunta luego del trabajo realizado por las delegaciones de ambos pa\u00edses, encabezadas por el canciller encargado de Colombia, Luis Gilberto Murillo, y la ministra de Relaciones Exteriores y Movilidad Humana de Ecuador, Gabriela Sommerfeld.<\/p>\n\n\n\n<p>Ecuador y Colombia reafirmaron el compromiso de los dos pa\u00edses con la institucionalidad democr\u00e1tica, el Estado de derecho, la seguridad ciudadana, la paz social, as\u00ed como con el combate a la delincuencia organizada transnacional.<\/p>\n\n\n\n<p><strong>Declaraci\u00f3n Conjunta Ecuador &#8211; Colombia<\/strong><\/p>\n\n\n\n<p>\u201cEl ministro de Relaciones Exteriores de Colombia encargado, Luis Gilberto Murillo Urrutia, y la ministra de Relaciones Exteriores y Movilidad Humana del Ecuador, Gabriela Sommerfeld, se reunieron en Bogot\u00e1 en la sede del Ministerio de Relaciones Exteriores con el fin de discutir temas prioritarios de la agenda bilateral. En ese marco reafirmaron el compromiso de los dos pa\u00edses con la institucionalidad democr\u00e1tica, el Estado de derecho, la seguridad ciudadana, la paz social, as\u00ed como con el combate a la delincuencia organizada transnacional.<\/p>\n\n\n\n<p>En desarrollo de esta visita, delegaciones de ambos pa\u00edses celebraron una reuni\u00f3n t\u00e9cnica de alto nivel con el fin de discutir opciones para el fortalecimiento de la aplicaci\u00f3n de los diversos aspectos del art\u00edculo 86 del Convenio entre Colombia y Ecuador sobre Tr\u00e1nsito de personas, Veh\u00edculos, Embarcaciones Fluviales y Mar\u00edtimas y Aeronaves, del 18 de abril de 1990, as\u00ed como del Reglamento sobre el Procedimiento de Repatriaci\u00f3n de Personas Sentenciadas, de 7 de abril de 1994.<\/p>\n\n\n\n<p>La delegaci\u00f3n de Colombia estuvo presidida por el viceministro de Relaciones Exteriores, Francisco Coy y, por su parte, la ministra de Relaciones Exteriores y Movilidad Humana del Ecuador, Gabriela Sommerfeld, presidi\u00f3 la delegaci\u00f3n del Ecuador. El encuentro cont\u00f3 con la presencia de las autoridades centrales de cada pa\u00eds en la materia.<\/p>\n\n\n\n<p>Por parte de Colombia, el viceministro de Pol\u00edtica Criminal y Justicia Restaurativa del Ministerio de Justicia, Camilo Uma\u00f1a; y por parte de Ecuador, el General Luis Eduardo Zaldumbide, director ejecutivo del Servicio Nacional de Atenci\u00f3n Integral a Personas Adultas Privadas de la Libertad y a Adolescentes Infractores -SNAI.<\/p>\n\n\n\n<p>Las autoridades participantes en la reuni\u00f3n de alto nivel convinieron colaborar para dar aplicaci\u00f3n \u00e1gil y eficaz a los acuerdos bilaterales vigentes entre ambos pa\u00edses en lo relacionado con la repatriaci\u00f3n individual de personas sentenciadas. Para tal efecto, dispusieron que las autoridades centrales de ambos pa\u00edses gestionar\u00e1n de manera expedita y oportuna, de conformidad con dichos acuerdos y sus procedimientos internos, las solicitudes de repatriaci\u00f3n de ciudadanos privados de libertad con sentencia condenatoria, de nacionalidad colombiana y ecuatoriana, hacia sus respectivos pa\u00edses de nacionalidad a fin de que cumplan en ellos sus condenas.<\/p>\n\n\n\n<p>Para facilitar la gesti\u00f3n de los tr\u00e1mites de repatriaci\u00f3n de ciudadanos privados de libertad y resolver consultas t\u00e9cnicas con celeridad, de conformidad con lo consagrado en los instrumentos binacionales vigentes, se acord\u00f3 identificar puntos de contacto directos entre las autoridades centrales.<\/p>\n\n\n\n<p>La visita permiti\u00f3 a los dos gobiernos reafirmar su decisi\u00f3n de continuar consolidando la relaci\u00f3n bilateral a trav\u00e9s del Mecanismo del Gabinete Binacional como el mecanismo efectivo y del m\u00e1s alto nivel para el desarrollo de los temas prioritarios a trav\u00e9s de la coordinaci\u00f3n y ejecuci\u00f3n de programas y proyectos en las \u00e1reas de mayor inter\u00e9s de la agenda bilateral.<\/p>\n","protected":false},"excerpt":{"rendered":"<p>Los gobiernos de Colombia y Ecuador expresaron su voluntad de dar cumplimiento a los acuerdos bilaterales en materia de repatriaci\u00f3n de ciudadanos privados de la libertad y gestionar, de manera expedita y oportuna, las solicitudes para que las personas condenadas puedan cumplir sus sentencias en su pa\u00eds de origen. As\u00ed se estableci\u00f3 en la declaraci\u00f3n [&hellip;]<\/p>\n","protected":false},"author":2,"featured_media":0,"comment_status":"open","ping_status":"open","sticky":false,"template":"","format":"standard","meta":{"footnotes":""},"categories":[28,36],"tags":[],"class_list":["post-68857","post","type-post","status-publish","format-standard","hentry","category-actualidad","category-destacado"],"yoast_head":"<!-- This site is optimized with the Yoast SEO plugin v26.6 - https:\/\/yoast.com\/wordpress\/plugins\/seo\/ -->\n<title>Colombia y Ecuador acuerdan gestionar repatriaci\u00f3n de ciudadanos sentenciados a prisi\u00f3n -<\/title>\n<meta name=\"robots\" content=\"index, follow, max-snippet:-1, max-image-preview:large, max-video-preview:-1\" \/>\n<link rel=\"canonical\" href=\"https:\/\/luchonoticias.com\/editor\/colombia-y-ecuador-acuerdan-gestionar-repatriacion-de-ciudadanos-sentenciados-a-prision\/\" \/>\n<meta property=\"og:locale\" content=\"es_ES\" \/>\n<meta property=\"og:type\" content=\"article\" \/>\n<meta property=\"og:title\" content=\"Colombia y Ecuador acuerdan gestionar repatriaci\u00f3n de ciudadanos sentenciados a prisi\u00f3n -\" \/>\n<meta property=\"og:url\" content=\"https:\/\/luchonoticias.com\/editor\/colombia-y-ecuador-acuerdan-gestionar-repatriacion-de-ciudadanos-sentenciados-a-prision\/\" \/>\n<meta property=\"article:publisher\" content=\"https:\/\/www.facebook.com\/luchonoticiasneiva\" \/>\n<meta property=\"article:published_time\" content=\"2024-02-15T18:44:09+00:00\" \/>\n<meta property=\"article:modified_time\" content=\"2024-02-15T18:44:11+00:00\" \/>\n<meta name=\"author\" content=\"Editor General\" \/>\n<meta name=\"twitter:card\" content=\"summary_large_image\" \/>\n<meta name=\"twitter:label1\" content=\"Escrito por\" \/>\n\t<meta name=\"twitter:data1\" content=\"Editor General\" \/>\n\t<meta name=\"twitter:label2\" content=\"Tiempo de lectura\" \/>\n\t<meta name=\"twitter:data2\" content=\"3 minutos\" \/>\n<script type=\"application\/ld+json\" class=\"yoast-schema-graph\">{\"@context\":\"https:\/\/schema.org\",\"@graph\":[{\"@type\":\"Article\",\"@id\":\"https:\/\/luchonoticias.com\/editor\/colombia-y-ecuador-acuerdan-gestionar-repatriacion-de-ciudadanos-sentenciados-a-prision\/#article\",\"isPartOf\":{\"@id\":\"https:\/\/luchonoticias.com\/editor\/colombia-y-ecuador-acuerdan-gestionar-repatriacion-de-ciudadanos-sentenciados-a-prision\/\"},\"author\":{\"name\":\"Editor General\",\"@id\":\"https:\/\/luchonoticias.com\/editor\/#\/schema\/person\/29217990ddf6f14e35912b2866d591fb\"},\"headline\":\"Colombia y Ecuador acuerdan gestionar repatriaci\u00f3n de ciudadanos sentenciados a prisi\u00f3n\",\"datePublished\":\"2024-02-15T18:44:09+00:00\",\"dateModified\":\"2024-02-15T18:44:11+00:00\",\"mainEntityOfPage\":{\"@id\":\"https:\/\/luchonoticias.com\/editor\/colombia-y-ecuador-acuerdan-gestionar-repatriacion-de-ciudadanos-sentenciados-a-prision\/\"},\"wordCount\":631,\"commentCount\":0,\"publisher\":{\"@id\":\"https:\/\/luchonoticias.com\/editor\/#\/schema\/person\/7a7fd911f58561fd056dbac7b55af9cd\"},\"articleSection\":[\"Actualidad\",\"Destacado\"],\"inLanguage\":\"es\",\"potentialAction\":[{\"@type\":\"CommentAction\",\"name\":\"Comment\",\"target\":[\"https:\/\/luchonoticias.com\/editor\/colombia-y-ecuador-acuerdan-gestionar-repatriacion-de-ciudadanos-sentenciados-a-prision\/#respond\"]}]},{\"@type\":\"WebPage\",\"@id\":\"https:\/\/luchonoticias.com\/editor\/colombia-y-ecuador-acuerdan-gestionar-repatriacion-de-ciudadanos-sentenciados-a-prision\/\",\"url\":\"https:\/\/luchonoticias.com\/editor\/colombia-y-ecuador-acuerdan-gestionar-repatriacion-de-ciudadanos-sentenciados-a-prision\/\",\"name\":\"Colombia y Ecuador acuerdan gestionar repatriaci\u00f3n de ciudadanos sentenciados a prisi\u00f3n -\",\"isPartOf\":{\"@id\":\"https:\/\/luchonoticias.com\/editor\/#website\"},\"datePublished\":\"2024-02-15T18:44:09+00:00\",\"dateModified\":\"2024-02-15T18:44:11+00:00\",\"breadcrumb\":{\"@id\":\"https:\/\/luchonoticias.com\/editor\/colombia-y-ecuador-acuerdan-gestionar-repatriacion-de-ciudadanos-sentenciados-a-prision\/#breadcrumb\"},\"inLanguage\":\"es\",\"potentialAction\":[{\"@type\":\"ReadAction\",\"target\":[\"https:\/\/luchonoticias.com\/editor\/colombia-y-ecuador-acuerdan-gestionar-repatriacion-de-ciudadanos-sentenciados-a-prision\/\"]}]},{\"@type\":\"BreadcrumbList\",\"@id\":\"https:\/\/luchonoticias.com\/editor\/colombia-y-ecuador-acuerdan-gestionar-repatriacion-de-ciudadanos-sentenciados-a-prision\/#breadcrumb\",\"itemListElement\":[{\"@type\":\"ListItem\",\"position\":1,\"name\":\"Portada\",\"item\":\"https:\/\/luchonoticias.com\/editor\/\"},{\"@type\":\"ListItem\",\"position\":2,\"name\":\"Colombia y Ecuador acuerdan gestionar repatriaci\u00f3n de ciudadanos sentenciados a prisi\u00f3n\"}]},{\"@type\":\"WebSite\",\"@id\":\"https:\/\/luchonoticias.com\/editor\/#website\",\"url\":\"https:\/\/luchonoticias.com\/editor\/\",\"name\":\"\",\"description\":\"\",\"publisher\":{\"@id\":\"https:\/\/luchonoticias.com\/editor\/#\/schema\/person\/7a7fd911f58561fd056dbac7b55af9cd\"},\"potentialAction\":[{\"@type\":\"SearchAction\",\"target\":{\"@type\":\"EntryPoint\",\"urlTemplate\":\"https:\/\/luchonoticias.com\/editor\/?s={search_term_string}\"},\"query-input\":{\"@type\":\"PropertyValueSpecification\",\"valueRequired\":true,\"valueName\":\"search_term_string\"}}],\"inLanguage\":\"es\"},{\"@type\":[\"Person\",\"Organization\"],\"@id\":\"https:\/\/luchonoticias.com\/editor\/#\/schema\/person\/7a7fd911f58561fd056dbac7b55af9cd\",\"name\":\"admin\",\"image\":{\"@type\":\"ImageObject\",\"inLanguage\":\"es\",\"@id\":\"https:\/\/luchonoticias.com\/editor\/#\/schema\/person\/image\/\",\"url\":\"https:\/\/luchonoticias.com\/editor\/wp-content\/uploads\/2024\/02\/cropped-cropped-logolu.webp\",\"contentUrl\":\"https:\/\/luchonoticias.com\/editor\/wp-content\/uploads\/2024\/02\/cropped-cropped-logolu.webp\",\"width\":382,\"height\":170,\"caption\":\"admin\"},\"logo\":{\"@id\":\"https:\/\/luchonoticias.com\/editor\/#\/schema\/person\/image\/\"},\"sameAs\":[\"https:\/\/www.facebook.com\/luchonoticiasneiva\"]},{\"@type\":\"Person\",\"@id\":\"https:\/\/luchonoticias.com\/editor\/#\/schema\/person\/29217990ddf6f14e35912b2866d591fb\",\"name\":\"Editor General\",\"image\":{\"@type\":\"ImageObject\",\"inLanguage\":\"es\",\"@id\":\"https:\/\/luchonoticias.com\/editor\/#\/schema\/person\/image\/\",\"url\":\"https:\/\/luchonoticias.com\/editor\/wp-content\/uploads\/2024\/02\/cropped-cropped-logolu-150x150.webp\",\"contentUrl\":\"https:\/\/luchonoticias.com\/editor\/wp-content\/uploads\/2024\/02\/cropped-cropped-logolu-150x150.webp\",\"caption\":\"Editor General\"},\"sameAs\":[\"https:\/\/luchonoticias.com\/\"],\"url\":\"https:\/\/luchonoticias.com\/editor\/author\/editor-general\/\"}]}<\/script>\n<!-- \/ Yoast SEO plugin. -->","yoast_head_json":{"title":"Colombia y Ecuador acuerdan gestionar repatriaci\u00f3n de ciudadanos sentenciados a prisi\u00f3n -","robots":{"index":"index","follow":"follow","max-snippet":"max-snippet:-1","max-image-preview":"max-image-preview:large","max-video-preview":"max-video-preview:-1"},"canonical":"https:\/\/luchonoticias.com\/editor\/colombia-y-ecuador-acuerdan-gestionar-repatriacion-de-ciudadanos-sentenciados-a-prision\/","og_locale":"es_ES","og_type":"article","og_title":"Colombia y Ecuador acuerdan gestionar repatriaci\u00f3n de ciudadanos sentenciados a prisi\u00f3n -","og_url":"https:\/\/luchonoticias.com\/editor\/colombia-y-ecuador-acuerdan-gestionar-repatriacion-de-ciudadanos-sentenciados-a-prision\/","article_publisher":"https:\/\/www.facebook.com\/luchonoticiasneiva","article_published_time":"2024-02-15T18:44:09+00:00","article_modified_time":"2024-02-15T18:44:11+00:00","author":"Editor General","twitter_card":"summary_large_image","twitter_misc":{"Escrito por":"Editor General","Tiempo de lectura":"3 minutos"},"schema":{"@context":"https:\/\/schema.org","@graph":[{"@type":"Article","@id":"https:\/\/luchonoticias.com\/editor\/colombia-y-ecuador-acuerdan-gestionar-repatriacion-de-ciudadanos-sentenciados-a-prision\/#article","isPartOf":{"@id":"https:\/\/luchonoticias.com\/editor\/colombia-y-ecuador-acuerdan-gestionar-repatriacion-de-ciudadanos-sentenciados-a-prision\/"},"author":{"name":"Editor General","@id":"https:\/\/luchonoticias.com\/editor\/#\/schema\/person\/29217990ddf6f14e35912b2866d591fb"},"headline":"Colombia y Ecuador acuerdan gestionar repatriaci\u00f3n de ciudadanos sentenciados a prisi\u00f3n","datePublished":"2024-02-15T18:44:09+00:00","dateModified":"2024-02-15T18:44:11+00:00","mainEntityOfPage":{"@id":"https:\/\/luchonoticias.com\/editor\/colombia-y-ecuador-acuerdan-gestionar-repatriacion-de-ciudadanos-sentenciados-a-prision\/"},"wordCount":631,"commentCount":0,"publisher":{"@id":"https:\/\/luchonoticias.com\/editor\/#\/schema\/person\/7a7fd911f58561fd056dbac7b55af9cd"},"articleSection":["Actualidad","Destacado"],"inLanguage":"es","potentialAction":[{"@type":"CommentAction","name":"Comment","target":["https:\/\/luchonoticias.com\/editor\/colombia-y-ecuador-acuerdan-gestionar-repatriacion-de-ciudadanos-sentenciados-a-prision\/#respond"]}]},{"@type":"WebPage","@id":"https:\/\/luchonoticias.com\/editor\/colombia-y-ecuador-acuerdan-gestionar-repatriacion-de-ciudadanos-sentenciados-a-prision\/","url":"https:\/\/luchonoticias.com\/editor\/colombia-y-ecuador-acuerdan-gestionar-repatriacion-de-ciudadanos-sentenciados-a-prision\/","name":"Colombia y Ecuador acuerdan gestionar repatriaci\u00f3n de ciudadanos sentenciados a prisi\u00f3n -","isPartOf":{"@id":"https:\/\/luchonoticias.com\/editor\/#website"},"datePublished":"2024-02-15T18:44:09+00:00","dateModified":"2024-02-15T18:44:11+00:00","breadcrumb":{"@id":"https:\/\/luchonoticias.com\/editor\/colombia-y-ecuador-acuerdan-gestionar-repatriacion-de-ciudadanos-sentenciados-a-prision\/#breadcrumb"},"inLanguage":"es","potentialAction":[{"@type":"ReadAction","target":["https:\/\/luchonoticias.com\/editor\/colombia-y-ecuador-acuerdan-gestionar-repatriacion-de-ciudadanos-sentenciados-a-prision\/"]}]},{"@type":"BreadcrumbList","@id":"https:\/\/luchonoticias.com\/editor\/colombia-y-ecuador-acuerdan-gestionar-repatriacion-de-ciudadanos-sentenciados-a-prision\/#breadcrumb","itemListElement":[{"@type":"ListItem","position":1,"name":"Portada","item":"https:\/\/luchonoticias.com\/editor\/"},{"@type":"ListItem","position":2,"name":"Colombia y Ecuador acuerdan gestionar repatriaci\u00f3n de ciudadanos sentenciados a prisi\u00f3n"}]},{"@type":"WebSite","@id":"https:\/\/luchonoticias.com\/editor\/#website","url":"https:\/\/luchonoticias.com\/editor\/","name":"","description":"","publisher":{"@id":"https:\/\/luchonoticias.com\/editor\/#\/schema\/person\/7a7fd911f58561fd056dbac7b55af9cd"},"potentialAction":[{"@type":"SearchAction","target":{"@type":"EntryPoint","urlTemplate":"https:\/\/luchonoticias.com\/editor\/?s={search_term_string}"},"query-input":{"@type":"PropertyValueSpecification","valueRequired":true,"valueName":"search_term_string"}}],"inLanguage":"es"},{"@type":["Person","Organization"],"@id":"https:\/\/luchonoticias.com\/editor\/#\/schema\/person\/7a7fd911f58561fd056dbac7b55af9cd","name":"admin","image":{"@type":"ImageObject","inLanguage":"es","@id":"https:\/\/luchonoticias.com\/editor\/#\/schema\/person\/image\/","url":"https:\/\/luchonoticias.com\/editor\/wp-content\/uploads\/2024\/02\/cropped-cropped-logolu.webp","contentUrl":"https:\/\/luchonoticias.com\/editor\/wp-content\/uploads\/2024\/02\/cropped-cropped-logolu.webp","width":382,"height":170,"caption":"admin"},"logo":{"@id":"https:\/\/luchonoticias.com\/editor\/#\/schema\/person\/image\/"},"sameAs":["https:\/\/www.facebook.com\/luchonoticiasneiva"]},{"@type":"Person","@id":"https:\/\/luchonoticias.com\/editor\/#\/schema\/person\/29217990ddf6f14e35912b2866d591fb","name":"Editor General","image":{"@type":"ImageObject","inLanguage":"es","@id":"https:\/\/luchonoticias.com\/editor\/#\/schema\/person\/image\/","url":"https:\/\/luchonoticias.com\/editor\/wp-content\/uploads\/2024\/02\/cropped-cropped-logolu-150x150.webp","contentUrl":"https:\/\/luchonoticias.com\/editor\/wp-content\/uploads\/2024\/02\/cropped-cropped-logolu-150x150.webp","caption":"Editor General"},"sameAs":["https:\/\/luchonoticias.com\/"],"url":"https:\/\/luchonoticias.com\/editor\/author\/editor-general\/"}]}},"_links":{"self":[{"href":"https:\/\/luchonoticias.com\/editor\/wp-json\/wp\/v2\/posts\/68857","targetHints":{"allow":["GET"]}}],"collection":[{"href":"https:\/\/luchonoticias.com\/editor\/wp-json\/wp\/v2\/posts"}],"about":[{"href":"https:\/\/luchonoticias.com\/editor\/wp-json\/wp\/v2\/types\/post"}],"author":[{"embeddable":true,"href":"https:\/\/luchonoticias.com\/editor\/wp-json\/wp\/v2\/users\/2"}],"replies":[{"embeddable":true,"href":"https:\/\/luchonoticias.com\/editor\/wp-json\/wp\/v2\/comments?post=68857"}],"version-history":[{"count":0,"href":"https:\/\/luchonoticias.com\/editor\/wp-json\/wp\/v2\/posts\/68857\/revisions"}],"wp:attachment":[{"href":"https:\/\/luchonoticias.com\/editor\/wp-json\/wp\/v2\/media?parent=68857"}],"wp:term":[{"taxonomy":"category","embeddable":true,"href":"https:\/\/luchonoticias.com\/editor\/wp-json\/wp\/v2\/categories?post=68857"},{"taxonomy":"post_tag","embeddable":true,"href":"https:\/\/luchonoticias.com\/editor\/wp-json\/wp\/v2\/tags?post=68857"}],"curies":[{"name":"wp","href":"https:\/\/api.w.org\/{rel}","templated":true}]}}