{"id":68867,"date":"2024-02-15T17:54:29","date_gmt":"2024-02-15T22:54:29","guid":{"rendered":"https:\/\/luchonoticias.com\/?p=68867"},"modified":"2024-02-15T17:54:31","modified_gmt":"2024-02-15T22:54:31","slug":"eider-arevalo-ya-piensa-en-paris","status":"publish","type":"post","link":"https:\/\/luchonoticias.com\/editor\/eider-arevalo-ya-piensa-en-paris\/","title":{"rendered":"Eider Ar\u00e9valo ya piensa en Par\u00eds"},"content":{"rendered":"\n<p>El marchista bogotano de origen huilense&nbsp;<strong>Eider Ar\u00e9valo<\/strong>, fue protagonista en la m\u00e1s reciente versi\u00f3n de la&nbsp;<strong>revista oficial del Comit\u00e9 Ol\u00edmpico Colombiano<\/strong>, en donde adem\u00e1s revel\u00f3 las&nbsp;<strong>competencias en las que estar\u00e1<\/strong>, previo a su participaci\u00f3n a los Juegos Ol\u00edmpicos de este a\u00f1o en Francia.<\/p>\n\n\n\n<p>Ar\u00e9valo mencion\u00f3 que&nbsp;<strong>intervendr\u00e1 en los mundiales que ser\u00e1n en Turqu\u00eda<\/strong>&nbsp;aunque lo har\u00e1 en la prueba de relevos: \u201ces un poco diferente, fuera de lo com\u00fan de lo que estamos acostumbrados. Pero es una oportunidad m\u00e1s para brillar en los Juegos Ol\u00edmpicos.&nbsp;<strong>La idea es ir al Mundial y clasificar en esta prueba mixta de relevos<\/strong>. Por eso estoy guardando toda la energ\u00eda para Par\u00eds 2024\u201d, dijo el atleta.<\/p>\n\n\n\n<p>En ese sentido, el formado en Pitalito ha expresado que, el hecho de ser el segundo colombiano clasificado para las justas en Par\u00eds, le da una presi\u00f3n menos: \u00ab<strong>me quit\u00e9 un peso de encima<\/strong>, estoy tranquilo porque este a\u00f1o la preparaci\u00f3n va muy diferente, con diferentes marcas, nuevas sensaciones\u201d.<\/p>\n\n\n\n<p>Finalmente, frente a la competencia orbital, el deportista ha dejado claro que&nbsp;<strong>no ha cambiado de objetivo, ganar una medalla ol\u00edmpica<\/strong>: \u00abla medalla ol\u00edmpica es el sue\u00f1o de todo deportista, y a\u00fan m\u00e1s que en mi caso son mis cuartos Juegos Ol\u00edmpicos y claro que me gustar\u00eda ganarla\u00bb.<\/p>\n","protected":false},"excerpt":{"rendered":"<p>El marchista bogotano de origen huilense&nbsp;Eider Ar\u00e9valo, fue protagonista en la m\u00e1s reciente versi\u00f3n de la&nbsp;revista oficial del Comit\u00e9 Ol\u00edmpico Colombiano, en donde adem\u00e1s revel\u00f3 las&nbsp;competencias en las que estar\u00e1, previo a su participaci\u00f3n a los Juegos Ol\u00edmpicos de este a\u00f1o en Francia. Ar\u00e9valo mencion\u00f3 que&nbsp;intervendr\u00e1 en los mundiales que ser\u00e1n en Turqu\u00eda&nbsp;aunque lo har\u00e1 [&hellip;]<\/p>\n","protected":false},"author":2,"featured_media":0,"comment_status":"open","ping_status":"open","sticky":false,"template":"","format":"standard","meta":{"footnotes":""},"categories":[34],"tags":[],"class_list":["post-68867","post","type-post","status-publish","format-standard","hentry","category-deportes"],"yoast_head":"<!-- This site is optimized with the Yoast SEO plugin v26.6 - https:\/\/yoast.com\/wordpress\/plugins\/seo\/ -->\n<title>Eider Ar\u00e9valo ya piensa en Par\u00eds -<\/title>\n<meta name=\"robots\" content=\"index, follow, max-snippet:-1, max-image-preview:large, max-video-preview:-1\" \/>\n<link rel=\"canonical\" href=\"https:\/\/luchonoticias.com\/editor\/eider-arevalo-ya-piensa-en-paris\/\" \/>\n<meta property=\"og:locale\" content=\"es_ES\" \/>\n<meta property=\"og:type\" content=\"article\" \/>\n<meta property=\"og:title\" content=\"Eider Ar\u00e9valo ya piensa en Par\u00eds -\" \/>\n<meta property=\"og:url\" content=\"https:\/\/luchonoticias.com\/editor\/eider-arevalo-ya-piensa-en-paris\/\" \/>\n<meta property=\"article:publisher\" content=\"https:\/\/www.facebook.com\/luchonoticiasneiva\" \/>\n<meta property=\"article:published_time\" content=\"2024-02-15T22:54:29+00:00\" \/>\n<meta property=\"article:modified_time\" content=\"2024-02-15T22:54:31+00:00\" \/>\n<meta name=\"author\" content=\"Editor General\" \/>\n<meta name=\"twitter:card\" content=\"summary_large_image\" \/>\n<meta name=\"twitter:label1\" content=\"Escrito por\" \/>\n\t<meta name=\"twitter:data1\" content=\"Editor General\" \/>\n\t<meta name=\"twitter:label2\" content=\"Tiempo de lectura\" \/>\n\t<meta name=\"twitter:data2\" content=\"1 minuto\" \/>\n<script type=\"application\/ld+json\" class=\"yoast-schema-graph\">{\"@context\":\"https:\/\/schema.org\",\"@graph\":[{\"@type\":\"Article\",\"@id\":\"https:\/\/luchonoticias.com\/editor\/eider-arevalo-ya-piensa-en-paris\/#article\",\"isPartOf\":{\"@id\":\"https:\/\/luchonoticias.com\/editor\/eider-arevalo-ya-piensa-en-paris\/\"},\"author\":{\"name\":\"Editor General\",\"@id\":\"https:\/\/luchonoticias.com\/editor\/#\/schema\/person\/29217990ddf6f14e35912b2866d591fb\"},\"headline\":\"Eider Ar\u00e9valo ya piensa en Par\u00eds\",\"datePublished\":\"2024-02-15T22:54:29+00:00\",\"dateModified\":\"2024-02-15T22:54:31+00:00\",\"mainEntityOfPage\":{\"@id\":\"https:\/\/luchonoticias.com\/editor\/eider-arevalo-ya-piensa-en-paris\/\"},\"wordCount\":254,\"commentCount\":0,\"publisher\":{\"@id\":\"https:\/\/luchonoticias.com\/editor\/#\/schema\/person\/7a7fd911f58561fd056dbac7b55af9cd\"},\"articleSection\":[\"Deportes\"],\"inLanguage\":\"es\",\"potentialAction\":[{\"@type\":\"CommentAction\",\"name\":\"Comment\",\"target\":[\"https:\/\/luchonoticias.com\/editor\/eider-arevalo-ya-piensa-en-paris\/#respond\"]}]},{\"@type\":\"WebPage\",\"@id\":\"https:\/\/luchonoticias.com\/editor\/eider-arevalo-ya-piensa-en-paris\/\",\"url\":\"https:\/\/luchonoticias.com\/editor\/eider-arevalo-ya-piensa-en-paris\/\",\"name\":\"Eider Ar\u00e9valo ya piensa en Par\u00eds -\",\"isPartOf\":{\"@id\":\"https:\/\/luchonoticias.com\/editor\/#website\"},\"datePublished\":\"2024-02-15T22:54:29+00:00\",\"dateModified\":\"2024-02-15T22:54:31+00:00\",\"breadcrumb\":{\"@id\":\"https:\/\/luchonoticias.com\/editor\/eider-arevalo-ya-piensa-en-paris\/#breadcrumb\"},\"inLanguage\":\"es\",\"potentialAction\":[{\"@type\":\"ReadAction\",\"target\":[\"https:\/\/luchonoticias.com\/editor\/eider-arevalo-ya-piensa-en-paris\/\"]}]},{\"@type\":\"BreadcrumbList\",\"@id\":\"https:\/\/luchonoticias.com\/editor\/eider-arevalo-ya-piensa-en-paris\/#breadcrumb\",\"itemListElement\":[{\"@type\":\"ListItem\",\"position\":1,\"name\":\"Portada\",\"item\":\"https:\/\/luchonoticias.com\/editor\/\"},{\"@type\":\"ListItem\",\"position\":2,\"name\":\"Eider Ar\u00e9valo ya piensa en Par\u00eds\"}]},{\"@type\":\"WebSite\",\"@id\":\"https:\/\/luchonoticias.com\/editor\/#website\",\"url\":\"https:\/\/luchonoticias.com\/editor\/\",\"name\":\"\",\"description\":\"\",\"publisher\":{\"@id\":\"https:\/\/luchonoticias.com\/editor\/#\/schema\/person\/7a7fd911f58561fd056dbac7b55af9cd\"},\"potentialAction\":[{\"@type\":\"SearchAction\",\"target\":{\"@type\":\"EntryPoint\",\"urlTemplate\":\"https:\/\/luchonoticias.com\/editor\/?s={search_term_string}\"},\"query-input\":{\"@type\":\"PropertyValueSpecification\",\"valueRequired\":true,\"valueName\":\"search_term_string\"}}],\"inLanguage\":\"es\"},{\"@type\":[\"Person\",\"Organization\"],\"@id\":\"https:\/\/luchonoticias.com\/editor\/#\/schema\/person\/7a7fd911f58561fd056dbac7b55af9cd\",\"name\":\"admin\",\"image\":{\"@type\":\"ImageObject\",\"inLanguage\":\"es\",\"@id\":\"https:\/\/luchonoticias.com\/editor\/#\/schema\/person\/image\/\",\"url\":\"https:\/\/luchonoticias.com\/editor\/wp-content\/uploads\/2024\/02\/cropped-cropped-logolu.webp\",\"contentUrl\":\"https:\/\/luchonoticias.com\/editor\/wp-content\/uploads\/2024\/02\/cropped-cropped-logolu.webp\",\"width\":382,\"height\":170,\"caption\":\"admin\"},\"logo\":{\"@id\":\"https:\/\/luchonoticias.com\/editor\/#\/schema\/person\/image\/\"},\"sameAs\":[\"https:\/\/www.facebook.com\/luchonoticiasneiva\"]},{\"@type\":\"Person\",\"@id\":\"https:\/\/luchonoticias.com\/editor\/#\/schema\/person\/29217990ddf6f14e35912b2866d591fb\",\"name\":\"Editor General\",\"image\":{\"@type\":\"ImageObject\",\"inLanguage\":\"es\",\"@id\":\"https:\/\/luchonoticias.com\/editor\/#\/schema\/person\/image\/\",\"url\":\"https:\/\/luchonoticias.com\/editor\/wp-content\/uploads\/2024\/02\/cropped-cropped-logolu-150x150.webp\",\"contentUrl\":\"https:\/\/luchonoticias.com\/editor\/wp-content\/uploads\/2024\/02\/cropped-cropped-logolu-150x150.webp\",\"caption\":\"Editor General\"},\"sameAs\":[\"https:\/\/luchonoticias.com\/\"],\"url\":\"https:\/\/luchonoticias.com\/editor\/author\/editor-general\/\"}]}<\/script>\n<!-- \/ Yoast SEO plugin. -->","yoast_head_json":{"title":"Eider Ar\u00e9valo ya piensa en Par\u00eds -","robots":{"index":"index","follow":"follow","max-snippet":"max-snippet:-1","max-image-preview":"max-image-preview:large","max-video-preview":"max-video-preview:-1"},"canonical":"https:\/\/luchonoticias.com\/editor\/eider-arevalo-ya-piensa-en-paris\/","og_locale":"es_ES","og_type":"article","og_title":"Eider Ar\u00e9valo ya piensa en Par\u00eds -","og_url":"https:\/\/luchonoticias.com\/editor\/eider-arevalo-ya-piensa-en-paris\/","article_publisher":"https:\/\/www.facebook.com\/luchonoticiasneiva","article_published_time":"2024-02-15T22:54:29+00:00","article_modified_time":"2024-02-15T22:54:31+00:00","author":"Editor General","twitter_card":"summary_large_image","twitter_misc":{"Escrito por":"Editor General","Tiempo de lectura":"1 minuto"},"schema":{"@context":"https:\/\/schema.org","@graph":[{"@type":"Article","@id":"https:\/\/luchonoticias.com\/editor\/eider-arevalo-ya-piensa-en-paris\/#article","isPartOf":{"@id":"https:\/\/luchonoticias.com\/editor\/eider-arevalo-ya-piensa-en-paris\/"},"author":{"name":"Editor General","@id":"https:\/\/luchonoticias.com\/editor\/#\/schema\/person\/29217990ddf6f14e35912b2866d591fb"},"headline":"Eider Ar\u00e9valo ya piensa en Par\u00eds","datePublished":"2024-02-15T22:54:29+00:00","dateModified":"2024-02-15T22:54:31+00:00","mainEntityOfPage":{"@id":"https:\/\/luchonoticias.com\/editor\/eider-arevalo-ya-piensa-en-paris\/"},"wordCount":254,"commentCount":0,"publisher":{"@id":"https:\/\/luchonoticias.com\/editor\/#\/schema\/person\/7a7fd911f58561fd056dbac7b55af9cd"},"articleSection":["Deportes"],"inLanguage":"es","potentialAction":[{"@type":"CommentAction","name":"Comment","target":["https:\/\/luchonoticias.com\/editor\/eider-arevalo-ya-piensa-en-paris\/#respond"]}]},{"@type":"WebPage","@id":"https:\/\/luchonoticias.com\/editor\/eider-arevalo-ya-piensa-en-paris\/","url":"https:\/\/luchonoticias.com\/editor\/eider-arevalo-ya-piensa-en-paris\/","name":"Eider Ar\u00e9valo ya piensa en Par\u00eds -","isPartOf":{"@id":"https:\/\/luchonoticias.com\/editor\/#website"},"datePublished":"2024-02-15T22:54:29+00:00","dateModified":"2024-02-15T22:54:31+00:00","breadcrumb":{"@id":"https:\/\/luchonoticias.com\/editor\/eider-arevalo-ya-piensa-en-paris\/#breadcrumb"},"inLanguage":"es","potentialAction":[{"@type":"ReadAction","target":["https:\/\/luchonoticias.com\/editor\/eider-arevalo-ya-piensa-en-paris\/"]}]},{"@type":"BreadcrumbList","@id":"https:\/\/luchonoticias.com\/editor\/eider-arevalo-ya-piensa-en-paris\/#breadcrumb","itemListElement":[{"@type":"ListItem","position":1,"name":"Portada","item":"https:\/\/luchonoticias.com\/editor\/"},{"@type":"ListItem","position":2,"name":"Eider Ar\u00e9valo ya piensa en Par\u00eds"}]},{"@type":"WebSite","@id":"https:\/\/luchonoticias.com\/editor\/#website","url":"https:\/\/luchonoticias.com\/editor\/","name":"","description":"","publisher":{"@id":"https:\/\/luchonoticias.com\/editor\/#\/schema\/person\/7a7fd911f58561fd056dbac7b55af9cd"},"potentialAction":[{"@type":"SearchAction","target":{"@type":"EntryPoint","urlTemplate":"https:\/\/luchonoticias.com\/editor\/?s={search_term_string}"},"query-input":{"@type":"PropertyValueSpecification","valueRequired":true,"valueName":"search_term_string"}}],"inLanguage":"es"},{"@type":["Person","Organization"],"@id":"https:\/\/luchonoticias.com\/editor\/#\/schema\/person\/7a7fd911f58561fd056dbac7b55af9cd","name":"admin","image":{"@type":"ImageObject","inLanguage":"es","@id":"https:\/\/luchonoticias.com\/editor\/#\/schema\/person\/image\/","url":"https:\/\/luchonoticias.com\/editor\/wp-content\/uploads\/2024\/02\/cropped-cropped-logolu.webp","contentUrl":"https:\/\/luchonoticias.com\/editor\/wp-content\/uploads\/2024\/02\/cropped-cropped-logolu.webp","width":382,"height":170,"caption":"admin"},"logo":{"@id":"https:\/\/luchonoticias.com\/editor\/#\/schema\/person\/image\/"},"sameAs":["https:\/\/www.facebook.com\/luchonoticiasneiva"]},{"@type":"Person","@id":"https:\/\/luchonoticias.com\/editor\/#\/schema\/person\/29217990ddf6f14e35912b2866d591fb","name":"Editor General","image":{"@type":"ImageObject","inLanguage":"es","@id":"https:\/\/luchonoticias.com\/editor\/#\/schema\/person\/image\/","url":"https:\/\/luchonoticias.com\/editor\/wp-content\/uploads\/2024\/02\/cropped-cropped-logolu-150x150.webp","contentUrl":"https:\/\/luchonoticias.com\/editor\/wp-content\/uploads\/2024\/02\/cropped-cropped-logolu-150x150.webp","caption":"Editor General"},"sameAs":["https:\/\/luchonoticias.com\/"],"url":"https:\/\/luchonoticias.com\/editor\/author\/editor-general\/"}]}},"_links":{"self":[{"href":"https:\/\/luchonoticias.com\/editor\/wp-json\/wp\/v2\/posts\/68867","targetHints":{"allow":["GET"]}}],"collection":[{"href":"https:\/\/luchonoticias.com\/editor\/wp-json\/wp\/v2\/posts"}],"about":[{"href":"https:\/\/luchonoticias.com\/editor\/wp-json\/wp\/v2\/types\/post"}],"author":[{"embeddable":true,"href":"https:\/\/luchonoticias.com\/editor\/wp-json\/wp\/v2\/users\/2"}],"replies":[{"embeddable":true,"href":"https:\/\/luchonoticias.com\/editor\/wp-json\/wp\/v2\/comments?post=68867"}],"version-history":[{"count":0,"href":"https:\/\/luchonoticias.com\/editor\/wp-json\/wp\/v2\/posts\/68867\/revisions"}],"wp:attachment":[{"href":"https:\/\/luchonoticias.com\/editor\/wp-json\/wp\/v2\/media?parent=68867"}],"wp:term":[{"taxonomy":"category","embeddable":true,"href":"https:\/\/luchonoticias.com\/editor\/wp-json\/wp\/v2\/categories?post=68867"},{"taxonomy":"post_tag","embeddable":true,"href":"https:\/\/luchonoticias.com\/editor\/wp-json\/wp\/v2\/tags?post=68867"}],"curies":[{"name":"wp","href":"https:\/\/api.w.org\/{rel}","templated":true}]}}