{"id":68952,"date":"2024-02-17T06:50:02","date_gmt":"2024-02-17T11:50:02","guid":{"rendered":"https:\/\/luchonoticias.com\/?p=68952"},"modified":"2024-02-17T06:50:03","modified_gmt":"2024-02-17T11:50:03","slug":"policia-de-neiva-logro-la-incautacion-de-1500-cajetillas-de-cigarrillos-extranjeros-ilegales","status":"publish","type":"post","link":"https:\/\/luchonoticias.com\/editor\/policia-de-neiva-logro-la-incautacion-de-1500-cajetillas-de-cigarrillos-extranjeros-ilegales\/","title":{"rendered":"Polic\u00eda de Neiva logr\u00f3 la incautaci\u00f3n de 1500 cajetillas de cigarrillos extranjeros ilegales"},"content":{"rendered":"\n<p>As\u00ed las cosas, uniformados de la Seccional de Carabineros y Protecci\u00f3n al Medio Ambiente, con el apoyo del canino Odhil, logran mediante actividades de control, incautar 30 mil cigarrillos extranjeros, ingresados ilegalmente a la capital opita y puestos a disposici\u00f3n a la Direcci\u00f3n de Impuestos y Aduanas Nacionales, mediante el decreto 920 del 2023 y decreto 1165 de 2019.<\/p>\n\n\n\n<p>El se\u00f1or Coronel Alexander Castillo Mar\u00edn, comandante de la Polic\u00eda Metropolitana de Neiva, aduce que con este importante resultado, se logra impactar al mercado del contrabando en m\u00e1s de 15 millones de pesos, de igual forma, invita a la ciudadan\u00eda a que denuncie cualquier actividad il\u00edcita, ya que con esto se afecta el ingreso de aporte econ\u00f3mico la salud y el deporte de nuestra regi\u00f3n.<\/p>\n","protected":false},"excerpt":{"rendered":"<p>As\u00ed las cosas, uniformados de la Seccional de Carabineros y Protecci\u00f3n al Medio Ambiente, con el apoyo del canino Odhil, logran mediante actividades de control, incautar 30 mil cigarrillos extranjeros, ingresados ilegalmente a la capital opita y puestos a disposici\u00f3n a la Direcci\u00f3n de Impuestos y Aduanas Nacionales, mediante el decreto 920 del 2023 y [&hellip;]<\/p>\n","protected":false},"author":2,"featured_media":0,"comment_status":"open","ping_status":"open","sticky":false,"template":"","format":"standard","meta":{"footnotes":""},"categories":[36,29],"tags":[],"class_list":["post-68952","post","type-post","status-publish","format-standard","hentry","category-destacado","category-judicial"],"yoast_head":"<!-- This site is optimized with the Yoast SEO plugin v26.6 - https:\/\/yoast.com\/wordpress\/plugins\/seo\/ -->\n<title>Polic\u00eda de Neiva logr\u00f3 la incautaci\u00f3n de 1500 cajetillas de cigarrillos extranjeros ilegales -<\/title>\n<meta name=\"robots\" content=\"index, follow, max-snippet:-1, max-image-preview:large, max-video-preview:-1\" \/>\n<link rel=\"canonical\" href=\"https:\/\/luchonoticias.com\/editor\/policia-de-neiva-logro-la-incautacion-de-1500-cajetillas-de-cigarrillos-extranjeros-ilegales\/\" \/>\n<meta property=\"og:locale\" content=\"es_ES\" \/>\n<meta property=\"og:type\" content=\"article\" \/>\n<meta property=\"og:title\" content=\"Polic\u00eda de Neiva logr\u00f3 la incautaci\u00f3n de 1500 cajetillas de cigarrillos extranjeros ilegales -\" \/>\n<meta property=\"og:url\" content=\"https:\/\/luchonoticias.com\/editor\/policia-de-neiva-logro-la-incautacion-de-1500-cajetillas-de-cigarrillos-extranjeros-ilegales\/\" \/>\n<meta property=\"article:publisher\" content=\"https:\/\/www.facebook.com\/luchonoticiasneiva\" \/>\n<meta property=\"article:published_time\" content=\"2024-02-17T11:50:02+00:00\" \/>\n<meta property=\"article:modified_time\" content=\"2024-02-17T11:50:03+00:00\" \/>\n<meta name=\"author\" content=\"Editor General\" \/>\n<meta name=\"twitter:card\" content=\"summary_large_image\" \/>\n<meta name=\"twitter:label1\" content=\"Escrito por\" \/>\n\t<meta name=\"twitter:data1\" content=\"Editor General\" \/>\n\t<meta name=\"twitter:label2\" content=\"Tiempo de lectura\" \/>\n\t<meta name=\"twitter:data2\" content=\"1 minuto\" \/>\n<script type=\"application\/ld+json\" class=\"yoast-schema-graph\">{\"@context\":\"https:\/\/schema.org\",\"@graph\":[{\"@type\":\"Article\",\"@id\":\"https:\/\/luchonoticias.com\/editor\/policia-de-neiva-logro-la-incautacion-de-1500-cajetillas-de-cigarrillos-extranjeros-ilegales\/#article\",\"isPartOf\":{\"@id\":\"https:\/\/luchonoticias.com\/editor\/policia-de-neiva-logro-la-incautacion-de-1500-cajetillas-de-cigarrillos-extranjeros-ilegales\/\"},\"author\":{\"name\":\"Editor General\",\"@id\":\"https:\/\/luchonoticias.com\/editor\/#\/schema\/person\/29217990ddf6f14e35912b2866d591fb\"},\"headline\":\"Polic\u00eda de Neiva logr\u00f3 la incautaci\u00f3n de 1500 cajetillas de cigarrillos extranjeros ilegales\",\"datePublished\":\"2024-02-17T11:50:02+00:00\",\"dateModified\":\"2024-02-17T11:50:03+00:00\",\"mainEntityOfPage\":{\"@id\":\"https:\/\/luchonoticias.com\/editor\/policia-de-neiva-logro-la-incautacion-de-1500-cajetillas-de-cigarrillos-extranjeros-ilegales\/\"},\"wordCount\":143,\"commentCount\":0,\"publisher\":{\"@id\":\"https:\/\/luchonoticias.com\/editor\/#\/schema\/person\/7a7fd911f58561fd056dbac7b55af9cd\"},\"articleSection\":[\"Destacado\",\"Judicial\"],\"inLanguage\":\"es\",\"potentialAction\":[{\"@type\":\"CommentAction\",\"name\":\"Comment\",\"target\":[\"https:\/\/luchonoticias.com\/editor\/policia-de-neiva-logro-la-incautacion-de-1500-cajetillas-de-cigarrillos-extranjeros-ilegales\/#respond\"]}]},{\"@type\":\"WebPage\",\"@id\":\"https:\/\/luchonoticias.com\/editor\/policia-de-neiva-logro-la-incautacion-de-1500-cajetillas-de-cigarrillos-extranjeros-ilegales\/\",\"url\":\"https:\/\/luchonoticias.com\/editor\/policia-de-neiva-logro-la-incautacion-de-1500-cajetillas-de-cigarrillos-extranjeros-ilegales\/\",\"name\":\"Polic\u00eda de Neiva logr\u00f3 la incautaci\u00f3n de 1500 cajetillas de cigarrillos extranjeros ilegales -\",\"isPartOf\":{\"@id\":\"https:\/\/luchonoticias.com\/editor\/#website\"},\"datePublished\":\"2024-02-17T11:50:02+00:00\",\"dateModified\":\"2024-02-17T11:50:03+00:00\",\"breadcrumb\":{\"@id\":\"https:\/\/luchonoticias.com\/editor\/policia-de-neiva-logro-la-incautacion-de-1500-cajetillas-de-cigarrillos-extranjeros-ilegales\/#breadcrumb\"},\"inLanguage\":\"es\",\"potentialAction\":[{\"@type\":\"ReadAction\",\"target\":[\"https:\/\/luchonoticias.com\/editor\/policia-de-neiva-logro-la-incautacion-de-1500-cajetillas-de-cigarrillos-extranjeros-ilegales\/\"]}]},{\"@type\":\"BreadcrumbList\",\"@id\":\"https:\/\/luchonoticias.com\/editor\/policia-de-neiva-logro-la-incautacion-de-1500-cajetillas-de-cigarrillos-extranjeros-ilegales\/#breadcrumb\",\"itemListElement\":[{\"@type\":\"ListItem\",\"position\":1,\"name\":\"Portada\",\"item\":\"https:\/\/luchonoticias.com\/editor\/\"},{\"@type\":\"ListItem\",\"position\":2,\"name\":\"Polic\u00eda de Neiva logr\u00f3 la incautaci\u00f3n de 1500 cajetillas de cigarrillos extranjeros ilegales\"}]},{\"@type\":\"WebSite\",\"@id\":\"https:\/\/luchonoticias.com\/editor\/#website\",\"url\":\"https:\/\/luchonoticias.com\/editor\/\",\"name\":\"\",\"description\":\"\",\"publisher\":{\"@id\":\"https:\/\/luchonoticias.com\/editor\/#\/schema\/person\/7a7fd911f58561fd056dbac7b55af9cd\"},\"potentialAction\":[{\"@type\":\"SearchAction\",\"target\":{\"@type\":\"EntryPoint\",\"urlTemplate\":\"https:\/\/luchonoticias.com\/editor\/?s={search_term_string}\"},\"query-input\":{\"@type\":\"PropertyValueSpecification\",\"valueRequired\":true,\"valueName\":\"search_term_string\"}}],\"inLanguage\":\"es\"},{\"@type\":[\"Person\",\"Organization\"],\"@id\":\"https:\/\/luchonoticias.com\/editor\/#\/schema\/person\/7a7fd911f58561fd056dbac7b55af9cd\",\"name\":\"admin\",\"image\":{\"@type\":\"ImageObject\",\"inLanguage\":\"es\",\"@id\":\"https:\/\/luchonoticias.com\/editor\/#\/schema\/person\/image\/\",\"url\":\"https:\/\/luchonoticias.com\/editor\/wp-content\/uploads\/2024\/02\/cropped-cropped-logolu.webp\",\"contentUrl\":\"https:\/\/luchonoticias.com\/editor\/wp-content\/uploads\/2024\/02\/cropped-cropped-logolu.webp\",\"width\":382,\"height\":170,\"caption\":\"admin\"},\"logo\":{\"@id\":\"https:\/\/luchonoticias.com\/editor\/#\/schema\/person\/image\/\"},\"sameAs\":[\"https:\/\/www.facebook.com\/luchonoticiasneiva\"]},{\"@type\":\"Person\",\"@id\":\"https:\/\/luchonoticias.com\/editor\/#\/schema\/person\/29217990ddf6f14e35912b2866d591fb\",\"name\":\"Editor General\",\"image\":{\"@type\":\"ImageObject\",\"inLanguage\":\"es\",\"@id\":\"https:\/\/luchonoticias.com\/editor\/#\/schema\/person\/image\/\",\"url\":\"https:\/\/luchonoticias.com\/editor\/wp-content\/uploads\/2024\/02\/cropped-cropped-logolu-150x150.webp\",\"contentUrl\":\"https:\/\/luchonoticias.com\/editor\/wp-content\/uploads\/2024\/02\/cropped-cropped-logolu-150x150.webp\",\"caption\":\"Editor General\"},\"sameAs\":[\"https:\/\/luchonoticias.com\/\"],\"url\":\"https:\/\/luchonoticias.com\/editor\/author\/editor-general\/\"}]}<\/script>\n<!-- \/ Yoast SEO plugin. -->","yoast_head_json":{"title":"Polic\u00eda de Neiva logr\u00f3 la incautaci\u00f3n de 1500 cajetillas de cigarrillos extranjeros ilegales -","robots":{"index":"index","follow":"follow","max-snippet":"max-snippet:-1","max-image-preview":"max-image-preview:large","max-video-preview":"max-video-preview:-1"},"canonical":"https:\/\/luchonoticias.com\/editor\/policia-de-neiva-logro-la-incautacion-de-1500-cajetillas-de-cigarrillos-extranjeros-ilegales\/","og_locale":"es_ES","og_type":"article","og_title":"Polic\u00eda de Neiva logr\u00f3 la incautaci\u00f3n de 1500 cajetillas de cigarrillos extranjeros ilegales -","og_url":"https:\/\/luchonoticias.com\/editor\/policia-de-neiva-logro-la-incautacion-de-1500-cajetillas-de-cigarrillos-extranjeros-ilegales\/","article_publisher":"https:\/\/www.facebook.com\/luchonoticiasneiva","article_published_time":"2024-02-17T11:50:02+00:00","article_modified_time":"2024-02-17T11:50:03+00:00","author":"Editor General","twitter_card":"summary_large_image","twitter_misc":{"Escrito por":"Editor General","Tiempo de lectura":"1 minuto"},"schema":{"@context":"https:\/\/schema.org","@graph":[{"@type":"Article","@id":"https:\/\/luchonoticias.com\/editor\/policia-de-neiva-logro-la-incautacion-de-1500-cajetillas-de-cigarrillos-extranjeros-ilegales\/#article","isPartOf":{"@id":"https:\/\/luchonoticias.com\/editor\/policia-de-neiva-logro-la-incautacion-de-1500-cajetillas-de-cigarrillos-extranjeros-ilegales\/"},"author":{"name":"Editor General","@id":"https:\/\/luchonoticias.com\/editor\/#\/schema\/person\/29217990ddf6f14e35912b2866d591fb"},"headline":"Polic\u00eda de Neiva logr\u00f3 la incautaci\u00f3n de 1500 cajetillas de cigarrillos extranjeros ilegales","datePublished":"2024-02-17T11:50:02+00:00","dateModified":"2024-02-17T11:50:03+00:00","mainEntityOfPage":{"@id":"https:\/\/luchonoticias.com\/editor\/policia-de-neiva-logro-la-incautacion-de-1500-cajetillas-de-cigarrillos-extranjeros-ilegales\/"},"wordCount":143,"commentCount":0,"publisher":{"@id":"https:\/\/luchonoticias.com\/editor\/#\/schema\/person\/7a7fd911f58561fd056dbac7b55af9cd"},"articleSection":["Destacado","Judicial"],"inLanguage":"es","potentialAction":[{"@type":"CommentAction","name":"Comment","target":["https:\/\/luchonoticias.com\/editor\/policia-de-neiva-logro-la-incautacion-de-1500-cajetillas-de-cigarrillos-extranjeros-ilegales\/#respond"]}]},{"@type":"WebPage","@id":"https:\/\/luchonoticias.com\/editor\/policia-de-neiva-logro-la-incautacion-de-1500-cajetillas-de-cigarrillos-extranjeros-ilegales\/","url":"https:\/\/luchonoticias.com\/editor\/policia-de-neiva-logro-la-incautacion-de-1500-cajetillas-de-cigarrillos-extranjeros-ilegales\/","name":"Polic\u00eda de Neiva logr\u00f3 la incautaci\u00f3n de 1500 cajetillas de cigarrillos extranjeros ilegales -","isPartOf":{"@id":"https:\/\/luchonoticias.com\/editor\/#website"},"datePublished":"2024-02-17T11:50:02+00:00","dateModified":"2024-02-17T11:50:03+00:00","breadcrumb":{"@id":"https:\/\/luchonoticias.com\/editor\/policia-de-neiva-logro-la-incautacion-de-1500-cajetillas-de-cigarrillos-extranjeros-ilegales\/#breadcrumb"},"inLanguage":"es","potentialAction":[{"@type":"ReadAction","target":["https:\/\/luchonoticias.com\/editor\/policia-de-neiva-logro-la-incautacion-de-1500-cajetillas-de-cigarrillos-extranjeros-ilegales\/"]}]},{"@type":"BreadcrumbList","@id":"https:\/\/luchonoticias.com\/editor\/policia-de-neiva-logro-la-incautacion-de-1500-cajetillas-de-cigarrillos-extranjeros-ilegales\/#breadcrumb","itemListElement":[{"@type":"ListItem","position":1,"name":"Portada","item":"https:\/\/luchonoticias.com\/editor\/"},{"@type":"ListItem","position":2,"name":"Polic\u00eda de Neiva logr\u00f3 la incautaci\u00f3n de 1500 cajetillas de cigarrillos extranjeros ilegales"}]},{"@type":"WebSite","@id":"https:\/\/luchonoticias.com\/editor\/#website","url":"https:\/\/luchonoticias.com\/editor\/","name":"","description":"","publisher":{"@id":"https:\/\/luchonoticias.com\/editor\/#\/schema\/person\/7a7fd911f58561fd056dbac7b55af9cd"},"potentialAction":[{"@type":"SearchAction","target":{"@type":"EntryPoint","urlTemplate":"https:\/\/luchonoticias.com\/editor\/?s={search_term_string}"},"query-input":{"@type":"PropertyValueSpecification","valueRequired":true,"valueName":"search_term_string"}}],"inLanguage":"es"},{"@type":["Person","Organization"],"@id":"https:\/\/luchonoticias.com\/editor\/#\/schema\/person\/7a7fd911f58561fd056dbac7b55af9cd","name":"admin","image":{"@type":"ImageObject","inLanguage":"es","@id":"https:\/\/luchonoticias.com\/editor\/#\/schema\/person\/image\/","url":"https:\/\/luchonoticias.com\/editor\/wp-content\/uploads\/2024\/02\/cropped-cropped-logolu.webp","contentUrl":"https:\/\/luchonoticias.com\/editor\/wp-content\/uploads\/2024\/02\/cropped-cropped-logolu.webp","width":382,"height":170,"caption":"admin"},"logo":{"@id":"https:\/\/luchonoticias.com\/editor\/#\/schema\/person\/image\/"},"sameAs":["https:\/\/www.facebook.com\/luchonoticiasneiva"]},{"@type":"Person","@id":"https:\/\/luchonoticias.com\/editor\/#\/schema\/person\/29217990ddf6f14e35912b2866d591fb","name":"Editor General","image":{"@type":"ImageObject","inLanguage":"es","@id":"https:\/\/luchonoticias.com\/editor\/#\/schema\/person\/image\/","url":"https:\/\/luchonoticias.com\/editor\/wp-content\/uploads\/2024\/02\/cropped-cropped-logolu-150x150.webp","contentUrl":"https:\/\/luchonoticias.com\/editor\/wp-content\/uploads\/2024\/02\/cropped-cropped-logolu-150x150.webp","caption":"Editor General"},"sameAs":["https:\/\/luchonoticias.com\/"],"url":"https:\/\/luchonoticias.com\/editor\/author\/editor-general\/"}]}},"_links":{"self":[{"href":"https:\/\/luchonoticias.com\/editor\/wp-json\/wp\/v2\/posts\/68952","targetHints":{"allow":["GET"]}}],"collection":[{"href":"https:\/\/luchonoticias.com\/editor\/wp-json\/wp\/v2\/posts"}],"about":[{"href":"https:\/\/luchonoticias.com\/editor\/wp-json\/wp\/v2\/types\/post"}],"author":[{"embeddable":true,"href":"https:\/\/luchonoticias.com\/editor\/wp-json\/wp\/v2\/users\/2"}],"replies":[{"embeddable":true,"href":"https:\/\/luchonoticias.com\/editor\/wp-json\/wp\/v2\/comments?post=68952"}],"version-history":[{"count":0,"href":"https:\/\/luchonoticias.com\/editor\/wp-json\/wp\/v2\/posts\/68952\/revisions"}],"wp:attachment":[{"href":"https:\/\/luchonoticias.com\/editor\/wp-json\/wp\/v2\/media?parent=68952"}],"wp:term":[{"taxonomy":"category","embeddable":true,"href":"https:\/\/luchonoticias.com\/editor\/wp-json\/wp\/v2\/categories?post=68952"},{"taxonomy":"post_tag","embeddable":true,"href":"https:\/\/luchonoticias.com\/editor\/wp-json\/wp\/v2\/tags?post=68952"}],"curies":[{"name":"wp","href":"https:\/\/api.w.org\/{rel}","templated":true}]}}