{"id":68955,"date":"2024-02-17T06:52:00","date_gmt":"2024-02-17T11:52:00","guid":{"rendered":"https:\/\/luchonoticias.com\/?p=68955"},"modified":"2024-02-17T06:52:01","modified_gmt":"2024-02-17T11:52:01","slug":"alejado-el-fantasma-de-la-recesion-comienza-la-reactivacion-economica-asegura-minhacienda","status":"publish","type":"post","link":"https:\/\/luchonoticias.com\/editor\/alejado-el-fantasma-de-la-recesion-comienza-la-reactivacion-economica-asegura-minhacienda\/","title":{"rendered":"\u201cAlejado el fantasma de la recesi\u00f3n, comienza la reactivaci\u00f3n econ\u00f3mica\u201d, asegura MinHacienda"},"content":{"rendered":"\n<p>El ministro de Hacienda, Ricardo Bonilla Gonz\u00e1lez, consider\u00f3 que a pesar de que el Producto Interno Bruto (PIB) de 2023 fue de 0,6%, m\u00e1s bajo de lo proyectado, la proyecci\u00f3n de que la econom\u00eda del pa\u00eds cierre el a\u00f1o 2024 en 1,5% se mantiene.<\/p>\n\n\n\n<p>El jefe de la cartera de Hacienda explic\u00f3 este viernes en rueda de prensa, que son varios los factores que explican este comportamiento de la econom\u00eda.<\/p>\n\n\n\n<p>En primer lugar, \u201cel DANE revis\u00f3 a la baja los resultados de los tres primeros trimestres de 2023, si no lo hubiera hecho as\u00ed el crecimiento hubiera sido del 1,2%\u201d, asegur\u00f3.<\/p>\n\n\n\n<p>Los resultados del PIB de 2023 revelados por el DANE tambi\u00e9n mostraron que en el cuarto trimestre del a\u00f1o pasado el PIB creci\u00f3 0,3% en su serie original respecto al mismo periodo de 2022.<\/p>\n\n\n\n<p>Seg\u00fan el Departamento Administrativo Nacional de Estad\u00edsticas, el crecimiento econ\u00f3mico del a\u00f1o pasado se explica, desde el enfoque de la producci\u00f3n, por el comportamiento de tres sectores: administraci\u00f3n p\u00fablica y defensa; planes de seguridad social de afiliaci\u00f3n obligatoria; educaci\u00f3n; actividades de atenci\u00f3n de la salud humana y de servicios sociales, que crecieron 3,9% (contribuyeron con 0,6 puntos porcentuales a la variaci\u00f3n anual); actividades financieras y de seguros, 7,9% (contribuyeron con 0,3 p.p.), y actividades art\u00edsticas, de entretenimiento y recreaci\u00f3n; actividades de los hogares individuales en calidad de empleadores; actividades no diferenciadas de los hogares, crecen 7,0% (contribuye 0,2 p.p.).<\/p>\n\n\n\n<p>Y los tres sectores que m\u00e1s cayeron en 2023 fueron: construcci\u00f3n (-4,2%); industrias manufactureras (-3,5%), y comercio (-2,8%).<\/p>\n\n\n\n<p>El ministro explic\u00f3 que la variaci\u00f3n m\u00e1s importante se dio en el inventario de existencias, particularmente en el caso de la vivienda.<\/p>\n\n\n\n<p>\u201cLas estad\u00edsticas de PIB de a\u00f1os anteriores indican que hab\u00eda aumentado fuertemente el inventario de existencias en 2021 y 2022, y que en 2023 las empresas resolvieron su problema de exceso de inventarios. Se vendieron las viviendas construidas entre 2021 y 2022\u201d, sostuvo.<\/p>\n\n\n\n<p>Y agreg\u00f3 que \u201ccuando la econom\u00eda subi\u00f3 al 10% y al 7% no se vendieron viviendas, por eso el Banco de la Rep\u00fablica enfri\u00f3 la econom\u00eda, por exceso de demanda y acumulaci\u00f3n de inventarios, que se redujeron en 2023\u201d.<\/p>\n\n\n\n<p><strong>Comenz\u00f3 la reactivaci\u00f3n: MinHacienda<\/strong><\/p>\n\n\n\n<p>Conocidas estas cifras, el ministro Bonilla Gonz\u00e1lez expres\u00f3 que, si bien el crecimiento del PIB en 2023 de 0,6% frente a 2022 est\u00e1 por debajo de las expectativas, \u201ces claro que se aleja el fantasma de la recesi\u00f3n\u201d.<\/p>\n\n\n\n<p>\u201cEl cuarto trimestre de 2023 termin\u00f3 con un crecimiento de 0,3%, que significa que comenz\u00f3 la reactivaci\u00f3n de la econom\u00eda, que se debe reflejar en 2024\u201d, asegur\u00f3.<\/p>\n\n\n\n<p>Respecto de las tasas de inter\u00e9s del Banco de la Rep\u00fablica, el ministro record\u00f3 que con el incremento de 1,75% a 13,25% en 18 meses, el Emisor lo que hizo fue \u201cenfriar la econom\u00eda\u201d.<\/p>\n\n\n\n<p>\u201cEse objetivo ya se cumpli\u00f3. El resultado es: baj\u00f3 la demanda, bajaron los cr\u00e9ditos, las tasas de inter\u00e9s subieron, esa es la situaci\u00f3n que tenemos para el final de 2023. Recuperar la econom\u00eda quiere decir recuperar las condiciones de crecimiento\u201d.<\/p>\n\n\n\n<p>Bonilla Gonz\u00e1lez explic\u00f3 que para este a\u00f1o es espera la reactivaci\u00f3n de la econom\u00eda con la construcci\u00f3n de obras civiles y vivienda nueva.<\/p>\n\n\n\n<p>Tambi\u00e9n reiter\u00f3 la necesidad de hacer un \u201crevolc\u00f3n\u201d en la DIAN frente al tema de contrabando, especialmente de textiles y confecciones.<\/p>\n\n\n\n<p>\u201cAspiramos en 2024 un crecimiento de la econom\u00eda de 1,5% y para ello necesitamos poner en sinton\u00eda la inversi\u00f3n p\u00fablica y privada, y que el Banco de la Rep\u00fablica siga enviando un mensaje positivo al pa\u00eds en t\u00e9rminos de reducci\u00f3n de tasas de inter\u00e9s. La ca\u00edda de la inflaci\u00f3n est\u00e1 colaborando para que eso sea posible\u201d, concluy\u00f3 el jefe de la cartera de Hacienda.<\/p>\n","protected":false},"excerpt":{"rendered":"<p>El ministro de Hacienda, Ricardo Bonilla Gonz\u00e1lez, consider\u00f3 que a pesar de que el Producto Interno Bruto (PIB) de 2023 fue de 0,6%, m\u00e1s bajo de lo proyectado, la proyecci\u00f3n de que la econom\u00eda del pa\u00eds cierre el a\u00f1o 2024 en 1,5% se mantiene. El jefe de la cartera de Hacienda explic\u00f3 este viernes en [&hellip;]<\/p>\n","protected":false},"author":2,"featured_media":0,"comment_status":"open","ping_status":"open","sticky":false,"template":"","format":"standard","meta":{"footnotes":""},"categories":[28,36],"tags":[],"class_list":["post-68955","post","type-post","status-publish","format-standard","hentry","category-actualidad","category-destacado"],"yoast_head":"<!-- This site is optimized with the Yoast SEO plugin v26.6 - https:\/\/yoast.com\/wordpress\/plugins\/seo\/ -->\n<title>\u201cAlejado el fantasma de la recesi\u00f3n, comienza la reactivaci\u00f3n econ\u00f3mica\u201d, asegura MinHacienda -<\/title>\n<meta name=\"robots\" content=\"index, follow, max-snippet:-1, max-image-preview:large, max-video-preview:-1\" \/>\n<link rel=\"canonical\" href=\"https:\/\/luchonoticias.com\/editor\/alejado-el-fantasma-de-la-recesion-comienza-la-reactivacion-economica-asegura-minhacienda\/\" \/>\n<meta property=\"og:locale\" content=\"es_ES\" \/>\n<meta property=\"og:type\" content=\"article\" \/>\n<meta property=\"og:title\" content=\"\u201cAlejado el fantasma de la recesi\u00f3n, comienza la reactivaci\u00f3n econ\u00f3mica\u201d, asegura MinHacienda -\" \/>\n<meta property=\"og:url\" content=\"https:\/\/luchonoticias.com\/editor\/alejado-el-fantasma-de-la-recesion-comienza-la-reactivacion-economica-asegura-minhacienda\/\" \/>\n<meta property=\"article:publisher\" content=\"https:\/\/www.facebook.com\/luchonoticiasneiva\" \/>\n<meta property=\"article:published_time\" content=\"2024-02-17T11:52:00+00:00\" \/>\n<meta property=\"article:modified_time\" content=\"2024-02-17T11:52:01+00:00\" \/>\n<meta name=\"author\" content=\"Editor General\" \/>\n<meta name=\"twitter:card\" content=\"summary_large_image\" \/>\n<meta name=\"twitter:label1\" content=\"Escrito por\" \/>\n\t<meta name=\"twitter:data1\" content=\"Editor General\" \/>\n\t<meta name=\"twitter:label2\" content=\"Tiempo de lectura\" \/>\n\t<meta name=\"twitter:data2\" content=\"3 minutos\" \/>\n<script type=\"application\/ld+json\" class=\"yoast-schema-graph\">{\"@context\":\"https:\/\/schema.org\",\"@graph\":[{\"@type\":\"Article\",\"@id\":\"https:\/\/luchonoticias.com\/editor\/alejado-el-fantasma-de-la-recesion-comienza-la-reactivacion-economica-asegura-minhacienda\/#article\",\"isPartOf\":{\"@id\":\"https:\/\/luchonoticias.com\/editor\/alejado-el-fantasma-de-la-recesion-comienza-la-reactivacion-economica-asegura-minhacienda\/\"},\"author\":{\"name\":\"Editor General\",\"@id\":\"https:\/\/luchonoticias.com\/editor\/#\/schema\/person\/29217990ddf6f14e35912b2866d591fb\"},\"headline\":\"\u201cAlejado el fantasma de la recesi\u00f3n, comienza la reactivaci\u00f3n econ\u00f3mica\u201d, asegura MinHacienda\",\"datePublished\":\"2024-02-17T11:52:00+00:00\",\"dateModified\":\"2024-02-17T11:52:01+00:00\",\"mainEntityOfPage\":{\"@id\":\"https:\/\/luchonoticias.com\/editor\/alejado-el-fantasma-de-la-recesion-comienza-la-reactivacion-economica-asegura-minhacienda\/\"},\"wordCount\":651,\"commentCount\":0,\"publisher\":{\"@id\":\"https:\/\/luchonoticias.com\/editor\/#\/schema\/person\/7a7fd911f58561fd056dbac7b55af9cd\"},\"articleSection\":[\"Actualidad\",\"Destacado\"],\"inLanguage\":\"es\",\"potentialAction\":[{\"@type\":\"CommentAction\",\"name\":\"Comment\",\"target\":[\"https:\/\/luchonoticias.com\/editor\/alejado-el-fantasma-de-la-recesion-comienza-la-reactivacion-economica-asegura-minhacienda\/#respond\"]}]},{\"@type\":\"WebPage\",\"@id\":\"https:\/\/luchonoticias.com\/editor\/alejado-el-fantasma-de-la-recesion-comienza-la-reactivacion-economica-asegura-minhacienda\/\",\"url\":\"https:\/\/luchonoticias.com\/editor\/alejado-el-fantasma-de-la-recesion-comienza-la-reactivacion-economica-asegura-minhacienda\/\",\"name\":\"\u201cAlejado el fantasma de la recesi\u00f3n, comienza la reactivaci\u00f3n econ\u00f3mica\u201d, asegura MinHacienda -\",\"isPartOf\":{\"@id\":\"https:\/\/luchonoticias.com\/editor\/#website\"},\"datePublished\":\"2024-02-17T11:52:00+00:00\",\"dateModified\":\"2024-02-17T11:52:01+00:00\",\"breadcrumb\":{\"@id\":\"https:\/\/luchonoticias.com\/editor\/alejado-el-fantasma-de-la-recesion-comienza-la-reactivacion-economica-asegura-minhacienda\/#breadcrumb\"},\"inLanguage\":\"es\",\"potentialAction\":[{\"@type\":\"ReadAction\",\"target\":[\"https:\/\/luchonoticias.com\/editor\/alejado-el-fantasma-de-la-recesion-comienza-la-reactivacion-economica-asegura-minhacienda\/\"]}]},{\"@type\":\"BreadcrumbList\",\"@id\":\"https:\/\/luchonoticias.com\/editor\/alejado-el-fantasma-de-la-recesion-comienza-la-reactivacion-economica-asegura-minhacienda\/#breadcrumb\",\"itemListElement\":[{\"@type\":\"ListItem\",\"position\":1,\"name\":\"Portada\",\"item\":\"https:\/\/luchonoticias.com\/editor\/\"},{\"@type\":\"ListItem\",\"position\":2,\"name\":\"\u201cAlejado el fantasma de la recesi\u00f3n, comienza la reactivaci\u00f3n econ\u00f3mica\u201d, asegura MinHacienda\"}]},{\"@type\":\"WebSite\",\"@id\":\"https:\/\/luchonoticias.com\/editor\/#website\",\"url\":\"https:\/\/luchonoticias.com\/editor\/\",\"name\":\"\",\"description\":\"\",\"publisher\":{\"@id\":\"https:\/\/luchonoticias.com\/editor\/#\/schema\/person\/7a7fd911f58561fd056dbac7b55af9cd\"},\"potentialAction\":[{\"@type\":\"SearchAction\",\"target\":{\"@type\":\"EntryPoint\",\"urlTemplate\":\"https:\/\/luchonoticias.com\/editor\/?s={search_term_string}\"},\"query-input\":{\"@type\":\"PropertyValueSpecification\",\"valueRequired\":true,\"valueName\":\"search_term_string\"}}],\"inLanguage\":\"es\"},{\"@type\":[\"Person\",\"Organization\"],\"@id\":\"https:\/\/luchonoticias.com\/editor\/#\/schema\/person\/7a7fd911f58561fd056dbac7b55af9cd\",\"name\":\"admin\",\"image\":{\"@type\":\"ImageObject\",\"inLanguage\":\"es\",\"@id\":\"https:\/\/luchonoticias.com\/editor\/#\/schema\/person\/image\/\",\"url\":\"https:\/\/luchonoticias.com\/editor\/wp-content\/uploads\/2024\/02\/cropped-cropped-logolu.webp\",\"contentUrl\":\"https:\/\/luchonoticias.com\/editor\/wp-content\/uploads\/2024\/02\/cropped-cropped-logolu.webp\",\"width\":382,\"height\":170,\"caption\":\"admin\"},\"logo\":{\"@id\":\"https:\/\/luchonoticias.com\/editor\/#\/schema\/person\/image\/\"},\"sameAs\":[\"https:\/\/www.facebook.com\/luchonoticiasneiva\"]},{\"@type\":\"Person\",\"@id\":\"https:\/\/luchonoticias.com\/editor\/#\/schema\/person\/29217990ddf6f14e35912b2866d591fb\",\"name\":\"Editor General\",\"image\":{\"@type\":\"ImageObject\",\"inLanguage\":\"es\",\"@id\":\"https:\/\/luchonoticias.com\/editor\/#\/schema\/person\/image\/\",\"url\":\"https:\/\/luchonoticias.com\/editor\/wp-content\/uploads\/2024\/02\/cropped-cropped-logolu-150x150.webp\",\"contentUrl\":\"https:\/\/luchonoticias.com\/editor\/wp-content\/uploads\/2024\/02\/cropped-cropped-logolu-150x150.webp\",\"caption\":\"Editor General\"},\"sameAs\":[\"https:\/\/luchonoticias.com\/\"],\"url\":\"https:\/\/luchonoticias.com\/editor\/author\/editor-general\/\"}]}<\/script>\n<!-- \/ Yoast SEO plugin. -->","yoast_head_json":{"title":"\u201cAlejado el fantasma de la recesi\u00f3n, comienza la reactivaci\u00f3n econ\u00f3mica\u201d, asegura MinHacienda -","robots":{"index":"index","follow":"follow","max-snippet":"max-snippet:-1","max-image-preview":"max-image-preview:large","max-video-preview":"max-video-preview:-1"},"canonical":"https:\/\/luchonoticias.com\/editor\/alejado-el-fantasma-de-la-recesion-comienza-la-reactivacion-economica-asegura-minhacienda\/","og_locale":"es_ES","og_type":"article","og_title":"\u201cAlejado el fantasma de la recesi\u00f3n, comienza la reactivaci\u00f3n econ\u00f3mica\u201d, asegura MinHacienda -","og_url":"https:\/\/luchonoticias.com\/editor\/alejado-el-fantasma-de-la-recesion-comienza-la-reactivacion-economica-asegura-minhacienda\/","article_publisher":"https:\/\/www.facebook.com\/luchonoticiasneiva","article_published_time":"2024-02-17T11:52:00+00:00","article_modified_time":"2024-02-17T11:52:01+00:00","author":"Editor General","twitter_card":"summary_large_image","twitter_misc":{"Escrito por":"Editor General","Tiempo de lectura":"3 minutos"},"schema":{"@context":"https:\/\/schema.org","@graph":[{"@type":"Article","@id":"https:\/\/luchonoticias.com\/editor\/alejado-el-fantasma-de-la-recesion-comienza-la-reactivacion-economica-asegura-minhacienda\/#article","isPartOf":{"@id":"https:\/\/luchonoticias.com\/editor\/alejado-el-fantasma-de-la-recesion-comienza-la-reactivacion-economica-asegura-minhacienda\/"},"author":{"name":"Editor General","@id":"https:\/\/luchonoticias.com\/editor\/#\/schema\/person\/29217990ddf6f14e35912b2866d591fb"},"headline":"\u201cAlejado el fantasma de la recesi\u00f3n, comienza la reactivaci\u00f3n econ\u00f3mica\u201d, asegura MinHacienda","datePublished":"2024-02-17T11:52:00+00:00","dateModified":"2024-02-17T11:52:01+00:00","mainEntityOfPage":{"@id":"https:\/\/luchonoticias.com\/editor\/alejado-el-fantasma-de-la-recesion-comienza-la-reactivacion-economica-asegura-minhacienda\/"},"wordCount":651,"commentCount":0,"publisher":{"@id":"https:\/\/luchonoticias.com\/editor\/#\/schema\/person\/7a7fd911f58561fd056dbac7b55af9cd"},"articleSection":["Actualidad","Destacado"],"inLanguage":"es","potentialAction":[{"@type":"CommentAction","name":"Comment","target":["https:\/\/luchonoticias.com\/editor\/alejado-el-fantasma-de-la-recesion-comienza-la-reactivacion-economica-asegura-minhacienda\/#respond"]}]},{"@type":"WebPage","@id":"https:\/\/luchonoticias.com\/editor\/alejado-el-fantasma-de-la-recesion-comienza-la-reactivacion-economica-asegura-minhacienda\/","url":"https:\/\/luchonoticias.com\/editor\/alejado-el-fantasma-de-la-recesion-comienza-la-reactivacion-economica-asegura-minhacienda\/","name":"\u201cAlejado el fantasma de la recesi\u00f3n, comienza la reactivaci\u00f3n econ\u00f3mica\u201d, asegura MinHacienda -","isPartOf":{"@id":"https:\/\/luchonoticias.com\/editor\/#website"},"datePublished":"2024-02-17T11:52:00+00:00","dateModified":"2024-02-17T11:52:01+00:00","breadcrumb":{"@id":"https:\/\/luchonoticias.com\/editor\/alejado-el-fantasma-de-la-recesion-comienza-la-reactivacion-economica-asegura-minhacienda\/#breadcrumb"},"inLanguage":"es","potentialAction":[{"@type":"ReadAction","target":["https:\/\/luchonoticias.com\/editor\/alejado-el-fantasma-de-la-recesion-comienza-la-reactivacion-economica-asegura-minhacienda\/"]}]},{"@type":"BreadcrumbList","@id":"https:\/\/luchonoticias.com\/editor\/alejado-el-fantasma-de-la-recesion-comienza-la-reactivacion-economica-asegura-minhacienda\/#breadcrumb","itemListElement":[{"@type":"ListItem","position":1,"name":"Portada","item":"https:\/\/luchonoticias.com\/editor\/"},{"@type":"ListItem","position":2,"name":"\u201cAlejado el fantasma de la recesi\u00f3n, comienza la reactivaci\u00f3n econ\u00f3mica\u201d, asegura MinHacienda"}]},{"@type":"WebSite","@id":"https:\/\/luchonoticias.com\/editor\/#website","url":"https:\/\/luchonoticias.com\/editor\/","name":"","description":"","publisher":{"@id":"https:\/\/luchonoticias.com\/editor\/#\/schema\/person\/7a7fd911f58561fd056dbac7b55af9cd"},"potentialAction":[{"@type":"SearchAction","target":{"@type":"EntryPoint","urlTemplate":"https:\/\/luchonoticias.com\/editor\/?s={search_term_string}"},"query-input":{"@type":"PropertyValueSpecification","valueRequired":true,"valueName":"search_term_string"}}],"inLanguage":"es"},{"@type":["Person","Organization"],"@id":"https:\/\/luchonoticias.com\/editor\/#\/schema\/person\/7a7fd911f58561fd056dbac7b55af9cd","name":"admin","image":{"@type":"ImageObject","inLanguage":"es","@id":"https:\/\/luchonoticias.com\/editor\/#\/schema\/person\/image\/","url":"https:\/\/luchonoticias.com\/editor\/wp-content\/uploads\/2024\/02\/cropped-cropped-logolu.webp","contentUrl":"https:\/\/luchonoticias.com\/editor\/wp-content\/uploads\/2024\/02\/cropped-cropped-logolu.webp","width":382,"height":170,"caption":"admin"},"logo":{"@id":"https:\/\/luchonoticias.com\/editor\/#\/schema\/person\/image\/"},"sameAs":["https:\/\/www.facebook.com\/luchonoticiasneiva"]},{"@type":"Person","@id":"https:\/\/luchonoticias.com\/editor\/#\/schema\/person\/29217990ddf6f14e35912b2866d591fb","name":"Editor General","image":{"@type":"ImageObject","inLanguage":"es","@id":"https:\/\/luchonoticias.com\/editor\/#\/schema\/person\/image\/","url":"https:\/\/luchonoticias.com\/editor\/wp-content\/uploads\/2024\/02\/cropped-cropped-logolu-150x150.webp","contentUrl":"https:\/\/luchonoticias.com\/editor\/wp-content\/uploads\/2024\/02\/cropped-cropped-logolu-150x150.webp","caption":"Editor General"},"sameAs":["https:\/\/luchonoticias.com\/"],"url":"https:\/\/luchonoticias.com\/editor\/author\/editor-general\/"}]}},"_links":{"self":[{"href":"https:\/\/luchonoticias.com\/editor\/wp-json\/wp\/v2\/posts\/68955","targetHints":{"allow":["GET"]}}],"collection":[{"href":"https:\/\/luchonoticias.com\/editor\/wp-json\/wp\/v2\/posts"}],"about":[{"href":"https:\/\/luchonoticias.com\/editor\/wp-json\/wp\/v2\/types\/post"}],"author":[{"embeddable":true,"href":"https:\/\/luchonoticias.com\/editor\/wp-json\/wp\/v2\/users\/2"}],"replies":[{"embeddable":true,"href":"https:\/\/luchonoticias.com\/editor\/wp-json\/wp\/v2\/comments?post=68955"}],"version-history":[{"count":0,"href":"https:\/\/luchonoticias.com\/editor\/wp-json\/wp\/v2\/posts\/68955\/revisions"}],"wp:attachment":[{"href":"https:\/\/luchonoticias.com\/editor\/wp-json\/wp\/v2\/media?parent=68955"}],"wp:term":[{"taxonomy":"category","embeddable":true,"href":"https:\/\/luchonoticias.com\/editor\/wp-json\/wp\/v2\/categories?post=68955"},{"taxonomy":"post_tag","embeddable":true,"href":"https:\/\/luchonoticias.com\/editor\/wp-json\/wp\/v2\/tags?post=68955"}],"curies":[{"name":"wp","href":"https:\/\/api.w.org\/{rel}","templated":true}]}}