{"id":69022,"date":"2024-02-18T07:11:20","date_gmt":"2024-02-18T12:11:20","guid":{"rendered":"https:\/\/luchonoticias.com\/?p=69022"},"modified":"2024-02-18T07:11:21","modified_gmt":"2024-02-18T12:11:21","slug":"colombia-tendra-herramientas-por-primera-vez-para-luchar-contra-la-violencia-y-el-acoso-laboral","status":"publish","type":"post","link":"https:\/\/luchonoticias.com\/editor\/colombia-tendra-herramientas-por-primera-vez-para-luchar-contra-la-violencia-y-el-acoso-laboral\/","title":{"rendered":"Colombia tendr\u00e1 herramientas por primera vez para luchar contra la violencia y el acoso laboral"},"content":{"rendered":"\n<p>La titular de la Cartera del Trabajo, acompa\u00f1ada de los representantes de la OIT,&nbsp;\u00cdtalo Cardona&nbsp;y la directora Regional para Am\u00e9rica Latina y el Caribe,&nbsp;Ana Virginia Moreira G\u00f3mez,&nbsp;ONU Mujeres, organizaciones sindicales, gremios, grupo impulsor de mujeres del convenio, se mostr\u00f3 optimista por el avance de este convenio&nbsp;que&nbsp;en noviembre pasado, la Comisi\u00f3n Permanente de Concertaci\u00f3n de Pol\u00edticas Salariales y Laborales, lo aprob\u00f3 de forma concertada para ratificarlo ante el congreso.<\/p>\n\n\n\n<p>\u201cEs un paso importante a un nuevo camino libre de violencia y de acoso en el mundo laboral para el cumplimiento de los sue\u00f1os de muchas mujeres, trabajadoras y trabajadores, empresarias y emprendedoras por&nbsp;tener un trabajo u ocupaci\u00f3n sin miedo,&nbsp;sin violencias de g\u00e9nero y sin discriminaciones. El convenio tambi\u00e9n reconoce que la violencia dom\u00e9stica tiene un impacto nefasto en la vida laboral de las mujeres y extiende a las diversidades sexuales y a todo proceso de discriminaci\u00f3n\u201d.&nbsp;<\/p>\n\n\n\n<p>La ministra tambi\u00e9n se refiri\u00f3 a la din\u00e1mica del congreso con los debates de las reformas laboral y pensional:&nbsp;\u201cApoyaremos y contribuiremos en la din\u00e1mica del Congreso de la Rep\u00fablica y tenemos la esperanza que cumplan con Colombia que es una necesidad la reforma pensional, protecci\u00f3n a la vejez para que m\u00e1s de 3 millones de abuelos que hoy no tienen un ingreso digno, puedan disfrutar al final de su vidas un ingreso que es permita vivir con dignidad y tambi\u00e9n con la reforma laboral trabajamos para que los derechos laborales sean extensivos, es decir, que Colombia transite a un pa\u00eds de derechos cumpliendo con los est\u00e1ndares internacionales\u201d.<\/p>\n\n\n\n<p>El Convenio 190 fue adoptado en junio de 2019 por la OIT, establece derechos a las y los trabajadores para vivir un mundo laboral libre de violencia y acoso, y se aplica a todos los sectores y p\u00fablico y privado, formal y no formal.&nbsp;<\/p>\n\n\n\n<p>La ministra&nbsp;Ram\u00edrez&nbsp;tambi\u00e9n present\u00f3 las&nbsp;diferentes acciones institucionales a nivel nacional para prevenir situaciones de violencia y acoso en el mundo del trabajo, entre ellas, la creaci\u00f3n del Grupo \u00c9lite por la Equidad de G\u00e9nero, en donde en 2023 m\u00e1s de 20.000 personas fueron vinculadas en actividades de&nbsp;prevenci\u00f3n y cerca de 2.900 visitas de inspecci\u00f3n con enfoque de g\u00e9nero fueron realizadas.<\/p>\n","protected":false},"excerpt":{"rendered":"<p>La titular de la Cartera del Trabajo, acompa\u00f1ada de los representantes de la OIT,&nbsp;\u00cdtalo Cardona&nbsp;y la directora Regional para Am\u00e9rica Latina y el Caribe,&nbsp;Ana Virginia Moreira G\u00f3mez,&nbsp;ONU Mujeres, organizaciones sindicales, gremios, grupo impulsor de mujeres del convenio, se mostr\u00f3 optimista por el avance de este convenio&nbsp;que&nbsp;en noviembre pasado, la Comisi\u00f3n Permanente de Concertaci\u00f3n de Pol\u00edticas [&hellip;]<\/p>\n","protected":false},"author":2,"featured_media":0,"comment_status":"open","ping_status":"open","sticky":false,"template":"","format":"standard","meta":{"footnotes":""},"categories":[36,617],"tags":[],"class_list":["post-69022","post","type-post","status-publish","format-standard","hentry","category-destacado","category-politica"],"yoast_head":"<!-- This site is optimized with the Yoast SEO plugin v26.6 - https:\/\/yoast.com\/wordpress\/plugins\/seo\/ -->\n<title>Colombia tendr\u00e1 herramientas por primera vez para luchar contra la violencia y el acoso laboral -<\/title>\n<meta name=\"robots\" content=\"index, follow, max-snippet:-1, max-image-preview:large, max-video-preview:-1\" \/>\n<link rel=\"canonical\" href=\"https:\/\/luchonoticias.com\/editor\/colombia-tendra-herramientas-por-primera-vez-para-luchar-contra-la-violencia-y-el-acoso-laboral\/\" \/>\n<meta property=\"og:locale\" content=\"es_ES\" \/>\n<meta property=\"og:type\" content=\"article\" \/>\n<meta property=\"og:title\" content=\"Colombia tendr\u00e1 herramientas por primera vez para luchar contra la violencia y el acoso laboral -\" \/>\n<meta property=\"og:url\" content=\"https:\/\/luchonoticias.com\/editor\/colombia-tendra-herramientas-por-primera-vez-para-luchar-contra-la-violencia-y-el-acoso-laboral\/\" \/>\n<meta property=\"article:publisher\" content=\"https:\/\/www.facebook.com\/luchonoticiasneiva\" \/>\n<meta property=\"article:published_time\" content=\"2024-02-18T12:11:20+00:00\" \/>\n<meta property=\"article:modified_time\" content=\"2024-02-18T12:11:21+00:00\" \/>\n<meta name=\"author\" content=\"Editor General\" \/>\n<meta name=\"twitter:card\" content=\"summary_large_image\" \/>\n<meta name=\"twitter:label1\" content=\"Escrito por\" \/>\n\t<meta name=\"twitter:data1\" content=\"Editor General\" \/>\n\t<meta name=\"twitter:label2\" content=\"Tiempo de lectura\" \/>\n\t<meta name=\"twitter:data2\" content=\"2 minutos\" \/>\n<script type=\"application\/ld+json\" class=\"yoast-schema-graph\">{\"@context\":\"https:\/\/schema.org\",\"@graph\":[{\"@type\":\"Article\",\"@id\":\"https:\/\/luchonoticias.com\/editor\/colombia-tendra-herramientas-por-primera-vez-para-luchar-contra-la-violencia-y-el-acoso-laboral\/#article\",\"isPartOf\":{\"@id\":\"https:\/\/luchonoticias.com\/editor\/colombia-tendra-herramientas-por-primera-vez-para-luchar-contra-la-violencia-y-el-acoso-laboral\/\"},\"author\":{\"name\":\"Editor General\",\"@id\":\"https:\/\/luchonoticias.com\/editor\/#\/schema\/person\/29217990ddf6f14e35912b2866d591fb\"},\"headline\":\"Colombia tendr\u00e1 herramientas por primera vez para luchar contra la violencia y el acoso laboral\",\"datePublished\":\"2024-02-18T12:11:20+00:00\",\"dateModified\":\"2024-02-18T12:11:21+00:00\",\"mainEntityOfPage\":{\"@id\":\"https:\/\/luchonoticias.com\/editor\/colombia-tendra-herramientas-por-primera-vez-para-luchar-contra-la-violencia-y-el-acoso-laboral\/\"},\"wordCount\":422,\"commentCount\":0,\"publisher\":{\"@id\":\"https:\/\/luchonoticias.com\/editor\/#\/schema\/person\/7a7fd911f58561fd056dbac7b55af9cd\"},\"articleSection\":[\"Destacado\",\"Pol\u00edtica\"],\"inLanguage\":\"es\",\"potentialAction\":[{\"@type\":\"CommentAction\",\"name\":\"Comment\",\"target\":[\"https:\/\/luchonoticias.com\/editor\/colombia-tendra-herramientas-por-primera-vez-para-luchar-contra-la-violencia-y-el-acoso-laboral\/#respond\"]}]},{\"@type\":\"WebPage\",\"@id\":\"https:\/\/luchonoticias.com\/editor\/colombia-tendra-herramientas-por-primera-vez-para-luchar-contra-la-violencia-y-el-acoso-laboral\/\",\"url\":\"https:\/\/luchonoticias.com\/editor\/colombia-tendra-herramientas-por-primera-vez-para-luchar-contra-la-violencia-y-el-acoso-laboral\/\",\"name\":\"Colombia tendr\u00e1 herramientas por primera vez para luchar contra la violencia y el acoso laboral -\",\"isPartOf\":{\"@id\":\"https:\/\/luchonoticias.com\/editor\/#website\"},\"datePublished\":\"2024-02-18T12:11:20+00:00\",\"dateModified\":\"2024-02-18T12:11:21+00:00\",\"breadcrumb\":{\"@id\":\"https:\/\/luchonoticias.com\/editor\/colombia-tendra-herramientas-por-primera-vez-para-luchar-contra-la-violencia-y-el-acoso-laboral\/#breadcrumb\"},\"inLanguage\":\"es\",\"potentialAction\":[{\"@type\":\"ReadAction\",\"target\":[\"https:\/\/luchonoticias.com\/editor\/colombia-tendra-herramientas-por-primera-vez-para-luchar-contra-la-violencia-y-el-acoso-laboral\/\"]}]},{\"@type\":\"BreadcrumbList\",\"@id\":\"https:\/\/luchonoticias.com\/editor\/colombia-tendra-herramientas-por-primera-vez-para-luchar-contra-la-violencia-y-el-acoso-laboral\/#breadcrumb\",\"itemListElement\":[{\"@type\":\"ListItem\",\"position\":1,\"name\":\"Portada\",\"item\":\"https:\/\/luchonoticias.com\/editor\/\"},{\"@type\":\"ListItem\",\"position\":2,\"name\":\"Colombia tendr\u00e1 herramientas por primera vez para luchar contra la violencia y el acoso laboral\"}]},{\"@type\":\"WebSite\",\"@id\":\"https:\/\/luchonoticias.com\/editor\/#website\",\"url\":\"https:\/\/luchonoticias.com\/editor\/\",\"name\":\"\",\"description\":\"\",\"publisher\":{\"@id\":\"https:\/\/luchonoticias.com\/editor\/#\/schema\/person\/7a7fd911f58561fd056dbac7b55af9cd\"},\"potentialAction\":[{\"@type\":\"SearchAction\",\"target\":{\"@type\":\"EntryPoint\",\"urlTemplate\":\"https:\/\/luchonoticias.com\/editor\/?s={search_term_string}\"},\"query-input\":{\"@type\":\"PropertyValueSpecification\",\"valueRequired\":true,\"valueName\":\"search_term_string\"}}],\"inLanguage\":\"es\"},{\"@type\":[\"Person\",\"Organization\"],\"@id\":\"https:\/\/luchonoticias.com\/editor\/#\/schema\/person\/7a7fd911f58561fd056dbac7b55af9cd\",\"name\":\"admin\",\"image\":{\"@type\":\"ImageObject\",\"inLanguage\":\"es\",\"@id\":\"https:\/\/luchonoticias.com\/editor\/#\/schema\/person\/image\/\",\"url\":\"https:\/\/luchonoticias.com\/editor\/wp-content\/uploads\/2024\/02\/cropped-cropped-logolu.webp\",\"contentUrl\":\"https:\/\/luchonoticias.com\/editor\/wp-content\/uploads\/2024\/02\/cropped-cropped-logolu.webp\",\"width\":382,\"height\":170,\"caption\":\"admin\"},\"logo\":{\"@id\":\"https:\/\/luchonoticias.com\/editor\/#\/schema\/person\/image\/\"},\"sameAs\":[\"https:\/\/www.facebook.com\/luchonoticiasneiva\"]},{\"@type\":\"Person\",\"@id\":\"https:\/\/luchonoticias.com\/editor\/#\/schema\/person\/29217990ddf6f14e35912b2866d591fb\",\"name\":\"Editor General\",\"image\":{\"@type\":\"ImageObject\",\"inLanguage\":\"es\",\"@id\":\"https:\/\/luchonoticias.com\/editor\/#\/schema\/person\/image\/\",\"url\":\"https:\/\/luchonoticias.com\/editor\/wp-content\/uploads\/2024\/02\/cropped-cropped-logolu-150x150.webp\",\"contentUrl\":\"https:\/\/luchonoticias.com\/editor\/wp-content\/uploads\/2024\/02\/cropped-cropped-logolu-150x150.webp\",\"caption\":\"Editor General\"},\"sameAs\":[\"https:\/\/luchonoticias.com\/\"],\"url\":\"https:\/\/luchonoticias.com\/editor\/author\/editor-general\/\"}]}<\/script>\n<!-- \/ Yoast SEO plugin. -->","yoast_head_json":{"title":"Colombia tendr\u00e1 herramientas por primera vez para luchar contra la violencia y el acoso laboral -","robots":{"index":"index","follow":"follow","max-snippet":"max-snippet:-1","max-image-preview":"max-image-preview:large","max-video-preview":"max-video-preview:-1"},"canonical":"https:\/\/luchonoticias.com\/editor\/colombia-tendra-herramientas-por-primera-vez-para-luchar-contra-la-violencia-y-el-acoso-laboral\/","og_locale":"es_ES","og_type":"article","og_title":"Colombia tendr\u00e1 herramientas por primera vez para luchar contra la violencia y el acoso laboral -","og_url":"https:\/\/luchonoticias.com\/editor\/colombia-tendra-herramientas-por-primera-vez-para-luchar-contra-la-violencia-y-el-acoso-laboral\/","article_publisher":"https:\/\/www.facebook.com\/luchonoticiasneiva","article_published_time":"2024-02-18T12:11:20+00:00","article_modified_time":"2024-02-18T12:11:21+00:00","author":"Editor General","twitter_card":"summary_large_image","twitter_misc":{"Escrito por":"Editor General","Tiempo de lectura":"2 minutos"},"schema":{"@context":"https:\/\/schema.org","@graph":[{"@type":"Article","@id":"https:\/\/luchonoticias.com\/editor\/colombia-tendra-herramientas-por-primera-vez-para-luchar-contra-la-violencia-y-el-acoso-laboral\/#article","isPartOf":{"@id":"https:\/\/luchonoticias.com\/editor\/colombia-tendra-herramientas-por-primera-vez-para-luchar-contra-la-violencia-y-el-acoso-laboral\/"},"author":{"name":"Editor General","@id":"https:\/\/luchonoticias.com\/editor\/#\/schema\/person\/29217990ddf6f14e35912b2866d591fb"},"headline":"Colombia tendr\u00e1 herramientas por primera vez para luchar contra la violencia y el acoso laboral","datePublished":"2024-02-18T12:11:20+00:00","dateModified":"2024-02-18T12:11:21+00:00","mainEntityOfPage":{"@id":"https:\/\/luchonoticias.com\/editor\/colombia-tendra-herramientas-por-primera-vez-para-luchar-contra-la-violencia-y-el-acoso-laboral\/"},"wordCount":422,"commentCount":0,"publisher":{"@id":"https:\/\/luchonoticias.com\/editor\/#\/schema\/person\/7a7fd911f58561fd056dbac7b55af9cd"},"articleSection":["Destacado","Pol\u00edtica"],"inLanguage":"es","potentialAction":[{"@type":"CommentAction","name":"Comment","target":["https:\/\/luchonoticias.com\/editor\/colombia-tendra-herramientas-por-primera-vez-para-luchar-contra-la-violencia-y-el-acoso-laboral\/#respond"]}]},{"@type":"WebPage","@id":"https:\/\/luchonoticias.com\/editor\/colombia-tendra-herramientas-por-primera-vez-para-luchar-contra-la-violencia-y-el-acoso-laboral\/","url":"https:\/\/luchonoticias.com\/editor\/colombia-tendra-herramientas-por-primera-vez-para-luchar-contra-la-violencia-y-el-acoso-laboral\/","name":"Colombia tendr\u00e1 herramientas por primera vez para luchar contra la violencia y el acoso laboral -","isPartOf":{"@id":"https:\/\/luchonoticias.com\/editor\/#website"},"datePublished":"2024-02-18T12:11:20+00:00","dateModified":"2024-02-18T12:11:21+00:00","breadcrumb":{"@id":"https:\/\/luchonoticias.com\/editor\/colombia-tendra-herramientas-por-primera-vez-para-luchar-contra-la-violencia-y-el-acoso-laboral\/#breadcrumb"},"inLanguage":"es","potentialAction":[{"@type":"ReadAction","target":["https:\/\/luchonoticias.com\/editor\/colombia-tendra-herramientas-por-primera-vez-para-luchar-contra-la-violencia-y-el-acoso-laboral\/"]}]},{"@type":"BreadcrumbList","@id":"https:\/\/luchonoticias.com\/editor\/colombia-tendra-herramientas-por-primera-vez-para-luchar-contra-la-violencia-y-el-acoso-laboral\/#breadcrumb","itemListElement":[{"@type":"ListItem","position":1,"name":"Portada","item":"https:\/\/luchonoticias.com\/editor\/"},{"@type":"ListItem","position":2,"name":"Colombia tendr\u00e1 herramientas por primera vez para luchar contra la violencia y el acoso laboral"}]},{"@type":"WebSite","@id":"https:\/\/luchonoticias.com\/editor\/#website","url":"https:\/\/luchonoticias.com\/editor\/","name":"","description":"","publisher":{"@id":"https:\/\/luchonoticias.com\/editor\/#\/schema\/person\/7a7fd911f58561fd056dbac7b55af9cd"},"potentialAction":[{"@type":"SearchAction","target":{"@type":"EntryPoint","urlTemplate":"https:\/\/luchonoticias.com\/editor\/?s={search_term_string}"},"query-input":{"@type":"PropertyValueSpecification","valueRequired":true,"valueName":"search_term_string"}}],"inLanguage":"es"},{"@type":["Person","Organization"],"@id":"https:\/\/luchonoticias.com\/editor\/#\/schema\/person\/7a7fd911f58561fd056dbac7b55af9cd","name":"admin","image":{"@type":"ImageObject","inLanguage":"es","@id":"https:\/\/luchonoticias.com\/editor\/#\/schema\/person\/image\/","url":"https:\/\/luchonoticias.com\/editor\/wp-content\/uploads\/2024\/02\/cropped-cropped-logolu.webp","contentUrl":"https:\/\/luchonoticias.com\/editor\/wp-content\/uploads\/2024\/02\/cropped-cropped-logolu.webp","width":382,"height":170,"caption":"admin"},"logo":{"@id":"https:\/\/luchonoticias.com\/editor\/#\/schema\/person\/image\/"},"sameAs":["https:\/\/www.facebook.com\/luchonoticiasneiva"]},{"@type":"Person","@id":"https:\/\/luchonoticias.com\/editor\/#\/schema\/person\/29217990ddf6f14e35912b2866d591fb","name":"Editor General","image":{"@type":"ImageObject","inLanguage":"es","@id":"https:\/\/luchonoticias.com\/editor\/#\/schema\/person\/image\/","url":"https:\/\/luchonoticias.com\/editor\/wp-content\/uploads\/2024\/02\/cropped-cropped-logolu-150x150.webp","contentUrl":"https:\/\/luchonoticias.com\/editor\/wp-content\/uploads\/2024\/02\/cropped-cropped-logolu-150x150.webp","caption":"Editor General"},"sameAs":["https:\/\/luchonoticias.com\/"],"url":"https:\/\/luchonoticias.com\/editor\/author\/editor-general\/"}]}},"_links":{"self":[{"href":"https:\/\/luchonoticias.com\/editor\/wp-json\/wp\/v2\/posts\/69022","targetHints":{"allow":["GET"]}}],"collection":[{"href":"https:\/\/luchonoticias.com\/editor\/wp-json\/wp\/v2\/posts"}],"about":[{"href":"https:\/\/luchonoticias.com\/editor\/wp-json\/wp\/v2\/types\/post"}],"author":[{"embeddable":true,"href":"https:\/\/luchonoticias.com\/editor\/wp-json\/wp\/v2\/users\/2"}],"replies":[{"embeddable":true,"href":"https:\/\/luchonoticias.com\/editor\/wp-json\/wp\/v2\/comments?post=69022"}],"version-history":[{"count":0,"href":"https:\/\/luchonoticias.com\/editor\/wp-json\/wp\/v2\/posts\/69022\/revisions"}],"wp:attachment":[{"href":"https:\/\/luchonoticias.com\/editor\/wp-json\/wp\/v2\/media?parent=69022"}],"wp:term":[{"taxonomy":"category","embeddable":true,"href":"https:\/\/luchonoticias.com\/editor\/wp-json\/wp\/v2\/categories?post=69022"},{"taxonomy":"post_tag","embeddable":true,"href":"https:\/\/luchonoticias.com\/editor\/wp-json\/wp\/v2\/tags?post=69022"}],"curies":[{"name":"wp","href":"https:\/\/api.w.org\/{rel}","templated":true}]}}