{"id":69039,"date":"2024-02-18T15:20:52","date_gmt":"2024-02-18T20:20:52","guid":{"rendered":"https:\/\/luchonoticias.com\/?p=69039"},"modified":"2024-02-18T15:20:54","modified_gmt":"2024-02-18T20:20:54","slug":"sujeto-requerido-por-homicidio-en-popayan-fue-capturado-en-neiva","status":"publish","type":"post","link":"https:\/\/luchonoticias.com\/editor\/sujeto-requerido-por-homicidio-en-popayan-fue-capturado-en-neiva\/","title":{"rendered":"Sujeto requerido por homicidio en Popay\u00e1n, fue capturado en Neiva"},"content":{"rendered":"\n<p>La Polic\u00eda Metropolitana de Neiva, en desarrollo de actividades enfocadas a la seguridad ciudadana con el apoyo de la Fiscal\u00eda General de la Naci\u00f3n, logra la captura de un reconocido actor delincuencial de la comuna 4 de la capital huilense.<\/p>\n\n\n\n<p>En este entendido, la Polic\u00eda Metropolitana de Neiva, a trav\u00e9s de uniformados adscritos al CAI Periodistas, hacen efectiva la orden de captura en contra de un hombre conocido como \u201cEl Flaco\u201d de 37 a\u00f1os de edad, por el delito de homicidio agravado.<\/p>\n\n\n\n<p>Este individuo, de acuerdo al proceso investigativo adelantado por la Fiscal\u00eda General de la Naci\u00f3n, ser\u00eda el presunto responsable del homicidio con arma blanca de un hombre el pasado 30 de diciembre 2012 en la ciudad de Popay\u00e1n departamento del Cauca.<\/p>\n\n\n\n<p>\u201cEl Flaco\u201d, quien tiene anotaciones judiciales por el delito de: homicidio, fue puesto a disposici\u00f3n ante un Juez de control y garant\u00edas quien decidi\u00f3 dejarlo en libertad.<\/p>\n\n\n\n<p>El  Coronel Alexander Castillo Mar\u00edn, comandante de la Polic\u00eda Metropolitana de Neiva, indic\u00f3: \u201cCon la captura de esta persona, llevamos un positivo mensaje a la poblaci\u00f3n huilense, reiterando nuestro compromiso de seguir atacando de manera directa y contundente, el homicidio, las lesiones y el hurto en la ciudad de Neiva y dem\u00e1s municipios que integran esta unidad policial.\u201d<\/p>\n","protected":false},"excerpt":{"rendered":"<p>La Polic\u00eda Metropolitana de Neiva, en desarrollo de actividades enfocadas a la seguridad ciudadana con el apoyo de la Fiscal\u00eda General de la Naci\u00f3n, logra la captura de un reconocido actor delincuencial de la comuna 4 de la capital huilense. En este entendido, la Polic\u00eda Metropolitana de Neiva, a trav\u00e9s de uniformados adscritos al CAI [&hellip;]<\/p>\n","protected":false},"author":2,"featured_media":0,"comment_status":"open","ping_status":"open","sticky":false,"template":"","format":"standard","meta":{"footnotes":""},"categories":[36,29],"tags":[],"class_list":["post-69039","post","type-post","status-publish","format-standard","hentry","category-destacado","category-judicial"],"yoast_head":"<!-- This site is optimized with the Yoast SEO plugin v26.6 - https:\/\/yoast.com\/wordpress\/plugins\/seo\/ -->\n<title>Sujeto requerido por homicidio en Popay\u00e1n, fue capturado en Neiva -<\/title>\n<meta name=\"robots\" content=\"index, follow, max-snippet:-1, max-image-preview:large, max-video-preview:-1\" \/>\n<link rel=\"canonical\" href=\"https:\/\/luchonoticias.com\/editor\/sujeto-requerido-por-homicidio-en-popayan-fue-capturado-en-neiva\/\" \/>\n<meta property=\"og:locale\" content=\"es_ES\" \/>\n<meta property=\"og:type\" content=\"article\" \/>\n<meta property=\"og:title\" content=\"Sujeto requerido por homicidio en Popay\u00e1n, fue capturado en Neiva -\" \/>\n<meta property=\"og:url\" content=\"https:\/\/luchonoticias.com\/editor\/sujeto-requerido-por-homicidio-en-popayan-fue-capturado-en-neiva\/\" \/>\n<meta property=\"article:publisher\" content=\"https:\/\/www.facebook.com\/luchonoticiasneiva\" \/>\n<meta property=\"article:published_time\" content=\"2024-02-18T20:20:52+00:00\" \/>\n<meta property=\"article:modified_time\" content=\"2024-02-18T20:20:54+00:00\" \/>\n<meta name=\"author\" content=\"Editor General\" \/>\n<meta name=\"twitter:card\" content=\"summary_large_image\" \/>\n<meta name=\"twitter:label1\" content=\"Escrito por\" \/>\n\t<meta name=\"twitter:data1\" content=\"Editor General\" \/>\n\t<meta name=\"twitter:label2\" content=\"Tiempo de lectura\" \/>\n\t<meta name=\"twitter:data2\" content=\"1 minuto\" \/>\n<script type=\"application\/ld+json\" class=\"yoast-schema-graph\">{\"@context\":\"https:\/\/schema.org\",\"@graph\":[{\"@type\":\"Article\",\"@id\":\"https:\/\/luchonoticias.com\/editor\/sujeto-requerido-por-homicidio-en-popayan-fue-capturado-en-neiva\/#article\",\"isPartOf\":{\"@id\":\"https:\/\/luchonoticias.com\/editor\/sujeto-requerido-por-homicidio-en-popayan-fue-capturado-en-neiva\/\"},\"author\":{\"name\":\"Editor General\",\"@id\":\"https:\/\/luchonoticias.com\/editor\/#\/schema\/person\/29217990ddf6f14e35912b2866d591fb\"},\"headline\":\"Sujeto requerido por homicidio en Popay\u00e1n, fue capturado en Neiva\",\"datePublished\":\"2024-02-18T20:20:52+00:00\",\"dateModified\":\"2024-02-18T20:20:54+00:00\",\"mainEntityOfPage\":{\"@id\":\"https:\/\/luchonoticias.com\/editor\/sujeto-requerido-por-homicidio-en-popayan-fue-capturado-en-neiva\/\"},\"wordCount\":231,\"commentCount\":0,\"publisher\":{\"@id\":\"https:\/\/luchonoticias.com\/editor\/#\/schema\/person\/7a7fd911f58561fd056dbac7b55af9cd\"},\"articleSection\":[\"Destacado\",\"Judicial\"],\"inLanguage\":\"es\",\"potentialAction\":[{\"@type\":\"CommentAction\",\"name\":\"Comment\",\"target\":[\"https:\/\/luchonoticias.com\/editor\/sujeto-requerido-por-homicidio-en-popayan-fue-capturado-en-neiva\/#respond\"]}]},{\"@type\":\"WebPage\",\"@id\":\"https:\/\/luchonoticias.com\/editor\/sujeto-requerido-por-homicidio-en-popayan-fue-capturado-en-neiva\/\",\"url\":\"https:\/\/luchonoticias.com\/editor\/sujeto-requerido-por-homicidio-en-popayan-fue-capturado-en-neiva\/\",\"name\":\"Sujeto requerido por homicidio en Popay\u00e1n, fue capturado en Neiva -\",\"isPartOf\":{\"@id\":\"https:\/\/luchonoticias.com\/editor\/#website\"},\"datePublished\":\"2024-02-18T20:20:52+00:00\",\"dateModified\":\"2024-02-18T20:20:54+00:00\",\"breadcrumb\":{\"@id\":\"https:\/\/luchonoticias.com\/editor\/sujeto-requerido-por-homicidio-en-popayan-fue-capturado-en-neiva\/#breadcrumb\"},\"inLanguage\":\"es\",\"potentialAction\":[{\"@type\":\"ReadAction\",\"target\":[\"https:\/\/luchonoticias.com\/editor\/sujeto-requerido-por-homicidio-en-popayan-fue-capturado-en-neiva\/\"]}]},{\"@type\":\"BreadcrumbList\",\"@id\":\"https:\/\/luchonoticias.com\/editor\/sujeto-requerido-por-homicidio-en-popayan-fue-capturado-en-neiva\/#breadcrumb\",\"itemListElement\":[{\"@type\":\"ListItem\",\"position\":1,\"name\":\"Portada\",\"item\":\"https:\/\/luchonoticias.com\/editor\/\"},{\"@type\":\"ListItem\",\"position\":2,\"name\":\"Sujeto requerido por homicidio en Popay\u00e1n, fue capturado en Neiva\"}]},{\"@type\":\"WebSite\",\"@id\":\"https:\/\/luchonoticias.com\/editor\/#website\",\"url\":\"https:\/\/luchonoticias.com\/editor\/\",\"name\":\"\",\"description\":\"\",\"publisher\":{\"@id\":\"https:\/\/luchonoticias.com\/editor\/#\/schema\/person\/7a7fd911f58561fd056dbac7b55af9cd\"},\"potentialAction\":[{\"@type\":\"SearchAction\",\"target\":{\"@type\":\"EntryPoint\",\"urlTemplate\":\"https:\/\/luchonoticias.com\/editor\/?s={search_term_string}\"},\"query-input\":{\"@type\":\"PropertyValueSpecification\",\"valueRequired\":true,\"valueName\":\"search_term_string\"}}],\"inLanguage\":\"es\"},{\"@type\":[\"Person\",\"Organization\"],\"@id\":\"https:\/\/luchonoticias.com\/editor\/#\/schema\/person\/7a7fd911f58561fd056dbac7b55af9cd\",\"name\":\"admin\",\"image\":{\"@type\":\"ImageObject\",\"inLanguage\":\"es\",\"@id\":\"https:\/\/luchonoticias.com\/editor\/#\/schema\/person\/image\/\",\"url\":\"https:\/\/luchonoticias.com\/editor\/wp-content\/uploads\/2024\/02\/cropped-cropped-logolu.webp\",\"contentUrl\":\"https:\/\/luchonoticias.com\/editor\/wp-content\/uploads\/2024\/02\/cropped-cropped-logolu.webp\",\"width\":382,\"height\":170,\"caption\":\"admin\"},\"logo\":{\"@id\":\"https:\/\/luchonoticias.com\/editor\/#\/schema\/person\/image\/\"},\"sameAs\":[\"https:\/\/www.facebook.com\/luchonoticiasneiva\"]},{\"@type\":\"Person\",\"@id\":\"https:\/\/luchonoticias.com\/editor\/#\/schema\/person\/29217990ddf6f14e35912b2866d591fb\",\"name\":\"Editor General\",\"image\":{\"@type\":\"ImageObject\",\"inLanguage\":\"es\",\"@id\":\"https:\/\/luchonoticias.com\/editor\/#\/schema\/person\/image\/\",\"url\":\"https:\/\/luchonoticias.com\/editor\/wp-content\/uploads\/2024\/02\/cropped-cropped-logolu-150x150.webp\",\"contentUrl\":\"https:\/\/luchonoticias.com\/editor\/wp-content\/uploads\/2024\/02\/cropped-cropped-logolu-150x150.webp\",\"caption\":\"Editor General\"},\"sameAs\":[\"https:\/\/luchonoticias.com\/\"],\"url\":\"https:\/\/luchonoticias.com\/editor\/author\/editor-general\/\"}]}<\/script>\n<!-- \/ Yoast SEO plugin. -->","yoast_head_json":{"title":"Sujeto requerido por homicidio en Popay\u00e1n, fue capturado en Neiva -","robots":{"index":"index","follow":"follow","max-snippet":"max-snippet:-1","max-image-preview":"max-image-preview:large","max-video-preview":"max-video-preview:-1"},"canonical":"https:\/\/luchonoticias.com\/editor\/sujeto-requerido-por-homicidio-en-popayan-fue-capturado-en-neiva\/","og_locale":"es_ES","og_type":"article","og_title":"Sujeto requerido por homicidio en Popay\u00e1n, fue capturado en Neiva -","og_url":"https:\/\/luchonoticias.com\/editor\/sujeto-requerido-por-homicidio-en-popayan-fue-capturado-en-neiva\/","article_publisher":"https:\/\/www.facebook.com\/luchonoticiasneiva","article_published_time":"2024-02-18T20:20:52+00:00","article_modified_time":"2024-02-18T20:20:54+00:00","author":"Editor General","twitter_card":"summary_large_image","twitter_misc":{"Escrito por":"Editor General","Tiempo de lectura":"1 minuto"},"schema":{"@context":"https:\/\/schema.org","@graph":[{"@type":"Article","@id":"https:\/\/luchonoticias.com\/editor\/sujeto-requerido-por-homicidio-en-popayan-fue-capturado-en-neiva\/#article","isPartOf":{"@id":"https:\/\/luchonoticias.com\/editor\/sujeto-requerido-por-homicidio-en-popayan-fue-capturado-en-neiva\/"},"author":{"name":"Editor General","@id":"https:\/\/luchonoticias.com\/editor\/#\/schema\/person\/29217990ddf6f14e35912b2866d591fb"},"headline":"Sujeto requerido por homicidio en Popay\u00e1n, fue capturado en Neiva","datePublished":"2024-02-18T20:20:52+00:00","dateModified":"2024-02-18T20:20:54+00:00","mainEntityOfPage":{"@id":"https:\/\/luchonoticias.com\/editor\/sujeto-requerido-por-homicidio-en-popayan-fue-capturado-en-neiva\/"},"wordCount":231,"commentCount":0,"publisher":{"@id":"https:\/\/luchonoticias.com\/editor\/#\/schema\/person\/7a7fd911f58561fd056dbac7b55af9cd"},"articleSection":["Destacado","Judicial"],"inLanguage":"es","potentialAction":[{"@type":"CommentAction","name":"Comment","target":["https:\/\/luchonoticias.com\/editor\/sujeto-requerido-por-homicidio-en-popayan-fue-capturado-en-neiva\/#respond"]}]},{"@type":"WebPage","@id":"https:\/\/luchonoticias.com\/editor\/sujeto-requerido-por-homicidio-en-popayan-fue-capturado-en-neiva\/","url":"https:\/\/luchonoticias.com\/editor\/sujeto-requerido-por-homicidio-en-popayan-fue-capturado-en-neiva\/","name":"Sujeto requerido por homicidio en Popay\u00e1n, fue capturado en Neiva -","isPartOf":{"@id":"https:\/\/luchonoticias.com\/editor\/#website"},"datePublished":"2024-02-18T20:20:52+00:00","dateModified":"2024-02-18T20:20:54+00:00","breadcrumb":{"@id":"https:\/\/luchonoticias.com\/editor\/sujeto-requerido-por-homicidio-en-popayan-fue-capturado-en-neiva\/#breadcrumb"},"inLanguage":"es","potentialAction":[{"@type":"ReadAction","target":["https:\/\/luchonoticias.com\/editor\/sujeto-requerido-por-homicidio-en-popayan-fue-capturado-en-neiva\/"]}]},{"@type":"BreadcrumbList","@id":"https:\/\/luchonoticias.com\/editor\/sujeto-requerido-por-homicidio-en-popayan-fue-capturado-en-neiva\/#breadcrumb","itemListElement":[{"@type":"ListItem","position":1,"name":"Portada","item":"https:\/\/luchonoticias.com\/editor\/"},{"@type":"ListItem","position":2,"name":"Sujeto requerido por homicidio en Popay\u00e1n, fue capturado en Neiva"}]},{"@type":"WebSite","@id":"https:\/\/luchonoticias.com\/editor\/#website","url":"https:\/\/luchonoticias.com\/editor\/","name":"","description":"","publisher":{"@id":"https:\/\/luchonoticias.com\/editor\/#\/schema\/person\/7a7fd911f58561fd056dbac7b55af9cd"},"potentialAction":[{"@type":"SearchAction","target":{"@type":"EntryPoint","urlTemplate":"https:\/\/luchonoticias.com\/editor\/?s={search_term_string}"},"query-input":{"@type":"PropertyValueSpecification","valueRequired":true,"valueName":"search_term_string"}}],"inLanguage":"es"},{"@type":["Person","Organization"],"@id":"https:\/\/luchonoticias.com\/editor\/#\/schema\/person\/7a7fd911f58561fd056dbac7b55af9cd","name":"admin","image":{"@type":"ImageObject","inLanguage":"es","@id":"https:\/\/luchonoticias.com\/editor\/#\/schema\/person\/image\/","url":"https:\/\/luchonoticias.com\/editor\/wp-content\/uploads\/2024\/02\/cropped-cropped-logolu.webp","contentUrl":"https:\/\/luchonoticias.com\/editor\/wp-content\/uploads\/2024\/02\/cropped-cropped-logolu.webp","width":382,"height":170,"caption":"admin"},"logo":{"@id":"https:\/\/luchonoticias.com\/editor\/#\/schema\/person\/image\/"},"sameAs":["https:\/\/www.facebook.com\/luchonoticiasneiva"]},{"@type":"Person","@id":"https:\/\/luchonoticias.com\/editor\/#\/schema\/person\/29217990ddf6f14e35912b2866d591fb","name":"Editor General","image":{"@type":"ImageObject","inLanguage":"es","@id":"https:\/\/luchonoticias.com\/editor\/#\/schema\/person\/image\/","url":"https:\/\/luchonoticias.com\/editor\/wp-content\/uploads\/2024\/02\/cropped-cropped-logolu-150x150.webp","contentUrl":"https:\/\/luchonoticias.com\/editor\/wp-content\/uploads\/2024\/02\/cropped-cropped-logolu-150x150.webp","caption":"Editor General"},"sameAs":["https:\/\/luchonoticias.com\/"],"url":"https:\/\/luchonoticias.com\/editor\/author\/editor-general\/"}]}},"_links":{"self":[{"href":"https:\/\/luchonoticias.com\/editor\/wp-json\/wp\/v2\/posts\/69039","targetHints":{"allow":["GET"]}}],"collection":[{"href":"https:\/\/luchonoticias.com\/editor\/wp-json\/wp\/v2\/posts"}],"about":[{"href":"https:\/\/luchonoticias.com\/editor\/wp-json\/wp\/v2\/types\/post"}],"author":[{"embeddable":true,"href":"https:\/\/luchonoticias.com\/editor\/wp-json\/wp\/v2\/users\/2"}],"replies":[{"embeddable":true,"href":"https:\/\/luchonoticias.com\/editor\/wp-json\/wp\/v2\/comments?post=69039"}],"version-history":[{"count":0,"href":"https:\/\/luchonoticias.com\/editor\/wp-json\/wp\/v2\/posts\/69039\/revisions"}],"wp:attachment":[{"href":"https:\/\/luchonoticias.com\/editor\/wp-json\/wp\/v2\/media?parent=69039"}],"wp:term":[{"taxonomy":"category","embeddable":true,"href":"https:\/\/luchonoticias.com\/editor\/wp-json\/wp\/v2\/categories?post=69039"},{"taxonomy":"post_tag","embeddable":true,"href":"https:\/\/luchonoticias.com\/editor\/wp-json\/wp\/v2\/tags?post=69039"}],"curies":[{"name":"wp","href":"https:\/\/api.w.org\/{rel}","templated":true}]}}