{"id":69176,"date":"2024-02-20T14:51:39","date_gmt":"2024-02-20T19:51:39","guid":{"rendered":"https:\/\/luchonoticias.com\/?p=69176"},"modified":"2024-02-20T14:51:41","modified_gmt":"2024-02-20T19:51:41","slug":"mindeporte-presento-las-lineas-estrategicas-de-desarrollo-y-proyectos-de-inversion-para-los-municipios-del-pais","status":"publish","type":"post","link":"https:\/\/luchonoticias.com\/editor\/mindeporte-presento-las-lineas-estrategicas-de-desarrollo-y-proyectos-de-inversion-para-los-municipios-del-pais\/","title":{"rendered":"Mindeporte present\u00f3 las l\u00edneas estrat\u00e9gicas de desarrollo y proyectos de inversi\u00f3n para los municipios del pa\u00eds"},"content":{"rendered":"\n<p>El Ministerio del Deporte defini\u00f3 las l\u00edneas estrat\u00e9gicas de desarrollo y los proyectos de inversi\u00f3n contemplados para cada uno de los municipios del pa\u00eds.<\/p>\n\n\n\n<p>El jefe de la Oficina Asesora de Planeaci\u00f3n, Jos\u00e9 Miguel Villarreal, dio a conocer la oferta institucional del ministerio, que permitir\u00e1 avanzar en los seis objetivos dispuestos en el Plan Nacional de Desarrollo.<\/p>\n\n\n\n<p>Estas estrategias se enmarcan en la democratizaci\u00f3n del acceso de la poblaci\u00f3n al deporte, la recreaci\u00f3n y la actividad f\u00edsica con enfoque diferencial e inclusivo; la resignificaci\u00f3n de la Jornada Deportiva Escolar Complementaria; la consolidaci\u00f3n de los atletas y paratletas como embajadores de paz en el mundo; m\u00e1s mujeres en el deporte; el deporte, la recreaci\u00f3n y la actividad f\u00edsica como dinamizadores de la econom\u00eda popular, y el fortalecimiento de la gesti\u00f3n y direcci\u00f3n del sector Deporte, Recreaci\u00f3n y la Actividad F\u00edsica.<\/p>\n\n\n\n<p>William Nieto, director de Posicionamiento y Liderazgo Deportivo, explic\u00f3 que en el Decreto 1052 de 2022 se reglamentan los lineamientos para fortalecer, en articulaci\u00f3n con Sistema Nacional del Deporte, el proceso de formaci\u00f3n deportiva, con el que se desarrollar\u00e1n estrategias de preparaci\u00f3n y participaci\u00f3n de los deportistas en eventos nacionales e internacionales.<\/p>\n\n\n\n<p>Este decreto establece cuatro etapas para el proceso de detecci\u00f3n de nuevos talentos: formaci\u00f3n deportiva; ense\u00f1anza o aprendizaje; desarrollo y perfeccionamiento.<\/p>\n\n\n\n<p>La segunda vincula la poblaci\u00f3n con potencial deportivo a un proceso de entrenamiento para fortalecer las condiciones, disposici\u00f3n y posibilidades para el rendimiento deportivo. La competencia se utilizar\u00e1 como medio pedag\u00f3gico y contar\u00e1 con el programa Escuela de Talentos, que estar\u00e1 enfocado en ni\u00f1os, ni\u00f1as, adolescentes y j\u00f3venes, entre los 8 y 18 a\u00f1os, con habilidades para la pr\u00e1ctica deportiva y potencial de alto rendimiento.<\/p>\n\n\n\n<p>El tercero comprende los procesos de selecci\u00f3n de atletas que demuestren adaptaci\u00f3n al entrenamiento deportivo sistem\u00e1tico y al inicio de la competici\u00f3n formal, con el fin de proyectarlos a obtener resultados deportivos significativos en la categor\u00eda correspondiente a su edad.<\/p>\n\n\n\n<p>Por \u00faltimo, los deportistas que demuestren resultados a nivel regional, continental y mundial en su disciplina, ser\u00e1n incluidos a la etapa de perfeccionamiento, que contar\u00e1 con el programa P\u00f3dium, dirigido a conformar la reserva deportiva del pa\u00eds y tiene como prop\u00f3sito la proyecci\u00f3n a la obtenci\u00f3n de altos logros.<\/p>\n\n\n\n<p><strong>Direcci\u00f3n de Fomento y Desarrollo<\/strong><\/p>\n\n\n\n<p>El director encargado, Tirso Zorro Guio, socializ\u00f3 el Decreto 1670 del 12 de septiembre de 2019 y la Resoluci\u00f3n 2359 del 03 de diciembre de 2019, que buscan que el deporte estudiantil y social comunitario, la recreaci\u00f3n, la actividad f\u00edsica y el aprovechamiento del tiempo libre contribuyan al bienestar y calidad de vida de la primera infancia, la infancia, la adolescencia, la juventud, los adultos y los adultos mayores.<\/p>\n\n\n\n<p><strong>Direcci\u00f3n de Recursos y Herramientas del Sistema Nacional del Deporte<\/strong><\/p>\n\n\n\n<p>Melissa Marulanda, directora t\u00e9cnica del \u00e1rea, precis\u00f3 los alcances de la Resoluci\u00f3n 896 de 2022, que define las condiciones y el alcance de la asistencia t\u00e9cnica que brinda el Ministerio del Deporte para la formulaci\u00f3n de proyectos de infraestructura deportiva y recreativa, se establecen los requisitos de presentaci\u00f3n y evaluaci\u00f3n de los mismos, y los criterios para priorizar la asignaci\u00f3n de recursos de financiaci\u00f3n.<\/p>\n\n\n\n<p><strong>Direcci\u00f3n de Inspecci\u00f3n, Vigilancia y Control<\/strong><\/p>\n\n\n\n<p>Miguel Antonio de la Hoz, director t\u00e9cnico (e), explic\u00f3 las facultades de ejercer funciones de inspecci\u00f3n, vigilancia y control sobre todos los organismos deportivos que integran el Sistema Nacional del Deporte -SND- (federaciones, ligas, asociaciones y clubes).<\/p>\n\n\n\n<p>Manifest\u00f3 que se busca garantizar el cumplimiento legal, financiero y estatutario de los organismos a trav\u00e9s de sus tres Grupos Internos de Trabajo: Actuaciones administrativas, Deporte aficionado y Deporte profesional.<\/p>\n","protected":false},"excerpt":{"rendered":"<p>El Ministerio del Deporte defini\u00f3 las l\u00edneas estrat\u00e9gicas de desarrollo y los proyectos de inversi\u00f3n contemplados para cada uno de los municipios del pa\u00eds. El jefe de la Oficina Asesora de Planeaci\u00f3n, Jos\u00e9 Miguel Villarreal, dio a conocer la oferta institucional del ministerio, que permitir\u00e1 avanzar en los seis objetivos dispuestos en el Plan Nacional [&hellip;]<\/p>\n","protected":false},"author":2,"featured_media":0,"comment_status":"open","ping_status":"open","sticky":false,"template":"","format":"standard","meta":{"footnotes":""},"categories":[36,32],"tags":[],"class_list":["post-69176","post","type-post","status-publish","format-standard","hentry","category-destacado","category-nacional"],"yoast_head":"<!-- This site is optimized with the Yoast SEO plugin v26.6 - https:\/\/yoast.com\/wordpress\/plugins\/seo\/ -->\n<title>Mindeporte present\u00f3 las l\u00edneas estrat\u00e9gicas de desarrollo y proyectos de inversi\u00f3n para los municipios del pa\u00eds -<\/title>\n<meta name=\"robots\" content=\"index, follow, max-snippet:-1, max-image-preview:large, max-video-preview:-1\" \/>\n<link rel=\"canonical\" href=\"https:\/\/luchonoticias.com\/editor\/mindeporte-presento-las-lineas-estrategicas-de-desarrollo-y-proyectos-de-inversion-para-los-municipios-del-pais\/\" \/>\n<meta property=\"og:locale\" content=\"es_ES\" \/>\n<meta property=\"og:type\" content=\"article\" \/>\n<meta property=\"og:title\" content=\"Mindeporte present\u00f3 las l\u00edneas estrat\u00e9gicas de desarrollo y proyectos de inversi\u00f3n para los municipios del pa\u00eds -\" \/>\n<meta property=\"og:url\" content=\"https:\/\/luchonoticias.com\/editor\/mindeporte-presento-las-lineas-estrategicas-de-desarrollo-y-proyectos-de-inversion-para-los-municipios-del-pais\/\" \/>\n<meta property=\"article:publisher\" content=\"https:\/\/www.facebook.com\/luchonoticiasneiva\" \/>\n<meta property=\"article:published_time\" content=\"2024-02-20T19:51:39+00:00\" \/>\n<meta property=\"article:modified_time\" content=\"2024-02-20T19:51:41+00:00\" \/>\n<meta name=\"author\" content=\"Editor General\" \/>\n<meta name=\"twitter:card\" content=\"summary_large_image\" \/>\n<meta name=\"twitter:label1\" content=\"Escrito por\" \/>\n\t<meta name=\"twitter:data1\" content=\"Editor General\" \/>\n\t<meta name=\"twitter:label2\" content=\"Tiempo de lectura\" \/>\n\t<meta name=\"twitter:data2\" content=\"3 minutos\" \/>\n<script type=\"application\/ld+json\" class=\"yoast-schema-graph\">{\"@context\":\"https:\/\/schema.org\",\"@graph\":[{\"@type\":\"Article\",\"@id\":\"https:\/\/luchonoticias.com\/editor\/mindeporte-presento-las-lineas-estrategicas-de-desarrollo-y-proyectos-de-inversion-para-los-municipios-del-pais\/#article\",\"isPartOf\":{\"@id\":\"https:\/\/luchonoticias.com\/editor\/mindeporte-presento-las-lineas-estrategicas-de-desarrollo-y-proyectos-de-inversion-para-los-municipios-del-pais\/\"},\"author\":{\"name\":\"Editor General\",\"@id\":\"https:\/\/luchonoticias.com\/editor\/#\/schema\/person\/29217990ddf6f14e35912b2866d591fb\"},\"headline\":\"Mindeporte present\u00f3 las l\u00edneas estrat\u00e9gicas de desarrollo y proyectos de inversi\u00f3n para los municipios del pa\u00eds\",\"datePublished\":\"2024-02-20T19:51:39+00:00\",\"dateModified\":\"2024-02-20T19:51:41+00:00\",\"mainEntityOfPage\":{\"@id\":\"https:\/\/luchonoticias.com\/editor\/mindeporte-presento-las-lineas-estrategicas-de-desarrollo-y-proyectos-de-inversion-para-los-municipios-del-pais\/\"},\"wordCount\":659,\"commentCount\":0,\"publisher\":{\"@id\":\"https:\/\/luchonoticias.com\/editor\/#\/schema\/person\/7a7fd911f58561fd056dbac7b55af9cd\"},\"articleSection\":[\"Destacado\",\"Nacional\"],\"inLanguage\":\"es\",\"potentialAction\":[{\"@type\":\"CommentAction\",\"name\":\"Comment\",\"target\":[\"https:\/\/luchonoticias.com\/editor\/mindeporte-presento-las-lineas-estrategicas-de-desarrollo-y-proyectos-de-inversion-para-los-municipios-del-pais\/#respond\"]}]},{\"@type\":\"WebPage\",\"@id\":\"https:\/\/luchonoticias.com\/editor\/mindeporte-presento-las-lineas-estrategicas-de-desarrollo-y-proyectos-de-inversion-para-los-municipios-del-pais\/\",\"url\":\"https:\/\/luchonoticias.com\/editor\/mindeporte-presento-las-lineas-estrategicas-de-desarrollo-y-proyectos-de-inversion-para-los-municipios-del-pais\/\",\"name\":\"Mindeporte present\u00f3 las l\u00edneas estrat\u00e9gicas de desarrollo y proyectos de inversi\u00f3n para los municipios del pa\u00eds -\",\"isPartOf\":{\"@id\":\"https:\/\/luchonoticias.com\/editor\/#website\"},\"datePublished\":\"2024-02-20T19:51:39+00:00\",\"dateModified\":\"2024-02-20T19:51:41+00:00\",\"breadcrumb\":{\"@id\":\"https:\/\/luchonoticias.com\/editor\/mindeporte-presento-las-lineas-estrategicas-de-desarrollo-y-proyectos-de-inversion-para-los-municipios-del-pais\/#breadcrumb\"},\"inLanguage\":\"es\",\"potentialAction\":[{\"@type\":\"ReadAction\",\"target\":[\"https:\/\/luchonoticias.com\/editor\/mindeporte-presento-las-lineas-estrategicas-de-desarrollo-y-proyectos-de-inversion-para-los-municipios-del-pais\/\"]}]},{\"@type\":\"BreadcrumbList\",\"@id\":\"https:\/\/luchonoticias.com\/editor\/mindeporte-presento-las-lineas-estrategicas-de-desarrollo-y-proyectos-de-inversion-para-los-municipios-del-pais\/#breadcrumb\",\"itemListElement\":[{\"@type\":\"ListItem\",\"position\":1,\"name\":\"Portada\",\"item\":\"https:\/\/luchonoticias.com\/editor\/\"},{\"@type\":\"ListItem\",\"position\":2,\"name\":\"Mindeporte present\u00f3 las l\u00edneas estrat\u00e9gicas de desarrollo y proyectos de inversi\u00f3n para los municipios del pa\u00eds\"}]},{\"@type\":\"WebSite\",\"@id\":\"https:\/\/luchonoticias.com\/editor\/#website\",\"url\":\"https:\/\/luchonoticias.com\/editor\/\",\"name\":\"\",\"description\":\"\",\"publisher\":{\"@id\":\"https:\/\/luchonoticias.com\/editor\/#\/schema\/person\/7a7fd911f58561fd056dbac7b55af9cd\"},\"potentialAction\":[{\"@type\":\"SearchAction\",\"target\":{\"@type\":\"EntryPoint\",\"urlTemplate\":\"https:\/\/luchonoticias.com\/editor\/?s={search_term_string}\"},\"query-input\":{\"@type\":\"PropertyValueSpecification\",\"valueRequired\":true,\"valueName\":\"search_term_string\"}}],\"inLanguage\":\"es\"},{\"@type\":[\"Person\",\"Organization\"],\"@id\":\"https:\/\/luchonoticias.com\/editor\/#\/schema\/person\/7a7fd911f58561fd056dbac7b55af9cd\",\"name\":\"admin\",\"image\":{\"@type\":\"ImageObject\",\"inLanguage\":\"es\",\"@id\":\"https:\/\/luchonoticias.com\/editor\/#\/schema\/person\/image\/\",\"url\":\"https:\/\/luchonoticias.com\/editor\/wp-content\/uploads\/2024\/02\/cropped-cropped-logolu.webp\",\"contentUrl\":\"https:\/\/luchonoticias.com\/editor\/wp-content\/uploads\/2024\/02\/cropped-cropped-logolu.webp\",\"width\":382,\"height\":170,\"caption\":\"admin\"},\"logo\":{\"@id\":\"https:\/\/luchonoticias.com\/editor\/#\/schema\/person\/image\/\"},\"sameAs\":[\"https:\/\/www.facebook.com\/luchonoticiasneiva\"]},{\"@type\":\"Person\",\"@id\":\"https:\/\/luchonoticias.com\/editor\/#\/schema\/person\/29217990ddf6f14e35912b2866d591fb\",\"name\":\"Editor General\",\"image\":{\"@type\":\"ImageObject\",\"inLanguage\":\"es\",\"@id\":\"https:\/\/luchonoticias.com\/editor\/#\/schema\/person\/image\/\",\"url\":\"https:\/\/luchonoticias.com\/editor\/wp-content\/uploads\/2024\/02\/cropped-cropped-logolu-150x150.webp\",\"contentUrl\":\"https:\/\/luchonoticias.com\/editor\/wp-content\/uploads\/2024\/02\/cropped-cropped-logolu-150x150.webp\",\"caption\":\"Editor General\"},\"sameAs\":[\"https:\/\/luchonoticias.com\/\"],\"url\":\"https:\/\/luchonoticias.com\/editor\/author\/editor-general\/\"}]}<\/script>\n<!-- \/ Yoast SEO plugin. -->","yoast_head_json":{"title":"Mindeporte present\u00f3 las l\u00edneas estrat\u00e9gicas de desarrollo y proyectos de inversi\u00f3n para los municipios del pa\u00eds -","robots":{"index":"index","follow":"follow","max-snippet":"max-snippet:-1","max-image-preview":"max-image-preview:large","max-video-preview":"max-video-preview:-1"},"canonical":"https:\/\/luchonoticias.com\/editor\/mindeporte-presento-las-lineas-estrategicas-de-desarrollo-y-proyectos-de-inversion-para-los-municipios-del-pais\/","og_locale":"es_ES","og_type":"article","og_title":"Mindeporte present\u00f3 las l\u00edneas estrat\u00e9gicas de desarrollo y proyectos de inversi\u00f3n para los municipios del pa\u00eds -","og_url":"https:\/\/luchonoticias.com\/editor\/mindeporte-presento-las-lineas-estrategicas-de-desarrollo-y-proyectos-de-inversion-para-los-municipios-del-pais\/","article_publisher":"https:\/\/www.facebook.com\/luchonoticiasneiva","article_published_time":"2024-02-20T19:51:39+00:00","article_modified_time":"2024-02-20T19:51:41+00:00","author":"Editor General","twitter_card":"summary_large_image","twitter_misc":{"Escrito por":"Editor General","Tiempo de lectura":"3 minutos"},"schema":{"@context":"https:\/\/schema.org","@graph":[{"@type":"Article","@id":"https:\/\/luchonoticias.com\/editor\/mindeporte-presento-las-lineas-estrategicas-de-desarrollo-y-proyectos-de-inversion-para-los-municipios-del-pais\/#article","isPartOf":{"@id":"https:\/\/luchonoticias.com\/editor\/mindeporte-presento-las-lineas-estrategicas-de-desarrollo-y-proyectos-de-inversion-para-los-municipios-del-pais\/"},"author":{"name":"Editor General","@id":"https:\/\/luchonoticias.com\/editor\/#\/schema\/person\/29217990ddf6f14e35912b2866d591fb"},"headline":"Mindeporte present\u00f3 las l\u00edneas estrat\u00e9gicas de desarrollo y proyectos de inversi\u00f3n para los municipios del pa\u00eds","datePublished":"2024-02-20T19:51:39+00:00","dateModified":"2024-02-20T19:51:41+00:00","mainEntityOfPage":{"@id":"https:\/\/luchonoticias.com\/editor\/mindeporte-presento-las-lineas-estrategicas-de-desarrollo-y-proyectos-de-inversion-para-los-municipios-del-pais\/"},"wordCount":659,"commentCount":0,"publisher":{"@id":"https:\/\/luchonoticias.com\/editor\/#\/schema\/person\/7a7fd911f58561fd056dbac7b55af9cd"},"articleSection":["Destacado","Nacional"],"inLanguage":"es","potentialAction":[{"@type":"CommentAction","name":"Comment","target":["https:\/\/luchonoticias.com\/editor\/mindeporte-presento-las-lineas-estrategicas-de-desarrollo-y-proyectos-de-inversion-para-los-municipios-del-pais\/#respond"]}]},{"@type":"WebPage","@id":"https:\/\/luchonoticias.com\/editor\/mindeporte-presento-las-lineas-estrategicas-de-desarrollo-y-proyectos-de-inversion-para-los-municipios-del-pais\/","url":"https:\/\/luchonoticias.com\/editor\/mindeporte-presento-las-lineas-estrategicas-de-desarrollo-y-proyectos-de-inversion-para-los-municipios-del-pais\/","name":"Mindeporte present\u00f3 las l\u00edneas estrat\u00e9gicas de desarrollo y proyectos de inversi\u00f3n para los municipios del pa\u00eds -","isPartOf":{"@id":"https:\/\/luchonoticias.com\/editor\/#website"},"datePublished":"2024-02-20T19:51:39+00:00","dateModified":"2024-02-20T19:51:41+00:00","breadcrumb":{"@id":"https:\/\/luchonoticias.com\/editor\/mindeporte-presento-las-lineas-estrategicas-de-desarrollo-y-proyectos-de-inversion-para-los-municipios-del-pais\/#breadcrumb"},"inLanguage":"es","potentialAction":[{"@type":"ReadAction","target":["https:\/\/luchonoticias.com\/editor\/mindeporte-presento-las-lineas-estrategicas-de-desarrollo-y-proyectos-de-inversion-para-los-municipios-del-pais\/"]}]},{"@type":"BreadcrumbList","@id":"https:\/\/luchonoticias.com\/editor\/mindeporte-presento-las-lineas-estrategicas-de-desarrollo-y-proyectos-de-inversion-para-los-municipios-del-pais\/#breadcrumb","itemListElement":[{"@type":"ListItem","position":1,"name":"Portada","item":"https:\/\/luchonoticias.com\/editor\/"},{"@type":"ListItem","position":2,"name":"Mindeporte present\u00f3 las l\u00edneas estrat\u00e9gicas de desarrollo y proyectos de inversi\u00f3n para los municipios del pa\u00eds"}]},{"@type":"WebSite","@id":"https:\/\/luchonoticias.com\/editor\/#website","url":"https:\/\/luchonoticias.com\/editor\/","name":"","description":"","publisher":{"@id":"https:\/\/luchonoticias.com\/editor\/#\/schema\/person\/7a7fd911f58561fd056dbac7b55af9cd"},"potentialAction":[{"@type":"SearchAction","target":{"@type":"EntryPoint","urlTemplate":"https:\/\/luchonoticias.com\/editor\/?s={search_term_string}"},"query-input":{"@type":"PropertyValueSpecification","valueRequired":true,"valueName":"search_term_string"}}],"inLanguage":"es"},{"@type":["Person","Organization"],"@id":"https:\/\/luchonoticias.com\/editor\/#\/schema\/person\/7a7fd911f58561fd056dbac7b55af9cd","name":"admin","image":{"@type":"ImageObject","inLanguage":"es","@id":"https:\/\/luchonoticias.com\/editor\/#\/schema\/person\/image\/","url":"https:\/\/luchonoticias.com\/editor\/wp-content\/uploads\/2024\/02\/cropped-cropped-logolu.webp","contentUrl":"https:\/\/luchonoticias.com\/editor\/wp-content\/uploads\/2024\/02\/cropped-cropped-logolu.webp","width":382,"height":170,"caption":"admin"},"logo":{"@id":"https:\/\/luchonoticias.com\/editor\/#\/schema\/person\/image\/"},"sameAs":["https:\/\/www.facebook.com\/luchonoticiasneiva"]},{"@type":"Person","@id":"https:\/\/luchonoticias.com\/editor\/#\/schema\/person\/29217990ddf6f14e35912b2866d591fb","name":"Editor General","image":{"@type":"ImageObject","inLanguage":"es","@id":"https:\/\/luchonoticias.com\/editor\/#\/schema\/person\/image\/","url":"https:\/\/luchonoticias.com\/editor\/wp-content\/uploads\/2024\/02\/cropped-cropped-logolu-150x150.webp","contentUrl":"https:\/\/luchonoticias.com\/editor\/wp-content\/uploads\/2024\/02\/cropped-cropped-logolu-150x150.webp","caption":"Editor General"},"sameAs":["https:\/\/luchonoticias.com\/"],"url":"https:\/\/luchonoticias.com\/editor\/author\/editor-general\/"}]}},"_links":{"self":[{"href":"https:\/\/luchonoticias.com\/editor\/wp-json\/wp\/v2\/posts\/69176","targetHints":{"allow":["GET"]}}],"collection":[{"href":"https:\/\/luchonoticias.com\/editor\/wp-json\/wp\/v2\/posts"}],"about":[{"href":"https:\/\/luchonoticias.com\/editor\/wp-json\/wp\/v2\/types\/post"}],"author":[{"embeddable":true,"href":"https:\/\/luchonoticias.com\/editor\/wp-json\/wp\/v2\/users\/2"}],"replies":[{"embeddable":true,"href":"https:\/\/luchonoticias.com\/editor\/wp-json\/wp\/v2\/comments?post=69176"}],"version-history":[{"count":0,"href":"https:\/\/luchonoticias.com\/editor\/wp-json\/wp\/v2\/posts\/69176\/revisions"}],"wp:attachment":[{"href":"https:\/\/luchonoticias.com\/editor\/wp-json\/wp\/v2\/media?parent=69176"}],"wp:term":[{"taxonomy":"category","embeddable":true,"href":"https:\/\/luchonoticias.com\/editor\/wp-json\/wp\/v2\/categories?post=69176"},{"taxonomy":"post_tag","embeddable":true,"href":"https:\/\/luchonoticias.com\/editor\/wp-json\/wp\/v2\/tags?post=69176"}],"curies":[{"name":"wp","href":"https:\/\/api.w.org\/{rel}","templated":true}]}}