{"id":69179,"date":"2024-02-20T14:54:20","date_gmt":"2024-02-20T19:54:20","guid":{"rendered":"https:\/\/luchonoticias.com\/?p=69179"},"modified":"2024-02-20T14:54:21","modified_gmt":"2024-02-20T19:54:21","slug":"la-comision-sexta-del-senado-tendra-un-papel-protagonico-en-esta-legislatura","status":"publish","type":"post","link":"https:\/\/luchonoticias.com\/editor\/la-comision-sexta-del-senado-tendra-un-papel-protagonico-en-esta-legislatura\/","title":{"rendered":"La Comisi\u00f3n Sexta del Senado tendr\u00e1 un papel protag\u00f3nico en esta legislatura"},"content":{"rendered":"\n<p>La Comisi\u00f3n Sexta del Senadojugar\u00e1 un papel protag\u00f3nico en lo que queda de esta legislatura, pues all\u00ed ser\u00e1n evacuados temas fundamentales para la sociedad, como la Reforma a la Educaci\u00f3n y el futuro de las v\u00edas terciarias para reactivar el agro en el territorio nacional.&nbsp;<\/p>\n\n\n\n<p>Ser\u00e1n tramitadas la Reforma a la Eduaci\u00f3n y la Reforma a los Servicios P\u00fablicos, pero tambi\u00e9n algo fundamental y de lo que poco se habla la alta cifra de muertos y heridos por accidentes de tr\u00e1nsito en el pa\u00eds, de la que es responsable la Agencia de Seguridad V\u00edal.&nbsp;<\/p>\n\n\n\n<p>\u201cUna causa &nbsp;de muerte recurrente en Colombia los accidentes, y creo que es necesario revisar con mucho rigor, que est\u00e1 pasando con la agencia para saber si se justifica si esta o no como una dependencia del Estado pagada con todos los tributos de los colombianos\u201d, asever\u00f3 el senador&nbsp;Guido Echeverri.<\/p>\n\n\n\n<p>El debate tambi\u00e9n estar\u00e1 en torno al turismo y el alto costo de los tiquetes&nbsp;a\u00e9reos. Otro aspecto que se abordar\u00e1, es la red de v\u00edas terciarias, los peajes, las 5G, y como abaratar el transporte de carga.<\/p>\n\n\n\n<p>El senador del Pacto Hist\u00f3rico&nbsp;Robert Daza&nbsp;frente a esto dijo, \u201cTener una Ley de Ferrocarriles que rehabilite el sistema nacional de ferrocarriles para rebajar los precios de la carga que est\u00e1n causando tanto impacto en la canasta familiar\u201d.<\/p>\n\n\n\n<p>En la Comisi\u00f3n Sexta tambi\u00e9n se evalua dar tr\u00e1mite a la regulaci\u00f3n de la inteligencia artificial, el uso de las redes y la agencia nacional de seguridad inform\u00e1tica planteada en el Plan de Desarrollo.&nbsp;<\/p>\n","protected":false},"excerpt":{"rendered":"<p>La Comisi\u00f3n Sexta del Senadojugar\u00e1 un papel protag\u00f3nico en lo que queda de esta legislatura, pues all\u00ed ser\u00e1n evacuados temas fundamentales para la sociedad, como la Reforma a la Educaci\u00f3n y el futuro de las v\u00edas terciarias para reactivar el agro en el territorio nacional.&nbsp; Ser\u00e1n tramitadas la Reforma a la Eduaci\u00f3n y la Reforma [&hellip;]<\/p>\n","protected":false},"author":2,"featured_media":0,"comment_status":"open","ping_status":"open","sticky":false,"template":"","format":"standard","meta":{"footnotes":""},"categories":[36,617],"tags":[],"class_list":["post-69179","post","type-post","status-publish","format-standard","hentry","category-destacado","category-politica"],"yoast_head":"<!-- This site is optimized with the Yoast SEO plugin v26.6 - https:\/\/yoast.com\/wordpress\/plugins\/seo\/ -->\n<title>La Comisi\u00f3n Sexta del Senado tendr\u00e1 un papel protag\u00f3nico en esta legislatura -<\/title>\n<meta name=\"robots\" content=\"index, follow, max-snippet:-1, max-image-preview:large, max-video-preview:-1\" \/>\n<link rel=\"canonical\" href=\"https:\/\/luchonoticias.com\/editor\/la-comision-sexta-del-senado-tendra-un-papel-protagonico-en-esta-legislatura\/\" \/>\n<meta property=\"og:locale\" content=\"es_ES\" \/>\n<meta property=\"og:type\" content=\"article\" \/>\n<meta property=\"og:title\" content=\"La Comisi\u00f3n Sexta del Senado tendr\u00e1 un papel protag\u00f3nico en esta legislatura -\" \/>\n<meta property=\"og:url\" content=\"https:\/\/luchonoticias.com\/editor\/la-comision-sexta-del-senado-tendra-un-papel-protagonico-en-esta-legislatura\/\" \/>\n<meta property=\"article:publisher\" content=\"https:\/\/www.facebook.com\/luchonoticiasneiva\" \/>\n<meta property=\"article:published_time\" content=\"2024-02-20T19:54:20+00:00\" \/>\n<meta property=\"article:modified_time\" content=\"2024-02-20T19:54:21+00:00\" \/>\n<meta name=\"author\" content=\"Editor General\" \/>\n<meta name=\"twitter:card\" content=\"summary_large_image\" \/>\n<meta name=\"twitter:label1\" content=\"Escrito por\" \/>\n\t<meta name=\"twitter:data1\" content=\"Editor General\" \/>\n\t<meta name=\"twitter:label2\" content=\"Tiempo de lectura\" \/>\n\t<meta name=\"twitter:data2\" content=\"1 minuto\" \/>\n<script type=\"application\/ld+json\" class=\"yoast-schema-graph\">{\"@context\":\"https:\/\/schema.org\",\"@graph\":[{\"@type\":\"Article\",\"@id\":\"https:\/\/luchonoticias.com\/editor\/la-comision-sexta-del-senado-tendra-un-papel-protagonico-en-esta-legislatura\/#article\",\"isPartOf\":{\"@id\":\"https:\/\/luchonoticias.com\/editor\/la-comision-sexta-del-senado-tendra-un-papel-protagonico-en-esta-legislatura\/\"},\"author\":{\"name\":\"Editor General\",\"@id\":\"https:\/\/luchonoticias.com\/editor\/#\/schema\/person\/29217990ddf6f14e35912b2866d591fb\"},\"headline\":\"La Comisi\u00f3n Sexta del Senado tendr\u00e1 un papel protag\u00f3nico en esta legislatura\",\"datePublished\":\"2024-02-20T19:54:20+00:00\",\"dateModified\":\"2024-02-20T19:54:21+00:00\",\"mainEntityOfPage\":{\"@id\":\"https:\/\/luchonoticias.com\/editor\/la-comision-sexta-del-senado-tendra-un-papel-protagonico-en-esta-legislatura\/\"},\"wordCount\":300,\"commentCount\":0,\"publisher\":{\"@id\":\"https:\/\/luchonoticias.com\/editor\/#\/schema\/person\/7a7fd911f58561fd056dbac7b55af9cd\"},\"articleSection\":[\"Destacado\",\"Pol\u00edtica\"],\"inLanguage\":\"es\",\"potentialAction\":[{\"@type\":\"CommentAction\",\"name\":\"Comment\",\"target\":[\"https:\/\/luchonoticias.com\/editor\/la-comision-sexta-del-senado-tendra-un-papel-protagonico-en-esta-legislatura\/#respond\"]}]},{\"@type\":\"WebPage\",\"@id\":\"https:\/\/luchonoticias.com\/editor\/la-comision-sexta-del-senado-tendra-un-papel-protagonico-en-esta-legislatura\/\",\"url\":\"https:\/\/luchonoticias.com\/editor\/la-comision-sexta-del-senado-tendra-un-papel-protagonico-en-esta-legislatura\/\",\"name\":\"La Comisi\u00f3n Sexta del Senado tendr\u00e1 un papel protag\u00f3nico en esta legislatura -\",\"isPartOf\":{\"@id\":\"https:\/\/luchonoticias.com\/editor\/#website\"},\"datePublished\":\"2024-02-20T19:54:20+00:00\",\"dateModified\":\"2024-02-20T19:54:21+00:00\",\"breadcrumb\":{\"@id\":\"https:\/\/luchonoticias.com\/editor\/la-comision-sexta-del-senado-tendra-un-papel-protagonico-en-esta-legislatura\/#breadcrumb\"},\"inLanguage\":\"es\",\"potentialAction\":[{\"@type\":\"ReadAction\",\"target\":[\"https:\/\/luchonoticias.com\/editor\/la-comision-sexta-del-senado-tendra-un-papel-protagonico-en-esta-legislatura\/\"]}]},{\"@type\":\"BreadcrumbList\",\"@id\":\"https:\/\/luchonoticias.com\/editor\/la-comision-sexta-del-senado-tendra-un-papel-protagonico-en-esta-legislatura\/#breadcrumb\",\"itemListElement\":[{\"@type\":\"ListItem\",\"position\":1,\"name\":\"Portada\",\"item\":\"https:\/\/luchonoticias.com\/editor\/\"},{\"@type\":\"ListItem\",\"position\":2,\"name\":\"La Comisi\u00f3n Sexta del Senado tendr\u00e1 un papel protag\u00f3nico en esta legislatura\"}]},{\"@type\":\"WebSite\",\"@id\":\"https:\/\/luchonoticias.com\/editor\/#website\",\"url\":\"https:\/\/luchonoticias.com\/editor\/\",\"name\":\"\",\"description\":\"\",\"publisher\":{\"@id\":\"https:\/\/luchonoticias.com\/editor\/#\/schema\/person\/7a7fd911f58561fd056dbac7b55af9cd\"},\"potentialAction\":[{\"@type\":\"SearchAction\",\"target\":{\"@type\":\"EntryPoint\",\"urlTemplate\":\"https:\/\/luchonoticias.com\/editor\/?s={search_term_string}\"},\"query-input\":{\"@type\":\"PropertyValueSpecification\",\"valueRequired\":true,\"valueName\":\"search_term_string\"}}],\"inLanguage\":\"es\"},{\"@type\":[\"Person\",\"Organization\"],\"@id\":\"https:\/\/luchonoticias.com\/editor\/#\/schema\/person\/7a7fd911f58561fd056dbac7b55af9cd\",\"name\":\"admin\",\"image\":{\"@type\":\"ImageObject\",\"inLanguage\":\"es\",\"@id\":\"https:\/\/luchonoticias.com\/editor\/#\/schema\/person\/image\/\",\"url\":\"https:\/\/luchonoticias.com\/editor\/wp-content\/uploads\/2024\/02\/cropped-cropped-logolu.webp\",\"contentUrl\":\"https:\/\/luchonoticias.com\/editor\/wp-content\/uploads\/2024\/02\/cropped-cropped-logolu.webp\",\"width\":382,\"height\":170,\"caption\":\"admin\"},\"logo\":{\"@id\":\"https:\/\/luchonoticias.com\/editor\/#\/schema\/person\/image\/\"},\"sameAs\":[\"https:\/\/www.facebook.com\/luchonoticiasneiva\"]},{\"@type\":\"Person\",\"@id\":\"https:\/\/luchonoticias.com\/editor\/#\/schema\/person\/29217990ddf6f14e35912b2866d591fb\",\"name\":\"Editor General\",\"image\":{\"@type\":\"ImageObject\",\"inLanguage\":\"es\",\"@id\":\"https:\/\/luchonoticias.com\/editor\/#\/schema\/person\/image\/\",\"url\":\"https:\/\/luchonoticias.com\/editor\/wp-content\/uploads\/2024\/02\/cropped-cropped-logolu-150x150.webp\",\"contentUrl\":\"https:\/\/luchonoticias.com\/editor\/wp-content\/uploads\/2024\/02\/cropped-cropped-logolu-150x150.webp\",\"caption\":\"Editor General\"},\"sameAs\":[\"https:\/\/luchonoticias.com\/\"],\"url\":\"https:\/\/luchonoticias.com\/editor\/author\/editor-general\/\"}]}<\/script>\n<!-- \/ Yoast SEO plugin. -->","yoast_head_json":{"title":"La Comisi\u00f3n Sexta del Senado tendr\u00e1 un papel protag\u00f3nico en esta legislatura -","robots":{"index":"index","follow":"follow","max-snippet":"max-snippet:-1","max-image-preview":"max-image-preview:large","max-video-preview":"max-video-preview:-1"},"canonical":"https:\/\/luchonoticias.com\/editor\/la-comision-sexta-del-senado-tendra-un-papel-protagonico-en-esta-legislatura\/","og_locale":"es_ES","og_type":"article","og_title":"La Comisi\u00f3n Sexta del Senado tendr\u00e1 un papel protag\u00f3nico en esta legislatura -","og_url":"https:\/\/luchonoticias.com\/editor\/la-comision-sexta-del-senado-tendra-un-papel-protagonico-en-esta-legislatura\/","article_publisher":"https:\/\/www.facebook.com\/luchonoticiasneiva","article_published_time":"2024-02-20T19:54:20+00:00","article_modified_time":"2024-02-20T19:54:21+00:00","author":"Editor General","twitter_card":"summary_large_image","twitter_misc":{"Escrito por":"Editor General","Tiempo de lectura":"1 minuto"},"schema":{"@context":"https:\/\/schema.org","@graph":[{"@type":"Article","@id":"https:\/\/luchonoticias.com\/editor\/la-comision-sexta-del-senado-tendra-un-papel-protagonico-en-esta-legislatura\/#article","isPartOf":{"@id":"https:\/\/luchonoticias.com\/editor\/la-comision-sexta-del-senado-tendra-un-papel-protagonico-en-esta-legislatura\/"},"author":{"name":"Editor General","@id":"https:\/\/luchonoticias.com\/editor\/#\/schema\/person\/29217990ddf6f14e35912b2866d591fb"},"headline":"La Comisi\u00f3n Sexta del Senado tendr\u00e1 un papel protag\u00f3nico en esta legislatura","datePublished":"2024-02-20T19:54:20+00:00","dateModified":"2024-02-20T19:54:21+00:00","mainEntityOfPage":{"@id":"https:\/\/luchonoticias.com\/editor\/la-comision-sexta-del-senado-tendra-un-papel-protagonico-en-esta-legislatura\/"},"wordCount":300,"commentCount":0,"publisher":{"@id":"https:\/\/luchonoticias.com\/editor\/#\/schema\/person\/7a7fd911f58561fd056dbac7b55af9cd"},"articleSection":["Destacado","Pol\u00edtica"],"inLanguage":"es","potentialAction":[{"@type":"CommentAction","name":"Comment","target":["https:\/\/luchonoticias.com\/editor\/la-comision-sexta-del-senado-tendra-un-papel-protagonico-en-esta-legislatura\/#respond"]}]},{"@type":"WebPage","@id":"https:\/\/luchonoticias.com\/editor\/la-comision-sexta-del-senado-tendra-un-papel-protagonico-en-esta-legislatura\/","url":"https:\/\/luchonoticias.com\/editor\/la-comision-sexta-del-senado-tendra-un-papel-protagonico-en-esta-legislatura\/","name":"La Comisi\u00f3n Sexta del Senado tendr\u00e1 un papel protag\u00f3nico en esta legislatura -","isPartOf":{"@id":"https:\/\/luchonoticias.com\/editor\/#website"},"datePublished":"2024-02-20T19:54:20+00:00","dateModified":"2024-02-20T19:54:21+00:00","breadcrumb":{"@id":"https:\/\/luchonoticias.com\/editor\/la-comision-sexta-del-senado-tendra-un-papel-protagonico-en-esta-legislatura\/#breadcrumb"},"inLanguage":"es","potentialAction":[{"@type":"ReadAction","target":["https:\/\/luchonoticias.com\/editor\/la-comision-sexta-del-senado-tendra-un-papel-protagonico-en-esta-legislatura\/"]}]},{"@type":"BreadcrumbList","@id":"https:\/\/luchonoticias.com\/editor\/la-comision-sexta-del-senado-tendra-un-papel-protagonico-en-esta-legislatura\/#breadcrumb","itemListElement":[{"@type":"ListItem","position":1,"name":"Portada","item":"https:\/\/luchonoticias.com\/editor\/"},{"@type":"ListItem","position":2,"name":"La Comisi\u00f3n Sexta del Senado tendr\u00e1 un papel protag\u00f3nico en esta legislatura"}]},{"@type":"WebSite","@id":"https:\/\/luchonoticias.com\/editor\/#website","url":"https:\/\/luchonoticias.com\/editor\/","name":"","description":"","publisher":{"@id":"https:\/\/luchonoticias.com\/editor\/#\/schema\/person\/7a7fd911f58561fd056dbac7b55af9cd"},"potentialAction":[{"@type":"SearchAction","target":{"@type":"EntryPoint","urlTemplate":"https:\/\/luchonoticias.com\/editor\/?s={search_term_string}"},"query-input":{"@type":"PropertyValueSpecification","valueRequired":true,"valueName":"search_term_string"}}],"inLanguage":"es"},{"@type":["Person","Organization"],"@id":"https:\/\/luchonoticias.com\/editor\/#\/schema\/person\/7a7fd911f58561fd056dbac7b55af9cd","name":"admin","image":{"@type":"ImageObject","inLanguage":"es","@id":"https:\/\/luchonoticias.com\/editor\/#\/schema\/person\/image\/","url":"https:\/\/luchonoticias.com\/editor\/wp-content\/uploads\/2024\/02\/cropped-cropped-logolu.webp","contentUrl":"https:\/\/luchonoticias.com\/editor\/wp-content\/uploads\/2024\/02\/cropped-cropped-logolu.webp","width":382,"height":170,"caption":"admin"},"logo":{"@id":"https:\/\/luchonoticias.com\/editor\/#\/schema\/person\/image\/"},"sameAs":["https:\/\/www.facebook.com\/luchonoticiasneiva"]},{"@type":"Person","@id":"https:\/\/luchonoticias.com\/editor\/#\/schema\/person\/29217990ddf6f14e35912b2866d591fb","name":"Editor General","image":{"@type":"ImageObject","inLanguage":"es","@id":"https:\/\/luchonoticias.com\/editor\/#\/schema\/person\/image\/","url":"https:\/\/luchonoticias.com\/editor\/wp-content\/uploads\/2024\/02\/cropped-cropped-logolu-150x150.webp","contentUrl":"https:\/\/luchonoticias.com\/editor\/wp-content\/uploads\/2024\/02\/cropped-cropped-logolu-150x150.webp","caption":"Editor General"},"sameAs":["https:\/\/luchonoticias.com\/"],"url":"https:\/\/luchonoticias.com\/editor\/author\/editor-general\/"}]}},"_links":{"self":[{"href":"https:\/\/luchonoticias.com\/editor\/wp-json\/wp\/v2\/posts\/69179","targetHints":{"allow":["GET"]}}],"collection":[{"href":"https:\/\/luchonoticias.com\/editor\/wp-json\/wp\/v2\/posts"}],"about":[{"href":"https:\/\/luchonoticias.com\/editor\/wp-json\/wp\/v2\/types\/post"}],"author":[{"embeddable":true,"href":"https:\/\/luchonoticias.com\/editor\/wp-json\/wp\/v2\/users\/2"}],"replies":[{"embeddable":true,"href":"https:\/\/luchonoticias.com\/editor\/wp-json\/wp\/v2\/comments?post=69179"}],"version-history":[{"count":0,"href":"https:\/\/luchonoticias.com\/editor\/wp-json\/wp\/v2\/posts\/69179\/revisions"}],"wp:attachment":[{"href":"https:\/\/luchonoticias.com\/editor\/wp-json\/wp\/v2\/media?parent=69179"}],"wp:term":[{"taxonomy":"category","embeddable":true,"href":"https:\/\/luchonoticias.com\/editor\/wp-json\/wp\/v2\/categories?post=69179"},{"taxonomy":"post_tag","embeddable":true,"href":"https:\/\/luchonoticias.com\/editor\/wp-json\/wp\/v2\/tags?post=69179"}],"curies":[{"name":"wp","href":"https:\/\/api.w.org\/{rel}","templated":true}]}}