{"id":69185,"date":"2024-02-21T08:52:02","date_gmt":"2024-02-21T13:52:02","guid":{"rendered":"https:\/\/luchonoticias.com\/?p=69185"},"modified":"2024-02-21T08:52:04","modified_gmt":"2024-02-21T13:52:04","slug":"sector-agropecuario-del-huila-debe-apuntarle-a-la-produccion-climaticamente-inteligente","status":"publish","type":"post","link":"https:\/\/luchonoticias.com\/editor\/sector-agropecuario-del-huila-debe-apuntarle-a-la-produccion-climaticamente-inteligente\/","title":{"rendered":"Sector agropecuario del Huila debe apuntarle a la producci\u00f3n clim\u00e1ticamente inteligente"},"content":{"rendered":"\n<p>El secretario de Agricultura y Miner\u00eda del Huila, Ingeniero Carlos Alberto Cuellar Medida, present\u00f3 un detallado informe ante la Asamblea Departamental, sobre las acciones emprendidas desde la Gobernaci\u00f3n del Huila en articulaci\u00f3n con los gremios para mitigar los efectos del Fen\u00f3meno de El Ni\u00f1o.<\/p>\n\n\n\n<p>Durante su exposici\u00f3n en la Duma Departamental, el profesional le dedic\u00f3 un cap\u00edtulo especial al \u201cPlan de Cambio Clim\u00e1tico Huila 2050: Prepar\u00e1ndose para el Cambio Clim\u00e1tico\u00bb como una importante herramienta construida de manera articulada entre todos los sectores sociales, y que hoy cobra una relevancia especial a la hora de tomar decisiones, pues responde a la realidad que hoy afronta el departamento.<\/p>\n\n\n\n<p>En ese sentido, destac\u00f3 la importancia de adaptarse a los diferentes fen\u00f3menos de variabilidad clim\u00e1tica que cada vez son m\u00e1s recurrentes y c\u00edclicos, mediante la adopci\u00f3n de nuevas tecnolog\u00edas, y estrategias encaminadas a una producci\u00f3n clim\u00e1ticamente inteligente y sostenible.<\/p>\n\n\n\n<p>\u201cLos fen\u00f3menos de variabilidad clim\u00e1tica como el fen\u00f3meno de \u201cEl Ni\u00f1o\u201d que est\u00e1 por terminar y el de \u201cLa Ni\u00f1a\u201d que ya est\u00e1 anunciado para los pr\u00f3ximos meses van a seguir siendo secuenciales y c\u00edclicos, y por tanto el Departamento del Huila, los agricultores, nuestros productores agr\u00edcolas y pecuarios, deber\u00e1n estar preparados de la mano del gobierno departamental para planificar las acciones estrat\u00e9gicas en el territorio, ordenando los sistemas de producci\u00f3n y garantizando la presencia de tecnolog\u00edas que permitan el uso eficiente del recurso h\u00eddrico y combatir m\u00e1s eficientemente los fen\u00f3menos de sequ\u00eda;&nbsp; eso se logra con variedades y razas resistentes a la sequ\u00eda y por ello estamos trabajando todo un paquete tecnol\u00f3gico conjuntamente con los gremios cafetero, cacaotero, ganadero, panelero, y en general cada uno de los sectores que le apuntan al desarrollo del departamento\u201d.<\/p>\n\n\n\n<p>Finalmente, el secretario de agricultura y miner\u00eda del Huila, resalt\u00f3 el trabajo que se viene adelantando en torno a la construcci\u00f3n concertada del Plan de Desarrollo Departamental, donde el componente de producci\u00f3n sostenible es clave.<\/p>\n\n\n\n<p>\u201cEste momento es muy importante, la construcci\u00f3n del Plan de Desarrollo Departamental en donde vamos a dejar focalizadas las acciones que hemos llamado \u201cproducci\u00f3n agropecuaria clim\u00e1ticamente inteligente\u201d, es decir apuntarle a que nuestros productores se preparen para enfrentar y adaptarse a este cambio clim\u00e1tico que es una realidad y que entre todos podemos combatir previniendo, y sobre todo adelantando acciones estrat\u00e9gicas sucesivas de la mano de los gremios de la producci\u00f3n, con la institucionalidad p\u00fablica y privada y desde luego con nuestros agricultores\u201d.<\/p>\n\n\n\n<p><strong>Acciones frente al fen\u00f3meno de \u201cEl Ni\u00f1o\u201d<\/strong><\/p>\n\n\n\n<p>Durante este debate de control pol\u00edtico sobre el plan de acci\u00f3n frente al fen\u00f3meno de \u201cEl Ni\u00f1o\u201d el titular de la cartera agropecuaria present\u00f3 un balance de las acciones que se han adelantado desde la gobernaci\u00f3n de la mano de los gremios para responder a esta situaci\u00f3n de menos lluvias entre las que se encuentran:<\/p>\n\n\n\n<p>Rehabilitaci\u00f3n de distritos de riego de peque\u00f1a y mediana escala, implementaci\u00f3n de sistemas de almacenamiento para un mejor aprovechamiento del recurso h\u00eddrico, y producci\u00f3n de forraje verde para alimentaci\u00f3n de ganado a partir de cultivos de ma\u00edz, son entre otras las acciones emprendidas por la Gobernaci\u00f3n del Huila para mitigar las afectaciones del fen\u00f3meno de \u201cEl Ni\u00f1o\u201d.<\/p>\n\n\n\n<p>Teniendo en cuenta que el subsector de ganader\u00eda es uno de los m\u00e1s afectados por la reducci\u00f3n de lluvias y altas temperaturas derivadas del fen\u00f3meno clim\u00e1tico,&nbsp; que reducen la oferta de pasturas para alimentaci\u00f3n de los animales, la Gobernaci\u00f3n del Huila financi\u00f3 un proyecto denominado \u201cMEJORAMIENTO DE LA PRODUCCION FORRAJERA EN SISTEMAS GANADEROS DE PEQUE\u00d1OS Y MEDIANOS PRODUCTORES DEL DEPARTAMENTO DEL HUILA\u201d, destinado a la producci\u00f3n de 3.600 toneladas de forraje verde a partir del establecimiento de 6 hect\u00e1reas de ma\u00edz, por cada una de las 20 asociaciones favorecidas con el proyecto en igual n\u00famero de municipios.<\/p>\n\n\n\n<p>Entre las actividades del proyecto se incluyen la adecuaci\u00f3n y preparaci\u00f3n del terreno para la siembra de forraje, suministro de insumos agr\u00edcolas, desarrollo de labores culturales en los cultivos de ma\u00edz, suministro de maquinaria verde, supervisi\u00f3n y seguimiento.<\/p>\n\n\n\n<p>Adicionalmente, la secretaria de Agricultura y Miner\u00eda, para garantizar el apoyo t\u00e9cnico profesional, ha dispuesto dos profesionales m\u00e9dicos veterinarios para el acompa\u00f1amiento t\u00e9cnico y contribuir al desarrollo y ejecuci\u00f3n adecuada del proyecto, con el fin de disponer de bancos de forrajes a los ganaderos del departamento.&nbsp;<\/p>\n\n\n\n<p>Otra de las acciones lideradas desde la Gobernaci\u00f3n del Huila para hacerle frente a los fen\u00f3menos de variabilidad clim\u00e1tica, son los trabajos de rehabilitaci\u00f3n a 20 de los 89 distritos de riego de peque\u00f1a y mediana escala ubicados en 24 municipios, con el prop\u00f3sito de suplir las necesidades h\u00eddricas de los cultivos, mejorando las condiciones productivas.<\/p>\n\n\n\n<p>As\u00ed mismo existen 5 distritos de Riego que cuentan con estudios y dise\u00f1os ajustados a los requerimientos de la Unidad de Planificaci\u00f3n Rural Agropecuaria UPRA del Ministerio de Agricultura y Desarrollo Rural, que se encuentran en la Secretar\u00eda de Agricultura y Miner\u00eda, con una inversi\u00f3n cercana a los $1.500 millones en estudios, y m\u00e1s de 67.000 millones en obras proyectadas.<\/p>\n\n\n\n<p>Por otro lado, en materia de apoyo financiero, la secretaria de Agricultura y Miner\u00eda liderando acercamientos con el Banco Agrario de Colombia con el prop\u00f3sito de concretar un convenio de apoyo y cooperaci\u00f3n, direccionado a brindar alivios financieros a los productores que cuentan con cr\u00e9ditos agropecuarios para sus actividades productivas, que se han visto afectados por los fen\u00f3menos de variabilidad clim\u00e1tica que ponen en riesgo sus inversiones.<\/p>\n\n\n\n<p>En ese mismo sentido se viene trabajando de manera articulada con los gremios del sector agropecuario, para la construcci\u00f3n de los informes y reportes de afectaciones y de esta manera direccionar los esfuerzos para cada uno de los subsectores.&nbsp; La informaci\u00f3n consolidada es cargada a trav\u00e9s de la plataforma dispuesta para este fin, y posteriormente reportada ante la Unidad Departamental y Nacional de Gesti\u00f3n del Riesgo, con su respectivo presupuesto para que sean incluidas en el Plan de Atenci\u00f3n Estrat\u00e9gico.<\/p>\n\n\n\n<p>Sumado a estas acciones, para hacerle frente al impacto del fen\u00f3meno de \u201cEl Ni\u00f1o\u201d durante la vigencia 2023 se adelant\u00f3 el proceso de construcci\u00f3n de 167 tanques tipo zamorano, para suplir la necesidad de agua mediante sistemas de riego los cultivos de c\u00edtricos y cacao en el municipio del Pital, con una inversi\u00f3n por encima de los 271 millones, beneficiando a 167 productores.<\/p>\n\n\n\n<p>Este esfuerzo direccionado a hacer un buena aprovechamiento del recurso h\u00eddrico se suma al convenio interadministrativo 1599 de 2022 por m\u00e1s de $840 millones, celebrado entre la Secretar\u00eda de Agricultura y Miner\u00eda del Huila, y la Corporaci\u00f3n Centro Provincial de Gesti\u00f3n Agroempresarial del Centro Oriente del Huila Ecosistema La Siberia, que tiene por objeto articular esfuerzos institucionales y t\u00e9cnicos para la implementaci\u00f3n de acciones de optimizaci\u00f3n del recursos h\u00eddrico y orientaci\u00f3n a proyectos productivos ambientalmente sostenibles en el departamento.<\/p>\n\n\n\n<p>Gracias a este convenio, adem\u00e1s de brindar apoyo a productores de lim\u00f3n del departamento con equipos y herramientas, tambi\u00e9n permiti\u00f3 fortalecer los sistemas de riego en peque\u00f1os productores para el aprovechamiento m\u00e1ximo del recurso h\u00eddrico en La Ulloa, Municipio de Rivera, donde fueron beneficiadas 146 familias con la entrega de igual n\u00famero de tanques pl\u00e1sticos con una capacidad de 5 metros c\u00fabicos cada uno, y sus accesorios, con una inversi\u00f3n por el orden de los $479,610,000.00.<\/p>\n","protected":false},"excerpt":{"rendered":"<p>El secretario de Agricultura y Miner\u00eda del Huila, Ingeniero Carlos Alberto Cuellar Medida, present\u00f3 un detallado informe ante la Asamblea Departamental, sobre las acciones emprendidas desde la Gobernaci\u00f3n del Huila en articulaci\u00f3n con los gremios para mitigar los efectos del Fen\u00f3meno de El Ni\u00f1o. Durante su exposici\u00f3n en la Duma Departamental, el profesional le dedic\u00f3 [&hellip;]<\/p>\n","protected":false},"author":2,"featured_media":0,"comment_status":"open","ping_status":"open","sticky":false,"template":"","format":"standard","meta":{"footnotes":""},"categories":[36,33],"tags":[],"class_list":["post-69185","post","type-post","status-publish","format-standard","hentry","category-destacado","category-huila"],"yoast_head":"<!-- This site is optimized with the Yoast SEO plugin v26.6 - https:\/\/yoast.com\/wordpress\/plugins\/seo\/ -->\n<title>Sector agropecuario del Huila debe apuntarle a la producci\u00f3n clim\u00e1ticamente inteligente -<\/title>\n<meta name=\"robots\" content=\"index, follow, max-snippet:-1, max-image-preview:large, max-video-preview:-1\" \/>\n<link rel=\"canonical\" href=\"https:\/\/luchonoticias.com\/editor\/sector-agropecuario-del-huila-debe-apuntarle-a-la-produccion-climaticamente-inteligente\/\" \/>\n<meta property=\"og:locale\" content=\"es_ES\" \/>\n<meta property=\"og:type\" content=\"article\" \/>\n<meta property=\"og:title\" content=\"Sector agropecuario del Huila debe apuntarle a la producci\u00f3n clim\u00e1ticamente inteligente -\" \/>\n<meta property=\"og:url\" content=\"https:\/\/luchonoticias.com\/editor\/sector-agropecuario-del-huila-debe-apuntarle-a-la-produccion-climaticamente-inteligente\/\" \/>\n<meta property=\"article:publisher\" content=\"https:\/\/www.facebook.com\/luchonoticiasneiva\" \/>\n<meta property=\"article:published_time\" content=\"2024-02-21T13:52:02+00:00\" \/>\n<meta property=\"article:modified_time\" content=\"2024-02-21T13:52:04+00:00\" \/>\n<meta name=\"author\" content=\"Editor General\" \/>\n<meta name=\"twitter:card\" content=\"summary_large_image\" \/>\n<meta name=\"twitter:label1\" content=\"Escrito por\" \/>\n\t<meta name=\"twitter:data1\" content=\"Editor General\" \/>\n\t<meta name=\"twitter:label2\" content=\"Tiempo de lectura\" \/>\n\t<meta name=\"twitter:data2\" content=\"7 minutos\" \/>\n<script type=\"application\/ld+json\" class=\"yoast-schema-graph\">{\"@context\":\"https:\/\/schema.org\",\"@graph\":[{\"@type\":\"Article\",\"@id\":\"https:\/\/luchonoticias.com\/editor\/sector-agropecuario-del-huila-debe-apuntarle-a-la-produccion-climaticamente-inteligente\/#article\",\"isPartOf\":{\"@id\":\"https:\/\/luchonoticias.com\/editor\/sector-agropecuario-del-huila-debe-apuntarle-a-la-produccion-climaticamente-inteligente\/\"},\"author\":{\"name\":\"Editor General\",\"@id\":\"https:\/\/luchonoticias.com\/editor\/#\/schema\/person\/29217990ddf6f14e35912b2866d591fb\"},\"headline\":\"Sector agropecuario del Huila debe apuntarle a la producci\u00f3n clim\u00e1ticamente inteligente\",\"datePublished\":\"2024-02-21T13:52:02+00:00\",\"dateModified\":\"2024-02-21T13:52:04+00:00\",\"mainEntityOfPage\":{\"@id\":\"https:\/\/luchonoticias.com\/editor\/sector-agropecuario-del-huila-debe-apuntarle-a-la-produccion-climaticamente-inteligente\/\"},\"wordCount\":1315,\"commentCount\":0,\"publisher\":{\"@id\":\"https:\/\/luchonoticias.com\/editor\/#\/schema\/person\/7a7fd911f58561fd056dbac7b55af9cd\"},\"articleSection\":[\"Destacado\",\"Huila\"],\"inLanguage\":\"es\",\"potentialAction\":[{\"@type\":\"CommentAction\",\"name\":\"Comment\",\"target\":[\"https:\/\/luchonoticias.com\/editor\/sector-agropecuario-del-huila-debe-apuntarle-a-la-produccion-climaticamente-inteligente\/#respond\"]}]},{\"@type\":\"WebPage\",\"@id\":\"https:\/\/luchonoticias.com\/editor\/sector-agropecuario-del-huila-debe-apuntarle-a-la-produccion-climaticamente-inteligente\/\",\"url\":\"https:\/\/luchonoticias.com\/editor\/sector-agropecuario-del-huila-debe-apuntarle-a-la-produccion-climaticamente-inteligente\/\",\"name\":\"Sector agropecuario del Huila debe apuntarle a la producci\u00f3n clim\u00e1ticamente inteligente -\",\"isPartOf\":{\"@id\":\"https:\/\/luchonoticias.com\/editor\/#website\"},\"datePublished\":\"2024-02-21T13:52:02+00:00\",\"dateModified\":\"2024-02-21T13:52:04+00:00\",\"breadcrumb\":{\"@id\":\"https:\/\/luchonoticias.com\/editor\/sector-agropecuario-del-huila-debe-apuntarle-a-la-produccion-climaticamente-inteligente\/#breadcrumb\"},\"inLanguage\":\"es\",\"potentialAction\":[{\"@type\":\"ReadAction\",\"target\":[\"https:\/\/luchonoticias.com\/editor\/sector-agropecuario-del-huila-debe-apuntarle-a-la-produccion-climaticamente-inteligente\/\"]}]},{\"@type\":\"BreadcrumbList\",\"@id\":\"https:\/\/luchonoticias.com\/editor\/sector-agropecuario-del-huila-debe-apuntarle-a-la-produccion-climaticamente-inteligente\/#breadcrumb\",\"itemListElement\":[{\"@type\":\"ListItem\",\"position\":1,\"name\":\"Portada\",\"item\":\"https:\/\/luchonoticias.com\/editor\/\"},{\"@type\":\"ListItem\",\"position\":2,\"name\":\"Sector agropecuario del Huila debe apuntarle a la producci\u00f3n clim\u00e1ticamente inteligente\"}]},{\"@type\":\"WebSite\",\"@id\":\"https:\/\/luchonoticias.com\/editor\/#website\",\"url\":\"https:\/\/luchonoticias.com\/editor\/\",\"name\":\"\",\"description\":\"\",\"publisher\":{\"@id\":\"https:\/\/luchonoticias.com\/editor\/#\/schema\/person\/7a7fd911f58561fd056dbac7b55af9cd\"},\"potentialAction\":[{\"@type\":\"SearchAction\",\"target\":{\"@type\":\"EntryPoint\",\"urlTemplate\":\"https:\/\/luchonoticias.com\/editor\/?s={search_term_string}\"},\"query-input\":{\"@type\":\"PropertyValueSpecification\",\"valueRequired\":true,\"valueName\":\"search_term_string\"}}],\"inLanguage\":\"es\"},{\"@type\":[\"Person\",\"Organization\"],\"@id\":\"https:\/\/luchonoticias.com\/editor\/#\/schema\/person\/7a7fd911f58561fd056dbac7b55af9cd\",\"name\":\"admin\",\"image\":{\"@type\":\"ImageObject\",\"inLanguage\":\"es\",\"@id\":\"https:\/\/luchonoticias.com\/editor\/#\/schema\/person\/image\/\",\"url\":\"https:\/\/luchonoticias.com\/editor\/wp-content\/uploads\/2024\/02\/cropped-cropped-logolu.webp\",\"contentUrl\":\"https:\/\/luchonoticias.com\/editor\/wp-content\/uploads\/2024\/02\/cropped-cropped-logolu.webp\",\"width\":382,\"height\":170,\"caption\":\"admin\"},\"logo\":{\"@id\":\"https:\/\/luchonoticias.com\/editor\/#\/schema\/person\/image\/\"},\"sameAs\":[\"https:\/\/www.facebook.com\/luchonoticiasneiva\"]},{\"@type\":\"Person\",\"@id\":\"https:\/\/luchonoticias.com\/editor\/#\/schema\/person\/29217990ddf6f14e35912b2866d591fb\",\"name\":\"Editor General\",\"image\":{\"@type\":\"ImageObject\",\"inLanguage\":\"es\",\"@id\":\"https:\/\/luchonoticias.com\/editor\/#\/schema\/person\/image\/\",\"url\":\"https:\/\/luchonoticias.com\/editor\/wp-content\/uploads\/2024\/02\/cropped-cropped-logolu-150x150.webp\",\"contentUrl\":\"https:\/\/luchonoticias.com\/editor\/wp-content\/uploads\/2024\/02\/cropped-cropped-logolu-150x150.webp\",\"caption\":\"Editor General\"},\"sameAs\":[\"https:\/\/luchonoticias.com\/\"],\"url\":\"https:\/\/luchonoticias.com\/editor\/author\/editor-general\/\"}]}<\/script>\n<!-- \/ Yoast SEO plugin. -->","yoast_head_json":{"title":"Sector agropecuario del Huila debe apuntarle a la producci\u00f3n clim\u00e1ticamente inteligente -","robots":{"index":"index","follow":"follow","max-snippet":"max-snippet:-1","max-image-preview":"max-image-preview:large","max-video-preview":"max-video-preview:-1"},"canonical":"https:\/\/luchonoticias.com\/editor\/sector-agropecuario-del-huila-debe-apuntarle-a-la-produccion-climaticamente-inteligente\/","og_locale":"es_ES","og_type":"article","og_title":"Sector agropecuario del Huila debe apuntarle a la producci\u00f3n clim\u00e1ticamente inteligente -","og_url":"https:\/\/luchonoticias.com\/editor\/sector-agropecuario-del-huila-debe-apuntarle-a-la-produccion-climaticamente-inteligente\/","article_publisher":"https:\/\/www.facebook.com\/luchonoticiasneiva","article_published_time":"2024-02-21T13:52:02+00:00","article_modified_time":"2024-02-21T13:52:04+00:00","author":"Editor General","twitter_card":"summary_large_image","twitter_misc":{"Escrito por":"Editor General","Tiempo de lectura":"7 minutos"},"schema":{"@context":"https:\/\/schema.org","@graph":[{"@type":"Article","@id":"https:\/\/luchonoticias.com\/editor\/sector-agropecuario-del-huila-debe-apuntarle-a-la-produccion-climaticamente-inteligente\/#article","isPartOf":{"@id":"https:\/\/luchonoticias.com\/editor\/sector-agropecuario-del-huila-debe-apuntarle-a-la-produccion-climaticamente-inteligente\/"},"author":{"name":"Editor General","@id":"https:\/\/luchonoticias.com\/editor\/#\/schema\/person\/29217990ddf6f14e35912b2866d591fb"},"headline":"Sector agropecuario del Huila debe apuntarle a la producci\u00f3n clim\u00e1ticamente inteligente","datePublished":"2024-02-21T13:52:02+00:00","dateModified":"2024-02-21T13:52:04+00:00","mainEntityOfPage":{"@id":"https:\/\/luchonoticias.com\/editor\/sector-agropecuario-del-huila-debe-apuntarle-a-la-produccion-climaticamente-inteligente\/"},"wordCount":1315,"commentCount":0,"publisher":{"@id":"https:\/\/luchonoticias.com\/editor\/#\/schema\/person\/7a7fd911f58561fd056dbac7b55af9cd"},"articleSection":["Destacado","Huila"],"inLanguage":"es","potentialAction":[{"@type":"CommentAction","name":"Comment","target":["https:\/\/luchonoticias.com\/editor\/sector-agropecuario-del-huila-debe-apuntarle-a-la-produccion-climaticamente-inteligente\/#respond"]}]},{"@type":"WebPage","@id":"https:\/\/luchonoticias.com\/editor\/sector-agropecuario-del-huila-debe-apuntarle-a-la-produccion-climaticamente-inteligente\/","url":"https:\/\/luchonoticias.com\/editor\/sector-agropecuario-del-huila-debe-apuntarle-a-la-produccion-climaticamente-inteligente\/","name":"Sector agropecuario del Huila debe apuntarle a la producci\u00f3n clim\u00e1ticamente inteligente -","isPartOf":{"@id":"https:\/\/luchonoticias.com\/editor\/#website"},"datePublished":"2024-02-21T13:52:02+00:00","dateModified":"2024-02-21T13:52:04+00:00","breadcrumb":{"@id":"https:\/\/luchonoticias.com\/editor\/sector-agropecuario-del-huila-debe-apuntarle-a-la-produccion-climaticamente-inteligente\/#breadcrumb"},"inLanguage":"es","potentialAction":[{"@type":"ReadAction","target":["https:\/\/luchonoticias.com\/editor\/sector-agropecuario-del-huila-debe-apuntarle-a-la-produccion-climaticamente-inteligente\/"]}]},{"@type":"BreadcrumbList","@id":"https:\/\/luchonoticias.com\/editor\/sector-agropecuario-del-huila-debe-apuntarle-a-la-produccion-climaticamente-inteligente\/#breadcrumb","itemListElement":[{"@type":"ListItem","position":1,"name":"Portada","item":"https:\/\/luchonoticias.com\/editor\/"},{"@type":"ListItem","position":2,"name":"Sector agropecuario del Huila debe apuntarle a la producci\u00f3n clim\u00e1ticamente inteligente"}]},{"@type":"WebSite","@id":"https:\/\/luchonoticias.com\/editor\/#website","url":"https:\/\/luchonoticias.com\/editor\/","name":"","description":"","publisher":{"@id":"https:\/\/luchonoticias.com\/editor\/#\/schema\/person\/7a7fd911f58561fd056dbac7b55af9cd"},"potentialAction":[{"@type":"SearchAction","target":{"@type":"EntryPoint","urlTemplate":"https:\/\/luchonoticias.com\/editor\/?s={search_term_string}"},"query-input":{"@type":"PropertyValueSpecification","valueRequired":true,"valueName":"search_term_string"}}],"inLanguage":"es"},{"@type":["Person","Organization"],"@id":"https:\/\/luchonoticias.com\/editor\/#\/schema\/person\/7a7fd911f58561fd056dbac7b55af9cd","name":"admin","image":{"@type":"ImageObject","inLanguage":"es","@id":"https:\/\/luchonoticias.com\/editor\/#\/schema\/person\/image\/","url":"https:\/\/luchonoticias.com\/editor\/wp-content\/uploads\/2024\/02\/cropped-cropped-logolu.webp","contentUrl":"https:\/\/luchonoticias.com\/editor\/wp-content\/uploads\/2024\/02\/cropped-cropped-logolu.webp","width":382,"height":170,"caption":"admin"},"logo":{"@id":"https:\/\/luchonoticias.com\/editor\/#\/schema\/person\/image\/"},"sameAs":["https:\/\/www.facebook.com\/luchonoticiasneiva"]},{"@type":"Person","@id":"https:\/\/luchonoticias.com\/editor\/#\/schema\/person\/29217990ddf6f14e35912b2866d591fb","name":"Editor General","image":{"@type":"ImageObject","inLanguage":"es","@id":"https:\/\/luchonoticias.com\/editor\/#\/schema\/person\/image\/","url":"https:\/\/luchonoticias.com\/editor\/wp-content\/uploads\/2024\/02\/cropped-cropped-logolu-150x150.webp","contentUrl":"https:\/\/luchonoticias.com\/editor\/wp-content\/uploads\/2024\/02\/cropped-cropped-logolu-150x150.webp","caption":"Editor General"},"sameAs":["https:\/\/luchonoticias.com\/"],"url":"https:\/\/luchonoticias.com\/editor\/author\/editor-general\/"}]}},"_links":{"self":[{"href":"https:\/\/luchonoticias.com\/editor\/wp-json\/wp\/v2\/posts\/69185","targetHints":{"allow":["GET"]}}],"collection":[{"href":"https:\/\/luchonoticias.com\/editor\/wp-json\/wp\/v2\/posts"}],"about":[{"href":"https:\/\/luchonoticias.com\/editor\/wp-json\/wp\/v2\/types\/post"}],"author":[{"embeddable":true,"href":"https:\/\/luchonoticias.com\/editor\/wp-json\/wp\/v2\/users\/2"}],"replies":[{"embeddable":true,"href":"https:\/\/luchonoticias.com\/editor\/wp-json\/wp\/v2\/comments?post=69185"}],"version-history":[{"count":0,"href":"https:\/\/luchonoticias.com\/editor\/wp-json\/wp\/v2\/posts\/69185\/revisions"}],"wp:attachment":[{"href":"https:\/\/luchonoticias.com\/editor\/wp-json\/wp\/v2\/media?parent=69185"}],"wp:term":[{"taxonomy":"category","embeddable":true,"href":"https:\/\/luchonoticias.com\/editor\/wp-json\/wp\/v2\/categories?post=69185"},{"taxonomy":"post_tag","embeddable":true,"href":"https:\/\/luchonoticias.com\/editor\/wp-json\/wp\/v2\/tags?post=69185"}],"curies":[{"name":"wp","href":"https:\/\/api.w.org\/{rel}","templated":true}]}}