{"id":69206,"date":"2024-02-21T09:20:08","date_gmt":"2024-02-21T14:20:08","guid":{"rendered":"https:\/\/luchonoticias.com\/?p=69206"},"modified":"2024-02-21T09:20:10","modified_gmt":"2024-02-21T14:20:10","slug":"en-caqueta-caen-presuntos-responsables-de-haber-quemado-bus-de-coomotor-en-altamira-huila","status":"publish","type":"post","link":"https:\/\/luchonoticias.com\/editor\/en-caqueta-caen-presuntos-responsables-de-haber-quemado-bus-de-coomotor-en-altamira-huila\/","title":{"rendered":"En Caquet\u00e1 caen presuntos responsables de haber quemado bus de Coomotor en Altamira, Huila"},"content":{"rendered":"\n<p>Por Julio D\u00edaz S\u00e1nchez<\/p>\n\n\n\n<p>Redacci\u00f3n Judicial<\/p>\n\n\n\n<p>Luego de varios meses de investigaci\u00f3n, el Gaula Militar con el apoyo de la Dij\u00edn y el CTI de la Fiscal\u00eda, capturaron en zona rural de Florencia, Caquet\u00e1 a alias \u201cJhon Tiempos\u201d por los delitos de terrorismo, extorsi\u00f3n, homicidio, entre otros.<\/p>\n\n\n\n<p>En el mismo operativo militar, tambi\u00e9n fue detenido Fray Yamith Gonz\u00e1lez Castellanos alias \u201cNicol\u00e1s\u201d, a quien le incautaron dos fusiles, una pistola, 11 proveedores, 601 cartuchos de diferentes calibres, un radio de comunicaci\u00f3n, tres celulares, cuatro bater\u00edas para minas anti personas, 300 panfletos citatorios de extorsiones y material de intendencia.<\/p>\n\n\n\n<p>El proceso investigativo permiti\u00f3 esclarecer los siguientes hechos delictivos atribuidos a estas dos personas quienes ser\u00edan los presuntos autores del triple homicidio en la Vereda Villa Hermosa de Florencia y el cinco de diciembre de 2023, incineraron un bus de la empresa Coomotor en la v\u00eda Altamira \u2013 Timan\u00e1.<\/p>\n\n\n\n<p>De acuerdo con las investigaciones, alias \u201cJhon Tiempos\u201d hab\u00eda sido designado por jefes de la Segunda Marquetalia para la adquisici\u00f3n y uso de DRONES, modificarlos para la ejecuci\u00f3n de acciones terroristas y ataques contra el grupo residual que lidera Rodrigo Cadete y contra la fuerza p\u00fablica.<\/p>\n","protected":false},"excerpt":{"rendered":"<p>Por Julio D\u00edaz S\u00e1nchez Redacci\u00f3n Judicial Luego de varios meses de investigaci\u00f3n, el Gaula Militar con el apoyo de la Dij\u00edn y el CTI de la Fiscal\u00eda, capturaron en zona rural de Florencia, Caquet\u00e1 a alias \u201cJhon Tiempos\u201d por los delitos de terrorismo, extorsi\u00f3n, homicidio, entre otros. En el mismo operativo militar, tambi\u00e9n fue detenido [&hellip;]<\/p>\n","protected":false},"author":2,"featured_media":0,"comment_status":"open","ping_status":"open","sticky":false,"template":"","format":"standard","meta":{"footnotes":""},"categories":[36,29],"tags":[],"class_list":["post-69206","post","type-post","status-publish","format-standard","hentry","category-destacado","category-judicial"],"yoast_head":"<!-- This site is optimized with the Yoast SEO plugin v26.6 - https:\/\/yoast.com\/wordpress\/plugins\/seo\/ -->\n<title>En Caquet\u00e1 caen presuntos responsables de haber quemado bus de Coomotor en Altamira, Huila -<\/title>\n<meta name=\"robots\" content=\"index, follow, max-snippet:-1, max-image-preview:large, max-video-preview:-1\" \/>\n<link rel=\"canonical\" href=\"https:\/\/luchonoticias.com\/editor\/en-caqueta-caen-presuntos-responsables-de-haber-quemado-bus-de-coomotor-en-altamira-huila\/\" \/>\n<meta property=\"og:locale\" content=\"es_ES\" \/>\n<meta property=\"og:type\" content=\"article\" \/>\n<meta property=\"og:title\" content=\"En Caquet\u00e1 caen presuntos responsables de haber quemado bus de Coomotor en Altamira, Huila -\" \/>\n<meta property=\"og:url\" content=\"https:\/\/luchonoticias.com\/editor\/en-caqueta-caen-presuntos-responsables-de-haber-quemado-bus-de-coomotor-en-altamira-huila\/\" \/>\n<meta property=\"article:publisher\" content=\"https:\/\/www.facebook.com\/luchonoticiasneiva\" \/>\n<meta property=\"article:published_time\" content=\"2024-02-21T14:20:08+00:00\" \/>\n<meta property=\"article:modified_time\" content=\"2024-02-21T14:20:10+00:00\" \/>\n<meta name=\"author\" content=\"Editor General\" \/>\n<meta name=\"twitter:card\" content=\"summary_large_image\" \/>\n<meta name=\"twitter:label1\" content=\"Escrito por\" \/>\n\t<meta name=\"twitter:data1\" content=\"Editor General\" \/>\n\t<meta name=\"twitter:label2\" content=\"Tiempo de lectura\" \/>\n\t<meta name=\"twitter:data2\" content=\"1 minuto\" \/>\n<script type=\"application\/ld+json\" class=\"yoast-schema-graph\">{\"@context\":\"https:\/\/schema.org\",\"@graph\":[{\"@type\":\"Article\",\"@id\":\"https:\/\/luchonoticias.com\/editor\/en-caqueta-caen-presuntos-responsables-de-haber-quemado-bus-de-coomotor-en-altamira-huila\/#article\",\"isPartOf\":{\"@id\":\"https:\/\/luchonoticias.com\/editor\/en-caqueta-caen-presuntos-responsables-de-haber-quemado-bus-de-coomotor-en-altamira-huila\/\"},\"author\":{\"name\":\"Editor General\",\"@id\":\"https:\/\/luchonoticias.com\/editor\/#\/schema\/person\/29217990ddf6f14e35912b2866d591fb\"},\"headline\":\"En Caquet\u00e1 caen presuntos responsables de haber quemado bus de Coomotor en Altamira, Huila\",\"datePublished\":\"2024-02-21T14:20:08+00:00\",\"dateModified\":\"2024-02-21T14:20:10+00:00\",\"mainEntityOfPage\":{\"@id\":\"https:\/\/luchonoticias.com\/editor\/en-caqueta-caen-presuntos-responsables-de-haber-quemado-bus-de-coomotor-en-altamira-huila\/\"},\"wordCount\":219,\"commentCount\":0,\"publisher\":{\"@id\":\"https:\/\/luchonoticias.com\/editor\/#\/schema\/person\/7a7fd911f58561fd056dbac7b55af9cd\"},\"articleSection\":[\"Destacado\",\"Judicial\"],\"inLanguage\":\"es\",\"potentialAction\":[{\"@type\":\"CommentAction\",\"name\":\"Comment\",\"target\":[\"https:\/\/luchonoticias.com\/editor\/en-caqueta-caen-presuntos-responsables-de-haber-quemado-bus-de-coomotor-en-altamira-huila\/#respond\"]}]},{\"@type\":\"WebPage\",\"@id\":\"https:\/\/luchonoticias.com\/editor\/en-caqueta-caen-presuntos-responsables-de-haber-quemado-bus-de-coomotor-en-altamira-huila\/\",\"url\":\"https:\/\/luchonoticias.com\/editor\/en-caqueta-caen-presuntos-responsables-de-haber-quemado-bus-de-coomotor-en-altamira-huila\/\",\"name\":\"En Caquet\u00e1 caen presuntos responsables de haber quemado bus de Coomotor en Altamira, Huila -\",\"isPartOf\":{\"@id\":\"https:\/\/luchonoticias.com\/editor\/#website\"},\"datePublished\":\"2024-02-21T14:20:08+00:00\",\"dateModified\":\"2024-02-21T14:20:10+00:00\",\"breadcrumb\":{\"@id\":\"https:\/\/luchonoticias.com\/editor\/en-caqueta-caen-presuntos-responsables-de-haber-quemado-bus-de-coomotor-en-altamira-huila\/#breadcrumb\"},\"inLanguage\":\"es\",\"potentialAction\":[{\"@type\":\"ReadAction\",\"target\":[\"https:\/\/luchonoticias.com\/editor\/en-caqueta-caen-presuntos-responsables-de-haber-quemado-bus-de-coomotor-en-altamira-huila\/\"]}]},{\"@type\":\"BreadcrumbList\",\"@id\":\"https:\/\/luchonoticias.com\/editor\/en-caqueta-caen-presuntos-responsables-de-haber-quemado-bus-de-coomotor-en-altamira-huila\/#breadcrumb\",\"itemListElement\":[{\"@type\":\"ListItem\",\"position\":1,\"name\":\"Portada\",\"item\":\"https:\/\/luchonoticias.com\/editor\/\"},{\"@type\":\"ListItem\",\"position\":2,\"name\":\"En Caquet\u00e1 caen presuntos responsables de haber quemado bus de Coomotor en Altamira, Huila\"}]},{\"@type\":\"WebSite\",\"@id\":\"https:\/\/luchonoticias.com\/editor\/#website\",\"url\":\"https:\/\/luchonoticias.com\/editor\/\",\"name\":\"\",\"description\":\"\",\"publisher\":{\"@id\":\"https:\/\/luchonoticias.com\/editor\/#\/schema\/person\/7a7fd911f58561fd056dbac7b55af9cd\"},\"potentialAction\":[{\"@type\":\"SearchAction\",\"target\":{\"@type\":\"EntryPoint\",\"urlTemplate\":\"https:\/\/luchonoticias.com\/editor\/?s={search_term_string}\"},\"query-input\":{\"@type\":\"PropertyValueSpecification\",\"valueRequired\":true,\"valueName\":\"search_term_string\"}}],\"inLanguage\":\"es\"},{\"@type\":[\"Person\",\"Organization\"],\"@id\":\"https:\/\/luchonoticias.com\/editor\/#\/schema\/person\/7a7fd911f58561fd056dbac7b55af9cd\",\"name\":\"admin\",\"image\":{\"@type\":\"ImageObject\",\"inLanguage\":\"es\",\"@id\":\"https:\/\/luchonoticias.com\/editor\/#\/schema\/person\/image\/\",\"url\":\"https:\/\/luchonoticias.com\/editor\/wp-content\/uploads\/2024\/02\/cropped-cropped-logolu.webp\",\"contentUrl\":\"https:\/\/luchonoticias.com\/editor\/wp-content\/uploads\/2024\/02\/cropped-cropped-logolu.webp\",\"width\":382,\"height\":170,\"caption\":\"admin\"},\"logo\":{\"@id\":\"https:\/\/luchonoticias.com\/editor\/#\/schema\/person\/image\/\"},\"sameAs\":[\"https:\/\/www.facebook.com\/luchonoticiasneiva\"]},{\"@type\":\"Person\",\"@id\":\"https:\/\/luchonoticias.com\/editor\/#\/schema\/person\/29217990ddf6f14e35912b2866d591fb\",\"name\":\"Editor General\",\"image\":{\"@type\":\"ImageObject\",\"inLanguage\":\"es\",\"@id\":\"https:\/\/luchonoticias.com\/editor\/#\/schema\/person\/image\/\",\"url\":\"https:\/\/luchonoticias.com\/editor\/wp-content\/uploads\/2024\/02\/cropped-cropped-logolu-150x150.webp\",\"contentUrl\":\"https:\/\/luchonoticias.com\/editor\/wp-content\/uploads\/2024\/02\/cropped-cropped-logolu-150x150.webp\",\"caption\":\"Editor General\"},\"sameAs\":[\"https:\/\/luchonoticias.com\/\"],\"url\":\"https:\/\/luchonoticias.com\/editor\/author\/editor-general\/\"}]}<\/script>\n<!-- \/ Yoast SEO plugin. -->","yoast_head_json":{"title":"En Caquet\u00e1 caen presuntos responsables de haber quemado bus de Coomotor en Altamira, Huila -","robots":{"index":"index","follow":"follow","max-snippet":"max-snippet:-1","max-image-preview":"max-image-preview:large","max-video-preview":"max-video-preview:-1"},"canonical":"https:\/\/luchonoticias.com\/editor\/en-caqueta-caen-presuntos-responsables-de-haber-quemado-bus-de-coomotor-en-altamira-huila\/","og_locale":"es_ES","og_type":"article","og_title":"En Caquet\u00e1 caen presuntos responsables de haber quemado bus de Coomotor en Altamira, Huila -","og_url":"https:\/\/luchonoticias.com\/editor\/en-caqueta-caen-presuntos-responsables-de-haber-quemado-bus-de-coomotor-en-altamira-huila\/","article_publisher":"https:\/\/www.facebook.com\/luchonoticiasneiva","article_published_time":"2024-02-21T14:20:08+00:00","article_modified_time":"2024-02-21T14:20:10+00:00","author":"Editor General","twitter_card":"summary_large_image","twitter_misc":{"Escrito por":"Editor General","Tiempo de lectura":"1 minuto"},"schema":{"@context":"https:\/\/schema.org","@graph":[{"@type":"Article","@id":"https:\/\/luchonoticias.com\/editor\/en-caqueta-caen-presuntos-responsables-de-haber-quemado-bus-de-coomotor-en-altamira-huila\/#article","isPartOf":{"@id":"https:\/\/luchonoticias.com\/editor\/en-caqueta-caen-presuntos-responsables-de-haber-quemado-bus-de-coomotor-en-altamira-huila\/"},"author":{"name":"Editor General","@id":"https:\/\/luchonoticias.com\/editor\/#\/schema\/person\/29217990ddf6f14e35912b2866d591fb"},"headline":"En Caquet\u00e1 caen presuntos responsables de haber quemado bus de Coomotor en Altamira, Huila","datePublished":"2024-02-21T14:20:08+00:00","dateModified":"2024-02-21T14:20:10+00:00","mainEntityOfPage":{"@id":"https:\/\/luchonoticias.com\/editor\/en-caqueta-caen-presuntos-responsables-de-haber-quemado-bus-de-coomotor-en-altamira-huila\/"},"wordCount":219,"commentCount":0,"publisher":{"@id":"https:\/\/luchonoticias.com\/editor\/#\/schema\/person\/7a7fd911f58561fd056dbac7b55af9cd"},"articleSection":["Destacado","Judicial"],"inLanguage":"es","potentialAction":[{"@type":"CommentAction","name":"Comment","target":["https:\/\/luchonoticias.com\/editor\/en-caqueta-caen-presuntos-responsables-de-haber-quemado-bus-de-coomotor-en-altamira-huila\/#respond"]}]},{"@type":"WebPage","@id":"https:\/\/luchonoticias.com\/editor\/en-caqueta-caen-presuntos-responsables-de-haber-quemado-bus-de-coomotor-en-altamira-huila\/","url":"https:\/\/luchonoticias.com\/editor\/en-caqueta-caen-presuntos-responsables-de-haber-quemado-bus-de-coomotor-en-altamira-huila\/","name":"En Caquet\u00e1 caen presuntos responsables de haber quemado bus de Coomotor en Altamira, Huila -","isPartOf":{"@id":"https:\/\/luchonoticias.com\/editor\/#website"},"datePublished":"2024-02-21T14:20:08+00:00","dateModified":"2024-02-21T14:20:10+00:00","breadcrumb":{"@id":"https:\/\/luchonoticias.com\/editor\/en-caqueta-caen-presuntos-responsables-de-haber-quemado-bus-de-coomotor-en-altamira-huila\/#breadcrumb"},"inLanguage":"es","potentialAction":[{"@type":"ReadAction","target":["https:\/\/luchonoticias.com\/editor\/en-caqueta-caen-presuntos-responsables-de-haber-quemado-bus-de-coomotor-en-altamira-huila\/"]}]},{"@type":"BreadcrumbList","@id":"https:\/\/luchonoticias.com\/editor\/en-caqueta-caen-presuntos-responsables-de-haber-quemado-bus-de-coomotor-en-altamira-huila\/#breadcrumb","itemListElement":[{"@type":"ListItem","position":1,"name":"Portada","item":"https:\/\/luchonoticias.com\/editor\/"},{"@type":"ListItem","position":2,"name":"En Caquet\u00e1 caen presuntos responsables de haber quemado bus de Coomotor en Altamira, Huila"}]},{"@type":"WebSite","@id":"https:\/\/luchonoticias.com\/editor\/#website","url":"https:\/\/luchonoticias.com\/editor\/","name":"","description":"","publisher":{"@id":"https:\/\/luchonoticias.com\/editor\/#\/schema\/person\/7a7fd911f58561fd056dbac7b55af9cd"},"potentialAction":[{"@type":"SearchAction","target":{"@type":"EntryPoint","urlTemplate":"https:\/\/luchonoticias.com\/editor\/?s={search_term_string}"},"query-input":{"@type":"PropertyValueSpecification","valueRequired":true,"valueName":"search_term_string"}}],"inLanguage":"es"},{"@type":["Person","Organization"],"@id":"https:\/\/luchonoticias.com\/editor\/#\/schema\/person\/7a7fd911f58561fd056dbac7b55af9cd","name":"admin","image":{"@type":"ImageObject","inLanguage":"es","@id":"https:\/\/luchonoticias.com\/editor\/#\/schema\/person\/image\/","url":"https:\/\/luchonoticias.com\/editor\/wp-content\/uploads\/2024\/02\/cropped-cropped-logolu.webp","contentUrl":"https:\/\/luchonoticias.com\/editor\/wp-content\/uploads\/2024\/02\/cropped-cropped-logolu.webp","width":382,"height":170,"caption":"admin"},"logo":{"@id":"https:\/\/luchonoticias.com\/editor\/#\/schema\/person\/image\/"},"sameAs":["https:\/\/www.facebook.com\/luchonoticiasneiva"]},{"@type":"Person","@id":"https:\/\/luchonoticias.com\/editor\/#\/schema\/person\/29217990ddf6f14e35912b2866d591fb","name":"Editor General","image":{"@type":"ImageObject","inLanguage":"es","@id":"https:\/\/luchonoticias.com\/editor\/#\/schema\/person\/image\/","url":"https:\/\/luchonoticias.com\/editor\/wp-content\/uploads\/2024\/02\/cropped-cropped-logolu-150x150.webp","contentUrl":"https:\/\/luchonoticias.com\/editor\/wp-content\/uploads\/2024\/02\/cropped-cropped-logolu-150x150.webp","caption":"Editor General"},"sameAs":["https:\/\/luchonoticias.com\/"],"url":"https:\/\/luchonoticias.com\/editor\/author\/editor-general\/"}]}},"_links":{"self":[{"href":"https:\/\/luchonoticias.com\/editor\/wp-json\/wp\/v2\/posts\/69206","targetHints":{"allow":["GET"]}}],"collection":[{"href":"https:\/\/luchonoticias.com\/editor\/wp-json\/wp\/v2\/posts"}],"about":[{"href":"https:\/\/luchonoticias.com\/editor\/wp-json\/wp\/v2\/types\/post"}],"author":[{"embeddable":true,"href":"https:\/\/luchonoticias.com\/editor\/wp-json\/wp\/v2\/users\/2"}],"replies":[{"embeddable":true,"href":"https:\/\/luchonoticias.com\/editor\/wp-json\/wp\/v2\/comments?post=69206"}],"version-history":[{"count":0,"href":"https:\/\/luchonoticias.com\/editor\/wp-json\/wp\/v2\/posts\/69206\/revisions"}],"wp:attachment":[{"href":"https:\/\/luchonoticias.com\/editor\/wp-json\/wp\/v2\/media?parent=69206"}],"wp:term":[{"taxonomy":"category","embeddable":true,"href":"https:\/\/luchonoticias.com\/editor\/wp-json\/wp\/v2\/categories?post=69206"},{"taxonomy":"post_tag","embeddable":true,"href":"https:\/\/luchonoticias.com\/editor\/wp-json\/wp\/v2\/tags?post=69206"}],"curies":[{"name":"wp","href":"https:\/\/api.w.org\/{rel}","templated":true}]}}