{"id":69209,"date":"2024-02-21T09:21:50","date_gmt":"2024-02-21T14:21:50","guid":{"rendered":"https:\/\/luchonoticias.com\/?p=69209"},"modified":"2024-02-21T09:21:51","modified_gmt":"2024-02-21T14:21:51","slug":"policia-capturo-a-alias-chiquitin-armado-y-luego-de-un-presunto-atraco-en-pitalito","status":"publish","type":"post","link":"https:\/\/luchonoticias.com\/editor\/policia-capturo-a-alias-chiquitin-armado-y-luego-de-un-presunto-atraco-en-pitalito\/","title":{"rendered":"Polic\u00eda captur\u00f3 a alias &#8216;Chiquit\u00edn&#8217; armado y luego de un presunto atraco en Pitalito"},"content":{"rendered":"\n<p>Los planes de control y patrullajes constantes por zonas neur\u00e1lgicas en el Valle de Laboyos, dejaron como resultado importante la captura de un delincuente, el cual, minutos antes habr\u00eda cometido un atraco, intimidando la v\u00edctima con un arma de fuego.<\/p>\n\n\n\n<p>El delincuente gener\u00f3 sospecha en los uniformados, luego de observarlo pasar a alta velocidad en una Pulsar color negro, utilizando un tapabocas (modalidad de ocultamiento que vienen utilizando los delincuentes para tapar su rostro).<\/p>\n\n\n\n<p>Inmediatamente se activan las patrullas en servicio para la activaci\u00f3n del plan candado, logrando interceptarlo en el barrio Sim\u00f3n Bol\u00edvar, luego de que cayera de la moto al tratar de evadir el cierre que realizaban los cuadrantes.<\/p>\n\n\n\n<p>En el registro personal lograron identificar que se trataba de alias &#8216;Chiquit\u00edn&#8217; a quien, le hallaron un arma de fuego tipo rev\u00f3lver y dos celulares de gama media que hab\u00edan sido hurtados momentos antes.<\/p>\n\n\n\n<p>Este actor criminal recurrente con m\u00e1s de 8 anotaciones en el sistema SPOA, 6 de ellos por el delito de hurto calificado y agravado, utilizaci\u00f3n de menores en la comisi\u00f3n de delitos y receptaci\u00f3n, fue dejado a disposici\u00f3n de las autoridades competentes, para que responda por el delito de hurto y fabricaci\u00f3n, tr\u00e1fico y porte ilegal de armas de fuego.<\/p>\n\n\n\n<p>En estos momentos se llevan a cabo las audiencias preliminares, a la espera que se determine una medida de aseguramiento en centro carcelario, por su prontuario delictivo. Indic\u00f3 el coronel William Lara, comandante del Departamento de Polic\u00eda Huila.<\/p>\n","protected":false},"excerpt":{"rendered":"<p>Los planes de control y patrullajes constantes por zonas neur\u00e1lgicas en el Valle de Laboyos, dejaron como resultado importante la captura de un delincuente, el cual, minutos antes habr\u00eda cometido un atraco, intimidando la v\u00edctima con un arma de fuego. El delincuente gener\u00f3 sospecha en los uniformados, luego de observarlo pasar a alta velocidad en [&hellip;]<\/p>\n","protected":false},"author":2,"featured_media":0,"comment_status":"open","ping_status":"open","sticky":false,"template":"","format":"standard","meta":{"footnotes":""},"categories":[36,29],"tags":[],"class_list":["post-69209","post","type-post","status-publish","format-standard","hentry","category-destacado","category-judicial"],"yoast_head":"<!-- This site is optimized with the Yoast SEO plugin v26.6 - https:\/\/yoast.com\/wordpress\/plugins\/seo\/ -->\n<title>Polic\u00eda captur\u00f3 a alias &#039;Chiquit\u00edn&#039; armado y luego de un presunto atraco en Pitalito -<\/title>\n<meta name=\"robots\" content=\"index, follow, max-snippet:-1, max-image-preview:large, max-video-preview:-1\" \/>\n<link rel=\"canonical\" href=\"https:\/\/luchonoticias.com\/editor\/policia-capturo-a-alias-chiquitin-armado-y-luego-de-un-presunto-atraco-en-pitalito\/\" \/>\n<meta property=\"og:locale\" content=\"es_ES\" \/>\n<meta property=\"og:type\" content=\"article\" \/>\n<meta property=\"og:title\" content=\"Polic\u00eda captur\u00f3 a alias &#039;Chiquit\u00edn&#039; armado y luego de un presunto atraco en Pitalito -\" \/>\n<meta property=\"og:url\" content=\"https:\/\/luchonoticias.com\/editor\/policia-capturo-a-alias-chiquitin-armado-y-luego-de-un-presunto-atraco-en-pitalito\/\" \/>\n<meta property=\"article:publisher\" content=\"https:\/\/www.facebook.com\/luchonoticiasneiva\" \/>\n<meta property=\"article:published_time\" content=\"2024-02-21T14:21:50+00:00\" \/>\n<meta property=\"article:modified_time\" content=\"2024-02-21T14:21:51+00:00\" \/>\n<meta name=\"author\" content=\"Editor General\" \/>\n<meta name=\"twitter:card\" content=\"summary_large_image\" \/>\n<meta name=\"twitter:label1\" content=\"Escrito por\" \/>\n\t<meta name=\"twitter:data1\" content=\"Editor General\" \/>\n\t<meta name=\"twitter:label2\" content=\"Tiempo de lectura\" \/>\n\t<meta name=\"twitter:data2\" content=\"1 minuto\" \/>\n<script type=\"application\/ld+json\" class=\"yoast-schema-graph\">{\"@context\":\"https:\/\/schema.org\",\"@graph\":[{\"@type\":\"Article\",\"@id\":\"https:\/\/luchonoticias.com\/editor\/policia-capturo-a-alias-chiquitin-armado-y-luego-de-un-presunto-atraco-en-pitalito\/#article\",\"isPartOf\":{\"@id\":\"https:\/\/luchonoticias.com\/editor\/policia-capturo-a-alias-chiquitin-armado-y-luego-de-un-presunto-atraco-en-pitalito\/\"},\"author\":{\"name\":\"Editor General\",\"@id\":\"https:\/\/luchonoticias.com\/editor\/#\/schema\/person\/29217990ddf6f14e35912b2866d591fb\"},\"headline\":\"Polic\u00eda captur\u00f3 a alias &#8216;Chiquit\u00edn&#8217; armado y luego de un presunto atraco en Pitalito\",\"datePublished\":\"2024-02-21T14:21:50+00:00\",\"dateModified\":\"2024-02-21T14:21:51+00:00\",\"mainEntityOfPage\":{\"@id\":\"https:\/\/luchonoticias.com\/editor\/policia-capturo-a-alias-chiquitin-armado-y-luego-de-un-presunto-atraco-en-pitalito\/\"},\"wordCount\":274,\"commentCount\":0,\"publisher\":{\"@id\":\"https:\/\/luchonoticias.com\/editor\/#\/schema\/person\/7a7fd911f58561fd056dbac7b55af9cd\"},\"articleSection\":[\"Destacado\",\"Judicial\"],\"inLanguage\":\"es\",\"potentialAction\":[{\"@type\":\"CommentAction\",\"name\":\"Comment\",\"target\":[\"https:\/\/luchonoticias.com\/editor\/policia-capturo-a-alias-chiquitin-armado-y-luego-de-un-presunto-atraco-en-pitalito\/#respond\"]}]},{\"@type\":\"WebPage\",\"@id\":\"https:\/\/luchonoticias.com\/editor\/policia-capturo-a-alias-chiquitin-armado-y-luego-de-un-presunto-atraco-en-pitalito\/\",\"url\":\"https:\/\/luchonoticias.com\/editor\/policia-capturo-a-alias-chiquitin-armado-y-luego-de-un-presunto-atraco-en-pitalito\/\",\"name\":\"Polic\u00eda captur\u00f3 a alias 'Chiquit\u00edn' armado y luego de un presunto atraco en Pitalito -\",\"isPartOf\":{\"@id\":\"https:\/\/luchonoticias.com\/editor\/#website\"},\"datePublished\":\"2024-02-21T14:21:50+00:00\",\"dateModified\":\"2024-02-21T14:21:51+00:00\",\"breadcrumb\":{\"@id\":\"https:\/\/luchonoticias.com\/editor\/policia-capturo-a-alias-chiquitin-armado-y-luego-de-un-presunto-atraco-en-pitalito\/#breadcrumb\"},\"inLanguage\":\"es\",\"potentialAction\":[{\"@type\":\"ReadAction\",\"target\":[\"https:\/\/luchonoticias.com\/editor\/policia-capturo-a-alias-chiquitin-armado-y-luego-de-un-presunto-atraco-en-pitalito\/\"]}]},{\"@type\":\"BreadcrumbList\",\"@id\":\"https:\/\/luchonoticias.com\/editor\/policia-capturo-a-alias-chiquitin-armado-y-luego-de-un-presunto-atraco-en-pitalito\/#breadcrumb\",\"itemListElement\":[{\"@type\":\"ListItem\",\"position\":1,\"name\":\"Portada\",\"item\":\"https:\/\/luchonoticias.com\/editor\/\"},{\"@type\":\"ListItem\",\"position\":2,\"name\":\"Polic\u00eda captur\u00f3 a alias &#8216;Chiquit\u00edn&#8217; armado y luego de un presunto atraco en Pitalito\"}]},{\"@type\":\"WebSite\",\"@id\":\"https:\/\/luchonoticias.com\/editor\/#website\",\"url\":\"https:\/\/luchonoticias.com\/editor\/\",\"name\":\"\",\"description\":\"\",\"publisher\":{\"@id\":\"https:\/\/luchonoticias.com\/editor\/#\/schema\/person\/7a7fd911f58561fd056dbac7b55af9cd\"},\"potentialAction\":[{\"@type\":\"SearchAction\",\"target\":{\"@type\":\"EntryPoint\",\"urlTemplate\":\"https:\/\/luchonoticias.com\/editor\/?s={search_term_string}\"},\"query-input\":{\"@type\":\"PropertyValueSpecification\",\"valueRequired\":true,\"valueName\":\"search_term_string\"}}],\"inLanguage\":\"es\"},{\"@type\":[\"Person\",\"Organization\"],\"@id\":\"https:\/\/luchonoticias.com\/editor\/#\/schema\/person\/7a7fd911f58561fd056dbac7b55af9cd\",\"name\":\"admin\",\"image\":{\"@type\":\"ImageObject\",\"inLanguage\":\"es\",\"@id\":\"https:\/\/luchonoticias.com\/editor\/#\/schema\/person\/image\/\",\"url\":\"https:\/\/luchonoticias.com\/editor\/wp-content\/uploads\/2024\/02\/cropped-cropped-logolu.webp\",\"contentUrl\":\"https:\/\/luchonoticias.com\/editor\/wp-content\/uploads\/2024\/02\/cropped-cropped-logolu.webp\",\"width\":382,\"height\":170,\"caption\":\"admin\"},\"logo\":{\"@id\":\"https:\/\/luchonoticias.com\/editor\/#\/schema\/person\/image\/\"},\"sameAs\":[\"https:\/\/www.facebook.com\/luchonoticiasneiva\"]},{\"@type\":\"Person\",\"@id\":\"https:\/\/luchonoticias.com\/editor\/#\/schema\/person\/29217990ddf6f14e35912b2866d591fb\",\"name\":\"Editor General\",\"image\":{\"@type\":\"ImageObject\",\"inLanguage\":\"es\",\"@id\":\"https:\/\/luchonoticias.com\/editor\/#\/schema\/person\/image\/\",\"url\":\"https:\/\/luchonoticias.com\/editor\/wp-content\/uploads\/2024\/02\/cropped-cropped-logolu-150x150.webp\",\"contentUrl\":\"https:\/\/luchonoticias.com\/editor\/wp-content\/uploads\/2024\/02\/cropped-cropped-logolu-150x150.webp\",\"caption\":\"Editor General\"},\"sameAs\":[\"https:\/\/luchonoticias.com\/\"],\"url\":\"https:\/\/luchonoticias.com\/editor\/author\/editor-general\/\"}]}<\/script>\n<!-- \/ Yoast SEO plugin. -->","yoast_head_json":{"title":"Polic\u00eda captur\u00f3 a alias 'Chiquit\u00edn' armado y luego de un presunto atraco en Pitalito -","robots":{"index":"index","follow":"follow","max-snippet":"max-snippet:-1","max-image-preview":"max-image-preview:large","max-video-preview":"max-video-preview:-1"},"canonical":"https:\/\/luchonoticias.com\/editor\/policia-capturo-a-alias-chiquitin-armado-y-luego-de-un-presunto-atraco-en-pitalito\/","og_locale":"es_ES","og_type":"article","og_title":"Polic\u00eda captur\u00f3 a alias 'Chiquit\u00edn' armado y luego de un presunto atraco en Pitalito -","og_url":"https:\/\/luchonoticias.com\/editor\/policia-capturo-a-alias-chiquitin-armado-y-luego-de-un-presunto-atraco-en-pitalito\/","article_publisher":"https:\/\/www.facebook.com\/luchonoticiasneiva","article_published_time":"2024-02-21T14:21:50+00:00","article_modified_time":"2024-02-21T14:21:51+00:00","author":"Editor General","twitter_card":"summary_large_image","twitter_misc":{"Escrito por":"Editor General","Tiempo de lectura":"1 minuto"},"schema":{"@context":"https:\/\/schema.org","@graph":[{"@type":"Article","@id":"https:\/\/luchonoticias.com\/editor\/policia-capturo-a-alias-chiquitin-armado-y-luego-de-un-presunto-atraco-en-pitalito\/#article","isPartOf":{"@id":"https:\/\/luchonoticias.com\/editor\/policia-capturo-a-alias-chiquitin-armado-y-luego-de-un-presunto-atraco-en-pitalito\/"},"author":{"name":"Editor General","@id":"https:\/\/luchonoticias.com\/editor\/#\/schema\/person\/29217990ddf6f14e35912b2866d591fb"},"headline":"Polic\u00eda captur\u00f3 a alias &#8216;Chiquit\u00edn&#8217; armado y luego de un presunto atraco en Pitalito","datePublished":"2024-02-21T14:21:50+00:00","dateModified":"2024-02-21T14:21:51+00:00","mainEntityOfPage":{"@id":"https:\/\/luchonoticias.com\/editor\/policia-capturo-a-alias-chiquitin-armado-y-luego-de-un-presunto-atraco-en-pitalito\/"},"wordCount":274,"commentCount":0,"publisher":{"@id":"https:\/\/luchonoticias.com\/editor\/#\/schema\/person\/7a7fd911f58561fd056dbac7b55af9cd"},"articleSection":["Destacado","Judicial"],"inLanguage":"es","potentialAction":[{"@type":"CommentAction","name":"Comment","target":["https:\/\/luchonoticias.com\/editor\/policia-capturo-a-alias-chiquitin-armado-y-luego-de-un-presunto-atraco-en-pitalito\/#respond"]}]},{"@type":"WebPage","@id":"https:\/\/luchonoticias.com\/editor\/policia-capturo-a-alias-chiquitin-armado-y-luego-de-un-presunto-atraco-en-pitalito\/","url":"https:\/\/luchonoticias.com\/editor\/policia-capturo-a-alias-chiquitin-armado-y-luego-de-un-presunto-atraco-en-pitalito\/","name":"Polic\u00eda captur\u00f3 a alias 'Chiquit\u00edn' armado y luego de un presunto atraco en Pitalito -","isPartOf":{"@id":"https:\/\/luchonoticias.com\/editor\/#website"},"datePublished":"2024-02-21T14:21:50+00:00","dateModified":"2024-02-21T14:21:51+00:00","breadcrumb":{"@id":"https:\/\/luchonoticias.com\/editor\/policia-capturo-a-alias-chiquitin-armado-y-luego-de-un-presunto-atraco-en-pitalito\/#breadcrumb"},"inLanguage":"es","potentialAction":[{"@type":"ReadAction","target":["https:\/\/luchonoticias.com\/editor\/policia-capturo-a-alias-chiquitin-armado-y-luego-de-un-presunto-atraco-en-pitalito\/"]}]},{"@type":"BreadcrumbList","@id":"https:\/\/luchonoticias.com\/editor\/policia-capturo-a-alias-chiquitin-armado-y-luego-de-un-presunto-atraco-en-pitalito\/#breadcrumb","itemListElement":[{"@type":"ListItem","position":1,"name":"Portada","item":"https:\/\/luchonoticias.com\/editor\/"},{"@type":"ListItem","position":2,"name":"Polic\u00eda captur\u00f3 a alias &#8216;Chiquit\u00edn&#8217; armado y luego de un presunto atraco en Pitalito"}]},{"@type":"WebSite","@id":"https:\/\/luchonoticias.com\/editor\/#website","url":"https:\/\/luchonoticias.com\/editor\/","name":"","description":"","publisher":{"@id":"https:\/\/luchonoticias.com\/editor\/#\/schema\/person\/7a7fd911f58561fd056dbac7b55af9cd"},"potentialAction":[{"@type":"SearchAction","target":{"@type":"EntryPoint","urlTemplate":"https:\/\/luchonoticias.com\/editor\/?s={search_term_string}"},"query-input":{"@type":"PropertyValueSpecification","valueRequired":true,"valueName":"search_term_string"}}],"inLanguage":"es"},{"@type":["Person","Organization"],"@id":"https:\/\/luchonoticias.com\/editor\/#\/schema\/person\/7a7fd911f58561fd056dbac7b55af9cd","name":"admin","image":{"@type":"ImageObject","inLanguage":"es","@id":"https:\/\/luchonoticias.com\/editor\/#\/schema\/person\/image\/","url":"https:\/\/luchonoticias.com\/editor\/wp-content\/uploads\/2024\/02\/cropped-cropped-logolu.webp","contentUrl":"https:\/\/luchonoticias.com\/editor\/wp-content\/uploads\/2024\/02\/cropped-cropped-logolu.webp","width":382,"height":170,"caption":"admin"},"logo":{"@id":"https:\/\/luchonoticias.com\/editor\/#\/schema\/person\/image\/"},"sameAs":["https:\/\/www.facebook.com\/luchonoticiasneiva"]},{"@type":"Person","@id":"https:\/\/luchonoticias.com\/editor\/#\/schema\/person\/29217990ddf6f14e35912b2866d591fb","name":"Editor General","image":{"@type":"ImageObject","inLanguage":"es","@id":"https:\/\/luchonoticias.com\/editor\/#\/schema\/person\/image\/","url":"https:\/\/luchonoticias.com\/editor\/wp-content\/uploads\/2024\/02\/cropped-cropped-logolu-150x150.webp","contentUrl":"https:\/\/luchonoticias.com\/editor\/wp-content\/uploads\/2024\/02\/cropped-cropped-logolu-150x150.webp","caption":"Editor General"},"sameAs":["https:\/\/luchonoticias.com\/"],"url":"https:\/\/luchonoticias.com\/editor\/author\/editor-general\/"}]}},"_links":{"self":[{"href":"https:\/\/luchonoticias.com\/editor\/wp-json\/wp\/v2\/posts\/69209","targetHints":{"allow":["GET"]}}],"collection":[{"href":"https:\/\/luchonoticias.com\/editor\/wp-json\/wp\/v2\/posts"}],"about":[{"href":"https:\/\/luchonoticias.com\/editor\/wp-json\/wp\/v2\/types\/post"}],"author":[{"embeddable":true,"href":"https:\/\/luchonoticias.com\/editor\/wp-json\/wp\/v2\/users\/2"}],"replies":[{"embeddable":true,"href":"https:\/\/luchonoticias.com\/editor\/wp-json\/wp\/v2\/comments?post=69209"}],"version-history":[{"count":0,"href":"https:\/\/luchonoticias.com\/editor\/wp-json\/wp\/v2\/posts\/69209\/revisions"}],"wp:attachment":[{"href":"https:\/\/luchonoticias.com\/editor\/wp-json\/wp\/v2\/media?parent=69209"}],"wp:term":[{"taxonomy":"category","embeddable":true,"href":"https:\/\/luchonoticias.com\/editor\/wp-json\/wp\/v2\/categories?post=69209"},{"taxonomy":"post_tag","embeddable":true,"href":"https:\/\/luchonoticias.com\/editor\/wp-json\/wp\/v2\/tags?post=69209"}],"curies":[{"name":"wp","href":"https:\/\/api.w.org\/{rel}","templated":true}]}}