{"id":69212,"date":"2024-02-21T09:24:07","date_gmt":"2024-02-21T14:24:07","guid":{"rendered":"https:\/\/luchonoticias.com\/?p=69212"},"modified":"2024-02-21T09:24:09","modified_gmt":"2024-02-21T14:24:09","slug":"licencia-de-maternidad-de-las-mujeres-en-la-politica-una-opcion-que-reclama-la-comision-primera-del-senado","status":"publish","type":"post","link":"https:\/\/luchonoticias.com\/editor\/licencia-de-maternidad-de-las-mujeres-en-la-politica-una-opcion-que-reclama-la-comision-primera-del-senado\/","title":{"rendered":"Licencia de maternidad de las mujeres en la pol\u00edtica, una opci\u00f3n que reclama la Comisi\u00f3n Primera del Senado"},"content":{"rendered":"\n<p>Durante la jornada de hoy y de manera un\u00e1nime, los integrantes de la Comisi\u00f3n Primera del Senado de la&nbsp;Rep\u00fablica&nbsp;aprobaron en primer debate el Proyecto de Ley No. 105 de 2023 Senado. \u201cPor medio de la cual se crea la modalidad de licencia de maternidad para mujeres en pol\u00edtica, se promueve la igualdad y la participaci\u00f3n pol\u00edtica de las mujeres, se modifica la Ley 5 de 1992 y se dictan otras disposiciones\u201d.<\/p>\n\n\n\n<p>El&nbsp;Senador&nbsp;David Luna, del&nbsp;Partido Cambio Radical, coautor y Coordinador ponente, afirm\u00f3 que este proyecto nace de la casu\u00edstica donde muchas mujeres han manifestado que se genera una imposibilidad a seguir ejerciendo sus derechos pol\u00edticos, cuando entran en su licencia de maternidad. De ah\u00ed que esta iniciativa busca promover la igualdad y la participaci\u00f3n pol\u00edtica de las mujeres:&nbsp;Concejalas, edilesas, congresistas, entre otras, y sea optativa.<\/p>\n\n\n\n<p>Y agreg\u00f3 \u201cAl ejercer la licencia de maternidad, a la mujer le restringen la participaci\u00f3n en pol\u00edtica, y la persona que sigue en la lista la reemplaza y le quita la opci\u00f3n de las determinaciones\u201d Lo que este proyecto permite es que la mujer de manera optativa elija si quiere ejercer \u00fanicamente su licencia de maternidad o si prefiere ejercer su licencia de maternidad y adem\u00e1s mantener su&nbsp;participaci\u00f3n&nbsp;en&nbsp;pol\u00edtica.&nbsp;<\/p>\n\n\n\n<p>Por su parte la&nbsp;Senadora&nbsp;Paloma Valencia&nbsp;afirm\u00f3 \u201cMe siento muy contenta que se hayan recogido todas esas opiniones frente a lo que significa ser mam\u00e1, cuando se est\u00e1 en la pol\u00edtica, aqu\u00ed lo estamos reivindicando, porque hemos demostrado que se puede ser mam\u00e1 y ser pol\u00edtica\u201d. Adicionalmente,&nbsp;manifest\u00f3 que: \u201cEl cuidado de los ni\u00f1os no se acaba a los 4 meses. Despu\u00e9s de eso pude ser mam\u00e1 y pol\u00edtica. Yo me considero buena mam\u00e1 y pol\u00edtica consagrada, pero me doli\u00f3 mucho que cuando tuve un beb\u00e9 no pude opinar sobre proyectos en los que ya ven\u00eda trabajando, que las decisiones en torno a c\u00f3mo vivir la maternidad siendo pol\u00edtica no la impongan las leyes, sino la decida la mujer misma\u201d<\/p>\n\n\n\n<p>Las senadoras&nbsp;Mar\u00eda&nbsp;Jos\u00e9 Pizarro&nbsp;del&nbsp;Partido Mais y&nbsp;Clara L\u00f3pez, del&nbsp;Partido Verde, tambi\u00e9n manifestaron su apoyo al proyecto, considerando necesario que las mujeres que quieren participar en&nbsp;pol\u00edtica&nbsp;no tengan que rechazar su licencia de maternidad, como sucede en la actualidad,&nbsp;y menos que los partidos rechacen la posibilidad de tener mujeres j\u00f3venes por este motivo.<\/p>\n\n\n\n<p>El proyecto continuar\u00e1 su tr\u00e1mite en la Plenaria del Senado, en donde ser\u00e1n tenidas en cuenta algunas observaciones internas hechas por parte del&nbsp;Senador&nbsp;Jonathan Pulido&nbsp;del&nbsp;Partido Verde y constancia del Senador&nbsp;Carlos Fernando Motoa&nbsp;del&nbsp;Partido Cambio Radical.<\/p>\n","protected":false},"excerpt":{"rendered":"<p>Durante la jornada de hoy y de manera un\u00e1nime, los integrantes de la Comisi\u00f3n Primera del Senado de la&nbsp;Rep\u00fablica&nbsp;aprobaron en primer debate el Proyecto de Ley No. 105 de 2023 Senado. \u201cPor medio de la cual se crea la modalidad de licencia de maternidad para mujeres en pol\u00edtica, se promueve la igualdad y la participaci\u00f3n [&hellip;]<\/p>\n","protected":false},"author":2,"featured_media":0,"comment_status":"open","ping_status":"open","sticky":false,"template":"","format":"standard","meta":{"footnotes":""},"categories":[36,617],"tags":[],"class_list":["post-69212","post","type-post","status-publish","format-standard","hentry","category-destacado","category-politica"],"yoast_head":"<!-- This site is optimized with the Yoast SEO plugin v26.6 - https:\/\/yoast.com\/wordpress\/plugins\/seo\/ -->\n<title>Licencia de maternidad de las mujeres en la pol\u00edtica, una opci\u00f3n que reclama la Comisi\u00f3n Primera del Senado -<\/title>\n<meta name=\"robots\" content=\"index, follow, max-snippet:-1, max-image-preview:large, max-video-preview:-1\" \/>\n<link rel=\"canonical\" href=\"https:\/\/luchonoticias.com\/editor\/licencia-de-maternidad-de-las-mujeres-en-la-politica-una-opcion-que-reclama-la-comision-primera-del-senado\/\" \/>\n<meta property=\"og:locale\" content=\"es_ES\" \/>\n<meta property=\"og:type\" content=\"article\" \/>\n<meta property=\"og:title\" content=\"Licencia de maternidad de las mujeres en la pol\u00edtica, una opci\u00f3n que reclama la Comisi\u00f3n Primera del Senado -\" \/>\n<meta property=\"og:url\" content=\"https:\/\/luchonoticias.com\/editor\/licencia-de-maternidad-de-las-mujeres-en-la-politica-una-opcion-que-reclama-la-comision-primera-del-senado\/\" \/>\n<meta property=\"article:publisher\" content=\"https:\/\/www.facebook.com\/luchonoticiasneiva\" \/>\n<meta property=\"article:published_time\" content=\"2024-02-21T14:24:07+00:00\" \/>\n<meta property=\"article:modified_time\" content=\"2024-02-21T14:24:09+00:00\" \/>\n<meta name=\"author\" content=\"Editor General\" \/>\n<meta name=\"twitter:card\" content=\"summary_large_image\" \/>\n<meta name=\"twitter:label1\" content=\"Escrito por\" \/>\n\t<meta name=\"twitter:data1\" content=\"Editor General\" \/>\n\t<meta name=\"twitter:label2\" content=\"Tiempo de lectura\" \/>\n\t<meta name=\"twitter:data2\" content=\"2 minutos\" \/>\n<script type=\"application\/ld+json\" class=\"yoast-schema-graph\">{\"@context\":\"https:\/\/schema.org\",\"@graph\":[{\"@type\":\"Article\",\"@id\":\"https:\/\/luchonoticias.com\/editor\/licencia-de-maternidad-de-las-mujeres-en-la-politica-una-opcion-que-reclama-la-comision-primera-del-senado\/#article\",\"isPartOf\":{\"@id\":\"https:\/\/luchonoticias.com\/editor\/licencia-de-maternidad-de-las-mujeres-en-la-politica-una-opcion-que-reclama-la-comision-primera-del-senado\/\"},\"author\":{\"name\":\"Editor General\",\"@id\":\"https:\/\/luchonoticias.com\/editor\/#\/schema\/person\/29217990ddf6f14e35912b2866d591fb\"},\"headline\":\"Licencia de maternidad de las mujeres en la pol\u00edtica, una opci\u00f3n que reclama la Comisi\u00f3n Primera del Senado\",\"datePublished\":\"2024-02-21T14:24:07+00:00\",\"dateModified\":\"2024-02-21T14:24:09+00:00\",\"mainEntityOfPage\":{\"@id\":\"https:\/\/luchonoticias.com\/editor\/licencia-de-maternidad-de-las-mujeres-en-la-politica-una-opcion-que-reclama-la-comision-primera-del-senado\/\"},\"wordCount\":508,\"commentCount\":0,\"publisher\":{\"@id\":\"https:\/\/luchonoticias.com\/editor\/#\/schema\/person\/7a7fd911f58561fd056dbac7b55af9cd\"},\"articleSection\":[\"Destacado\",\"Pol\u00edtica\"],\"inLanguage\":\"es\",\"potentialAction\":[{\"@type\":\"CommentAction\",\"name\":\"Comment\",\"target\":[\"https:\/\/luchonoticias.com\/editor\/licencia-de-maternidad-de-las-mujeres-en-la-politica-una-opcion-que-reclama-la-comision-primera-del-senado\/#respond\"]}]},{\"@type\":\"WebPage\",\"@id\":\"https:\/\/luchonoticias.com\/editor\/licencia-de-maternidad-de-las-mujeres-en-la-politica-una-opcion-que-reclama-la-comision-primera-del-senado\/\",\"url\":\"https:\/\/luchonoticias.com\/editor\/licencia-de-maternidad-de-las-mujeres-en-la-politica-una-opcion-que-reclama-la-comision-primera-del-senado\/\",\"name\":\"Licencia de maternidad de las mujeres en la pol\u00edtica, una opci\u00f3n que reclama la Comisi\u00f3n Primera del Senado -\",\"isPartOf\":{\"@id\":\"https:\/\/luchonoticias.com\/editor\/#website\"},\"datePublished\":\"2024-02-21T14:24:07+00:00\",\"dateModified\":\"2024-02-21T14:24:09+00:00\",\"breadcrumb\":{\"@id\":\"https:\/\/luchonoticias.com\/editor\/licencia-de-maternidad-de-las-mujeres-en-la-politica-una-opcion-que-reclama-la-comision-primera-del-senado\/#breadcrumb\"},\"inLanguage\":\"es\",\"potentialAction\":[{\"@type\":\"ReadAction\",\"target\":[\"https:\/\/luchonoticias.com\/editor\/licencia-de-maternidad-de-las-mujeres-en-la-politica-una-opcion-que-reclama-la-comision-primera-del-senado\/\"]}]},{\"@type\":\"BreadcrumbList\",\"@id\":\"https:\/\/luchonoticias.com\/editor\/licencia-de-maternidad-de-las-mujeres-en-la-politica-una-opcion-que-reclama-la-comision-primera-del-senado\/#breadcrumb\",\"itemListElement\":[{\"@type\":\"ListItem\",\"position\":1,\"name\":\"Portada\",\"item\":\"https:\/\/luchonoticias.com\/editor\/\"},{\"@type\":\"ListItem\",\"position\":2,\"name\":\"Licencia de maternidad de las mujeres en la pol\u00edtica, una opci\u00f3n que reclama la Comisi\u00f3n Primera del Senado\"}]},{\"@type\":\"WebSite\",\"@id\":\"https:\/\/luchonoticias.com\/editor\/#website\",\"url\":\"https:\/\/luchonoticias.com\/editor\/\",\"name\":\"\",\"description\":\"\",\"publisher\":{\"@id\":\"https:\/\/luchonoticias.com\/editor\/#\/schema\/person\/7a7fd911f58561fd056dbac7b55af9cd\"},\"potentialAction\":[{\"@type\":\"SearchAction\",\"target\":{\"@type\":\"EntryPoint\",\"urlTemplate\":\"https:\/\/luchonoticias.com\/editor\/?s={search_term_string}\"},\"query-input\":{\"@type\":\"PropertyValueSpecification\",\"valueRequired\":true,\"valueName\":\"search_term_string\"}}],\"inLanguage\":\"es\"},{\"@type\":[\"Person\",\"Organization\"],\"@id\":\"https:\/\/luchonoticias.com\/editor\/#\/schema\/person\/7a7fd911f58561fd056dbac7b55af9cd\",\"name\":\"admin\",\"image\":{\"@type\":\"ImageObject\",\"inLanguage\":\"es\",\"@id\":\"https:\/\/luchonoticias.com\/editor\/#\/schema\/person\/image\/\",\"url\":\"https:\/\/luchonoticias.com\/editor\/wp-content\/uploads\/2024\/02\/cropped-cropped-logolu.webp\",\"contentUrl\":\"https:\/\/luchonoticias.com\/editor\/wp-content\/uploads\/2024\/02\/cropped-cropped-logolu.webp\",\"width\":382,\"height\":170,\"caption\":\"admin\"},\"logo\":{\"@id\":\"https:\/\/luchonoticias.com\/editor\/#\/schema\/person\/image\/\"},\"sameAs\":[\"https:\/\/www.facebook.com\/luchonoticiasneiva\"]},{\"@type\":\"Person\",\"@id\":\"https:\/\/luchonoticias.com\/editor\/#\/schema\/person\/29217990ddf6f14e35912b2866d591fb\",\"name\":\"Editor General\",\"image\":{\"@type\":\"ImageObject\",\"inLanguage\":\"es\",\"@id\":\"https:\/\/luchonoticias.com\/editor\/#\/schema\/person\/image\/\",\"url\":\"https:\/\/luchonoticias.com\/editor\/wp-content\/uploads\/2024\/02\/cropped-cropped-logolu-150x150.webp\",\"contentUrl\":\"https:\/\/luchonoticias.com\/editor\/wp-content\/uploads\/2024\/02\/cropped-cropped-logolu-150x150.webp\",\"caption\":\"Editor General\"},\"sameAs\":[\"https:\/\/luchonoticias.com\/\"],\"url\":\"https:\/\/luchonoticias.com\/editor\/author\/editor-general\/\"}]}<\/script>\n<!-- \/ Yoast SEO plugin. -->","yoast_head_json":{"title":"Licencia de maternidad de las mujeres en la pol\u00edtica, una opci\u00f3n que reclama la Comisi\u00f3n Primera del Senado -","robots":{"index":"index","follow":"follow","max-snippet":"max-snippet:-1","max-image-preview":"max-image-preview:large","max-video-preview":"max-video-preview:-1"},"canonical":"https:\/\/luchonoticias.com\/editor\/licencia-de-maternidad-de-las-mujeres-en-la-politica-una-opcion-que-reclama-la-comision-primera-del-senado\/","og_locale":"es_ES","og_type":"article","og_title":"Licencia de maternidad de las mujeres en la pol\u00edtica, una opci\u00f3n que reclama la Comisi\u00f3n Primera del Senado -","og_url":"https:\/\/luchonoticias.com\/editor\/licencia-de-maternidad-de-las-mujeres-en-la-politica-una-opcion-que-reclama-la-comision-primera-del-senado\/","article_publisher":"https:\/\/www.facebook.com\/luchonoticiasneiva","article_published_time":"2024-02-21T14:24:07+00:00","article_modified_time":"2024-02-21T14:24:09+00:00","author":"Editor General","twitter_card":"summary_large_image","twitter_misc":{"Escrito por":"Editor General","Tiempo de lectura":"2 minutos"},"schema":{"@context":"https:\/\/schema.org","@graph":[{"@type":"Article","@id":"https:\/\/luchonoticias.com\/editor\/licencia-de-maternidad-de-las-mujeres-en-la-politica-una-opcion-que-reclama-la-comision-primera-del-senado\/#article","isPartOf":{"@id":"https:\/\/luchonoticias.com\/editor\/licencia-de-maternidad-de-las-mujeres-en-la-politica-una-opcion-que-reclama-la-comision-primera-del-senado\/"},"author":{"name":"Editor General","@id":"https:\/\/luchonoticias.com\/editor\/#\/schema\/person\/29217990ddf6f14e35912b2866d591fb"},"headline":"Licencia de maternidad de las mujeres en la pol\u00edtica, una opci\u00f3n que reclama la Comisi\u00f3n Primera del Senado","datePublished":"2024-02-21T14:24:07+00:00","dateModified":"2024-02-21T14:24:09+00:00","mainEntityOfPage":{"@id":"https:\/\/luchonoticias.com\/editor\/licencia-de-maternidad-de-las-mujeres-en-la-politica-una-opcion-que-reclama-la-comision-primera-del-senado\/"},"wordCount":508,"commentCount":0,"publisher":{"@id":"https:\/\/luchonoticias.com\/editor\/#\/schema\/person\/7a7fd911f58561fd056dbac7b55af9cd"},"articleSection":["Destacado","Pol\u00edtica"],"inLanguage":"es","potentialAction":[{"@type":"CommentAction","name":"Comment","target":["https:\/\/luchonoticias.com\/editor\/licencia-de-maternidad-de-las-mujeres-en-la-politica-una-opcion-que-reclama-la-comision-primera-del-senado\/#respond"]}]},{"@type":"WebPage","@id":"https:\/\/luchonoticias.com\/editor\/licencia-de-maternidad-de-las-mujeres-en-la-politica-una-opcion-que-reclama-la-comision-primera-del-senado\/","url":"https:\/\/luchonoticias.com\/editor\/licencia-de-maternidad-de-las-mujeres-en-la-politica-una-opcion-que-reclama-la-comision-primera-del-senado\/","name":"Licencia de maternidad de las mujeres en la pol\u00edtica, una opci\u00f3n que reclama la Comisi\u00f3n Primera del Senado -","isPartOf":{"@id":"https:\/\/luchonoticias.com\/editor\/#website"},"datePublished":"2024-02-21T14:24:07+00:00","dateModified":"2024-02-21T14:24:09+00:00","breadcrumb":{"@id":"https:\/\/luchonoticias.com\/editor\/licencia-de-maternidad-de-las-mujeres-en-la-politica-una-opcion-que-reclama-la-comision-primera-del-senado\/#breadcrumb"},"inLanguage":"es","potentialAction":[{"@type":"ReadAction","target":["https:\/\/luchonoticias.com\/editor\/licencia-de-maternidad-de-las-mujeres-en-la-politica-una-opcion-que-reclama-la-comision-primera-del-senado\/"]}]},{"@type":"BreadcrumbList","@id":"https:\/\/luchonoticias.com\/editor\/licencia-de-maternidad-de-las-mujeres-en-la-politica-una-opcion-que-reclama-la-comision-primera-del-senado\/#breadcrumb","itemListElement":[{"@type":"ListItem","position":1,"name":"Portada","item":"https:\/\/luchonoticias.com\/editor\/"},{"@type":"ListItem","position":2,"name":"Licencia de maternidad de las mujeres en la pol\u00edtica, una opci\u00f3n que reclama la Comisi\u00f3n Primera del Senado"}]},{"@type":"WebSite","@id":"https:\/\/luchonoticias.com\/editor\/#website","url":"https:\/\/luchonoticias.com\/editor\/","name":"","description":"","publisher":{"@id":"https:\/\/luchonoticias.com\/editor\/#\/schema\/person\/7a7fd911f58561fd056dbac7b55af9cd"},"potentialAction":[{"@type":"SearchAction","target":{"@type":"EntryPoint","urlTemplate":"https:\/\/luchonoticias.com\/editor\/?s={search_term_string}"},"query-input":{"@type":"PropertyValueSpecification","valueRequired":true,"valueName":"search_term_string"}}],"inLanguage":"es"},{"@type":["Person","Organization"],"@id":"https:\/\/luchonoticias.com\/editor\/#\/schema\/person\/7a7fd911f58561fd056dbac7b55af9cd","name":"admin","image":{"@type":"ImageObject","inLanguage":"es","@id":"https:\/\/luchonoticias.com\/editor\/#\/schema\/person\/image\/","url":"https:\/\/luchonoticias.com\/editor\/wp-content\/uploads\/2024\/02\/cropped-cropped-logolu.webp","contentUrl":"https:\/\/luchonoticias.com\/editor\/wp-content\/uploads\/2024\/02\/cropped-cropped-logolu.webp","width":382,"height":170,"caption":"admin"},"logo":{"@id":"https:\/\/luchonoticias.com\/editor\/#\/schema\/person\/image\/"},"sameAs":["https:\/\/www.facebook.com\/luchonoticiasneiva"]},{"@type":"Person","@id":"https:\/\/luchonoticias.com\/editor\/#\/schema\/person\/29217990ddf6f14e35912b2866d591fb","name":"Editor General","image":{"@type":"ImageObject","inLanguage":"es","@id":"https:\/\/luchonoticias.com\/editor\/#\/schema\/person\/image\/","url":"https:\/\/luchonoticias.com\/editor\/wp-content\/uploads\/2024\/02\/cropped-cropped-logolu-150x150.webp","contentUrl":"https:\/\/luchonoticias.com\/editor\/wp-content\/uploads\/2024\/02\/cropped-cropped-logolu-150x150.webp","caption":"Editor General"},"sameAs":["https:\/\/luchonoticias.com\/"],"url":"https:\/\/luchonoticias.com\/editor\/author\/editor-general\/"}]}},"_links":{"self":[{"href":"https:\/\/luchonoticias.com\/editor\/wp-json\/wp\/v2\/posts\/69212","targetHints":{"allow":["GET"]}}],"collection":[{"href":"https:\/\/luchonoticias.com\/editor\/wp-json\/wp\/v2\/posts"}],"about":[{"href":"https:\/\/luchonoticias.com\/editor\/wp-json\/wp\/v2\/types\/post"}],"author":[{"embeddable":true,"href":"https:\/\/luchonoticias.com\/editor\/wp-json\/wp\/v2\/users\/2"}],"replies":[{"embeddable":true,"href":"https:\/\/luchonoticias.com\/editor\/wp-json\/wp\/v2\/comments?post=69212"}],"version-history":[{"count":0,"href":"https:\/\/luchonoticias.com\/editor\/wp-json\/wp\/v2\/posts\/69212\/revisions"}],"wp:attachment":[{"href":"https:\/\/luchonoticias.com\/editor\/wp-json\/wp\/v2\/media?parent=69212"}],"wp:term":[{"taxonomy":"category","embeddable":true,"href":"https:\/\/luchonoticias.com\/editor\/wp-json\/wp\/v2\/categories?post=69212"},{"taxonomy":"post_tag","embeddable":true,"href":"https:\/\/luchonoticias.com\/editor\/wp-json\/wp\/v2\/tags?post=69212"}],"curies":[{"name":"wp","href":"https:\/\/api.w.org\/{rel}","templated":true}]}}