{"id":69255,"date":"2024-02-22T07:02:49","date_gmt":"2024-02-22T12:02:49","guid":{"rendered":"https:\/\/luchonoticias.com\/?p=69255"},"modified":"2024-02-22T07:02:50","modified_gmt":"2024-02-22T12:02:50","slug":"sede-garzon-de-la-usco-modernizo-su-restaurante-universitario","status":"publish","type":"post","link":"https:\/\/luchonoticias.com\/editor\/sede-garzon-de-la-usco-modernizo-su-restaurante-universitario\/","title":{"rendered":"Sede Garz\u00f3n de la USCO moderniz\u00f3 su restaurante universitario"},"content":{"rendered":"\n<p>La administraci\u00f3n central de la Universidad Surcolombiana contin\u00faa trabajando en la modernizaci\u00f3n de cada uno de los espacios de sus sedes, con el objetivo de brindar mayor bienestar a sus estudiantes, muchos de los cuales deben hacer grandes esfuerzos para asistir a las actividades acad\u00e9micas.<\/p>\n\n\n\n<p>En esta oportunidad, la sede de la instituci\u00f3n, ubicada en el municipio de Garz\u00f3n, fue epicentro de las obras del restaurante universitario, donde a&nbsp; partir del primer semestre de 2024, se empezaron a ofrecer diariamente&nbsp; 157 almuerzos y 105 cenas, pues anteriormente solo se ofrec\u00edan meriendas.<\/p>\n\n\n\n<p>Durante la entrega de los trabajos a la comunidad universitaria, la rectora de la USCO, Nidia Guzm\u00e1n Dur\u00e1n, resalt\u00f3 la importancia de poder prestar un servicio de manera \u00f3ptima, cumpliendo con toda la normatividad.<\/p>\n\n\n\n<p>\u201cLa sede de Garz\u00f3n y de la Plata, ten\u00eda solamente el servicio de meriendas; para implementar almuerzos y cenas, tuvimos que construir la cocina con toda la reglamentaci\u00f3n requerida. Consideramos que esta cocina, es excelente en higiene y el material utilizado es el adecuado, para poder tener un restaurante al servicio de nuestros estudiantes, que se lo merecen\u201d indic\u00f3.<\/p>\n\n\n\n<figure class=\"wp-block-gallery has-nested-images columns-default is-cropped wp-block-gallery-1 is-layout-flex wp-block-gallery-is-layout-flex\">\n<figure class=\"wp-block-image size-large\"><img decoding=\"async\" data-id=\"69258\" src=\"https:\/\/luchonoticias.com\/wp-content\/uploads\/2024\/02\/WhatsApp-Image-2024-02-21-at-4.23.05-PM-2-1024x683.jpeg\" alt=\"\" class=\"wp-image-69258\"\/><\/figure>\n\n\n\n<figure class=\"wp-block-image size-large\"><img decoding=\"async\" data-id=\"69259\" src=\"https:\/\/luchonoticias.com\/wp-content\/uploads\/2024\/02\/WhatsApp-Image-2024-02-21-at-4.23.05-PM-1-1024x683.jpeg\" alt=\"\" class=\"wp-image-69259\"\/><\/figure>\n\n\n\n<figure class=\"wp-block-image size-large\"><img decoding=\"async\" data-id=\"69260\" src=\"https:\/\/luchonoticias.com\/wp-content\/uploads\/2024\/02\/WhatsApp-Image-2024-02-21-at-4.23.05-PM-1024x683.jpeg\" alt=\"\" class=\"wp-image-69260\"\/><\/figure>\n<\/figure>\n\n\n\n<p>El contrato de la obra, que cont\u00f3 con una inversi\u00f3n aproximada a los $219 millones de pesos, incluy\u00f3 la ampliaci\u00f3n, adecuaci\u00f3n y equipamiento de la cocina del restaurante universitario, que cumple con todos los requerimientos de sanidad y la capacidad para la elaboraci\u00f3n de los alimentos que se entregan a los j\u00f3venes de la sede.<\/p>\n\n\n\n<p>La cocina fue dotada con estufa y licuadora industrial, equipos de refrigeraci\u00f3n, campana de extracci\u00f3n, horno, mes\u00f3n industrial, lavaplatos, freidora, entre otros elementos.<\/p>\n\n\n\n<p>Los estudiantes surcolombianos, participaron del acto de entrega oficial de los trabajos, que fue liderado por la rectora de la instituci\u00f3n, durante su recorrido por las sedes regionales, donde adem\u00e1s se dio inicio al programa BiciUSCO y se dio la bienvenida a los nuevos estudiantes.<\/p>\n","protected":false},"excerpt":{"rendered":"<p>La administraci\u00f3n central de la Universidad Surcolombiana contin\u00faa trabajando en la modernizaci\u00f3n de cada uno de los espacios de sus sedes, con el objetivo de brindar mayor bienestar a sus estudiantes, muchos de los cuales deben hacer grandes esfuerzos para asistir a las actividades acad\u00e9micas. En esta oportunidad, la sede de la instituci\u00f3n, ubicada en [&hellip;]<\/p>\n","protected":false},"author":2,"featured_media":0,"comment_status":"open","ping_status":"open","sticky":false,"template":"","format":"standard","meta":{"footnotes":""},"categories":[36,31],"tags":[],"class_list":["post-69255","post","type-post","status-publish","format-standard","hentry","category-destacado","category-local"],"yoast_head":"<!-- This site is optimized with the Yoast SEO plugin v26.6 - https:\/\/yoast.com\/wordpress\/plugins\/seo\/ -->\n<title>Sede Garz\u00f3n de la USCO moderniz\u00f3 su restaurante universitario -<\/title>\n<meta name=\"robots\" content=\"index, follow, max-snippet:-1, max-image-preview:large, max-video-preview:-1\" \/>\n<link rel=\"canonical\" href=\"https:\/\/luchonoticias.com\/editor\/sede-garzon-de-la-usco-modernizo-su-restaurante-universitario\/\" \/>\n<meta property=\"og:locale\" content=\"es_ES\" \/>\n<meta property=\"og:type\" content=\"article\" \/>\n<meta property=\"og:title\" content=\"Sede Garz\u00f3n de la USCO moderniz\u00f3 su restaurante universitario -\" \/>\n<meta property=\"og:url\" content=\"https:\/\/luchonoticias.com\/editor\/sede-garzon-de-la-usco-modernizo-su-restaurante-universitario\/\" \/>\n<meta property=\"article:publisher\" content=\"https:\/\/www.facebook.com\/luchonoticiasneiva\" \/>\n<meta property=\"article:published_time\" content=\"2024-02-22T12:02:49+00:00\" \/>\n<meta property=\"article:modified_time\" content=\"2024-02-22T12:02:50+00:00\" \/>\n<meta property=\"og:image\" content=\"https:\/\/luchonoticias.com\/wp-content\/uploads\/2024\/02\/WhatsApp-Image-2024-02-21-at-4.23.05-PM-2-1024x683.jpeg\" \/>\n<meta name=\"author\" content=\"Editor General\" \/>\n<meta name=\"twitter:card\" content=\"summary_large_image\" \/>\n<meta name=\"twitter:label1\" content=\"Escrito por\" \/>\n\t<meta name=\"twitter:data1\" content=\"Editor General\" \/>\n\t<meta name=\"twitter:label2\" content=\"Tiempo de lectura\" \/>\n\t<meta name=\"twitter:data2\" content=\"2 minutos\" \/>\n<script type=\"application\/ld+json\" class=\"yoast-schema-graph\">{\"@context\":\"https:\/\/schema.org\",\"@graph\":[{\"@type\":\"Article\",\"@id\":\"https:\/\/luchonoticias.com\/editor\/sede-garzon-de-la-usco-modernizo-su-restaurante-universitario\/#article\",\"isPartOf\":{\"@id\":\"https:\/\/luchonoticias.com\/editor\/sede-garzon-de-la-usco-modernizo-su-restaurante-universitario\/\"},\"author\":{\"name\":\"Editor General\",\"@id\":\"https:\/\/luchonoticias.com\/editor\/#\/schema\/person\/29217990ddf6f14e35912b2866d591fb\"},\"headline\":\"Sede Garz\u00f3n de la USCO moderniz\u00f3 su restaurante universitario\",\"datePublished\":\"2024-02-22T12:02:49+00:00\",\"dateModified\":\"2024-02-22T12:02:50+00:00\",\"mainEntityOfPage\":{\"@id\":\"https:\/\/luchonoticias.com\/editor\/sede-garzon-de-la-usco-modernizo-su-restaurante-universitario\/\"},\"wordCount\":337,\"commentCount\":0,\"publisher\":{\"@id\":\"https:\/\/luchonoticias.com\/editor\/#\/schema\/person\/7a7fd911f58561fd056dbac7b55af9cd\"},\"image\":{\"@id\":\"https:\/\/luchonoticias.com\/editor\/sede-garzon-de-la-usco-modernizo-su-restaurante-universitario\/#primaryimage\"},\"thumbnailUrl\":\"https:\/\/luchonoticias.com\/wp-content\/uploads\/2024\/02\/WhatsApp-Image-2024-02-21-at-4.23.05-PM-2-1024x683.jpeg\",\"articleSection\":[\"Destacado\",\"Local\"],\"inLanguage\":\"es\",\"potentialAction\":[{\"@type\":\"CommentAction\",\"name\":\"Comment\",\"target\":[\"https:\/\/luchonoticias.com\/editor\/sede-garzon-de-la-usco-modernizo-su-restaurante-universitario\/#respond\"]}]},{\"@type\":\"WebPage\",\"@id\":\"https:\/\/luchonoticias.com\/editor\/sede-garzon-de-la-usco-modernizo-su-restaurante-universitario\/\",\"url\":\"https:\/\/luchonoticias.com\/editor\/sede-garzon-de-la-usco-modernizo-su-restaurante-universitario\/\",\"name\":\"Sede Garz\u00f3n de la USCO moderniz\u00f3 su restaurante universitario -\",\"isPartOf\":{\"@id\":\"https:\/\/luchonoticias.com\/editor\/#website\"},\"primaryImageOfPage\":{\"@id\":\"https:\/\/luchonoticias.com\/editor\/sede-garzon-de-la-usco-modernizo-su-restaurante-universitario\/#primaryimage\"},\"image\":{\"@id\":\"https:\/\/luchonoticias.com\/editor\/sede-garzon-de-la-usco-modernizo-su-restaurante-universitario\/#primaryimage\"},\"thumbnailUrl\":\"https:\/\/luchonoticias.com\/wp-content\/uploads\/2024\/02\/WhatsApp-Image-2024-02-21-at-4.23.05-PM-2-1024x683.jpeg\",\"datePublished\":\"2024-02-22T12:02:49+00:00\",\"dateModified\":\"2024-02-22T12:02:50+00:00\",\"breadcrumb\":{\"@id\":\"https:\/\/luchonoticias.com\/editor\/sede-garzon-de-la-usco-modernizo-su-restaurante-universitario\/#breadcrumb\"},\"inLanguage\":\"es\",\"potentialAction\":[{\"@type\":\"ReadAction\",\"target\":[\"https:\/\/luchonoticias.com\/editor\/sede-garzon-de-la-usco-modernizo-su-restaurante-universitario\/\"]}]},{\"@type\":\"ImageObject\",\"inLanguage\":\"es\",\"@id\":\"https:\/\/luchonoticias.com\/editor\/sede-garzon-de-la-usco-modernizo-su-restaurante-universitario\/#primaryimage\",\"url\":\"https:\/\/luchonoticias.com\/wp-content\/uploads\/2024\/02\/WhatsApp-Image-2024-02-21-at-4.23.05-PM-2-1024x683.jpeg\",\"contentUrl\":\"https:\/\/luchonoticias.com\/wp-content\/uploads\/2024\/02\/WhatsApp-Image-2024-02-21-at-4.23.05-PM-2-1024x683.jpeg\"},{\"@type\":\"BreadcrumbList\",\"@id\":\"https:\/\/luchonoticias.com\/editor\/sede-garzon-de-la-usco-modernizo-su-restaurante-universitario\/#breadcrumb\",\"itemListElement\":[{\"@type\":\"ListItem\",\"position\":1,\"name\":\"Portada\",\"item\":\"https:\/\/luchonoticias.com\/editor\/\"},{\"@type\":\"ListItem\",\"position\":2,\"name\":\"Sede Garz\u00f3n de la USCO moderniz\u00f3 su restaurante universitario\"}]},{\"@type\":\"WebSite\",\"@id\":\"https:\/\/luchonoticias.com\/editor\/#website\",\"url\":\"https:\/\/luchonoticias.com\/editor\/\",\"name\":\"\",\"description\":\"\",\"publisher\":{\"@id\":\"https:\/\/luchonoticias.com\/editor\/#\/schema\/person\/7a7fd911f58561fd056dbac7b55af9cd\"},\"potentialAction\":[{\"@type\":\"SearchAction\",\"target\":{\"@type\":\"EntryPoint\",\"urlTemplate\":\"https:\/\/luchonoticias.com\/editor\/?s={search_term_string}\"},\"query-input\":{\"@type\":\"PropertyValueSpecification\",\"valueRequired\":true,\"valueName\":\"search_term_string\"}}],\"inLanguage\":\"es\"},{\"@type\":[\"Person\",\"Organization\"],\"@id\":\"https:\/\/luchonoticias.com\/editor\/#\/schema\/person\/7a7fd911f58561fd056dbac7b55af9cd\",\"name\":\"admin\",\"image\":{\"@type\":\"ImageObject\",\"inLanguage\":\"es\",\"@id\":\"https:\/\/luchonoticias.com\/editor\/#\/schema\/person\/image\/\",\"url\":\"https:\/\/luchonoticias.com\/editor\/wp-content\/uploads\/2024\/02\/cropped-cropped-logolu.webp\",\"contentUrl\":\"https:\/\/luchonoticias.com\/editor\/wp-content\/uploads\/2024\/02\/cropped-cropped-logolu.webp\",\"width\":382,\"height\":170,\"caption\":\"admin\"},\"logo\":{\"@id\":\"https:\/\/luchonoticias.com\/editor\/#\/schema\/person\/image\/\"},\"sameAs\":[\"https:\/\/www.facebook.com\/luchonoticiasneiva\"]},{\"@type\":\"Person\",\"@id\":\"https:\/\/luchonoticias.com\/editor\/#\/schema\/person\/29217990ddf6f14e35912b2866d591fb\",\"name\":\"Editor General\",\"image\":{\"@type\":\"ImageObject\",\"inLanguage\":\"es\",\"@id\":\"https:\/\/luchonoticias.com\/editor\/#\/schema\/person\/image\/\",\"url\":\"https:\/\/luchonoticias.com\/editor\/wp-content\/uploads\/2024\/02\/cropped-cropped-logolu-150x150.webp\",\"contentUrl\":\"https:\/\/luchonoticias.com\/editor\/wp-content\/uploads\/2024\/02\/cropped-cropped-logolu-150x150.webp\",\"caption\":\"Editor General\"},\"sameAs\":[\"https:\/\/luchonoticias.com\/\"],\"url\":\"https:\/\/luchonoticias.com\/editor\/author\/editor-general\/\"}]}<\/script>\n<!-- \/ Yoast SEO plugin. -->","yoast_head_json":{"title":"Sede Garz\u00f3n de la USCO moderniz\u00f3 su restaurante universitario -","robots":{"index":"index","follow":"follow","max-snippet":"max-snippet:-1","max-image-preview":"max-image-preview:large","max-video-preview":"max-video-preview:-1"},"canonical":"https:\/\/luchonoticias.com\/editor\/sede-garzon-de-la-usco-modernizo-su-restaurante-universitario\/","og_locale":"es_ES","og_type":"article","og_title":"Sede Garz\u00f3n de la USCO moderniz\u00f3 su restaurante universitario -","og_url":"https:\/\/luchonoticias.com\/editor\/sede-garzon-de-la-usco-modernizo-su-restaurante-universitario\/","article_publisher":"https:\/\/www.facebook.com\/luchonoticiasneiva","article_published_time":"2024-02-22T12:02:49+00:00","article_modified_time":"2024-02-22T12:02:50+00:00","og_image":[{"url":"https:\/\/luchonoticias.com\/wp-content\/uploads\/2024\/02\/WhatsApp-Image-2024-02-21-at-4.23.05-PM-2-1024x683.jpeg","type":"","width":"","height":""}],"author":"Editor General","twitter_card":"summary_large_image","twitter_misc":{"Escrito por":"Editor General","Tiempo de lectura":"2 minutos"},"schema":{"@context":"https:\/\/schema.org","@graph":[{"@type":"Article","@id":"https:\/\/luchonoticias.com\/editor\/sede-garzon-de-la-usco-modernizo-su-restaurante-universitario\/#article","isPartOf":{"@id":"https:\/\/luchonoticias.com\/editor\/sede-garzon-de-la-usco-modernizo-su-restaurante-universitario\/"},"author":{"name":"Editor General","@id":"https:\/\/luchonoticias.com\/editor\/#\/schema\/person\/29217990ddf6f14e35912b2866d591fb"},"headline":"Sede Garz\u00f3n de la USCO moderniz\u00f3 su restaurante universitario","datePublished":"2024-02-22T12:02:49+00:00","dateModified":"2024-02-22T12:02:50+00:00","mainEntityOfPage":{"@id":"https:\/\/luchonoticias.com\/editor\/sede-garzon-de-la-usco-modernizo-su-restaurante-universitario\/"},"wordCount":337,"commentCount":0,"publisher":{"@id":"https:\/\/luchonoticias.com\/editor\/#\/schema\/person\/7a7fd911f58561fd056dbac7b55af9cd"},"image":{"@id":"https:\/\/luchonoticias.com\/editor\/sede-garzon-de-la-usco-modernizo-su-restaurante-universitario\/#primaryimage"},"thumbnailUrl":"https:\/\/luchonoticias.com\/wp-content\/uploads\/2024\/02\/WhatsApp-Image-2024-02-21-at-4.23.05-PM-2-1024x683.jpeg","articleSection":["Destacado","Local"],"inLanguage":"es","potentialAction":[{"@type":"CommentAction","name":"Comment","target":["https:\/\/luchonoticias.com\/editor\/sede-garzon-de-la-usco-modernizo-su-restaurante-universitario\/#respond"]}]},{"@type":"WebPage","@id":"https:\/\/luchonoticias.com\/editor\/sede-garzon-de-la-usco-modernizo-su-restaurante-universitario\/","url":"https:\/\/luchonoticias.com\/editor\/sede-garzon-de-la-usco-modernizo-su-restaurante-universitario\/","name":"Sede Garz\u00f3n de la USCO moderniz\u00f3 su restaurante universitario -","isPartOf":{"@id":"https:\/\/luchonoticias.com\/editor\/#website"},"primaryImageOfPage":{"@id":"https:\/\/luchonoticias.com\/editor\/sede-garzon-de-la-usco-modernizo-su-restaurante-universitario\/#primaryimage"},"image":{"@id":"https:\/\/luchonoticias.com\/editor\/sede-garzon-de-la-usco-modernizo-su-restaurante-universitario\/#primaryimage"},"thumbnailUrl":"https:\/\/luchonoticias.com\/wp-content\/uploads\/2024\/02\/WhatsApp-Image-2024-02-21-at-4.23.05-PM-2-1024x683.jpeg","datePublished":"2024-02-22T12:02:49+00:00","dateModified":"2024-02-22T12:02:50+00:00","breadcrumb":{"@id":"https:\/\/luchonoticias.com\/editor\/sede-garzon-de-la-usco-modernizo-su-restaurante-universitario\/#breadcrumb"},"inLanguage":"es","potentialAction":[{"@type":"ReadAction","target":["https:\/\/luchonoticias.com\/editor\/sede-garzon-de-la-usco-modernizo-su-restaurante-universitario\/"]}]},{"@type":"ImageObject","inLanguage":"es","@id":"https:\/\/luchonoticias.com\/editor\/sede-garzon-de-la-usco-modernizo-su-restaurante-universitario\/#primaryimage","url":"https:\/\/luchonoticias.com\/wp-content\/uploads\/2024\/02\/WhatsApp-Image-2024-02-21-at-4.23.05-PM-2-1024x683.jpeg","contentUrl":"https:\/\/luchonoticias.com\/wp-content\/uploads\/2024\/02\/WhatsApp-Image-2024-02-21-at-4.23.05-PM-2-1024x683.jpeg"},{"@type":"BreadcrumbList","@id":"https:\/\/luchonoticias.com\/editor\/sede-garzon-de-la-usco-modernizo-su-restaurante-universitario\/#breadcrumb","itemListElement":[{"@type":"ListItem","position":1,"name":"Portada","item":"https:\/\/luchonoticias.com\/editor\/"},{"@type":"ListItem","position":2,"name":"Sede Garz\u00f3n de la USCO moderniz\u00f3 su restaurante universitario"}]},{"@type":"WebSite","@id":"https:\/\/luchonoticias.com\/editor\/#website","url":"https:\/\/luchonoticias.com\/editor\/","name":"","description":"","publisher":{"@id":"https:\/\/luchonoticias.com\/editor\/#\/schema\/person\/7a7fd911f58561fd056dbac7b55af9cd"},"potentialAction":[{"@type":"SearchAction","target":{"@type":"EntryPoint","urlTemplate":"https:\/\/luchonoticias.com\/editor\/?s={search_term_string}"},"query-input":{"@type":"PropertyValueSpecification","valueRequired":true,"valueName":"search_term_string"}}],"inLanguage":"es"},{"@type":["Person","Organization"],"@id":"https:\/\/luchonoticias.com\/editor\/#\/schema\/person\/7a7fd911f58561fd056dbac7b55af9cd","name":"admin","image":{"@type":"ImageObject","inLanguage":"es","@id":"https:\/\/luchonoticias.com\/editor\/#\/schema\/person\/image\/","url":"https:\/\/luchonoticias.com\/editor\/wp-content\/uploads\/2024\/02\/cropped-cropped-logolu.webp","contentUrl":"https:\/\/luchonoticias.com\/editor\/wp-content\/uploads\/2024\/02\/cropped-cropped-logolu.webp","width":382,"height":170,"caption":"admin"},"logo":{"@id":"https:\/\/luchonoticias.com\/editor\/#\/schema\/person\/image\/"},"sameAs":["https:\/\/www.facebook.com\/luchonoticiasneiva"]},{"@type":"Person","@id":"https:\/\/luchonoticias.com\/editor\/#\/schema\/person\/29217990ddf6f14e35912b2866d591fb","name":"Editor General","image":{"@type":"ImageObject","inLanguage":"es","@id":"https:\/\/luchonoticias.com\/editor\/#\/schema\/person\/image\/","url":"https:\/\/luchonoticias.com\/editor\/wp-content\/uploads\/2024\/02\/cropped-cropped-logolu-150x150.webp","contentUrl":"https:\/\/luchonoticias.com\/editor\/wp-content\/uploads\/2024\/02\/cropped-cropped-logolu-150x150.webp","caption":"Editor General"},"sameAs":["https:\/\/luchonoticias.com\/"],"url":"https:\/\/luchonoticias.com\/editor\/author\/editor-general\/"}]}},"_links":{"self":[{"href":"https:\/\/luchonoticias.com\/editor\/wp-json\/wp\/v2\/posts\/69255","targetHints":{"allow":["GET"]}}],"collection":[{"href":"https:\/\/luchonoticias.com\/editor\/wp-json\/wp\/v2\/posts"}],"about":[{"href":"https:\/\/luchonoticias.com\/editor\/wp-json\/wp\/v2\/types\/post"}],"author":[{"embeddable":true,"href":"https:\/\/luchonoticias.com\/editor\/wp-json\/wp\/v2\/users\/2"}],"replies":[{"embeddable":true,"href":"https:\/\/luchonoticias.com\/editor\/wp-json\/wp\/v2\/comments?post=69255"}],"version-history":[{"count":0,"href":"https:\/\/luchonoticias.com\/editor\/wp-json\/wp\/v2\/posts\/69255\/revisions"}],"wp:attachment":[{"href":"https:\/\/luchonoticias.com\/editor\/wp-json\/wp\/v2\/media?parent=69255"}],"wp:term":[{"taxonomy":"category","embeddable":true,"href":"https:\/\/luchonoticias.com\/editor\/wp-json\/wp\/v2\/categories?post=69255"},{"taxonomy":"post_tag","embeddable":true,"href":"https:\/\/luchonoticias.com\/editor\/wp-json\/wp\/v2\/tags?post=69255"}],"curies":[{"name":"wp","href":"https:\/\/api.w.org\/{rel}","templated":true}]}}