{"id":69262,"date":"2024-02-22T07:06:16","date_gmt":"2024-02-22T12:06:16","guid":{"rendered":"https:\/\/luchonoticias.com\/?p=69262"},"modified":"2024-02-22T07:06:17","modified_gmt":"2024-02-22T12:06:17","slug":"por-ecocidio-fue-capturado-en-flagrancia-un-hombre-en-huila","status":"publish","type":"post","link":"https:\/\/luchonoticias.com\/editor\/por-ecocidio-fue-capturado-en-flagrancia-un-hombre-en-huila\/","title":{"rendered":"Por ecocidio fue capturado en flagrancia un hombre en Huila"},"content":{"rendered":"\n<p>La Polic\u00eda Nacional captur\u00f3 en N\u00e1taga Huila a un sujeto se\u00f1alado de iniciar un incendio forestal, la conflagraci\u00f3n habr\u00eda consumido varias hect\u00e1reas de bosque tropical y afectado dos fuentes h\u00eddricas o nacederos de agua que abastecen a las veredas del municipio del preciado l\u00edquido.<\/p>\n\n\n\n<p>La comunidad de la Vereda &#8216;El Socorro&#8217; dio aviso a la Polic\u00eda Nacional luego que un sujeto prendiera fuego a varias hect\u00e1reas de bosque, la conflagraci\u00f3n se habr\u00eda iniciado luego que este hombre tratara de realizar una supuesta quema controlada de un terreno para la siembra de caf\u00e9.<\/p>\n\n\n\n<p>De acuerdo con la investigaci\u00f3n inicial, el fuego se hizo incontrolable y desbord\u00f3 la capacidad de este individuo para apagarlo por lo que la comunidad de las veredas se arm\u00f3 de ramas, palas y picas para tratar de extinguir las llamas que afectaron dos fuentes h\u00eddricas o nacederos de agua y varias hect\u00e1reas de bosque.<\/p>\n\n\n\n<p>El coronel William Javier Lara Avenda\u00f1o asegur\u00f3 que el mismo alcalde del municipio, el Dr Jos\u00e9 Adelmo Lievano Yucuma con uniformados de la estaci\u00f3n de Polic\u00eda y personal de socorro acudieron al llamado ciudadano donde por se\u00f1alamientos de la gente se logr\u00f3 la captura del presunto infractor que tendr\u00e1 que responder por ecocidio.<\/p>\n\n\n\n<p>A su vez, la comunidad de la mano con la polic\u00eda y los funcionarios de la administraci\u00f3n municipal extinguieron las llamas que dej\u00f3 varias hect\u00e1reas de bosque incinerado, a esta hora la Corporaci\u00f3n Aut\u00f3noma Regional del Alto Magdalena CAM eval\u00faa los da\u00f1os al ecosistema causado por este ciudadano que no acat\u00f3 las medidas tomadas por las autoridades durante el fen\u00f3meno del ni\u00f1o para evitar los incendios forestales.<\/p>\n","protected":false},"excerpt":{"rendered":"<p>La Polic\u00eda Nacional captur\u00f3 en N\u00e1taga Huila a un sujeto se\u00f1alado de iniciar un incendio forestal, la conflagraci\u00f3n habr\u00eda consumido varias hect\u00e1reas de bosque tropical y afectado dos fuentes h\u00eddricas o nacederos de agua que abastecen a las veredas del municipio del preciado l\u00edquido. La comunidad de la Vereda &#8216;El Socorro&#8217; dio aviso a la [&hellip;]<\/p>\n","protected":false},"author":2,"featured_media":0,"comment_status":"open","ping_status":"open","sticky":false,"template":"","format":"standard","meta":{"footnotes":""},"categories":[36,29],"tags":[],"class_list":["post-69262","post","type-post","status-publish","format-standard","hentry","category-destacado","category-judicial"],"yoast_head":"<!-- This site is optimized with the Yoast SEO plugin v26.6 - https:\/\/yoast.com\/wordpress\/plugins\/seo\/ -->\n<title>Por ecocidio fue capturado en flagrancia un hombre en Huila -<\/title>\n<meta name=\"robots\" content=\"index, follow, max-snippet:-1, max-image-preview:large, max-video-preview:-1\" \/>\n<link rel=\"canonical\" href=\"https:\/\/luchonoticias.com\/editor\/por-ecocidio-fue-capturado-en-flagrancia-un-hombre-en-huila\/\" \/>\n<meta property=\"og:locale\" content=\"es_ES\" \/>\n<meta property=\"og:type\" content=\"article\" \/>\n<meta property=\"og:title\" content=\"Por ecocidio fue capturado en flagrancia un hombre en Huila -\" \/>\n<meta property=\"og:url\" content=\"https:\/\/luchonoticias.com\/editor\/por-ecocidio-fue-capturado-en-flagrancia-un-hombre-en-huila\/\" \/>\n<meta property=\"article:publisher\" content=\"https:\/\/www.facebook.com\/luchonoticiasneiva\" \/>\n<meta property=\"article:published_time\" content=\"2024-02-22T12:06:16+00:00\" \/>\n<meta property=\"article:modified_time\" content=\"2024-02-22T12:06:17+00:00\" \/>\n<meta name=\"author\" content=\"Editor General\" \/>\n<meta name=\"twitter:card\" content=\"summary_large_image\" \/>\n<meta name=\"twitter:label1\" content=\"Escrito por\" \/>\n\t<meta name=\"twitter:data1\" content=\"Editor General\" \/>\n\t<meta name=\"twitter:label2\" content=\"Tiempo de lectura\" \/>\n\t<meta name=\"twitter:data2\" content=\"1 minuto\" \/>\n<script type=\"application\/ld+json\" class=\"yoast-schema-graph\">{\"@context\":\"https:\/\/schema.org\",\"@graph\":[{\"@type\":\"Article\",\"@id\":\"https:\/\/luchonoticias.com\/editor\/por-ecocidio-fue-capturado-en-flagrancia-un-hombre-en-huila\/#article\",\"isPartOf\":{\"@id\":\"https:\/\/luchonoticias.com\/editor\/por-ecocidio-fue-capturado-en-flagrancia-un-hombre-en-huila\/\"},\"author\":{\"name\":\"Editor General\",\"@id\":\"https:\/\/luchonoticias.com\/editor\/#\/schema\/person\/29217990ddf6f14e35912b2866d591fb\"},\"headline\":\"Por ecocidio fue capturado en flagrancia un hombre en Huila\",\"datePublished\":\"2024-02-22T12:06:16+00:00\",\"dateModified\":\"2024-02-22T12:06:17+00:00\",\"mainEntityOfPage\":{\"@id\":\"https:\/\/luchonoticias.com\/editor\/por-ecocidio-fue-capturado-en-flagrancia-un-hombre-en-huila\/\"},\"wordCount\":305,\"commentCount\":0,\"publisher\":{\"@id\":\"https:\/\/luchonoticias.com\/editor\/#\/schema\/person\/7a7fd911f58561fd056dbac7b55af9cd\"},\"articleSection\":[\"Destacado\",\"Judicial\"],\"inLanguage\":\"es\",\"potentialAction\":[{\"@type\":\"CommentAction\",\"name\":\"Comment\",\"target\":[\"https:\/\/luchonoticias.com\/editor\/por-ecocidio-fue-capturado-en-flagrancia-un-hombre-en-huila\/#respond\"]}]},{\"@type\":\"WebPage\",\"@id\":\"https:\/\/luchonoticias.com\/editor\/por-ecocidio-fue-capturado-en-flagrancia-un-hombre-en-huila\/\",\"url\":\"https:\/\/luchonoticias.com\/editor\/por-ecocidio-fue-capturado-en-flagrancia-un-hombre-en-huila\/\",\"name\":\"Por ecocidio fue capturado en flagrancia un hombre en Huila -\",\"isPartOf\":{\"@id\":\"https:\/\/luchonoticias.com\/editor\/#website\"},\"datePublished\":\"2024-02-22T12:06:16+00:00\",\"dateModified\":\"2024-02-22T12:06:17+00:00\",\"breadcrumb\":{\"@id\":\"https:\/\/luchonoticias.com\/editor\/por-ecocidio-fue-capturado-en-flagrancia-un-hombre-en-huila\/#breadcrumb\"},\"inLanguage\":\"es\",\"potentialAction\":[{\"@type\":\"ReadAction\",\"target\":[\"https:\/\/luchonoticias.com\/editor\/por-ecocidio-fue-capturado-en-flagrancia-un-hombre-en-huila\/\"]}]},{\"@type\":\"BreadcrumbList\",\"@id\":\"https:\/\/luchonoticias.com\/editor\/por-ecocidio-fue-capturado-en-flagrancia-un-hombre-en-huila\/#breadcrumb\",\"itemListElement\":[{\"@type\":\"ListItem\",\"position\":1,\"name\":\"Portada\",\"item\":\"https:\/\/luchonoticias.com\/editor\/\"},{\"@type\":\"ListItem\",\"position\":2,\"name\":\"Por ecocidio fue capturado en flagrancia un hombre en Huila\"}]},{\"@type\":\"WebSite\",\"@id\":\"https:\/\/luchonoticias.com\/editor\/#website\",\"url\":\"https:\/\/luchonoticias.com\/editor\/\",\"name\":\"\",\"description\":\"\",\"publisher\":{\"@id\":\"https:\/\/luchonoticias.com\/editor\/#\/schema\/person\/7a7fd911f58561fd056dbac7b55af9cd\"},\"potentialAction\":[{\"@type\":\"SearchAction\",\"target\":{\"@type\":\"EntryPoint\",\"urlTemplate\":\"https:\/\/luchonoticias.com\/editor\/?s={search_term_string}\"},\"query-input\":{\"@type\":\"PropertyValueSpecification\",\"valueRequired\":true,\"valueName\":\"search_term_string\"}}],\"inLanguage\":\"es\"},{\"@type\":[\"Person\",\"Organization\"],\"@id\":\"https:\/\/luchonoticias.com\/editor\/#\/schema\/person\/7a7fd911f58561fd056dbac7b55af9cd\",\"name\":\"admin\",\"image\":{\"@type\":\"ImageObject\",\"inLanguage\":\"es\",\"@id\":\"https:\/\/luchonoticias.com\/editor\/#\/schema\/person\/image\/\",\"url\":\"https:\/\/luchonoticias.com\/editor\/wp-content\/uploads\/2024\/02\/cropped-cropped-logolu.webp\",\"contentUrl\":\"https:\/\/luchonoticias.com\/editor\/wp-content\/uploads\/2024\/02\/cropped-cropped-logolu.webp\",\"width\":382,\"height\":170,\"caption\":\"admin\"},\"logo\":{\"@id\":\"https:\/\/luchonoticias.com\/editor\/#\/schema\/person\/image\/\"},\"sameAs\":[\"https:\/\/www.facebook.com\/luchonoticiasneiva\"]},{\"@type\":\"Person\",\"@id\":\"https:\/\/luchonoticias.com\/editor\/#\/schema\/person\/29217990ddf6f14e35912b2866d591fb\",\"name\":\"Editor General\",\"image\":{\"@type\":\"ImageObject\",\"inLanguage\":\"es\",\"@id\":\"https:\/\/luchonoticias.com\/editor\/#\/schema\/person\/image\/\",\"url\":\"https:\/\/luchonoticias.com\/editor\/wp-content\/uploads\/2024\/02\/cropped-cropped-logolu-150x150.webp\",\"contentUrl\":\"https:\/\/luchonoticias.com\/editor\/wp-content\/uploads\/2024\/02\/cropped-cropped-logolu-150x150.webp\",\"caption\":\"Editor General\"},\"sameAs\":[\"https:\/\/luchonoticias.com\/\"],\"url\":\"https:\/\/luchonoticias.com\/editor\/author\/editor-general\/\"}]}<\/script>\n<!-- \/ Yoast SEO plugin. -->","yoast_head_json":{"title":"Por ecocidio fue capturado en flagrancia un hombre en Huila -","robots":{"index":"index","follow":"follow","max-snippet":"max-snippet:-1","max-image-preview":"max-image-preview:large","max-video-preview":"max-video-preview:-1"},"canonical":"https:\/\/luchonoticias.com\/editor\/por-ecocidio-fue-capturado-en-flagrancia-un-hombre-en-huila\/","og_locale":"es_ES","og_type":"article","og_title":"Por ecocidio fue capturado en flagrancia un hombre en Huila -","og_url":"https:\/\/luchonoticias.com\/editor\/por-ecocidio-fue-capturado-en-flagrancia-un-hombre-en-huila\/","article_publisher":"https:\/\/www.facebook.com\/luchonoticiasneiva","article_published_time":"2024-02-22T12:06:16+00:00","article_modified_time":"2024-02-22T12:06:17+00:00","author":"Editor General","twitter_card":"summary_large_image","twitter_misc":{"Escrito por":"Editor General","Tiempo de lectura":"1 minuto"},"schema":{"@context":"https:\/\/schema.org","@graph":[{"@type":"Article","@id":"https:\/\/luchonoticias.com\/editor\/por-ecocidio-fue-capturado-en-flagrancia-un-hombre-en-huila\/#article","isPartOf":{"@id":"https:\/\/luchonoticias.com\/editor\/por-ecocidio-fue-capturado-en-flagrancia-un-hombre-en-huila\/"},"author":{"name":"Editor General","@id":"https:\/\/luchonoticias.com\/editor\/#\/schema\/person\/29217990ddf6f14e35912b2866d591fb"},"headline":"Por ecocidio fue capturado en flagrancia un hombre en Huila","datePublished":"2024-02-22T12:06:16+00:00","dateModified":"2024-02-22T12:06:17+00:00","mainEntityOfPage":{"@id":"https:\/\/luchonoticias.com\/editor\/por-ecocidio-fue-capturado-en-flagrancia-un-hombre-en-huila\/"},"wordCount":305,"commentCount":0,"publisher":{"@id":"https:\/\/luchonoticias.com\/editor\/#\/schema\/person\/7a7fd911f58561fd056dbac7b55af9cd"},"articleSection":["Destacado","Judicial"],"inLanguage":"es","potentialAction":[{"@type":"CommentAction","name":"Comment","target":["https:\/\/luchonoticias.com\/editor\/por-ecocidio-fue-capturado-en-flagrancia-un-hombre-en-huila\/#respond"]}]},{"@type":"WebPage","@id":"https:\/\/luchonoticias.com\/editor\/por-ecocidio-fue-capturado-en-flagrancia-un-hombre-en-huila\/","url":"https:\/\/luchonoticias.com\/editor\/por-ecocidio-fue-capturado-en-flagrancia-un-hombre-en-huila\/","name":"Por ecocidio fue capturado en flagrancia un hombre en Huila -","isPartOf":{"@id":"https:\/\/luchonoticias.com\/editor\/#website"},"datePublished":"2024-02-22T12:06:16+00:00","dateModified":"2024-02-22T12:06:17+00:00","breadcrumb":{"@id":"https:\/\/luchonoticias.com\/editor\/por-ecocidio-fue-capturado-en-flagrancia-un-hombre-en-huila\/#breadcrumb"},"inLanguage":"es","potentialAction":[{"@type":"ReadAction","target":["https:\/\/luchonoticias.com\/editor\/por-ecocidio-fue-capturado-en-flagrancia-un-hombre-en-huila\/"]}]},{"@type":"BreadcrumbList","@id":"https:\/\/luchonoticias.com\/editor\/por-ecocidio-fue-capturado-en-flagrancia-un-hombre-en-huila\/#breadcrumb","itemListElement":[{"@type":"ListItem","position":1,"name":"Portada","item":"https:\/\/luchonoticias.com\/editor\/"},{"@type":"ListItem","position":2,"name":"Por ecocidio fue capturado en flagrancia un hombre en Huila"}]},{"@type":"WebSite","@id":"https:\/\/luchonoticias.com\/editor\/#website","url":"https:\/\/luchonoticias.com\/editor\/","name":"","description":"","publisher":{"@id":"https:\/\/luchonoticias.com\/editor\/#\/schema\/person\/7a7fd911f58561fd056dbac7b55af9cd"},"potentialAction":[{"@type":"SearchAction","target":{"@type":"EntryPoint","urlTemplate":"https:\/\/luchonoticias.com\/editor\/?s={search_term_string}"},"query-input":{"@type":"PropertyValueSpecification","valueRequired":true,"valueName":"search_term_string"}}],"inLanguage":"es"},{"@type":["Person","Organization"],"@id":"https:\/\/luchonoticias.com\/editor\/#\/schema\/person\/7a7fd911f58561fd056dbac7b55af9cd","name":"admin","image":{"@type":"ImageObject","inLanguage":"es","@id":"https:\/\/luchonoticias.com\/editor\/#\/schema\/person\/image\/","url":"https:\/\/luchonoticias.com\/editor\/wp-content\/uploads\/2024\/02\/cropped-cropped-logolu.webp","contentUrl":"https:\/\/luchonoticias.com\/editor\/wp-content\/uploads\/2024\/02\/cropped-cropped-logolu.webp","width":382,"height":170,"caption":"admin"},"logo":{"@id":"https:\/\/luchonoticias.com\/editor\/#\/schema\/person\/image\/"},"sameAs":["https:\/\/www.facebook.com\/luchonoticiasneiva"]},{"@type":"Person","@id":"https:\/\/luchonoticias.com\/editor\/#\/schema\/person\/29217990ddf6f14e35912b2866d591fb","name":"Editor General","image":{"@type":"ImageObject","inLanguage":"es","@id":"https:\/\/luchonoticias.com\/editor\/#\/schema\/person\/image\/","url":"https:\/\/luchonoticias.com\/editor\/wp-content\/uploads\/2024\/02\/cropped-cropped-logolu-150x150.webp","contentUrl":"https:\/\/luchonoticias.com\/editor\/wp-content\/uploads\/2024\/02\/cropped-cropped-logolu-150x150.webp","caption":"Editor General"},"sameAs":["https:\/\/luchonoticias.com\/"],"url":"https:\/\/luchonoticias.com\/editor\/author\/editor-general\/"}]}},"_links":{"self":[{"href":"https:\/\/luchonoticias.com\/editor\/wp-json\/wp\/v2\/posts\/69262","targetHints":{"allow":["GET"]}}],"collection":[{"href":"https:\/\/luchonoticias.com\/editor\/wp-json\/wp\/v2\/posts"}],"about":[{"href":"https:\/\/luchonoticias.com\/editor\/wp-json\/wp\/v2\/types\/post"}],"author":[{"embeddable":true,"href":"https:\/\/luchonoticias.com\/editor\/wp-json\/wp\/v2\/users\/2"}],"replies":[{"embeddable":true,"href":"https:\/\/luchonoticias.com\/editor\/wp-json\/wp\/v2\/comments?post=69262"}],"version-history":[{"count":0,"href":"https:\/\/luchonoticias.com\/editor\/wp-json\/wp\/v2\/posts\/69262\/revisions"}],"wp:attachment":[{"href":"https:\/\/luchonoticias.com\/editor\/wp-json\/wp\/v2\/media?parent=69262"}],"wp:term":[{"taxonomy":"category","embeddable":true,"href":"https:\/\/luchonoticias.com\/editor\/wp-json\/wp\/v2\/categories?post=69262"},{"taxonomy":"post_tag","embeddable":true,"href":"https:\/\/luchonoticias.com\/editor\/wp-json\/wp\/v2\/tags?post=69262"}],"curies":[{"name":"wp","href":"https:\/\/api.w.org\/{rel}","templated":true}]}}