{"id":69265,"date":"2024-02-22T07:09:06","date_gmt":"2024-02-22T12:09:06","guid":{"rendered":"https:\/\/luchonoticias.com\/?p=69265"},"modified":"2024-02-22T07:09:07","modified_gmt":"2024-02-22T12:09:07","slug":"amnistias-concedidas-a-9-600-firmantes-de-paz-en-2017-y-2018-fueron-comunicadas-por-la-jep","status":"publish","type":"post","link":"https:\/\/luchonoticias.com\/editor\/amnistias-concedidas-a-9-600-firmantes-de-paz-en-2017-y-2018-fueron-comunicadas-por-la-jep\/","title":{"rendered":"Amnist\u00edas concedidas a 9.600 firmantes de paz en 2017 y 2018 fueron comunicadas por la JEP"},"content":{"rendered":"\n<p>En un trabajo conjunto, la Jurisdicci\u00f3n Especial para la Paz (JEP), la Oficina del Alto Comisionado para la Paz y la Agencia para la Reincorporaci\u00f3n y la Normalizaci\u00f3n (ARN), recopilaron y comunicaron los nueve decretos del Gobierno, que concedieron la amnist\u00eda de iure (por los delitos pol\u00edticos y conexos) a 9.600 firmantes del Acuerdo Final de Paz, entre junio de 2017 y julio de 2018.<\/p>\n\n\n\n<p>Este mi\u00e9rcoles, la JEP hizo un acto p\u00fablico para comunicar este beneficio jur\u00eddico que elimina la responsabilidad penal por delitos pol\u00edticos a los antiguos integrantes de las extintas Farc-EP, ofreci\u00e9ndoles claridad sobre su estatus legal y facilitando su reincorporaci\u00f3n a la sociedad.<\/p>\n\n\n\n<p>\u201cQue los antiguos integrantes de las extintas Farc-EP tengan claridad sobre su estatus legal, facilita su reincorporaci\u00f3n a la sociedad, evita la congesti\u00f3n judicial y permite darle un enfoque m\u00e1s eficiente al trabajo de la JEP, dirigiendo sus esfuerzos hacia los casos m\u00e1s representativos en los que existen graves responsabilidades\u201d, inform\u00f3 la JEP en un comunicado.<\/p>\n\n\n\n<p>La recopilaci\u00f3n de los nueve decretos comenz\u00f3 en septiembre de 2023, en un trabajo liderado por la Sala de Amnist\u00eda o Indulto de la JEP, en coordinaci\u00f3n con la Oficina del Alto Comisionado para la Paz, la Agencia para la Reincorporaci\u00f3n y la Normalizaci\u00f3n, y el apoyo del Programa de las Naciones Unidas para el Desarrollo (PNUD).<\/p>\n\n\n\n<p>Seg\u00fan la directora general de la ARN, Alejandra Miller, \u201cson m\u00e1s de 9.000 familias a las que se les afirma el camino de la democracia y la paz. Ese es el impacto m\u00e1s importante de esta comunicaci\u00f3n de amnist\u00eda. Es un mensaje poderoso para las negociaciones en ciernes, porque es un mensaje de confianza y de esperanza en la justicia\u201d.<\/p>\n\n\n\n<p>Este beneficio jur\u00eddico subsana algunas de las barreras legales que les permiten a los firmantes de paz avanzar en el proceso de reincorporaci\u00f3n, como lo explica Miller.<\/p>\n\n\n\n<p>\u201cSabemos las barreras que tienen los firmantes a la hora de acceder a su proceso de reincorporaci\u00f3n econ\u00f3mica con sus condiciones, y el no tener clara su situaci\u00f3n jur\u00eddica les impide cosas b\u00e1sicas, como abrir una cuenta de ahorros, acceder a un cr\u00e9dito, entre otras. En buena hora tenemos estas amnist\u00edas que nos permitir\u00e1 afianzar su proceso de reincorporaci\u00f3n\u201d, expres\u00f3 la directora.<\/p>\n\n\n\n<p>Adem\u00e1s del acto p\u00fablico de comunicaci\u00f3n que se celebr\u00f3 este mi\u00e9rcoles, la JEP habilit\u00f3 una plataforma digital para que cada firmante del Acuerdo Final de Paz descargue, en formato PDF, el decreto presidencial donde se le concedi\u00f3 la amnist\u00eda.<\/p>\n\n\n\n<p>Los firmantes de paz interesados en consultar y descargar su decreto y certificaci\u00f3n de amnist\u00eda de iure deben registrarse previamente en la p\u00e1gina web: https:\/\/decretosamnistias.jep.gov.co<\/p>\n\n\n\n<p>Los nueve decretos tambi\u00e9n se comunicar\u00e1n personalmente a los exintegrantes de las Farc-EP por parte de la ARN y miembros de la Sala de Amnist\u00eda o Indulto de la JEP, quienes viajar\u00e1n a los antiguos Espacios Territoriales de Capacitaci\u00f3n y Reincorporaci\u00f3n (ETCR), para notificar a los firmantes del acuerdo que fueron cobijados por estas amnist\u00edas.<\/p>\n\n\n\n<p>Para el caso de los antiguos miembros de la desaparecida guerrilla que no fueron amnistiados y no han sido seleccionados como m\u00e1ximos responsables de los graves cr\u00edmenes, ser\u00e1 la Sala de Amnist\u00eda o Indulto la que se encargue de definir su situaci\u00f3n jur\u00eddica.<\/p>\n\n\n\n<p>Seg\u00fan el art\u00edculo 15 de la Ley 1820 de 2016, las amnist\u00edas de iure se conceden \u201cpor los delitos pol\u00edticos de rebeli\u00f3n, sedici\u00f3n, asonada, conspiraci\u00f3n y seducci\u00f3n, usurpaci\u00f3n y retenci\u00f3n ilegal de mando y los delitos que son conexos con estos de conformidad con esta ley, a quienes hayan incurrido en ellos\u201d.<\/p>\n","protected":false},"excerpt":{"rendered":"<p>En un trabajo conjunto, la Jurisdicci\u00f3n Especial para la Paz (JEP), la Oficina del Alto Comisionado para la Paz y la Agencia para la Reincorporaci\u00f3n y la Normalizaci\u00f3n (ARN), recopilaron y comunicaron los nueve decretos del Gobierno, que concedieron la amnist\u00eda de iure (por los delitos pol\u00edticos y conexos) a 9.600 firmantes del Acuerdo Final [&hellip;]<\/p>\n","protected":false},"author":2,"featured_media":0,"comment_status":"open","ping_status":"open","sticky":false,"template":"","format":"standard","meta":{"footnotes":""},"categories":[36,32],"tags":[],"class_list":["post-69265","post","type-post","status-publish","format-standard","hentry","category-destacado","category-nacional"],"yoast_head":"<!-- This site is optimized with the Yoast SEO plugin v26.6 - https:\/\/yoast.com\/wordpress\/plugins\/seo\/ -->\n<title>Amnist\u00edas concedidas a 9.600 firmantes de paz en 2017 y 2018 fueron comunicadas por la JEP -<\/title>\n<meta name=\"robots\" content=\"index, follow, max-snippet:-1, max-image-preview:large, max-video-preview:-1\" \/>\n<link rel=\"canonical\" href=\"https:\/\/luchonoticias.com\/editor\/amnistias-concedidas-a-9-600-firmantes-de-paz-en-2017-y-2018-fueron-comunicadas-por-la-jep\/\" \/>\n<meta property=\"og:locale\" content=\"es_ES\" \/>\n<meta property=\"og:type\" content=\"article\" \/>\n<meta property=\"og:title\" content=\"Amnist\u00edas concedidas a 9.600 firmantes de paz en 2017 y 2018 fueron comunicadas por la JEP -\" \/>\n<meta property=\"og:url\" content=\"https:\/\/luchonoticias.com\/editor\/amnistias-concedidas-a-9-600-firmantes-de-paz-en-2017-y-2018-fueron-comunicadas-por-la-jep\/\" \/>\n<meta property=\"article:publisher\" content=\"https:\/\/www.facebook.com\/luchonoticiasneiva\" \/>\n<meta property=\"article:published_time\" content=\"2024-02-22T12:09:06+00:00\" \/>\n<meta property=\"article:modified_time\" content=\"2024-02-22T12:09:07+00:00\" \/>\n<meta name=\"author\" content=\"Editor General\" \/>\n<meta name=\"twitter:card\" content=\"summary_large_image\" \/>\n<meta name=\"twitter:label1\" content=\"Escrito por\" \/>\n\t<meta name=\"twitter:data1\" content=\"Editor General\" \/>\n\t<meta name=\"twitter:label2\" content=\"Tiempo de lectura\" \/>\n\t<meta name=\"twitter:data2\" content=\"3 minutos\" \/>\n<script type=\"application\/ld+json\" class=\"yoast-schema-graph\">{\"@context\":\"https:\/\/schema.org\",\"@graph\":[{\"@type\":\"Article\",\"@id\":\"https:\/\/luchonoticias.com\/editor\/amnistias-concedidas-a-9-600-firmantes-de-paz-en-2017-y-2018-fueron-comunicadas-por-la-jep\/#article\",\"isPartOf\":{\"@id\":\"https:\/\/luchonoticias.com\/editor\/amnistias-concedidas-a-9-600-firmantes-de-paz-en-2017-y-2018-fueron-comunicadas-por-la-jep\/\"},\"author\":{\"name\":\"Editor General\",\"@id\":\"https:\/\/luchonoticias.com\/editor\/#\/schema\/person\/29217990ddf6f14e35912b2866d591fb\"},\"headline\":\"Amnist\u00edas concedidas a 9.600 firmantes de paz en 2017 y 2018 fueron comunicadas por la JEP\",\"datePublished\":\"2024-02-22T12:09:06+00:00\",\"dateModified\":\"2024-02-22T12:09:07+00:00\",\"mainEntityOfPage\":{\"@id\":\"https:\/\/luchonoticias.com\/editor\/amnistias-concedidas-a-9-600-firmantes-de-paz-en-2017-y-2018-fueron-comunicadas-por-la-jep\/\"},\"wordCount\":658,\"commentCount\":0,\"publisher\":{\"@id\":\"https:\/\/luchonoticias.com\/editor\/#\/schema\/person\/7a7fd911f58561fd056dbac7b55af9cd\"},\"articleSection\":[\"Destacado\",\"Nacional\"],\"inLanguage\":\"es\",\"potentialAction\":[{\"@type\":\"CommentAction\",\"name\":\"Comment\",\"target\":[\"https:\/\/luchonoticias.com\/editor\/amnistias-concedidas-a-9-600-firmantes-de-paz-en-2017-y-2018-fueron-comunicadas-por-la-jep\/#respond\"]}]},{\"@type\":\"WebPage\",\"@id\":\"https:\/\/luchonoticias.com\/editor\/amnistias-concedidas-a-9-600-firmantes-de-paz-en-2017-y-2018-fueron-comunicadas-por-la-jep\/\",\"url\":\"https:\/\/luchonoticias.com\/editor\/amnistias-concedidas-a-9-600-firmantes-de-paz-en-2017-y-2018-fueron-comunicadas-por-la-jep\/\",\"name\":\"Amnist\u00edas concedidas a 9.600 firmantes de paz en 2017 y 2018 fueron comunicadas por la JEP -\",\"isPartOf\":{\"@id\":\"https:\/\/luchonoticias.com\/editor\/#website\"},\"datePublished\":\"2024-02-22T12:09:06+00:00\",\"dateModified\":\"2024-02-22T12:09:07+00:00\",\"breadcrumb\":{\"@id\":\"https:\/\/luchonoticias.com\/editor\/amnistias-concedidas-a-9-600-firmantes-de-paz-en-2017-y-2018-fueron-comunicadas-por-la-jep\/#breadcrumb\"},\"inLanguage\":\"es\",\"potentialAction\":[{\"@type\":\"ReadAction\",\"target\":[\"https:\/\/luchonoticias.com\/editor\/amnistias-concedidas-a-9-600-firmantes-de-paz-en-2017-y-2018-fueron-comunicadas-por-la-jep\/\"]}]},{\"@type\":\"BreadcrumbList\",\"@id\":\"https:\/\/luchonoticias.com\/editor\/amnistias-concedidas-a-9-600-firmantes-de-paz-en-2017-y-2018-fueron-comunicadas-por-la-jep\/#breadcrumb\",\"itemListElement\":[{\"@type\":\"ListItem\",\"position\":1,\"name\":\"Portada\",\"item\":\"https:\/\/luchonoticias.com\/editor\/\"},{\"@type\":\"ListItem\",\"position\":2,\"name\":\"Amnist\u00edas concedidas a 9.600 firmantes de paz en 2017 y 2018 fueron comunicadas por la JEP\"}]},{\"@type\":\"WebSite\",\"@id\":\"https:\/\/luchonoticias.com\/editor\/#website\",\"url\":\"https:\/\/luchonoticias.com\/editor\/\",\"name\":\"\",\"description\":\"\",\"publisher\":{\"@id\":\"https:\/\/luchonoticias.com\/editor\/#\/schema\/person\/7a7fd911f58561fd056dbac7b55af9cd\"},\"potentialAction\":[{\"@type\":\"SearchAction\",\"target\":{\"@type\":\"EntryPoint\",\"urlTemplate\":\"https:\/\/luchonoticias.com\/editor\/?s={search_term_string}\"},\"query-input\":{\"@type\":\"PropertyValueSpecification\",\"valueRequired\":true,\"valueName\":\"search_term_string\"}}],\"inLanguage\":\"es\"},{\"@type\":[\"Person\",\"Organization\"],\"@id\":\"https:\/\/luchonoticias.com\/editor\/#\/schema\/person\/7a7fd911f58561fd056dbac7b55af9cd\",\"name\":\"admin\",\"image\":{\"@type\":\"ImageObject\",\"inLanguage\":\"es\",\"@id\":\"https:\/\/luchonoticias.com\/editor\/#\/schema\/person\/image\/\",\"url\":\"https:\/\/luchonoticias.com\/editor\/wp-content\/uploads\/2024\/02\/cropped-cropped-logolu.webp\",\"contentUrl\":\"https:\/\/luchonoticias.com\/editor\/wp-content\/uploads\/2024\/02\/cropped-cropped-logolu.webp\",\"width\":382,\"height\":170,\"caption\":\"admin\"},\"logo\":{\"@id\":\"https:\/\/luchonoticias.com\/editor\/#\/schema\/person\/image\/\"},\"sameAs\":[\"https:\/\/www.facebook.com\/luchonoticiasneiva\"]},{\"@type\":\"Person\",\"@id\":\"https:\/\/luchonoticias.com\/editor\/#\/schema\/person\/29217990ddf6f14e35912b2866d591fb\",\"name\":\"Editor General\",\"image\":{\"@type\":\"ImageObject\",\"inLanguage\":\"es\",\"@id\":\"https:\/\/luchonoticias.com\/editor\/#\/schema\/person\/image\/\",\"url\":\"https:\/\/luchonoticias.com\/editor\/wp-content\/uploads\/2024\/02\/cropped-cropped-logolu-150x150.webp\",\"contentUrl\":\"https:\/\/luchonoticias.com\/editor\/wp-content\/uploads\/2024\/02\/cropped-cropped-logolu-150x150.webp\",\"caption\":\"Editor General\"},\"sameAs\":[\"https:\/\/luchonoticias.com\/\"],\"url\":\"https:\/\/luchonoticias.com\/editor\/author\/editor-general\/\"}]}<\/script>\n<!-- \/ Yoast SEO plugin. -->","yoast_head_json":{"title":"Amnist\u00edas concedidas a 9.600 firmantes de paz en 2017 y 2018 fueron comunicadas por la JEP -","robots":{"index":"index","follow":"follow","max-snippet":"max-snippet:-1","max-image-preview":"max-image-preview:large","max-video-preview":"max-video-preview:-1"},"canonical":"https:\/\/luchonoticias.com\/editor\/amnistias-concedidas-a-9-600-firmantes-de-paz-en-2017-y-2018-fueron-comunicadas-por-la-jep\/","og_locale":"es_ES","og_type":"article","og_title":"Amnist\u00edas concedidas a 9.600 firmantes de paz en 2017 y 2018 fueron comunicadas por la JEP -","og_url":"https:\/\/luchonoticias.com\/editor\/amnistias-concedidas-a-9-600-firmantes-de-paz-en-2017-y-2018-fueron-comunicadas-por-la-jep\/","article_publisher":"https:\/\/www.facebook.com\/luchonoticiasneiva","article_published_time":"2024-02-22T12:09:06+00:00","article_modified_time":"2024-02-22T12:09:07+00:00","author":"Editor General","twitter_card":"summary_large_image","twitter_misc":{"Escrito por":"Editor General","Tiempo de lectura":"3 minutos"},"schema":{"@context":"https:\/\/schema.org","@graph":[{"@type":"Article","@id":"https:\/\/luchonoticias.com\/editor\/amnistias-concedidas-a-9-600-firmantes-de-paz-en-2017-y-2018-fueron-comunicadas-por-la-jep\/#article","isPartOf":{"@id":"https:\/\/luchonoticias.com\/editor\/amnistias-concedidas-a-9-600-firmantes-de-paz-en-2017-y-2018-fueron-comunicadas-por-la-jep\/"},"author":{"name":"Editor General","@id":"https:\/\/luchonoticias.com\/editor\/#\/schema\/person\/29217990ddf6f14e35912b2866d591fb"},"headline":"Amnist\u00edas concedidas a 9.600 firmantes de paz en 2017 y 2018 fueron comunicadas por la JEP","datePublished":"2024-02-22T12:09:06+00:00","dateModified":"2024-02-22T12:09:07+00:00","mainEntityOfPage":{"@id":"https:\/\/luchonoticias.com\/editor\/amnistias-concedidas-a-9-600-firmantes-de-paz-en-2017-y-2018-fueron-comunicadas-por-la-jep\/"},"wordCount":658,"commentCount":0,"publisher":{"@id":"https:\/\/luchonoticias.com\/editor\/#\/schema\/person\/7a7fd911f58561fd056dbac7b55af9cd"},"articleSection":["Destacado","Nacional"],"inLanguage":"es","potentialAction":[{"@type":"CommentAction","name":"Comment","target":["https:\/\/luchonoticias.com\/editor\/amnistias-concedidas-a-9-600-firmantes-de-paz-en-2017-y-2018-fueron-comunicadas-por-la-jep\/#respond"]}]},{"@type":"WebPage","@id":"https:\/\/luchonoticias.com\/editor\/amnistias-concedidas-a-9-600-firmantes-de-paz-en-2017-y-2018-fueron-comunicadas-por-la-jep\/","url":"https:\/\/luchonoticias.com\/editor\/amnistias-concedidas-a-9-600-firmantes-de-paz-en-2017-y-2018-fueron-comunicadas-por-la-jep\/","name":"Amnist\u00edas concedidas a 9.600 firmantes de paz en 2017 y 2018 fueron comunicadas por la JEP -","isPartOf":{"@id":"https:\/\/luchonoticias.com\/editor\/#website"},"datePublished":"2024-02-22T12:09:06+00:00","dateModified":"2024-02-22T12:09:07+00:00","breadcrumb":{"@id":"https:\/\/luchonoticias.com\/editor\/amnistias-concedidas-a-9-600-firmantes-de-paz-en-2017-y-2018-fueron-comunicadas-por-la-jep\/#breadcrumb"},"inLanguage":"es","potentialAction":[{"@type":"ReadAction","target":["https:\/\/luchonoticias.com\/editor\/amnistias-concedidas-a-9-600-firmantes-de-paz-en-2017-y-2018-fueron-comunicadas-por-la-jep\/"]}]},{"@type":"BreadcrumbList","@id":"https:\/\/luchonoticias.com\/editor\/amnistias-concedidas-a-9-600-firmantes-de-paz-en-2017-y-2018-fueron-comunicadas-por-la-jep\/#breadcrumb","itemListElement":[{"@type":"ListItem","position":1,"name":"Portada","item":"https:\/\/luchonoticias.com\/editor\/"},{"@type":"ListItem","position":2,"name":"Amnist\u00edas concedidas a 9.600 firmantes de paz en 2017 y 2018 fueron comunicadas por la JEP"}]},{"@type":"WebSite","@id":"https:\/\/luchonoticias.com\/editor\/#website","url":"https:\/\/luchonoticias.com\/editor\/","name":"","description":"","publisher":{"@id":"https:\/\/luchonoticias.com\/editor\/#\/schema\/person\/7a7fd911f58561fd056dbac7b55af9cd"},"potentialAction":[{"@type":"SearchAction","target":{"@type":"EntryPoint","urlTemplate":"https:\/\/luchonoticias.com\/editor\/?s={search_term_string}"},"query-input":{"@type":"PropertyValueSpecification","valueRequired":true,"valueName":"search_term_string"}}],"inLanguage":"es"},{"@type":["Person","Organization"],"@id":"https:\/\/luchonoticias.com\/editor\/#\/schema\/person\/7a7fd911f58561fd056dbac7b55af9cd","name":"admin","image":{"@type":"ImageObject","inLanguage":"es","@id":"https:\/\/luchonoticias.com\/editor\/#\/schema\/person\/image\/","url":"https:\/\/luchonoticias.com\/editor\/wp-content\/uploads\/2024\/02\/cropped-cropped-logolu.webp","contentUrl":"https:\/\/luchonoticias.com\/editor\/wp-content\/uploads\/2024\/02\/cropped-cropped-logolu.webp","width":382,"height":170,"caption":"admin"},"logo":{"@id":"https:\/\/luchonoticias.com\/editor\/#\/schema\/person\/image\/"},"sameAs":["https:\/\/www.facebook.com\/luchonoticiasneiva"]},{"@type":"Person","@id":"https:\/\/luchonoticias.com\/editor\/#\/schema\/person\/29217990ddf6f14e35912b2866d591fb","name":"Editor General","image":{"@type":"ImageObject","inLanguage":"es","@id":"https:\/\/luchonoticias.com\/editor\/#\/schema\/person\/image\/","url":"https:\/\/luchonoticias.com\/editor\/wp-content\/uploads\/2024\/02\/cropped-cropped-logolu-150x150.webp","contentUrl":"https:\/\/luchonoticias.com\/editor\/wp-content\/uploads\/2024\/02\/cropped-cropped-logolu-150x150.webp","caption":"Editor General"},"sameAs":["https:\/\/luchonoticias.com\/"],"url":"https:\/\/luchonoticias.com\/editor\/author\/editor-general\/"}]}},"_links":{"self":[{"href":"https:\/\/luchonoticias.com\/editor\/wp-json\/wp\/v2\/posts\/69265","targetHints":{"allow":["GET"]}}],"collection":[{"href":"https:\/\/luchonoticias.com\/editor\/wp-json\/wp\/v2\/posts"}],"about":[{"href":"https:\/\/luchonoticias.com\/editor\/wp-json\/wp\/v2\/types\/post"}],"author":[{"embeddable":true,"href":"https:\/\/luchonoticias.com\/editor\/wp-json\/wp\/v2\/users\/2"}],"replies":[{"embeddable":true,"href":"https:\/\/luchonoticias.com\/editor\/wp-json\/wp\/v2\/comments?post=69265"}],"version-history":[{"count":0,"href":"https:\/\/luchonoticias.com\/editor\/wp-json\/wp\/v2\/posts\/69265\/revisions"}],"wp:attachment":[{"href":"https:\/\/luchonoticias.com\/editor\/wp-json\/wp\/v2\/media?parent=69265"}],"wp:term":[{"taxonomy":"category","embeddable":true,"href":"https:\/\/luchonoticias.com\/editor\/wp-json\/wp\/v2\/categories?post=69265"},{"taxonomy":"post_tag","embeddable":true,"href":"https:\/\/luchonoticias.com\/editor\/wp-json\/wp\/v2\/tags?post=69265"}],"curies":[{"name":"wp","href":"https:\/\/api.w.org\/{rel}","templated":true}]}}