{"id":69268,"date":"2024-02-22T07:11:26","date_gmt":"2024-02-22T12:11:26","guid":{"rendered":"https:\/\/luchonoticias.com\/?p=69268"},"modified":"2024-02-22T07:11:28","modified_gmt":"2024-02-22T12:11:28","slug":"senadores-de-la-comision-tercera-critican-reforma-pensional-y-afirma-que-no-soluciona-temas-estructurales","status":"publish","type":"post","link":"https:\/\/luchonoticias.com\/editor\/senadores-de-la-comision-tercera-critican-reforma-pensional-y-afirma-que-no-soluciona-temas-estructurales\/","title":{"rendered":"Senadores de la Comisi\u00f3n Tercera critican Reforma Pensional y afirma que no soluciona temas estructurales."},"content":{"rendered":"\n<p>\u201cLa reforma pensional propuesta por el Gobierno de Gustavo Petro no resolver\u00e1 los grandes problemas estructurales de cobertura y sostenibilidad para los trabajadores colombianos\u201d, afirm\u00f3 el Senador Liberal&nbsp;<strong>Juan Pablo Gallo<\/strong>.<\/p>\n\n\n\n<p>El legislador hizo esta afirmaci\u00f3n durante la sesi\u00f3n de la Comisi\u00f3n Tercera del Senado de la Rep\u00fablica, a la cual fueron citados los ministros de Hacienda,&nbsp;<strong>Ricardo Bonilla<\/strong>, y de Trabajo,&nbsp;<strong>Gloria In\u00e9s Ram\u00edrez<\/strong>, para debatir sobre los impactos de corto, mediano y largo plazo de la Reforma Laboral y Pensional en curso en el Congreso\u00bb.<\/p>\n\n\n\n<p>El Senador&nbsp;<strong>Gallo&nbsp;<\/strong>hizo una sucinta explicaci\u00f3n del Proyecto de Reforma Pensional afirmando que en cobertura, sostenibilidad y equidad \u201cSolo uno, de cada cuatro colombianos logran obtener pensi\u00f3n y que apenas el 35% de los adultos alcanzan pensi\u00f3n mientras que el 70% de personas que llegan a la edad no tienen las semanas suficientes para disfrutar de una mesada\u201d.<\/p>\n\n\n\n<p>Manifest\u00f3 que por muchos a\u00f1os no se ha podido resolver el problema de equidad que se tiene en el sistema pensional, porque solamente el 4% de mujeres y el 9% de hombres, en el sector rural se pensionan. \u201cY que es m\u00e1s dif\u00edcil para la mujer que tiene un 20% menos de salario que los hombres, adem\u00e1s, cargan con el cuidado de m\u00e1s personas con menores ingresos\u201d.<\/p>\n\n\n\n<p>El Senador del Partido Centro Democr\u00e1tico,&nbsp;<strong>Miguel Uribe<\/strong>, lanz\u00f3 fuertes cr\u00edticas al proyecto de reforma pensional expresando que tiene una alta carga ideol\u00f3gica que no resuelve los problemas que diagnostican.<\/p>\n\n\n\n<p>Expres\u00f3 que est\u00e1 construida sobre falsos argumentos,\u201dPorque este gobierno se qued\u00f3 en el pasado, est\u00e1 trasnochado en la historia, y que la administraci\u00f3n central crea escenarios nocivos para la inversi\u00f3n privada porque quieren destruir la salud, las pensiones y el sector laboral\u201d.<\/p>\n\n\n\n<p><strong>Liliana Bitar,<\/strong>&nbsp;Senadora del partido conservador, llam\u00f3 la atenci\u00f3n sobre los reparos hechos al gobierno nacional por el Fondo Monetario Internacional para que se mantenga la sostenibilidad de las finanzas p\u00fablicas, debido al aumento en los gastos de funcionamiento del estado y que adem\u00e1s el costo de la deuda externa aumenta \u201ccomo sube la burocracia\u201d.&nbsp;<\/p>\n\n\n\n<p>El Senador&nbsp;<strong>Juan Diego Echavarria<\/strong>, del Partido Liberal Colombiano, enfatiz\u00f3 que la reforma pensional reivindica el trabajo de los m\u00e1s humildes, \u201cEs el florecimiento de trabajadores y trabajadoras colombianas, porque ello son los que construyen el mundo, generan riqueza y son la base de la producci\u00f3n\u201d.<\/p>\n\n\n\n<p>La intervenci\u00f3n del Senador&nbsp;<strong>Carlos Julio Gonz\u00e1lez<\/strong>, del Partido Cambio Radical, se centr\u00f3 en cuestionamientos a la educaci\u00f3n en Colombia preguntando si los j\u00f3venes est\u00e1n siendo formados para el trabajo. Considera que la Reforma a la Educaci\u00f3n en Colombia es la m\u00e1s importante porque se crean bases de verdadera producci\u00f3n con las nuevas generaciones de colombianos.<\/p>\n\n\n\n<p>\u201cLa reforma pensional no est\u00e1 concatenada con la laboral\u201d, dijo el Senador&nbsp;<strong>Juan Carlos Garc\u00e9s,<\/strong>&nbsp;Partido de la U, porque seg\u00fan sus palabras habr\u00e1 menos empleos y que por ese motivo no votar\u00e1 positivo esta iniciativa del Gobierno Nacional.<\/p>\n\n\n\n<p>Invit\u00f3 a la ministra del Trabajo,&nbsp;<strong>Gloria In\u00e9s Ram\u00edrez<\/strong>&nbsp;a dialogar para conciliar con todos los sectores como se ha hecho con las dem\u00e1s reformas como la de salud.<\/p>\n","protected":false},"excerpt":{"rendered":"<p>\u201cLa reforma pensional propuesta por el Gobierno de Gustavo Petro no resolver\u00e1 los grandes problemas estructurales de cobertura y sostenibilidad para los trabajadores colombianos\u201d, afirm\u00f3 el Senador Liberal&nbsp;Juan Pablo Gallo. El legislador hizo esta afirmaci\u00f3n durante la sesi\u00f3n de la Comisi\u00f3n Tercera del Senado de la Rep\u00fablica, a la cual fueron citados los ministros de [&hellip;]<\/p>\n","protected":false},"author":2,"featured_media":0,"comment_status":"open","ping_status":"open","sticky":false,"template":"","format":"standard","meta":{"footnotes":""},"categories":[36,617],"tags":[],"class_list":["post-69268","post","type-post","status-publish","format-standard","hentry","category-destacado","category-politica"],"yoast_head":"<!-- This site is optimized with the Yoast SEO plugin v26.6 - https:\/\/yoast.com\/wordpress\/plugins\/seo\/ -->\n<title>Senadores de la Comisi\u00f3n Tercera critican Reforma Pensional y afirma que no soluciona temas estructurales. -<\/title>\n<meta name=\"robots\" content=\"index, follow, max-snippet:-1, max-image-preview:large, max-video-preview:-1\" \/>\n<link rel=\"canonical\" href=\"https:\/\/luchonoticias.com\/editor\/senadores-de-la-comision-tercera-critican-reforma-pensional-y-afirma-que-no-soluciona-temas-estructurales\/\" \/>\n<meta property=\"og:locale\" content=\"es_ES\" \/>\n<meta property=\"og:type\" content=\"article\" \/>\n<meta property=\"og:title\" content=\"Senadores de la Comisi\u00f3n Tercera critican Reforma Pensional y afirma que no soluciona temas estructurales. -\" \/>\n<meta property=\"og:url\" content=\"https:\/\/luchonoticias.com\/editor\/senadores-de-la-comision-tercera-critican-reforma-pensional-y-afirma-que-no-soluciona-temas-estructurales\/\" \/>\n<meta property=\"article:publisher\" content=\"https:\/\/www.facebook.com\/luchonoticiasneiva\" \/>\n<meta property=\"article:published_time\" content=\"2024-02-22T12:11:26+00:00\" \/>\n<meta property=\"article:modified_time\" content=\"2024-02-22T12:11:28+00:00\" \/>\n<meta name=\"author\" content=\"Editor General\" \/>\n<meta name=\"twitter:card\" content=\"summary_large_image\" \/>\n<meta name=\"twitter:label1\" content=\"Escrito por\" \/>\n\t<meta name=\"twitter:data1\" content=\"Editor General\" \/>\n\t<meta name=\"twitter:label2\" content=\"Tiempo de lectura\" \/>\n\t<meta name=\"twitter:data2\" content=\"3 minutos\" \/>\n<script type=\"application\/ld+json\" class=\"yoast-schema-graph\">{\"@context\":\"https:\/\/schema.org\",\"@graph\":[{\"@type\":\"Article\",\"@id\":\"https:\/\/luchonoticias.com\/editor\/senadores-de-la-comision-tercera-critican-reforma-pensional-y-afirma-que-no-soluciona-temas-estructurales\/#article\",\"isPartOf\":{\"@id\":\"https:\/\/luchonoticias.com\/editor\/senadores-de-la-comision-tercera-critican-reforma-pensional-y-afirma-que-no-soluciona-temas-estructurales\/\"},\"author\":{\"name\":\"Editor General\",\"@id\":\"https:\/\/luchonoticias.com\/editor\/#\/schema\/person\/29217990ddf6f14e35912b2866d591fb\"},\"headline\":\"Senadores de la Comisi\u00f3n Tercera critican Reforma Pensional y afirma que no soluciona temas estructurales.\",\"datePublished\":\"2024-02-22T12:11:26+00:00\",\"dateModified\":\"2024-02-22T12:11:28+00:00\",\"mainEntityOfPage\":{\"@id\":\"https:\/\/luchonoticias.com\/editor\/senadores-de-la-comision-tercera-critican-reforma-pensional-y-afirma-que-no-soluciona-temas-estructurales\/\"},\"wordCount\":573,\"commentCount\":0,\"publisher\":{\"@id\":\"https:\/\/luchonoticias.com\/editor\/#\/schema\/person\/7a7fd911f58561fd056dbac7b55af9cd\"},\"articleSection\":[\"Destacado\",\"Pol\u00edtica\"],\"inLanguage\":\"es\",\"potentialAction\":[{\"@type\":\"CommentAction\",\"name\":\"Comment\",\"target\":[\"https:\/\/luchonoticias.com\/editor\/senadores-de-la-comision-tercera-critican-reforma-pensional-y-afirma-que-no-soluciona-temas-estructurales\/#respond\"]}]},{\"@type\":\"WebPage\",\"@id\":\"https:\/\/luchonoticias.com\/editor\/senadores-de-la-comision-tercera-critican-reforma-pensional-y-afirma-que-no-soluciona-temas-estructurales\/\",\"url\":\"https:\/\/luchonoticias.com\/editor\/senadores-de-la-comision-tercera-critican-reforma-pensional-y-afirma-que-no-soluciona-temas-estructurales\/\",\"name\":\"Senadores de la Comisi\u00f3n Tercera critican Reforma Pensional y afirma que no soluciona temas estructurales. -\",\"isPartOf\":{\"@id\":\"https:\/\/luchonoticias.com\/editor\/#website\"},\"datePublished\":\"2024-02-22T12:11:26+00:00\",\"dateModified\":\"2024-02-22T12:11:28+00:00\",\"breadcrumb\":{\"@id\":\"https:\/\/luchonoticias.com\/editor\/senadores-de-la-comision-tercera-critican-reforma-pensional-y-afirma-que-no-soluciona-temas-estructurales\/#breadcrumb\"},\"inLanguage\":\"es\",\"potentialAction\":[{\"@type\":\"ReadAction\",\"target\":[\"https:\/\/luchonoticias.com\/editor\/senadores-de-la-comision-tercera-critican-reforma-pensional-y-afirma-que-no-soluciona-temas-estructurales\/\"]}]},{\"@type\":\"BreadcrumbList\",\"@id\":\"https:\/\/luchonoticias.com\/editor\/senadores-de-la-comision-tercera-critican-reforma-pensional-y-afirma-que-no-soluciona-temas-estructurales\/#breadcrumb\",\"itemListElement\":[{\"@type\":\"ListItem\",\"position\":1,\"name\":\"Portada\",\"item\":\"https:\/\/luchonoticias.com\/editor\/\"},{\"@type\":\"ListItem\",\"position\":2,\"name\":\"Senadores de la Comisi\u00f3n Tercera critican Reforma Pensional y afirma que no soluciona temas estructurales.\"}]},{\"@type\":\"WebSite\",\"@id\":\"https:\/\/luchonoticias.com\/editor\/#website\",\"url\":\"https:\/\/luchonoticias.com\/editor\/\",\"name\":\"\",\"description\":\"\",\"publisher\":{\"@id\":\"https:\/\/luchonoticias.com\/editor\/#\/schema\/person\/7a7fd911f58561fd056dbac7b55af9cd\"},\"potentialAction\":[{\"@type\":\"SearchAction\",\"target\":{\"@type\":\"EntryPoint\",\"urlTemplate\":\"https:\/\/luchonoticias.com\/editor\/?s={search_term_string}\"},\"query-input\":{\"@type\":\"PropertyValueSpecification\",\"valueRequired\":true,\"valueName\":\"search_term_string\"}}],\"inLanguage\":\"es\"},{\"@type\":[\"Person\",\"Organization\"],\"@id\":\"https:\/\/luchonoticias.com\/editor\/#\/schema\/person\/7a7fd911f58561fd056dbac7b55af9cd\",\"name\":\"admin\",\"image\":{\"@type\":\"ImageObject\",\"inLanguage\":\"es\",\"@id\":\"https:\/\/luchonoticias.com\/editor\/#\/schema\/person\/image\/\",\"url\":\"https:\/\/luchonoticias.com\/editor\/wp-content\/uploads\/2024\/02\/cropped-cropped-logolu.webp\",\"contentUrl\":\"https:\/\/luchonoticias.com\/editor\/wp-content\/uploads\/2024\/02\/cropped-cropped-logolu.webp\",\"width\":382,\"height\":170,\"caption\":\"admin\"},\"logo\":{\"@id\":\"https:\/\/luchonoticias.com\/editor\/#\/schema\/person\/image\/\"},\"sameAs\":[\"https:\/\/www.facebook.com\/luchonoticiasneiva\"]},{\"@type\":\"Person\",\"@id\":\"https:\/\/luchonoticias.com\/editor\/#\/schema\/person\/29217990ddf6f14e35912b2866d591fb\",\"name\":\"Editor General\",\"image\":{\"@type\":\"ImageObject\",\"inLanguage\":\"es\",\"@id\":\"https:\/\/luchonoticias.com\/editor\/#\/schema\/person\/image\/\",\"url\":\"https:\/\/luchonoticias.com\/editor\/wp-content\/uploads\/2024\/02\/cropped-cropped-logolu-150x150.webp\",\"contentUrl\":\"https:\/\/luchonoticias.com\/editor\/wp-content\/uploads\/2024\/02\/cropped-cropped-logolu-150x150.webp\",\"caption\":\"Editor General\"},\"sameAs\":[\"https:\/\/luchonoticias.com\/\"],\"url\":\"https:\/\/luchonoticias.com\/editor\/author\/editor-general\/\"}]}<\/script>\n<!-- \/ Yoast SEO plugin. -->","yoast_head_json":{"title":"Senadores de la Comisi\u00f3n Tercera critican Reforma Pensional y afirma que no soluciona temas estructurales. -","robots":{"index":"index","follow":"follow","max-snippet":"max-snippet:-1","max-image-preview":"max-image-preview:large","max-video-preview":"max-video-preview:-1"},"canonical":"https:\/\/luchonoticias.com\/editor\/senadores-de-la-comision-tercera-critican-reforma-pensional-y-afirma-que-no-soluciona-temas-estructurales\/","og_locale":"es_ES","og_type":"article","og_title":"Senadores de la Comisi\u00f3n Tercera critican Reforma Pensional y afirma que no soluciona temas estructurales. -","og_url":"https:\/\/luchonoticias.com\/editor\/senadores-de-la-comision-tercera-critican-reforma-pensional-y-afirma-que-no-soluciona-temas-estructurales\/","article_publisher":"https:\/\/www.facebook.com\/luchonoticiasneiva","article_published_time":"2024-02-22T12:11:26+00:00","article_modified_time":"2024-02-22T12:11:28+00:00","author":"Editor General","twitter_card":"summary_large_image","twitter_misc":{"Escrito por":"Editor General","Tiempo de lectura":"3 minutos"},"schema":{"@context":"https:\/\/schema.org","@graph":[{"@type":"Article","@id":"https:\/\/luchonoticias.com\/editor\/senadores-de-la-comision-tercera-critican-reforma-pensional-y-afirma-que-no-soluciona-temas-estructurales\/#article","isPartOf":{"@id":"https:\/\/luchonoticias.com\/editor\/senadores-de-la-comision-tercera-critican-reforma-pensional-y-afirma-que-no-soluciona-temas-estructurales\/"},"author":{"name":"Editor General","@id":"https:\/\/luchonoticias.com\/editor\/#\/schema\/person\/29217990ddf6f14e35912b2866d591fb"},"headline":"Senadores de la Comisi\u00f3n Tercera critican Reforma Pensional y afirma que no soluciona temas estructurales.","datePublished":"2024-02-22T12:11:26+00:00","dateModified":"2024-02-22T12:11:28+00:00","mainEntityOfPage":{"@id":"https:\/\/luchonoticias.com\/editor\/senadores-de-la-comision-tercera-critican-reforma-pensional-y-afirma-que-no-soluciona-temas-estructurales\/"},"wordCount":573,"commentCount":0,"publisher":{"@id":"https:\/\/luchonoticias.com\/editor\/#\/schema\/person\/7a7fd911f58561fd056dbac7b55af9cd"},"articleSection":["Destacado","Pol\u00edtica"],"inLanguage":"es","potentialAction":[{"@type":"CommentAction","name":"Comment","target":["https:\/\/luchonoticias.com\/editor\/senadores-de-la-comision-tercera-critican-reforma-pensional-y-afirma-que-no-soluciona-temas-estructurales\/#respond"]}]},{"@type":"WebPage","@id":"https:\/\/luchonoticias.com\/editor\/senadores-de-la-comision-tercera-critican-reforma-pensional-y-afirma-que-no-soluciona-temas-estructurales\/","url":"https:\/\/luchonoticias.com\/editor\/senadores-de-la-comision-tercera-critican-reforma-pensional-y-afirma-que-no-soluciona-temas-estructurales\/","name":"Senadores de la Comisi\u00f3n Tercera critican Reforma Pensional y afirma que no soluciona temas estructurales. -","isPartOf":{"@id":"https:\/\/luchonoticias.com\/editor\/#website"},"datePublished":"2024-02-22T12:11:26+00:00","dateModified":"2024-02-22T12:11:28+00:00","breadcrumb":{"@id":"https:\/\/luchonoticias.com\/editor\/senadores-de-la-comision-tercera-critican-reforma-pensional-y-afirma-que-no-soluciona-temas-estructurales\/#breadcrumb"},"inLanguage":"es","potentialAction":[{"@type":"ReadAction","target":["https:\/\/luchonoticias.com\/editor\/senadores-de-la-comision-tercera-critican-reforma-pensional-y-afirma-que-no-soluciona-temas-estructurales\/"]}]},{"@type":"BreadcrumbList","@id":"https:\/\/luchonoticias.com\/editor\/senadores-de-la-comision-tercera-critican-reforma-pensional-y-afirma-que-no-soluciona-temas-estructurales\/#breadcrumb","itemListElement":[{"@type":"ListItem","position":1,"name":"Portada","item":"https:\/\/luchonoticias.com\/editor\/"},{"@type":"ListItem","position":2,"name":"Senadores de la Comisi\u00f3n Tercera critican Reforma Pensional y afirma que no soluciona temas estructurales."}]},{"@type":"WebSite","@id":"https:\/\/luchonoticias.com\/editor\/#website","url":"https:\/\/luchonoticias.com\/editor\/","name":"","description":"","publisher":{"@id":"https:\/\/luchonoticias.com\/editor\/#\/schema\/person\/7a7fd911f58561fd056dbac7b55af9cd"},"potentialAction":[{"@type":"SearchAction","target":{"@type":"EntryPoint","urlTemplate":"https:\/\/luchonoticias.com\/editor\/?s={search_term_string}"},"query-input":{"@type":"PropertyValueSpecification","valueRequired":true,"valueName":"search_term_string"}}],"inLanguage":"es"},{"@type":["Person","Organization"],"@id":"https:\/\/luchonoticias.com\/editor\/#\/schema\/person\/7a7fd911f58561fd056dbac7b55af9cd","name":"admin","image":{"@type":"ImageObject","inLanguage":"es","@id":"https:\/\/luchonoticias.com\/editor\/#\/schema\/person\/image\/","url":"https:\/\/luchonoticias.com\/editor\/wp-content\/uploads\/2024\/02\/cropped-cropped-logolu.webp","contentUrl":"https:\/\/luchonoticias.com\/editor\/wp-content\/uploads\/2024\/02\/cropped-cropped-logolu.webp","width":382,"height":170,"caption":"admin"},"logo":{"@id":"https:\/\/luchonoticias.com\/editor\/#\/schema\/person\/image\/"},"sameAs":["https:\/\/www.facebook.com\/luchonoticiasneiva"]},{"@type":"Person","@id":"https:\/\/luchonoticias.com\/editor\/#\/schema\/person\/29217990ddf6f14e35912b2866d591fb","name":"Editor General","image":{"@type":"ImageObject","inLanguage":"es","@id":"https:\/\/luchonoticias.com\/editor\/#\/schema\/person\/image\/","url":"https:\/\/luchonoticias.com\/editor\/wp-content\/uploads\/2024\/02\/cropped-cropped-logolu-150x150.webp","contentUrl":"https:\/\/luchonoticias.com\/editor\/wp-content\/uploads\/2024\/02\/cropped-cropped-logolu-150x150.webp","caption":"Editor General"},"sameAs":["https:\/\/luchonoticias.com\/"],"url":"https:\/\/luchonoticias.com\/editor\/author\/editor-general\/"}]}},"_links":{"self":[{"href":"https:\/\/luchonoticias.com\/editor\/wp-json\/wp\/v2\/posts\/69268","targetHints":{"allow":["GET"]}}],"collection":[{"href":"https:\/\/luchonoticias.com\/editor\/wp-json\/wp\/v2\/posts"}],"about":[{"href":"https:\/\/luchonoticias.com\/editor\/wp-json\/wp\/v2\/types\/post"}],"author":[{"embeddable":true,"href":"https:\/\/luchonoticias.com\/editor\/wp-json\/wp\/v2\/users\/2"}],"replies":[{"embeddable":true,"href":"https:\/\/luchonoticias.com\/editor\/wp-json\/wp\/v2\/comments?post=69268"}],"version-history":[{"count":0,"href":"https:\/\/luchonoticias.com\/editor\/wp-json\/wp\/v2\/posts\/69268\/revisions"}],"wp:attachment":[{"href":"https:\/\/luchonoticias.com\/editor\/wp-json\/wp\/v2\/media?parent=69268"}],"wp:term":[{"taxonomy":"category","embeddable":true,"href":"https:\/\/luchonoticias.com\/editor\/wp-json\/wp\/v2\/categories?post=69268"},{"taxonomy":"post_tag","embeddable":true,"href":"https:\/\/luchonoticias.com\/editor\/wp-json\/wp\/v2\/tags?post=69268"}],"curies":[{"name":"wp","href":"https:\/\/api.w.org\/{rel}","templated":true}]}}