{"id":69397,"date":"2024-02-24T12:03:47","date_gmt":"2024-02-24T17:03:47","guid":{"rendered":"https:\/\/luchonoticias.com\/?p=69397"},"modified":"2024-02-24T12:04:02","modified_gmt":"2024-02-24T17:04:02","slug":"reina-maxima-de-paises-bajos-visitara-colombia-como-representante-de-naciones-unidas-para-la-inclusion-financiera","status":"publish","type":"post","link":"https:\/\/luchonoticias.com\/editor\/reina-maxima-de-paises-bajos-visitara-colombia-como-representante-de-naciones-unidas-para-la-inclusion-financiera\/","title":{"rendered":"Reina M\u00e1xima de Pa\u00edses Bajos visitar\u00e1 Colombia como representante de Naciones Unidas para la inclusi\u00f3n financiera"},"content":{"rendered":"\n<p>La reina M\u00e1xima de Pa\u00edses Bajos visitar\u00e1 Colombia desde el 25 al 28 de febrero en su calidad de asesora especial del Secretario General de las Naciones Unidas sobre Inclusi\u00f3n Financiera para el Desarrollo (UNSGSA).<\/p>\n\n\n\n<p>En su segunda visita al pa\u00eds -la primera fue en noviembre de 2014-, la monarca se reunir\u00e1 con representantes del Gobierno Nacional y del sector privado para conocer y apoyar los logros, retos y oportunidades en materia de servicios financieros, inclusi\u00f3n y salud financiera en el pa\u00eds.<\/p>\n\n\n\n<p>\u201cEstos encuentros ser\u00e1n una oportunidad para comprender la variedad de servicios financieros disponibles en el pa\u00eds, las innovaciones en finanzas tecnol\u00f3gicas y el trabajo de las cooperativas locales\u201d, inform\u00f3 la Canciller\u00eda en un comunicado.<\/p>\n\n\n\n<p>Tambi\u00e9n aprovechar\u00e1 para compartir pr\u00e1cticas exitosas sobre finanzas abiertas, proponer mecanismos y herramientas para la inclusi\u00f3n financiera, y resaltar el liderazgo de Colombia y sus esfuerzos regionales en esta materia.<\/p>\n\n\n\n<p>La reina M\u00e1xima comenzar\u00e1 su agenda el 26 de febrero en Medell\u00edn. All\u00ed visitar\u00e1 tres proyectos con productos financieros digitales: Avista, la Cooperativa Financiera de Antioquia y Finaktiva; y tendr\u00e1 un encuentro con representantes de Bancolombia.<\/p>\n\n\n\n<p>El martes 27 de febrero, sostendr\u00e1 diferentes reuniones bilaterales con representantes del sector privado, las principales autoridades financieras del Gobierno como el ministro de Hacienda, el superintendente financiero y el gerente del Banco de la Rep\u00fablica.<\/p>\n\n\n\n<p>La visita culminar\u00e1 el mi\u00e9rcoles 28 de febrero, d\u00eda en el que atender\u00e1 una conferencia sobre tecnolog\u00eda financiera. Esta jornada tambi\u00e9n incluir\u00e1 una mesa redonda con los bancos nacionales de desarrollo que integran el Grupo Bicentenario.<\/p>\n","protected":false},"excerpt":{"rendered":"<p>La reina M\u00e1xima de Pa\u00edses Bajos visitar\u00e1 Colombia desde el 25 al 28 de febrero en su calidad de asesora especial del Secretario General de las Naciones Unidas sobre Inclusi\u00f3n Financiera para el Desarrollo (UNSGSA). En su segunda visita al pa\u00eds -la primera fue en noviembre de 2014-, la monarca se reunir\u00e1 con representantes del [&hellip;]<\/p>\n","protected":false},"author":2,"featured_media":69398,"comment_status":"closed","ping_status":"open","sticky":false,"template":"","format":"standard","meta":{"footnotes":""},"categories":[28,36],"tags":[],"class_list":["post-69397","post","type-post","status-publish","format-standard","has-post-thumbnail","hentry","category-actualidad","category-destacado"],"yoast_head":"<!-- This site is optimized with the Yoast SEO plugin v26.6 - https:\/\/yoast.com\/wordpress\/plugins\/seo\/ -->\n<title>Reina M\u00e1xima de Pa\u00edses Bajos visitar\u00e1 Colombia como representante de Naciones Unidas para la inclusi\u00f3n financiera -<\/title>\n<meta name=\"robots\" content=\"index, follow, max-snippet:-1, max-image-preview:large, max-video-preview:-1\" \/>\n<link rel=\"canonical\" href=\"https:\/\/luchonoticias.com\/editor\/reina-maxima-de-paises-bajos-visitara-colombia-como-representante-de-naciones-unidas-para-la-inclusion-financiera\/\" \/>\n<meta property=\"og:locale\" content=\"es_ES\" \/>\n<meta property=\"og:type\" content=\"article\" \/>\n<meta property=\"og:title\" content=\"Reina M\u00e1xima de Pa\u00edses Bajos visitar\u00e1 Colombia como representante de Naciones Unidas para la inclusi\u00f3n financiera -\" \/>\n<meta property=\"og:url\" content=\"https:\/\/luchonoticias.com\/editor\/reina-maxima-de-paises-bajos-visitara-colombia-como-representante-de-naciones-unidas-para-la-inclusion-financiera\/\" \/>\n<meta property=\"article:publisher\" content=\"https:\/\/www.facebook.com\/luchonoticiasneiva\" \/>\n<meta property=\"article:published_time\" content=\"2024-02-24T17:03:47+00:00\" \/>\n<meta property=\"article:modified_time\" content=\"2024-02-24T17:04:02+00:00\" \/>\n<meta property=\"og:image\" content=\"https:\/\/luchonoticias.com\/editor\/wp-content\/uploads\/2024\/02\/240223-Reina-Maxima-Paises-Bajos-1280.jpg\" \/>\n\t<meta property=\"og:image:width\" content=\"600\" \/>\n\t<meta property=\"og:image:height\" content=\"338\" \/>\n\t<meta property=\"og:image:type\" content=\"image\/jpeg\" \/>\n<meta name=\"author\" content=\"Editor General\" \/>\n<meta name=\"twitter:card\" content=\"summary_large_image\" \/>\n<meta name=\"twitter:label1\" content=\"Escrito por\" \/>\n\t<meta name=\"twitter:data1\" content=\"Editor General\" \/>\n\t<meta name=\"twitter:label2\" content=\"Tiempo de lectura\" \/>\n\t<meta name=\"twitter:data2\" content=\"2 minutos\" \/>\n<script type=\"application\/ld+json\" class=\"yoast-schema-graph\">{\"@context\":\"https:\/\/schema.org\",\"@graph\":[{\"@type\":\"Article\",\"@id\":\"https:\/\/luchonoticias.com\/editor\/reina-maxima-de-paises-bajos-visitara-colombia-como-representante-de-naciones-unidas-para-la-inclusion-financiera\/#article\",\"isPartOf\":{\"@id\":\"https:\/\/luchonoticias.com\/editor\/reina-maxima-de-paises-bajos-visitara-colombia-como-representante-de-naciones-unidas-para-la-inclusion-financiera\/\"},\"author\":{\"name\":\"Editor General\",\"@id\":\"https:\/\/luchonoticias.com\/editor\/#\/schema\/person\/29217990ddf6f14e35912b2866d591fb\"},\"headline\":\"Reina M\u00e1xima de Pa\u00edses Bajos visitar\u00e1 Colombia como representante de Naciones Unidas para la inclusi\u00f3n financiera\",\"datePublished\":\"2024-02-24T17:03:47+00:00\",\"dateModified\":\"2024-02-24T17:04:02+00:00\",\"mainEntityOfPage\":{\"@id\":\"https:\/\/luchonoticias.com\/editor\/reina-maxima-de-paises-bajos-visitara-colombia-como-representante-de-naciones-unidas-para-la-inclusion-financiera\/\"},\"wordCount\":288,\"publisher\":{\"@id\":\"https:\/\/luchonoticias.com\/editor\/#\/schema\/person\/7a7fd911f58561fd056dbac7b55af9cd\"},\"image\":{\"@id\":\"https:\/\/luchonoticias.com\/editor\/reina-maxima-de-paises-bajos-visitara-colombia-como-representante-de-naciones-unidas-para-la-inclusion-financiera\/#primaryimage\"},\"thumbnailUrl\":\"https:\/\/luchonoticias.com\/editor\/wp-content\/uploads\/2024\/02\/240223-Reina-Maxima-Paises-Bajos-1280.jpg\",\"articleSection\":[\"Actualidad\",\"Destacado\"],\"inLanguage\":\"es\"},{\"@type\":\"WebPage\",\"@id\":\"https:\/\/luchonoticias.com\/editor\/reina-maxima-de-paises-bajos-visitara-colombia-como-representante-de-naciones-unidas-para-la-inclusion-financiera\/\",\"url\":\"https:\/\/luchonoticias.com\/editor\/reina-maxima-de-paises-bajos-visitara-colombia-como-representante-de-naciones-unidas-para-la-inclusion-financiera\/\",\"name\":\"Reina M\u00e1xima de Pa\u00edses Bajos visitar\u00e1 Colombia como representante de Naciones Unidas para la inclusi\u00f3n financiera -\",\"isPartOf\":{\"@id\":\"https:\/\/luchonoticias.com\/editor\/#website\"},\"primaryImageOfPage\":{\"@id\":\"https:\/\/luchonoticias.com\/editor\/reina-maxima-de-paises-bajos-visitara-colombia-como-representante-de-naciones-unidas-para-la-inclusion-financiera\/#primaryimage\"},\"image\":{\"@id\":\"https:\/\/luchonoticias.com\/editor\/reina-maxima-de-paises-bajos-visitara-colombia-como-representante-de-naciones-unidas-para-la-inclusion-financiera\/#primaryimage\"},\"thumbnailUrl\":\"https:\/\/luchonoticias.com\/editor\/wp-content\/uploads\/2024\/02\/240223-Reina-Maxima-Paises-Bajos-1280.jpg\",\"datePublished\":\"2024-02-24T17:03:47+00:00\",\"dateModified\":\"2024-02-24T17:04:02+00:00\",\"breadcrumb\":{\"@id\":\"https:\/\/luchonoticias.com\/editor\/reina-maxima-de-paises-bajos-visitara-colombia-como-representante-de-naciones-unidas-para-la-inclusion-financiera\/#breadcrumb\"},\"inLanguage\":\"es\",\"potentialAction\":[{\"@type\":\"ReadAction\",\"target\":[\"https:\/\/luchonoticias.com\/editor\/reina-maxima-de-paises-bajos-visitara-colombia-como-representante-de-naciones-unidas-para-la-inclusion-financiera\/\"]}]},{\"@type\":\"ImageObject\",\"inLanguage\":\"es\",\"@id\":\"https:\/\/luchonoticias.com\/editor\/reina-maxima-de-paises-bajos-visitara-colombia-como-representante-de-naciones-unidas-para-la-inclusion-financiera\/#primaryimage\",\"url\":\"https:\/\/luchonoticias.com\/editor\/wp-content\/uploads\/2024\/02\/240223-Reina-Maxima-Paises-Bajos-1280.jpg\",\"contentUrl\":\"https:\/\/luchonoticias.com\/editor\/wp-content\/uploads\/2024\/02\/240223-Reina-Maxima-Paises-Bajos-1280.jpg\",\"width\":600,\"height\":338},{\"@type\":\"BreadcrumbList\",\"@id\":\"https:\/\/luchonoticias.com\/editor\/reina-maxima-de-paises-bajos-visitara-colombia-como-representante-de-naciones-unidas-para-la-inclusion-financiera\/#breadcrumb\",\"itemListElement\":[{\"@type\":\"ListItem\",\"position\":1,\"name\":\"Portada\",\"item\":\"https:\/\/luchonoticias.com\/editor\/\"},{\"@type\":\"ListItem\",\"position\":2,\"name\":\"Reina M\u00e1xima de Pa\u00edses Bajos visitar\u00e1 Colombia como representante de Naciones Unidas para la inclusi\u00f3n financiera\"}]},{\"@type\":\"WebSite\",\"@id\":\"https:\/\/luchonoticias.com\/editor\/#website\",\"url\":\"https:\/\/luchonoticias.com\/editor\/\",\"name\":\"\",\"description\":\"\",\"publisher\":{\"@id\":\"https:\/\/luchonoticias.com\/editor\/#\/schema\/person\/7a7fd911f58561fd056dbac7b55af9cd\"},\"potentialAction\":[{\"@type\":\"SearchAction\",\"target\":{\"@type\":\"EntryPoint\",\"urlTemplate\":\"https:\/\/luchonoticias.com\/editor\/?s={search_term_string}\"},\"query-input\":{\"@type\":\"PropertyValueSpecification\",\"valueRequired\":true,\"valueName\":\"search_term_string\"}}],\"inLanguage\":\"es\"},{\"@type\":[\"Person\",\"Organization\"],\"@id\":\"https:\/\/luchonoticias.com\/editor\/#\/schema\/person\/7a7fd911f58561fd056dbac7b55af9cd\",\"name\":\"admin\",\"image\":{\"@type\":\"ImageObject\",\"inLanguage\":\"es\",\"@id\":\"https:\/\/luchonoticias.com\/editor\/#\/schema\/person\/image\/\",\"url\":\"https:\/\/luchonoticias.com\/editor\/wp-content\/uploads\/2024\/02\/cropped-cropped-logolu.webp\",\"contentUrl\":\"https:\/\/luchonoticias.com\/editor\/wp-content\/uploads\/2024\/02\/cropped-cropped-logolu.webp\",\"width\":382,\"height\":170,\"caption\":\"admin\"},\"logo\":{\"@id\":\"https:\/\/luchonoticias.com\/editor\/#\/schema\/person\/image\/\"},\"sameAs\":[\"https:\/\/www.facebook.com\/luchonoticiasneiva\"]},{\"@type\":\"Person\",\"@id\":\"https:\/\/luchonoticias.com\/editor\/#\/schema\/person\/29217990ddf6f14e35912b2866d591fb\",\"name\":\"Editor General\",\"image\":{\"@type\":\"ImageObject\",\"inLanguage\":\"es\",\"@id\":\"https:\/\/luchonoticias.com\/editor\/#\/schema\/person\/image\/\",\"url\":\"https:\/\/luchonoticias.com\/editor\/wp-content\/uploads\/2024\/02\/cropped-cropped-logolu-150x150.webp\",\"contentUrl\":\"https:\/\/luchonoticias.com\/editor\/wp-content\/uploads\/2024\/02\/cropped-cropped-logolu-150x150.webp\",\"caption\":\"Editor General\"},\"sameAs\":[\"https:\/\/luchonoticias.com\/\"],\"url\":\"https:\/\/luchonoticias.com\/editor\/author\/editor-general\/\"}]}<\/script>\n<!-- \/ Yoast SEO plugin. -->","yoast_head_json":{"title":"Reina M\u00e1xima de Pa\u00edses Bajos visitar\u00e1 Colombia como representante de Naciones Unidas para la inclusi\u00f3n financiera -","robots":{"index":"index","follow":"follow","max-snippet":"max-snippet:-1","max-image-preview":"max-image-preview:large","max-video-preview":"max-video-preview:-1"},"canonical":"https:\/\/luchonoticias.com\/editor\/reina-maxima-de-paises-bajos-visitara-colombia-como-representante-de-naciones-unidas-para-la-inclusion-financiera\/","og_locale":"es_ES","og_type":"article","og_title":"Reina M\u00e1xima de Pa\u00edses Bajos visitar\u00e1 Colombia como representante de Naciones Unidas para la inclusi\u00f3n financiera -","og_url":"https:\/\/luchonoticias.com\/editor\/reina-maxima-de-paises-bajos-visitara-colombia-como-representante-de-naciones-unidas-para-la-inclusion-financiera\/","article_publisher":"https:\/\/www.facebook.com\/luchonoticiasneiva","article_published_time":"2024-02-24T17:03:47+00:00","article_modified_time":"2024-02-24T17:04:02+00:00","og_image":[{"width":600,"height":338,"url":"https:\/\/luchonoticias.com\/editor\/wp-content\/uploads\/2024\/02\/240223-Reina-Maxima-Paises-Bajos-1280.jpg","type":"image\/jpeg"}],"author":"Editor General","twitter_card":"summary_large_image","twitter_misc":{"Escrito por":"Editor General","Tiempo de lectura":"2 minutos"},"schema":{"@context":"https:\/\/schema.org","@graph":[{"@type":"Article","@id":"https:\/\/luchonoticias.com\/editor\/reina-maxima-de-paises-bajos-visitara-colombia-como-representante-de-naciones-unidas-para-la-inclusion-financiera\/#article","isPartOf":{"@id":"https:\/\/luchonoticias.com\/editor\/reina-maxima-de-paises-bajos-visitara-colombia-como-representante-de-naciones-unidas-para-la-inclusion-financiera\/"},"author":{"name":"Editor General","@id":"https:\/\/luchonoticias.com\/editor\/#\/schema\/person\/29217990ddf6f14e35912b2866d591fb"},"headline":"Reina M\u00e1xima de Pa\u00edses Bajos visitar\u00e1 Colombia como representante de Naciones Unidas para la inclusi\u00f3n financiera","datePublished":"2024-02-24T17:03:47+00:00","dateModified":"2024-02-24T17:04:02+00:00","mainEntityOfPage":{"@id":"https:\/\/luchonoticias.com\/editor\/reina-maxima-de-paises-bajos-visitara-colombia-como-representante-de-naciones-unidas-para-la-inclusion-financiera\/"},"wordCount":288,"publisher":{"@id":"https:\/\/luchonoticias.com\/editor\/#\/schema\/person\/7a7fd911f58561fd056dbac7b55af9cd"},"image":{"@id":"https:\/\/luchonoticias.com\/editor\/reina-maxima-de-paises-bajos-visitara-colombia-como-representante-de-naciones-unidas-para-la-inclusion-financiera\/#primaryimage"},"thumbnailUrl":"https:\/\/luchonoticias.com\/editor\/wp-content\/uploads\/2024\/02\/240223-Reina-Maxima-Paises-Bajos-1280.jpg","articleSection":["Actualidad","Destacado"],"inLanguage":"es"},{"@type":"WebPage","@id":"https:\/\/luchonoticias.com\/editor\/reina-maxima-de-paises-bajos-visitara-colombia-como-representante-de-naciones-unidas-para-la-inclusion-financiera\/","url":"https:\/\/luchonoticias.com\/editor\/reina-maxima-de-paises-bajos-visitara-colombia-como-representante-de-naciones-unidas-para-la-inclusion-financiera\/","name":"Reina M\u00e1xima de Pa\u00edses Bajos visitar\u00e1 Colombia como representante de Naciones Unidas para la inclusi\u00f3n financiera -","isPartOf":{"@id":"https:\/\/luchonoticias.com\/editor\/#website"},"primaryImageOfPage":{"@id":"https:\/\/luchonoticias.com\/editor\/reina-maxima-de-paises-bajos-visitara-colombia-como-representante-de-naciones-unidas-para-la-inclusion-financiera\/#primaryimage"},"image":{"@id":"https:\/\/luchonoticias.com\/editor\/reina-maxima-de-paises-bajos-visitara-colombia-como-representante-de-naciones-unidas-para-la-inclusion-financiera\/#primaryimage"},"thumbnailUrl":"https:\/\/luchonoticias.com\/editor\/wp-content\/uploads\/2024\/02\/240223-Reina-Maxima-Paises-Bajos-1280.jpg","datePublished":"2024-02-24T17:03:47+00:00","dateModified":"2024-02-24T17:04:02+00:00","breadcrumb":{"@id":"https:\/\/luchonoticias.com\/editor\/reina-maxima-de-paises-bajos-visitara-colombia-como-representante-de-naciones-unidas-para-la-inclusion-financiera\/#breadcrumb"},"inLanguage":"es","potentialAction":[{"@type":"ReadAction","target":["https:\/\/luchonoticias.com\/editor\/reina-maxima-de-paises-bajos-visitara-colombia-como-representante-de-naciones-unidas-para-la-inclusion-financiera\/"]}]},{"@type":"ImageObject","inLanguage":"es","@id":"https:\/\/luchonoticias.com\/editor\/reina-maxima-de-paises-bajos-visitara-colombia-como-representante-de-naciones-unidas-para-la-inclusion-financiera\/#primaryimage","url":"https:\/\/luchonoticias.com\/editor\/wp-content\/uploads\/2024\/02\/240223-Reina-Maxima-Paises-Bajos-1280.jpg","contentUrl":"https:\/\/luchonoticias.com\/editor\/wp-content\/uploads\/2024\/02\/240223-Reina-Maxima-Paises-Bajos-1280.jpg","width":600,"height":338},{"@type":"BreadcrumbList","@id":"https:\/\/luchonoticias.com\/editor\/reina-maxima-de-paises-bajos-visitara-colombia-como-representante-de-naciones-unidas-para-la-inclusion-financiera\/#breadcrumb","itemListElement":[{"@type":"ListItem","position":1,"name":"Portada","item":"https:\/\/luchonoticias.com\/editor\/"},{"@type":"ListItem","position":2,"name":"Reina M\u00e1xima de Pa\u00edses Bajos visitar\u00e1 Colombia como representante de Naciones Unidas para la inclusi\u00f3n financiera"}]},{"@type":"WebSite","@id":"https:\/\/luchonoticias.com\/editor\/#website","url":"https:\/\/luchonoticias.com\/editor\/","name":"","description":"","publisher":{"@id":"https:\/\/luchonoticias.com\/editor\/#\/schema\/person\/7a7fd911f58561fd056dbac7b55af9cd"},"potentialAction":[{"@type":"SearchAction","target":{"@type":"EntryPoint","urlTemplate":"https:\/\/luchonoticias.com\/editor\/?s={search_term_string}"},"query-input":{"@type":"PropertyValueSpecification","valueRequired":true,"valueName":"search_term_string"}}],"inLanguage":"es"},{"@type":["Person","Organization"],"@id":"https:\/\/luchonoticias.com\/editor\/#\/schema\/person\/7a7fd911f58561fd056dbac7b55af9cd","name":"admin","image":{"@type":"ImageObject","inLanguage":"es","@id":"https:\/\/luchonoticias.com\/editor\/#\/schema\/person\/image\/","url":"https:\/\/luchonoticias.com\/editor\/wp-content\/uploads\/2024\/02\/cropped-cropped-logolu.webp","contentUrl":"https:\/\/luchonoticias.com\/editor\/wp-content\/uploads\/2024\/02\/cropped-cropped-logolu.webp","width":382,"height":170,"caption":"admin"},"logo":{"@id":"https:\/\/luchonoticias.com\/editor\/#\/schema\/person\/image\/"},"sameAs":["https:\/\/www.facebook.com\/luchonoticiasneiva"]},{"@type":"Person","@id":"https:\/\/luchonoticias.com\/editor\/#\/schema\/person\/29217990ddf6f14e35912b2866d591fb","name":"Editor General","image":{"@type":"ImageObject","inLanguage":"es","@id":"https:\/\/luchonoticias.com\/editor\/#\/schema\/person\/image\/","url":"https:\/\/luchonoticias.com\/editor\/wp-content\/uploads\/2024\/02\/cropped-cropped-logolu-150x150.webp","contentUrl":"https:\/\/luchonoticias.com\/editor\/wp-content\/uploads\/2024\/02\/cropped-cropped-logolu-150x150.webp","caption":"Editor General"},"sameAs":["https:\/\/luchonoticias.com\/"],"url":"https:\/\/luchonoticias.com\/editor\/author\/editor-general\/"}]}},"_links":{"self":[{"href":"https:\/\/luchonoticias.com\/editor\/wp-json\/wp\/v2\/posts\/69397","targetHints":{"allow":["GET"]}}],"collection":[{"href":"https:\/\/luchonoticias.com\/editor\/wp-json\/wp\/v2\/posts"}],"about":[{"href":"https:\/\/luchonoticias.com\/editor\/wp-json\/wp\/v2\/types\/post"}],"author":[{"embeddable":true,"href":"https:\/\/luchonoticias.com\/editor\/wp-json\/wp\/v2\/users\/2"}],"replies":[{"embeddable":true,"href":"https:\/\/luchonoticias.com\/editor\/wp-json\/wp\/v2\/comments?post=69397"}],"version-history":[{"count":0,"href":"https:\/\/luchonoticias.com\/editor\/wp-json\/wp\/v2\/posts\/69397\/revisions"}],"wp:featuredmedia":[{"embeddable":true,"href":"https:\/\/luchonoticias.com\/editor\/wp-json\/wp\/v2\/media\/69398"}],"wp:attachment":[{"href":"https:\/\/luchonoticias.com\/editor\/wp-json\/wp\/v2\/media?parent=69397"}],"wp:term":[{"taxonomy":"category","embeddable":true,"href":"https:\/\/luchonoticias.com\/editor\/wp-json\/wp\/v2\/categories?post=69397"},{"taxonomy":"post_tag","embeddable":true,"href":"https:\/\/luchonoticias.com\/editor\/wp-json\/wp\/v2\/tags?post=69397"}],"curies":[{"name":"wp","href":"https:\/\/api.w.org\/{rel}","templated":true}]}}