{"id":69400,"date":"2024-02-24T12:07:06","date_gmt":"2024-02-24T17:07:06","guid":{"rendered":"https:\/\/luchonoticias.com\/?p=69400"},"modified":"2024-02-24T12:13:33","modified_gmt":"2024-02-24T17:13:33","slug":"policia-de-infancia-y-adolescencia-incauto-un-revolver-dentro-de-un-colegio-de-garzon","status":"publish","type":"post","link":"https:\/\/luchonoticias.com\/editor\/policia-de-infancia-y-adolescencia-incauto-un-revolver-dentro-de-un-colegio-de-garzon\/","title":{"rendered":"Polic\u00eda de infancia y adolescencia incaut\u00f3 un revolver dentro de un colegio de Garz\u00f3n"},"content":{"rendered":"\n<p>En un colegio de Garz\u00f3n fue incautada un arma de fuego tipo rev\u00f3lver calibre 38, que un menor con una capacidad especial de aprendizaje hab\u00eda llevado al plantel educativo y se la estaba ense\u00f1ando a sus compa\u00f1eros de clase, lo que gener\u00f3 una alerta en el personal docente que dio aviso inmediato a la Polic\u00eda.<\/p>\n\n\n\n<p>De acuerdo con la informaci\u00f3n suministrada por el ni\u00f1o, este habr\u00eda llevado esta arma de fuego al colegio luego de tomarla de la casa donde vive en una finca de la capital diocesana del departamento del Huila, con la intenci\u00f3n de dibujarla y colorearla en un cuaderno.<\/p>\n\n\n\n<p>El grupo de infancia y adolescencia en el municipio de garz\u00f3n lleg\u00f3 hasta el plantel educativo y puso bajo protecci\u00f3n al ni\u00f1o que ten\u00eda en su poder el arma del fuego, esta \u00faltima fue incautada y puesta a disposici\u00f3n de autoridad judicial competente.<\/p>\n\n\n\n<p>El coronel William Javier Lara Avenda\u00f1o asegur\u00f3 que \u00abun particular hallazgo tuvimos en el sal\u00f3n de clases de un colegio del municipio de Garz\u00f3n Huila, un ni\u00f1o de 16 a\u00f1os con una condici\u00f3n especial de aprendizaje fue sorprendido con un arma de fuego tipo rev\u00f3lver calibre 38, el ni\u00f1o habr\u00eda tomado esta arma de fuego de la casa en la finca donde reside con sus padres y la habr\u00eda llevado al colegio donde se la ense\u00f1\u00f3 a sus compa\u00f1eros de clase<\/p>\n\n\n\n<p>Hacemos un llamado a los padres de familia y adultos para que eviten dejar armas de fuego, armas cortopunzantes o cualquier otro elemento que ponga en riesgo a nuestros ni\u00f1os, ni\u00f1as y adolescentes. Los adultos son responsables ante la ley por este tipo de conductas\u00bb asegur\u00f3 el alto oficial.<\/p>\n","protected":false},"excerpt":{"rendered":"<p>En un colegio de Garz\u00f3n fue incautada un arma de fuego tipo rev\u00f3lver calibre 38, que un menor con una capacidad especial de aprendizaje hab\u00eda llevado al plantel educativo y se la estaba ense\u00f1ando a sus compa\u00f1eros de clase, lo que gener\u00f3 una alerta en el personal docente que dio aviso inmediato a la Polic\u00eda. [&hellip;]<\/p>\n","protected":false},"author":2,"featured_media":69406,"comment_status":"closed","ping_status":"open","sticky":false,"template":"","format":"standard","meta":{"footnotes":""},"categories":[36,29],"tags":[],"class_list":["post-69400","post","type-post","status-publish","format-standard","has-post-thumbnail","hentry","category-destacado","category-judicial"],"yoast_head":"<!-- This site is optimized with the Yoast SEO plugin v26.6 - https:\/\/yoast.com\/wordpress\/plugins\/seo\/ -->\n<title>Polic\u00eda de infancia y adolescencia incaut\u00f3 un revolver dentro de un colegio de Garz\u00f3n -<\/title>\n<meta name=\"robots\" content=\"index, follow, max-snippet:-1, max-image-preview:large, max-video-preview:-1\" \/>\n<link rel=\"canonical\" href=\"https:\/\/luchonoticias.com\/editor\/policia-de-infancia-y-adolescencia-incauto-un-revolver-dentro-de-un-colegio-de-garzon\/\" \/>\n<meta property=\"og:locale\" content=\"es_ES\" \/>\n<meta property=\"og:type\" content=\"article\" \/>\n<meta property=\"og:title\" content=\"Polic\u00eda de infancia y adolescencia incaut\u00f3 un revolver dentro de un colegio de Garz\u00f3n -\" \/>\n<meta property=\"og:url\" content=\"https:\/\/luchonoticias.com\/editor\/policia-de-infancia-y-adolescencia-incauto-un-revolver-dentro-de-un-colegio-de-garzon\/\" \/>\n<meta property=\"article:publisher\" content=\"https:\/\/www.facebook.com\/luchonoticiasneiva\" \/>\n<meta property=\"article:published_time\" content=\"2024-02-24T17:07:06+00:00\" \/>\n<meta property=\"article:modified_time\" content=\"2024-02-24T17:13:33+00:00\" \/>\n<meta property=\"og:image\" content=\"https:\/\/luchonoticias.com\/editor\/wp-content\/uploads\/2024\/02\/170879456858886.jpg\" \/>\n\t<meta property=\"og:image:width\" content=\"600\" \/>\n\t<meta property=\"og:image:height\" content=\"348\" \/>\n\t<meta property=\"og:image:type\" content=\"image\/jpeg\" \/>\n<meta name=\"author\" content=\"Editor General\" \/>\n<meta name=\"twitter:card\" content=\"summary_large_image\" \/>\n<meta name=\"twitter:label1\" content=\"Escrito por\" \/>\n\t<meta name=\"twitter:data1\" content=\"Editor General\" \/>\n\t<meta name=\"twitter:label2\" content=\"Tiempo de lectura\" \/>\n\t<meta name=\"twitter:data2\" content=\"2 minutos\" \/>\n<script type=\"application\/ld+json\" class=\"yoast-schema-graph\">{\"@context\":\"https:\/\/schema.org\",\"@graph\":[{\"@type\":\"Article\",\"@id\":\"https:\/\/luchonoticias.com\/editor\/policia-de-infancia-y-adolescencia-incauto-un-revolver-dentro-de-un-colegio-de-garzon\/#article\",\"isPartOf\":{\"@id\":\"https:\/\/luchonoticias.com\/editor\/policia-de-infancia-y-adolescencia-incauto-un-revolver-dentro-de-un-colegio-de-garzon\/\"},\"author\":{\"name\":\"Editor General\",\"@id\":\"https:\/\/luchonoticias.com\/editor\/#\/schema\/person\/29217990ddf6f14e35912b2866d591fb\"},\"headline\":\"Polic\u00eda de infancia y adolescencia incaut\u00f3 un revolver dentro de un colegio de Garz\u00f3n\",\"datePublished\":\"2024-02-24T17:07:06+00:00\",\"dateModified\":\"2024-02-24T17:13:33+00:00\",\"mainEntityOfPage\":{\"@id\":\"https:\/\/luchonoticias.com\/editor\/policia-de-infancia-y-adolescencia-incauto-un-revolver-dentro-de-un-colegio-de-garzon\/\"},\"wordCount\":316,\"publisher\":{\"@id\":\"https:\/\/luchonoticias.com\/editor\/#\/schema\/person\/7a7fd911f58561fd056dbac7b55af9cd\"},\"image\":{\"@id\":\"https:\/\/luchonoticias.com\/editor\/policia-de-infancia-y-adolescencia-incauto-un-revolver-dentro-de-un-colegio-de-garzon\/#primaryimage\"},\"thumbnailUrl\":\"https:\/\/luchonoticias.com\/editor\/wp-content\/uploads\/2024\/02\/170879456858886.jpg\",\"articleSection\":[\"Destacado\",\"Judicial\"],\"inLanguage\":\"es\"},{\"@type\":\"WebPage\",\"@id\":\"https:\/\/luchonoticias.com\/editor\/policia-de-infancia-y-adolescencia-incauto-un-revolver-dentro-de-un-colegio-de-garzon\/\",\"url\":\"https:\/\/luchonoticias.com\/editor\/policia-de-infancia-y-adolescencia-incauto-un-revolver-dentro-de-un-colegio-de-garzon\/\",\"name\":\"Polic\u00eda de infancia y adolescencia incaut\u00f3 un revolver dentro de un colegio de Garz\u00f3n -\",\"isPartOf\":{\"@id\":\"https:\/\/luchonoticias.com\/editor\/#website\"},\"primaryImageOfPage\":{\"@id\":\"https:\/\/luchonoticias.com\/editor\/policia-de-infancia-y-adolescencia-incauto-un-revolver-dentro-de-un-colegio-de-garzon\/#primaryimage\"},\"image\":{\"@id\":\"https:\/\/luchonoticias.com\/editor\/policia-de-infancia-y-adolescencia-incauto-un-revolver-dentro-de-un-colegio-de-garzon\/#primaryimage\"},\"thumbnailUrl\":\"https:\/\/luchonoticias.com\/editor\/wp-content\/uploads\/2024\/02\/170879456858886.jpg\",\"datePublished\":\"2024-02-24T17:07:06+00:00\",\"dateModified\":\"2024-02-24T17:13:33+00:00\",\"breadcrumb\":{\"@id\":\"https:\/\/luchonoticias.com\/editor\/policia-de-infancia-y-adolescencia-incauto-un-revolver-dentro-de-un-colegio-de-garzon\/#breadcrumb\"},\"inLanguage\":\"es\",\"potentialAction\":[{\"@type\":\"ReadAction\",\"target\":[\"https:\/\/luchonoticias.com\/editor\/policia-de-infancia-y-adolescencia-incauto-un-revolver-dentro-de-un-colegio-de-garzon\/\"]}]},{\"@type\":\"ImageObject\",\"inLanguage\":\"es\",\"@id\":\"https:\/\/luchonoticias.com\/editor\/policia-de-infancia-y-adolescencia-incauto-un-revolver-dentro-de-un-colegio-de-garzon\/#primaryimage\",\"url\":\"https:\/\/luchonoticias.com\/editor\/wp-content\/uploads\/2024\/02\/170879456858886.jpg\",\"contentUrl\":\"https:\/\/luchonoticias.com\/editor\/wp-content\/uploads\/2024\/02\/170879456858886.jpg\",\"width\":600,\"height\":348},{\"@type\":\"BreadcrumbList\",\"@id\":\"https:\/\/luchonoticias.com\/editor\/policia-de-infancia-y-adolescencia-incauto-un-revolver-dentro-de-un-colegio-de-garzon\/#breadcrumb\",\"itemListElement\":[{\"@type\":\"ListItem\",\"position\":1,\"name\":\"Portada\",\"item\":\"https:\/\/luchonoticias.com\/editor\/\"},{\"@type\":\"ListItem\",\"position\":2,\"name\":\"Polic\u00eda de infancia y adolescencia incaut\u00f3 un revolver dentro de un colegio de Garz\u00f3n\"}]},{\"@type\":\"WebSite\",\"@id\":\"https:\/\/luchonoticias.com\/editor\/#website\",\"url\":\"https:\/\/luchonoticias.com\/editor\/\",\"name\":\"\",\"description\":\"\",\"publisher\":{\"@id\":\"https:\/\/luchonoticias.com\/editor\/#\/schema\/person\/7a7fd911f58561fd056dbac7b55af9cd\"},\"potentialAction\":[{\"@type\":\"SearchAction\",\"target\":{\"@type\":\"EntryPoint\",\"urlTemplate\":\"https:\/\/luchonoticias.com\/editor\/?s={search_term_string}\"},\"query-input\":{\"@type\":\"PropertyValueSpecification\",\"valueRequired\":true,\"valueName\":\"search_term_string\"}}],\"inLanguage\":\"es\"},{\"@type\":[\"Person\",\"Organization\"],\"@id\":\"https:\/\/luchonoticias.com\/editor\/#\/schema\/person\/7a7fd911f58561fd056dbac7b55af9cd\",\"name\":\"admin\",\"image\":{\"@type\":\"ImageObject\",\"inLanguage\":\"es\",\"@id\":\"https:\/\/luchonoticias.com\/editor\/#\/schema\/person\/image\/\",\"url\":\"https:\/\/luchonoticias.com\/editor\/wp-content\/uploads\/2024\/02\/cropped-cropped-logolu.webp\",\"contentUrl\":\"https:\/\/luchonoticias.com\/editor\/wp-content\/uploads\/2024\/02\/cropped-cropped-logolu.webp\",\"width\":382,\"height\":170,\"caption\":\"admin\"},\"logo\":{\"@id\":\"https:\/\/luchonoticias.com\/editor\/#\/schema\/person\/image\/\"},\"sameAs\":[\"https:\/\/www.facebook.com\/luchonoticiasneiva\"]},{\"@type\":\"Person\",\"@id\":\"https:\/\/luchonoticias.com\/editor\/#\/schema\/person\/29217990ddf6f14e35912b2866d591fb\",\"name\":\"Editor General\",\"image\":{\"@type\":\"ImageObject\",\"inLanguage\":\"es\",\"@id\":\"https:\/\/luchonoticias.com\/editor\/#\/schema\/person\/image\/\",\"url\":\"https:\/\/luchonoticias.com\/editor\/wp-content\/uploads\/2024\/02\/cropped-cropped-logolu-150x150.webp\",\"contentUrl\":\"https:\/\/luchonoticias.com\/editor\/wp-content\/uploads\/2024\/02\/cropped-cropped-logolu-150x150.webp\",\"caption\":\"Editor General\"},\"sameAs\":[\"https:\/\/luchonoticias.com\/\"],\"url\":\"https:\/\/luchonoticias.com\/editor\/author\/editor-general\/\"}]}<\/script>\n<!-- \/ Yoast SEO plugin. -->","yoast_head_json":{"title":"Polic\u00eda de infancia y adolescencia incaut\u00f3 un revolver dentro de un colegio de Garz\u00f3n -","robots":{"index":"index","follow":"follow","max-snippet":"max-snippet:-1","max-image-preview":"max-image-preview:large","max-video-preview":"max-video-preview:-1"},"canonical":"https:\/\/luchonoticias.com\/editor\/policia-de-infancia-y-adolescencia-incauto-un-revolver-dentro-de-un-colegio-de-garzon\/","og_locale":"es_ES","og_type":"article","og_title":"Polic\u00eda de infancia y adolescencia incaut\u00f3 un revolver dentro de un colegio de Garz\u00f3n -","og_url":"https:\/\/luchonoticias.com\/editor\/policia-de-infancia-y-adolescencia-incauto-un-revolver-dentro-de-un-colegio-de-garzon\/","article_publisher":"https:\/\/www.facebook.com\/luchonoticiasneiva","article_published_time":"2024-02-24T17:07:06+00:00","article_modified_time":"2024-02-24T17:13:33+00:00","og_image":[{"width":600,"height":348,"url":"https:\/\/luchonoticias.com\/editor\/wp-content\/uploads\/2024\/02\/170879456858886.jpg","type":"image\/jpeg"}],"author":"Editor General","twitter_card":"summary_large_image","twitter_misc":{"Escrito por":"Editor General","Tiempo de lectura":"2 minutos"},"schema":{"@context":"https:\/\/schema.org","@graph":[{"@type":"Article","@id":"https:\/\/luchonoticias.com\/editor\/policia-de-infancia-y-adolescencia-incauto-un-revolver-dentro-de-un-colegio-de-garzon\/#article","isPartOf":{"@id":"https:\/\/luchonoticias.com\/editor\/policia-de-infancia-y-adolescencia-incauto-un-revolver-dentro-de-un-colegio-de-garzon\/"},"author":{"name":"Editor General","@id":"https:\/\/luchonoticias.com\/editor\/#\/schema\/person\/29217990ddf6f14e35912b2866d591fb"},"headline":"Polic\u00eda de infancia y adolescencia incaut\u00f3 un revolver dentro de un colegio de Garz\u00f3n","datePublished":"2024-02-24T17:07:06+00:00","dateModified":"2024-02-24T17:13:33+00:00","mainEntityOfPage":{"@id":"https:\/\/luchonoticias.com\/editor\/policia-de-infancia-y-adolescencia-incauto-un-revolver-dentro-de-un-colegio-de-garzon\/"},"wordCount":316,"publisher":{"@id":"https:\/\/luchonoticias.com\/editor\/#\/schema\/person\/7a7fd911f58561fd056dbac7b55af9cd"},"image":{"@id":"https:\/\/luchonoticias.com\/editor\/policia-de-infancia-y-adolescencia-incauto-un-revolver-dentro-de-un-colegio-de-garzon\/#primaryimage"},"thumbnailUrl":"https:\/\/luchonoticias.com\/editor\/wp-content\/uploads\/2024\/02\/170879456858886.jpg","articleSection":["Destacado","Judicial"],"inLanguage":"es"},{"@type":"WebPage","@id":"https:\/\/luchonoticias.com\/editor\/policia-de-infancia-y-adolescencia-incauto-un-revolver-dentro-de-un-colegio-de-garzon\/","url":"https:\/\/luchonoticias.com\/editor\/policia-de-infancia-y-adolescencia-incauto-un-revolver-dentro-de-un-colegio-de-garzon\/","name":"Polic\u00eda de infancia y adolescencia incaut\u00f3 un revolver dentro de un colegio de Garz\u00f3n -","isPartOf":{"@id":"https:\/\/luchonoticias.com\/editor\/#website"},"primaryImageOfPage":{"@id":"https:\/\/luchonoticias.com\/editor\/policia-de-infancia-y-adolescencia-incauto-un-revolver-dentro-de-un-colegio-de-garzon\/#primaryimage"},"image":{"@id":"https:\/\/luchonoticias.com\/editor\/policia-de-infancia-y-adolescencia-incauto-un-revolver-dentro-de-un-colegio-de-garzon\/#primaryimage"},"thumbnailUrl":"https:\/\/luchonoticias.com\/editor\/wp-content\/uploads\/2024\/02\/170879456858886.jpg","datePublished":"2024-02-24T17:07:06+00:00","dateModified":"2024-02-24T17:13:33+00:00","breadcrumb":{"@id":"https:\/\/luchonoticias.com\/editor\/policia-de-infancia-y-adolescencia-incauto-un-revolver-dentro-de-un-colegio-de-garzon\/#breadcrumb"},"inLanguage":"es","potentialAction":[{"@type":"ReadAction","target":["https:\/\/luchonoticias.com\/editor\/policia-de-infancia-y-adolescencia-incauto-un-revolver-dentro-de-un-colegio-de-garzon\/"]}]},{"@type":"ImageObject","inLanguage":"es","@id":"https:\/\/luchonoticias.com\/editor\/policia-de-infancia-y-adolescencia-incauto-un-revolver-dentro-de-un-colegio-de-garzon\/#primaryimage","url":"https:\/\/luchonoticias.com\/editor\/wp-content\/uploads\/2024\/02\/170879456858886.jpg","contentUrl":"https:\/\/luchonoticias.com\/editor\/wp-content\/uploads\/2024\/02\/170879456858886.jpg","width":600,"height":348},{"@type":"BreadcrumbList","@id":"https:\/\/luchonoticias.com\/editor\/policia-de-infancia-y-adolescencia-incauto-un-revolver-dentro-de-un-colegio-de-garzon\/#breadcrumb","itemListElement":[{"@type":"ListItem","position":1,"name":"Portada","item":"https:\/\/luchonoticias.com\/editor\/"},{"@type":"ListItem","position":2,"name":"Polic\u00eda de infancia y adolescencia incaut\u00f3 un revolver dentro de un colegio de Garz\u00f3n"}]},{"@type":"WebSite","@id":"https:\/\/luchonoticias.com\/editor\/#website","url":"https:\/\/luchonoticias.com\/editor\/","name":"","description":"","publisher":{"@id":"https:\/\/luchonoticias.com\/editor\/#\/schema\/person\/7a7fd911f58561fd056dbac7b55af9cd"},"potentialAction":[{"@type":"SearchAction","target":{"@type":"EntryPoint","urlTemplate":"https:\/\/luchonoticias.com\/editor\/?s={search_term_string}"},"query-input":{"@type":"PropertyValueSpecification","valueRequired":true,"valueName":"search_term_string"}}],"inLanguage":"es"},{"@type":["Person","Organization"],"@id":"https:\/\/luchonoticias.com\/editor\/#\/schema\/person\/7a7fd911f58561fd056dbac7b55af9cd","name":"admin","image":{"@type":"ImageObject","inLanguage":"es","@id":"https:\/\/luchonoticias.com\/editor\/#\/schema\/person\/image\/","url":"https:\/\/luchonoticias.com\/editor\/wp-content\/uploads\/2024\/02\/cropped-cropped-logolu.webp","contentUrl":"https:\/\/luchonoticias.com\/editor\/wp-content\/uploads\/2024\/02\/cropped-cropped-logolu.webp","width":382,"height":170,"caption":"admin"},"logo":{"@id":"https:\/\/luchonoticias.com\/editor\/#\/schema\/person\/image\/"},"sameAs":["https:\/\/www.facebook.com\/luchonoticiasneiva"]},{"@type":"Person","@id":"https:\/\/luchonoticias.com\/editor\/#\/schema\/person\/29217990ddf6f14e35912b2866d591fb","name":"Editor General","image":{"@type":"ImageObject","inLanguage":"es","@id":"https:\/\/luchonoticias.com\/editor\/#\/schema\/person\/image\/","url":"https:\/\/luchonoticias.com\/editor\/wp-content\/uploads\/2024\/02\/cropped-cropped-logolu-150x150.webp","contentUrl":"https:\/\/luchonoticias.com\/editor\/wp-content\/uploads\/2024\/02\/cropped-cropped-logolu-150x150.webp","caption":"Editor General"},"sameAs":["https:\/\/luchonoticias.com\/"],"url":"https:\/\/luchonoticias.com\/editor\/author\/editor-general\/"}]}},"_links":{"self":[{"href":"https:\/\/luchonoticias.com\/editor\/wp-json\/wp\/v2\/posts\/69400","targetHints":{"allow":["GET"]}}],"collection":[{"href":"https:\/\/luchonoticias.com\/editor\/wp-json\/wp\/v2\/posts"}],"about":[{"href":"https:\/\/luchonoticias.com\/editor\/wp-json\/wp\/v2\/types\/post"}],"author":[{"embeddable":true,"href":"https:\/\/luchonoticias.com\/editor\/wp-json\/wp\/v2\/users\/2"}],"replies":[{"embeddable":true,"href":"https:\/\/luchonoticias.com\/editor\/wp-json\/wp\/v2\/comments?post=69400"}],"version-history":[{"count":0,"href":"https:\/\/luchonoticias.com\/editor\/wp-json\/wp\/v2\/posts\/69400\/revisions"}],"wp:featuredmedia":[{"embeddable":true,"href":"https:\/\/luchonoticias.com\/editor\/wp-json\/wp\/v2\/media\/69406"}],"wp:attachment":[{"href":"https:\/\/luchonoticias.com\/editor\/wp-json\/wp\/v2\/media?parent=69400"}],"wp:term":[{"taxonomy":"category","embeddable":true,"href":"https:\/\/luchonoticias.com\/editor\/wp-json\/wp\/v2\/categories?post=69400"},{"taxonomy":"post_tag","embeddable":true,"href":"https:\/\/luchonoticias.com\/editor\/wp-json\/wp\/v2\/tags?post=69400"}],"curies":[{"name":"wp","href":"https:\/\/api.w.org\/{rel}","templated":true}]}}