{"id":69572,"date":"2024-02-27T05:03:33","date_gmt":"2024-02-27T10:03:33","guid":{"rendered":"https:\/\/luchonoticias.com\/?p=69572"},"modified":"2024-02-27T05:03:33","modified_gmt":"2024-02-27T10:03:33","slug":"en-flagrancia-policia-captura-un-hombre-por-homicidio-en-neiva","status":"publish","type":"post","link":"https:\/\/luchonoticias.com\/editor\/en-flagrancia-policia-captura-un-hombre-por-homicidio-en-neiva\/","title":{"rendered":"En flagrancia, polic\u00eda captura un hombre por homicidio en Neiva"},"content":{"rendered":"<p>La polic\u00eda Metropolitana de Neiva en desarrollo de actividades de patrullaje, y en respuesta efectiva a denuncia ciudadana, logran la captura en flagrancia de un hombre en situaci\u00f3n de calle por el delito de homicidio.<\/p>\n<p>As\u00ed las cosas, uniformados de la patrulla de vigilancia adscrita al CAI Circunvalar, logran en la carrera 3 con calle 7, la captura de un hombre conocido como \u00abEl Gato\u00bb o \u00abChirrinchero\u00bb de 30 a\u00f1os de edad, qui\u00e9n de acuerdo a informaci\u00f3n de la ciudadan\u00eda, habr\u00eda sido el autor material del homicidio de un hombre identificado como Elver Ram\u00edrez, momentos antes en el centro de la ciudad.<\/p>\n<p>Los hechos en menci\u00f3n, se habr\u00edan originado como consecuencia de una situaci\u00f3n de intolerancia, en momentos en que al parecer la v\u00edctima, inger\u00eda bebidas embriagantes en compa\u00f1\u00eda de una mujer, gener\u00e1ndose un altercado entre estos, a lo cual \u00abEl gato\u00bb reacciona, lesionando a la altura del cuello con arma corto punzante, al se\u00f1or Ram\u00edrez.<\/p>\n<p>El lesionado fue trasladado a un centro asistencial, donde infortunadamente, por la gravedad de la herida, fallece.<\/p>\n<p>En este entendido, el capturado qui\u00e9n registra, como antecedente, una sentencia condenatoria por el delito de hurto, fue dejado a disposici\u00f3n de la Fiscal\u00eda General de la Naci\u00f3n por el delito de Homicidio, siendo posteriormente enviado a un centro carcelario, por un juez de la rep\u00fablica.<\/p>\n<p>La Polic\u00eda Metropolitana de Neiva invita a la ciudadan\u00eda a hacer uso del di\u00e1logo, el respeto y la tolerancia para la soluci\u00f3n de conflictos, evitando a toda costa, v\u00edas de hecho que pongan en riesgo la vida e integridad de las personas.<\/p>\n<p>&nbsp;<\/p>\n","protected":false},"excerpt":{"rendered":"<p>La polic\u00eda Metropolitana de Neiva en desarrollo de actividades de patrullaje, y en respuesta efectiva a denuncia ciudadana, logran la captura en flagrancia de un hombre en situaci\u00f3n de calle por el delito de homicidio. As\u00ed las cosas, uniformados de la patrulla de vigilancia adscrita al CAI Circunvalar, logran en la carrera 3 con calle [&hellip;]<\/p>\n","protected":false},"author":2,"featured_media":69573,"comment_status":"closed","ping_status":"open","sticky":false,"template":"","format":"standard","meta":{"footnotes":""},"categories":[36,29],"tags":[],"class_list":["post-69572","post","type-post","status-publish","format-standard","has-post-thumbnail","hentry","category-destacado","category-judicial"],"yoast_head":"<!-- This site is optimized with the Yoast SEO plugin v26.6 - https:\/\/yoast.com\/wordpress\/plugins\/seo\/ -->\n<title>En flagrancia, polic\u00eda captura un hombre por homicidio en Neiva -<\/title>\n<meta name=\"robots\" content=\"index, follow, max-snippet:-1, max-image-preview:large, max-video-preview:-1\" \/>\n<link rel=\"canonical\" href=\"https:\/\/luchonoticias.com\/editor\/en-flagrancia-policia-captura-un-hombre-por-homicidio-en-neiva\/\" \/>\n<meta property=\"og:locale\" content=\"es_ES\" \/>\n<meta property=\"og:type\" content=\"article\" \/>\n<meta property=\"og:title\" content=\"En flagrancia, polic\u00eda captura un hombre por homicidio en Neiva -\" \/>\n<meta property=\"og:url\" content=\"https:\/\/luchonoticias.com\/editor\/en-flagrancia-policia-captura-un-hombre-por-homicidio-en-neiva\/\" \/>\n<meta property=\"article:publisher\" content=\"https:\/\/www.facebook.com\/luchonoticiasneiva\" \/>\n<meta property=\"article:published_time\" content=\"2024-02-27T10:03:33+00:00\" \/>\n<meta property=\"og:image\" content=\"https:\/\/luchonoticias.com\/editor\/wp-content\/uploads\/2024\/02\/WhatsApp-Image-2024-02-26-at-9.03.18-PM-e1709028201889.jpeg\" \/>\n\t<meta property=\"og:image:width\" content=\"600\" \/>\n\t<meta property=\"og:image:height\" content=\"482\" \/>\n\t<meta property=\"og:image:type\" content=\"image\/jpeg\" \/>\n<meta name=\"author\" content=\"Editor General\" \/>\n<meta name=\"twitter:card\" content=\"summary_large_image\" \/>\n<meta name=\"twitter:label1\" content=\"Escrito por\" \/>\n\t<meta name=\"twitter:data1\" content=\"Editor General\" \/>\n\t<meta name=\"twitter:label2\" content=\"Tiempo de lectura\" \/>\n\t<meta name=\"twitter:data2\" content=\"2 minutos\" \/>\n<script type=\"application\/ld+json\" class=\"yoast-schema-graph\">{\"@context\":\"https:\/\/schema.org\",\"@graph\":[{\"@type\":\"Article\",\"@id\":\"https:\/\/luchonoticias.com\/editor\/en-flagrancia-policia-captura-un-hombre-por-homicidio-en-neiva\/#article\",\"isPartOf\":{\"@id\":\"https:\/\/luchonoticias.com\/editor\/en-flagrancia-policia-captura-un-hombre-por-homicidio-en-neiva\/\"},\"author\":{\"name\":\"Editor General\",\"@id\":\"https:\/\/luchonoticias.com\/editor\/#\/schema\/person\/29217990ddf6f14e35912b2866d591fb\"},\"headline\":\"En flagrancia, polic\u00eda captura un hombre por homicidio en Neiva\",\"datePublished\":\"2024-02-27T10:03:33+00:00\",\"mainEntityOfPage\":{\"@id\":\"https:\/\/luchonoticias.com\/editor\/en-flagrancia-policia-captura-un-hombre-por-homicidio-en-neiva\/\"},\"wordCount\":297,\"publisher\":{\"@id\":\"https:\/\/luchonoticias.com\/editor\/#\/schema\/person\/7a7fd911f58561fd056dbac7b55af9cd\"},\"image\":{\"@id\":\"https:\/\/luchonoticias.com\/editor\/en-flagrancia-policia-captura-un-hombre-por-homicidio-en-neiva\/#primaryimage\"},\"thumbnailUrl\":\"https:\/\/luchonoticias.com\/editor\/wp-content\/uploads\/2024\/02\/WhatsApp-Image-2024-02-26-at-9.03.18-PM-e1709028201889.jpeg\",\"articleSection\":[\"Destacado\",\"Judicial\"],\"inLanguage\":\"es\"},{\"@type\":\"WebPage\",\"@id\":\"https:\/\/luchonoticias.com\/editor\/en-flagrancia-policia-captura-un-hombre-por-homicidio-en-neiva\/\",\"url\":\"https:\/\/luchonoticias.com\/editor\/en-flagrancia-policia-captura-un-hombre-por-homicidio-en-neiva\/\",\"name\":\"En flagrancia, polic\u00eda captura un hombre por homicidio en Neiva -\",\"isPartOf\":{\"@id\":\"https:\/\/luchonoticias.com\/editor\/#website\"},\"primaryImageOfPage\":{\"@id\":\"https:\/\/luchonoticias.com\/editor\/en-flagrancia-policia-captura-un-hombre-por-homicidio-en-neiva\/#primaryimage\"},\"image\":{\"@id\":\"https:\/\/luchonoticias.com\/editor\/en-flagrancia-policia-captura-un-hombre-por-homicidio-en-neiva\/#primaryimage\"},\"thumbnailUrl\":\"https:\/\/luchonoticias.com\/editor\/wp-content\/uploads\/2024\/02\/WhatsApp-Image-2024-02-26-at-9.03.18-PM-e1709028201889.jpeg\",\"datePublished\":\"2024-02-27T10:03:33+00:00\",\"breadcrumb\":{\"@id\":\"https:\/\/luchonoticias.com\/editor\/en-flagrancia-policia-captura-un-hombre-por-homicidio-en-neiva\/#breadcrumb\"},\"inLanguage\":\"es\",\"potentialAction\":[{\"@type\":\"ReadAction\",\"target\":[\"https:\/\/luchonoticias.com\/editor\/en-flagrancia-policia-captura-un-hombre-por-homicidio-en-neiva\/\"]}]},{\"@type\":\"ImageObject\",\"inLanguage\":\"es\",\"@id\":\"https:\/\/luchonoticias.com\/editor\/en-flagrancia-policia-captura-un-hombre-por-homicidio-en-neiva\/#primaryimage\",\"url\":\"https:\/\/luchonoticias.com\/editor\/wp-content\/uploads\/2024\/02\/WhatsApp-Image-2024-02-26-at-9.03.18-PM-e1709028201889.jpeg\",\"contentUrl\":\"https:\/\/luchonoticias.com\/editor\/wp-content\/uploads\/2024\/02\/WhatsApp-Image-2024-02-26-at-9.03.18-PM-e1709028201889.jpeg\",\"width\":600,\"height\":482},{\"@type\":\"BreadcrumbList\",\"@id\":\"https:\/\/luchonoticias.com\/editor\/en-flagrancia-policia-captura-un-hombre-por-homicidio-en-neiva\/#breadcrumb\",\"itemListElement\":[{\"@type\":\"ListItem\",\"position\":1,\"name\":\"Portada\",\"item\":\"https:\/\/luchonoticias.com\/editor\/\"},{\"@type\":\"ListItem\",\"position\":2,\"name\":\"En flagrancia, polic\u00eda captura un hombre por homicidio en Neiva\"}]},{\"@type\":\"WebSite\",\"@id\":\"https:\/\/luchonoticias.com\/editor\/#website\",\"url\":\"https:\/\/luchonoticias.com\/editor\/\",\"name\":\"\",\"description\":\"\",\"publisher\":{\"@id\":\"https:\/\/luchonoticias.com\/editor\/#\/schema\/person\/7a7fd911f58561fd056dbac7b55af9cd\"},\"potentialAction\":[{\"@type\":\"SearchAction\",\"target\":{\"@type\":\"EntryPoint\",\"urlTemplate\":\"https:\/\/luchonoticias.com\/editor\/?s={search_term_string}\"},\"query-input\":{\"@type\":\"PropertyValueSpecification\",\"valueRequired\":true,\"valueName\":\"search_term_string\"}}],\"inLanguage\":\"es\"},{\"@type\":[\"Person\",\"Organization\"],\"@id\":\"https:\/\/luchonoticias.com\/editor\/#\/schema\/person\/7a7fd911f58561fd056dbac7b55af9cd\",\"name\":\"admin\",\"image\":{\"@type\":\"ImageObject\",\"inLanguage\":\"es\",\"@id\":\"https:\/\/luchonoticias.com\/editor\/#\/schema\/person\/image\/\",\"url\":\"https:\/\/luchonoticias.com\/editor\/wp-content\/uploads\/2024\/02\/cropped-cropped-logolu.webp\",\"contentUrl\":\"https:\/\/luchonoticias.com\/editor\/wp-content\/uploads\/2024\/02\/cropped-cropped-logolu.webp\",\"width\":382,\"height\":170,\"caption\":\"admin\"},\"logo\":{\"@id\":\"https:\/\/luchonoticias.com\/editor\/#\/schema\/person\/image\/\"},\"sameAs\":[\"https:\/\/www.facebook.com\/luchonoticiasneiva\"]},{\"@type\":\"Person\",\"@id\":\"https:\/\/luchonoticias.com\/editor\/#\/schema\/person\/29217990ddf6f14e35912b2866d591fb\",\"name\":\"Editor General\",\"image\":{\"@type\":\"ImageObject\",\"inLanguage\":\"es\",\"@id\":\"https:\/\/luchonoticias.com\/editor\/#\/schema\/person\/image\/\",\"url\":\"https:\/\/luchonoticias.com\/editor\/wp-content\/uploads\/2024\/02\/cropped-cropped-logolu-150x150.webp\",\"contentUrl\":\"https:\/\/luchonoticias.com\/editor\/wp-content\/uploads\/2024\/02\/cropped-cropped-logolu-150x150.webp\",\"caption\":\"Editor General\"},\"sameAs\":[\"https:\/\/luchonoticias.com\/\"],\"url\":\"https:\/\/luchonoticias.com\/editor\/author\/editor-general\/\"}]}<\/script>\n<!-- \/ Yoast SEO plugin. -->","yoast_head_json":{"title":"En flagrancia, polic\u00eda captura un hombre por homicidio en Neiva -","robots":{"index":"index","follow":"follow","max-snippet":"max-snippet:-1","max-image-preview":"max-image-preview:large","max-video-preview":"max-video-preview:-1"},"canonical":"https:\/\/luchonoticias.com\/editor\/en-flagrancia-policia-captura-un-hombre-por-homicidio-en-neiva\/","og_locale":"es_ES","og_type":"article","og_title":"En flagrancia, polic\u00eda captura un hombre por homicidio en Neiva -","og_url":"https:\/\/luchonoticias.com\/editor\/en-flagrancia-policia-captura-un-hombre-por-homicidio-en-neiva\/","article_publisher":"https:\/\/www.facebook.com\/luchonoticiasneiva","article_published_time":"2024-02-27T10:03:33+00:00","og_image":[{"width":600,"height":482,"url":"https:\/\/luchonoticias.com\/editor\/wp-content\/uploads\/2024\/02\/WhatsApp-Image-2024-02-26-at-9.03.18-PM-e1709028201889.jpeg","type":"image\/jpeg"}],"author":"Editor General","twitter_card":"summary_large_image","twitter_misc":{"Escrito por":"Editor General","Tiempo de lectura":"2 minutos"},"schema":{"@context":"https:\/\/schema.org","@graph":[{"@type":"Article","@id":"https:\/\/luchonoticias.com\/editor\/en-flagrancia-policia-captura-un-hombre-por-homicidio-en-neiva\/#article","isPartOf":{"@id":"https:\/\/luchonoticias.com\/editor\/en-flagrancia-policia-captura-un-hombre-por-homicidio-en-neiva\/"},"author":{"name":"Editor General","@id":"https:\/\/luchonoticias.com\/editor\/#\/schema\/person\/29217990ddf6f14e35912b2866d591fb"},"headline":"En flagrancia, polic\u00eda captura un hombre por homicidio en Neiva","datePublished":"2024-02-27T10:03:33+00:00","mainEntityOfPage":{"@id":"https:\/\/luchonoticias.com\/editor\/en-flagrancia-policia-captura-un-hombre-por-homicidio-en-neiva\/"},"wordCount":297,"publisher":{"@id":"https:\/\/luchonoticias.com\/editor\/#\/schema\/person\/7a7fd911f58561fd056dbac7b55af9cd"},"image":{"@id":"https:\/\/luchonoticias.com\/editor\/en-flagrancia-policia-captura-un-hombre-por-homicidio-en-neiva\/#primaryimage"},"thumbnailUrl":"https:\/\/luchonoticias.com\/editor\/wp-content\/uploads\/2024\/02\/WhatsApp-Image-2024-02-26-at-9.03.18-PM-e1709028201889.jpeg","articleSection":["Destacado","Judicial"],"inLanguage":"es"},{"@type":"WebPage","@id":"https:\/\/luchonoticias.com\/editor\/en-flagrancia-policia-captura-un-hombre-por-homicidio-en-neiva\/","url":"https:\/\/luchonoticias.com\/editor\/en-flagrancia-policia-captura-un-hombre-por-homicidio-en-neiva\/","name":"En flagrancia, polic\u00eda captura un hombre por homicidio en Neiva -","isPartOf":{"@id":"https:\/\/luchonoticias.com\/editor\/#website"},"primaryImageOfPage":{"@id":"https:\/\/luchonoticias.com\/editor\/en-flagrancia-policia-captura-un-hombre-por-homicidio-en-neiva\/#primaryimage"},"image":{"@id":"https:\/\/luchonoticias.com\/editor\/en-flagrancia-policia-captura-un-hombre-por-homicidio-en-neiva\/#primaryimage"},"thumbnailUrl":"https:\/\/luchonoticias.com\/editor\/wp-content\/uploads\/2024\/02\/WhatsApp-Image-2024-02-26-at-9.03.18-PM-e1709028201889.jpeg","datePublished":"2024-02-27T10:03:33+00:00","breadcrumb":{"@id":"https:\/\/luchonoticias.com\/editor\/en-flagrancia-policia-captura-un-hombre-por-homicidio-en-neiva\/#breadcrumb"},"inLanguage":"es","potentialAction":[{"@type":"ReadAction","target":["https:\/\/luchonoticias.com\/editor\/en-flagrancia-policia-captura-un-hombre-por-homicidio-en-neiva\/"]}]},{"@type":"ImageObject","inLanguage":"es","@id":"https:\/\/luchonoticias.com\/editor\/en-flagrancia-policia-captura-un-hombre-por-homicidio-en-neiva\/#primaryimage","url":"https:\/\/luchonoticias.com\/editor\/wp-content\/uploads\/2024\/02\/WhatsApp-Image-2024-02-26-at-9.03.18-PM-e1709028201889.jpeg","contentUrl":"https:\/\/luchonoticias.com\/editor\/wp-content\/uploads\/2024\/02\/WhatsApp-Image-2024-02-26-at-9.03.18-PM-e1709028201889.jpeg","width":600,"height":482},{"@type":"BreadcrumbList","@id":"https:\/\/luchonoticias.com\/editor\/en-flagrancia-policia-captura-un-hombre-por-homicidio-en-neiva\/#breadcrumb","itemListElement":[{"@type":"ListItem","position":1,"name":"Portada","item":"https:\/\/luchonoticias.com\/editor\/"},{"@type":"ListItem","position":2,"name":"En flagrancia, polic\u00eda captura un hombre por homicidio en Neiva"}]},{"@type":"WebSite","@id":"https:\/\/luchonoticias.com\/editor\/#website","url":"https:\/\/luchonoticias.com\/editor\/","name":"","description":"","publisher":{"@id":"https:\/\/luchonoticias.com\/editor\/#\/schema\/person\/7a7fd911f58561fd056dbac7b55af9cd"},"potentialAction":[{"@type":"SearchAction","target":{"@type":"EntryPoint","urlTemplate":"https:\/\/luchonoticias.com\/editor\/?s={search_term_string}"},"query-input":{"@type":"PropertyValueSpecification","valueRequired":true,"valueName":"search_term_string"}}],"inLanguage":"es"},{"@type":["Person","Organization"],"@id":"https:\/\/luchonoticias.com\/editor\/#\/schema\/person\/7a7fd911f58561fd056dbac7b55af9cd","name":"admin","image":{"@type":"ImageObject","inLanguage":"es","@id":"https:\/\/luchonoticias.com\/editor\/#\/schema\/person\/image\/","url":"https:\/\/luchonoticias.com\/editor\/wp-content\/uploads\/2024\/02\/cropped-cropped-logolu.webp","contentUrl":"https:\/\/luchonoticias.com\/editor\/wp-content\/uploads\/2024\/02\/cropped-cropped-logolu.webp","width":382,"height":170,"caption":"admin"},"logo":{"@id":"https:\/\/luchonoticias.com\/editor\/#\/schema\/person\/image\/"},"sameAs":["https:\/\/www.facebook.com\/luchonoticiasneiva"]},{"@type":"Person","@id":"https:\/\/luchonoticias.com\/editor\/#\/schema\/person\/29217990ddf6f14e35912b2866d591fb","name":"Editor General","image":{"@type":"ImageObject","inLanguage":"es","@id":"https:\/\/luchonoticias.com\/editor\/#\/schema\/person\/image\/","url":"https:\/\/luchonoticias.com\/editor\/wp-content\/uploads\/2024\/02\/cropped-cropped-logolu-150x150.webp","contentUrl":"https:\/\/luchonoticias.com\/editor\/wp-content\/uploads\/2024\/02\/cropped-cropped-logolu-150x150.webp","caption":"Editor General"},"sameAs":["https:\/\/luchonoticias.com\/"],"url":"https:\/\/luchonoticias.com\/editor\/author\/editor-general\/"}]}},"_links":{"self":[{"href":"https:\/\/luchonoticias.com\/editor\/wp-json\/wp\/v2\/posts\/69572","targetHints":{"allow":["GET"]}}],"collection":[{"href":"https:\/\/luchonoticias.com\/editor\/wp-json\/wp\/v2\/posts"}],"about":[{"href":"https:\/\/luchonoticias.com\/editor\/wp-json\/wp\/v2\/types\/post"}],"author":[{"embeddable":true,"href":"https:\/\/luchonoticias.com\/editor\/wp-json\/wp\/v2\/users\/2"}],"replies":[{"embeddable":true,"href":"https:\/\/luchonoticias.com\/editor\/wp-json\/wp\/v2\/comments?post=69572"}],"version-history":[{"count":0,"href":"https:\/\/luchonoticias.com\/editor\/wp-json\/wp\/v2\/posts\/69572\/revisions"}],"wp:featuredmedia":[{"embeddable":true,"href":"https:\/\/luchonoticias.com\/editor\/wp-json\/wp\/v2\/media\/69573"}],"wp:attachment":[{"href":"https:\/\/luchonoticias.com\/editor\/wp-json\/wp\/v2\/media?parent=69572"}],"wp:term":[{"taxonomy":"category","embeddable":true,"href":"https:\/\/luchonoticias.com\/editor\/wp-json\/wp\/v2\/categories?post=69572"},{"taxonomy":"post_tag","embeddable":true,"href":"https:\/\/luchonoticias.com\/editor\/wp-json\/wp\/v2\/tags?post=69572"}],"curies":[{"name":"wp","href":"https:\/\/api.w.org\/{rel}","templated":true}]}}