{"id":69878,"date":"2024-03-01T15:22:50","date_gmt":"2024-03-01T20:22:50","guid":{"rendered":"https:\/\/luchonoticias.com\/?p=69878"},"modified":"2024-03-01T15:22:50","modified_gmt":"2024-03-01T20:22:50","slug":"autoridades-logran-la-recuperacion-de-espacio-publico-en-el-barrio-madrigal-de-neiva","status":"publish","type":"post","link":"https:\/\/luchonoticias.com\/editor\/autoridades-logran-la-recuperacion-de-espacio-publico-en-el-barrio-madrigal-de-neiva\/","title":{"rendered":"Autoridades logran la recuperaci\u00f3n de espacio p\u00fablico en el barrio Madrigal de Neiva"},"content":{"rendered":"<p>La Polic\u00eda Metropolitana de Neiva, logra la recuperaci\u00f3n del espacio p\u00fablico, en un sector del barrio Madrigal de la comuna uno.<\/p>\n<p>As\u00ed las cosas, por medio de denuncia ciudadana, se logra un fallo administrativo positivo, por parte de la Inspecci\u00f3n de Polic\u00eda a favor de la comunidad de este sector, donde se suspende la actividad de juegos en cancha de tejo, lugar que dificultaba la movilidad de los habitantes de este sector.<\/p>\n<p>El Coronel Alexander Castillo Mar\u00edn, comandante de la Polic\u00eda Metropolitana de Neiva, aduce que continuar\u00e1 realizando actividades de mediaci\u00f3n entre la ciudadan\u00eda e invita a ser tolerantes y a respetar los derechos que son de todos y para todos.<\/p>\n<p>&nbsp;<\/p>\n","protected":false},"excerpt":{"rendered":"<p>La Polic\u00eda Metropolitana de Neiva, logra la recuperaci\u00f3n del espacio p\u00fablico, en un sector del barrio Madrigal de la comuna uno. As\u00ed las cosas, por medio de denuncia ciudadana, se logra un fallo administrativo positivo, por parte de la Inspecci\u00f3n de Polic\u00eda a favor de la comunidad de este sector, donde se suspende la actividad [&hellip;]<\/p>\n","protected":false},"author":2,"featured_media":69879,"comment_status":"closed","ping_status":"open","sticky":false,"template":"","format":"standard","meta":{"footnotes":""},"categories":[36,29],"tags":[],"class_list":["post-69878","post","type-post","status-publish","format-standard","has-post-thumbnail","hentry","category-destacado","category-judicial"],"yoast_head":"<!-- This site is optimized with the Yoast SEO plugin v26.6 - https:\/\/yoast.com\/wordpress\/plugins\/seo\/ -->\n<title>Autoridades logran la recuperaci\u00f3n de espacio p\u00fablico en el barrio Madrigal de Neiva -<\/title>\n<meta name=\"robots\" content=\"index, follow, max-snippet:-1, max-image-preview:large, max-video-preview:-1\" \/>\n<link rel=\"canonical\" href=\"https:\/\/luchonoticias.com\/editor\/autoridades-logran-la-recuperacion-de-espacio-publico-en-el-barrio-madrigal-de-neiva\/\" \/>\n<meta property=\"og:locale\" content=\"es_ES\" \/>\n<meta property=\"og:type\" content=\"article\" \/>\n<meta property=\"og:title\" content=\"Autoridades logran la recuperaci\u00f3n de espacio p\u00fablico en el barrio Madrigal de Neiva -\" \/>\n<meta property=\"og:url\" content=\"https:\/\/luchonoticias.com\/editor\/autoridades-logran-la-recuperacion-de-espacio-publico-en-el-barrio-madrigal-de-neiva\/\" \/>\n<meta property=\"article:publisher\" content=\"https:\/\/www.facebook.com\/luchonoticiasneiva\" \/>\n<meta property=\"article:published_time\" content=\"2024-03-01T20:22:50+00:00\" \/>\n<meta property=\"og:image\" content=\"https:\/\/luchonoticias.com\/editor\/wp-content\/uploads\/2024\/03\/cancha-de-tejo-madrigal.jpg\" \/>\n\t<meta property=\"og:image:width\" content=\"700\" \/>\n\t<meta property=\"og:image:height\" content=\"394\" \/>\n\t<meta property=\"og:image:type\" content=\"image\/jpeg\" \/>\n<meta name=\"author\" content=\"Editor General\" \/>\n<meta name=\"twitter:card\" content=\"summary_large_image\" \/>\n<meta name=\"twitter:label1\" content=\"Escrito por\" \/>\n\t<meta name=\"twitter:data1\" content=\"Editor General\" \/>\n\t<meta name=\"twitter:label2\" content=\"Tiempo de lectura\" \/>\n\t<meta name=\"twitter:data2\" content=\"1 minuto\" \/>\n<script type=\"application\/ld+json\" class=\"yoast-schema-graph\">{\"@context\":\"https:\/\/schema.org\",\"@graph\":[{\"@type\":\"Article\",\"@id\":\"https:\/\/luchonoticias.com\/editor\/autoridades-logran-la-recuperacion-de-espacio-publico-en-el-barrio-madrigal-de-neiva\/#article\",\"isPartOf\":{\"@id\":\"https:\/\/luchonoticias.com\/editor\/autoridades-logran-la-recuperacion-de-espacio-publico-en-el-barrio-madrigal-de-neiva\/\"},\"author\":{\"name\":\"Editor General\",\"@id\":\"https:\/\/luchonoticias.com\/editor\/#\/schema\/person\/29217990ddf6f14e35912b2866d591fb\"},\"headline\":\"Autoridades logran la recuperaci\u00f3n de espacio p\u00fablico en el barrio Madrigal de Neiva\",\"datePublished\":\"2024-03-01T20:22:50+00:00\",\"mainEntityOfPage\":{\"@id\":\"https:\/\/luchonoticias.com\/editor\/autoridades-logran-la-recuperacion-de-espacio-publico-en-el-barrio-madrigal-de-neiva\/\"},\"wordCount\":136,\"publisher\":{\"@id\":\"https:\/\/luchonoticias.com\/editor\/#\/schema\/person\/7a7fd911f58561fd056dbac7b55af9cd\"},\"image\":{\"@id\":\"https:\/\/luchonoticias.com\/editor\/autoridades-logran-la-recuperacion-de-espacio-publico-en-el-barrio-madrigal-de-neiva\/#primaryimage\"},\"thumbnailUrl\":\"https:\/\/luchonoticias.com\/editor\/wp-content\/uploads\/2024\/03\/cancha-de-tejo-madrigal.jpg\",\"articleSection\":[\"Destacado\",\"Judicial\"],\"inLanguage\":\"es\"},{\"@type\":\"WebPage\",\"@id\":\"https:\/\/luchonoticias.com\/editor\/autoridades-logran-la-recuperacion-de-espacio-publico-en-el-barrio-madrigal-de-neiva\/\",\"url\":\"https:\/\/luchonoticias.com\/editor\/autoridades-logran-la-recuperacion-de-espacio-publico-en-el-barrio-madrigal-de-neiva\/\",\"name\":\"Autoridades logran la recuperaci\u00f3n de espacio p\u00fablico en el barrio Madrigal de Neiva -\",\"isPartOf\":{\"@id\":\"https:\/\/luchonoticias.com\/editor\/#website\"},\"primaryImageOfPage\":{\"@id\":\"https:\/\/luchonoticias.com\/editor\/autoridades-logran-la-recuperacion-de-espacio-publico-en-el-barrio-madrigal-de-neiva\/#primaryimage\"},\"image\":{\"@id\":\"https:\/\/luchonoticias.com\/editor\/autoridades-logran-la-recuperacion-de-espacio-publico-en-el-barrio-madrigal-de-neiva\/#primaryimage\"},\"thumbnailUrl\":\"https:\/\/luchonoticias.com\/editor\/wp-content\/uploads\/2024\/03\/cancha-de-tejo-madrigal.jpg\",\"datePublished\":\"2024-03-01T20:22:50+00:00\",\"breadcrumb\":{\"@id\":\"https:\/\/luchonoticias.com\/editor\/autoridades-logran-la-recuperacion-de-espacio-publico-en-el-barrio-madrigal-de-neiva\/#breadcrumb\"},\"inLanguage\":\"es\",\"potentialAction\":[{\"@type\":\"ReadAction\",\"target\":[\"https:\/\/luchonoticias.com\/editor\/autoridades-logran-la-recuperacion-de-espacio-publico-en-el-barrio-madrigal-de-neiva\/\"]}]},{\"@type\":\"ImageObject\",\"inLanguage\":\"es\",\"@id\":\"https:\/\/luchonoticias.com\/editor\/autoridades-logran-la-recuperacion-de-espacio-publico-en-el-barrio-madrigal-de-neiva\/#primaryimage\",\"url\":\"https:\/\/luchonoticias.com\/editor\/wp-content\/uploads\/2024\/03\/cancha-de-tejo-madrigal.jpg\",\"contentUrl\":\"https:\/\/luchonoticias.com\/editor\/wp-content\/uploads\/2024\/03\/cancha-de-tejo-madrigal.jpg\",\"width\":700,\"height\":394},{\"@type\":\"BreadcrumbList\",\"@id\":\"https:\/\/luchonoticias.com\/editor\/autoridades-logran-la-recuperacion-de-espacio-publico-en-el-barrio-madrigal-de-neiva\/#breadcrumb\",\"itemListElement\":[{\"@type\":\"ListItem\",\"position\":1,\"name\":\"Portada\",\"item\":\"https:\/\/luchonoticias.com\/editor\/\"},{\"@type\":\"ListItem\",\"position\":2,\"name\":\"Autoridades logran la recuperaci\u00f3n de espacio p\u00fablico en el barrio Madrigal de Neiva\"}]},{\"@type\":\"WebSite\",\"@id\":\"https:\/\/luchonoticias.com\/editor\/#website\",\"url\":\"https:\/\/luchonoticias.com\/editor\/\",\"name\":\"\",\"description\":\"\",\"publisher\":{\"@id\":\"https:\/\/luchonoticias.com\/editor\/#\/schema\/person\/7a7fd911f58561fd056dbac7b55af9cd\"},\"potentialAction\":[{\"@type\":\"SearchAction\",\"target\":{\"@type\":\"EntryPoint\",\"urlTemplate\":\"https:\/\/luchonoticias.com\/editor\/?s={search_term_string}\"},\"query-input\":{\"@type\":\"PropertyValueSpecification\",\"valueRequired\":true,\"valueName\":\"search_term_string\"}}],\"inLanguage\":\"es\"},{\"@type\":[\"Person\",\"Organization\"],\"@id\":\"https:\/\/luchonoticias.com\/editor\/#\/schema\/person\/7a7fd911f58561fd056dbac7b55af9cd\",\"name\":\"admin\",\"image\":{\"@type\":\"ImageObject\",\"inLanguage\":\"es\",\"@id\":\"https:\/\/luchonoticias.com\/editor\/#\/schema\/person\/image\/\",\"url\":\"https:\/\/luchonoticias.com\/editor\/wp-content\/uploads\/2024\/02\/cropped-cropped-logolu.webp\",\"contentUrl\":\"https:\/\/luchonoticias.com\/editor\/wp-content\/uploads\/2024\/02\/cropped-cropped-logolu.webp\",\"width\":382,\"height\":170,\"caption\":\"admin\"},\"logo\":{\"@id\":\"https:\/\/luchonoticias.com\/editor\/#\/schema\/person\/image\/\"},\"sameAs\":[\"https:\/\/www.facebook.com\/luchonoticiasneiva\"]},{\"@type\":\"Person\",\"@id\":\"https:\/\/luchonoticias.com\/editor\/#\/schema\/person\/29217990ddf6f14e35912b2866d591fb\",\"name\":\"Editor General\",\"image\":{\"@type\":\"ImageObject\",\"inLanguage\":\"es\",\"@id\":\"https:\/\/luchonoticias.com\/editor\/#\/schema\/person\/image\/\",\"url\":\"https:\/\/luchonoticias.com\/editor\/wp-content\/uploads\/2024\/02\/cropped-cropped-logolu-150x150.webp\",\"contentUrl\":\"https:\/\/luchonoticias.com\/editor\/wp-content\/uploads\/2024\/02\/cropped-cropped-logolu-150x150.webp\",\"caption\":\"Editor General\"},\"sameAs\":[\"https:\/\/luchonoticias.com\/\"],\"url\":\"https:\/\/luchonoticias.com\/editor\/author\/editor-general\/\"}]}<\/script>\n<!-- \/ Yoast SEO plugin. -->","yoast_head_json":{"title":"Autoridades logran la recuperaci\u00f3n de espacio p\u00fablico en el barrio Madrigal de Neiva -","robots":{"index":"index","follow":"follow","max-snippet":"max-snippet:-1","max-image-preview":"max-image-preview:large","max-video-preview":"max-video-preview:-1"},"canonical":"https:\/\/luchonoticias.com\/editor\/autoridades-logran-la-recuperacion-de-espacio-publico-en-el-barrio-madrigal-de-neiva\/","og_locale":"es_ES","og_type":"article","og_title":"Autoridades logran la recuperaci\u00f3n de espacio p\u00fablico en el barrio Madrigal de Neiva -","og_url":"https:\/\/luchonoticias.com\/editor\/autoridades-logran-la-recuperacion-de-espacio-publico-en-el-barrio-madrigal-de-neiva\/","article_publisher":"https:\/\/www.facebook.com\/luchonoticiasneiva","article_published_time":"2024-03-01T20:22:50+00:00","og_image":[{"width":700,"height":394,"url":"https:\/\/luchonoticias.com\/editor\/wp-content\/uploads\/2024\/03\/cancha-de-tejo-madrigal.jpg","type":"image\/jpeg"}],"author":"Editor General","twitter_card":"summary_large_image","twitter_misc":{"Escrito por":"Editor General","Tiempo de lectura":"1 minuto"},"schema":{"@context":"https:\/\/schema.org","@graph":[{"@type":"Article","@id":"https:\/\/luchonoticias.com\/editor\/autoridades-logran-la-recuperacion-de-espacio-publico-en-el-barrio-madrigal-de-neiva\/#article","isPartOf":{"@id":"https:\/\/luchonoticias.com\/editor\/autoridades-logran-la-recuperacion-de-espacio-publico-en-el-barrio-madrigal-de-neiva\/"},"author":{"name":"Editor General","@id":"https:\/\/luchonoticias.com\/editor\/#\/schema\/person\/29217990ddf6f14e35912b2866d591fb"},"headline":"Autoridades logran la recuperaci\u00f3n de espacio p\u00fablico en el barrio Madrigal de Neiva","datePublished":"2024-03-01T20:22:50+00:00","mainEntityOfPage":{"@id":"https:\/\/luchonoticias.com\/editor\/autoridades-logran-la-recuperacion-de-espacio-publico-en-el-barrio-madrigal-de-neiva\/"},"wordCount":136,"publisher":{"@id":"https:\/\/luchonoticias.com\/editor\/#\/schema\/person\/7a7fd911f58561fd056dbac7b55af9cd"},"image":{"@id":"https:\/\/luchonoticias.com\/editor\/autoridades-logran-la-recuperacion-de-espacio-publico-en-el-barrio-madrigal-de-neiva\/#primaryimage"},"thumbnailUrl":"https:\/\/luchonoticias.com\/editor\/wp-content\/uploads\/2024\/03\/cancha-de-tejo-madrigal.jpg","articleSection":["Destacado","Judicial"],"inLanguage":"es"},{"@type":"WebPage","@id":"https:\/\/luchonoticias.com\/editor\/autoridades-logran-la-recuperacion-de-espacio-publico-en-el-barrio-madrigal-de-neiva\/","url":"https:\/\/luchonoticias.com\/editor\/autoridades-logran-la-recuperacion-de-espacio-publico-en-el-barrio-madrigal-de-neiva\/","name":"Autoridades logran la recuperaci\u00f3n de espacio p\u00fablico en el barrio Madrigal de Neiva -","isPartOf":{"@id":"https:\/\/luchonoticias.com\/editor\/#website"},"primaryImageOfPage":{"@id":"https:\/\/luchonoticias.com\/editor\/autoridades-logran-la-recuperacion-de-espacio-publico-en-el-barrio-madrigal-de-neiva\/#primaryimage"},"image":{"@id":"https:\/\/luchonoticias.com\/editor\/autoridades-logran-la-recuperacion-de-espacio-publico-en-el-barrio-madrigal-de-neiva\/#primaryimage"},"thumbnailUrl":"https:\/\/luchonoticias.com\/editor\/wp-content\/uploads\/2024\/03\/cancha-de-tejo-madrigal.jpg","datePublished":"2024-03-01T20:22:50+00:00","breadcrumb":{"@id":"https:\/\/luchonoticias.com\/editor\/autoridades-logran-la-recuperacion-de-espacio-publico-en-el-barrio-madrigal-de-neiva\/#breadcrumb"},"inLanguage":"es","potentialAction":[{"@type":"ReadAction","target":["https:\/\/luchonoticias.com\/editor\/autoridades-logran-la-recuperacion-de-espacio-publico-en-el-barrio-madrigal-de-neiva\/"]}]},{"@type":"ImageObject","inLanguage":"es","@id":"https:\/\/luchonoticias.com\/editor\/autoridades-logran-la-recuperacion-de-espacio-publico-en-el-barrio-madrigal-de-neiva\/#primaryimage","url":"https:\/\/luchonoticias.com\/editor\/wp-content\/uploads\/2024\/03\/cancha-de-tejo-madrigal.jpg","contentUrl":"https:\/\/luchonoticias.com\/editor\/wp-content\/uploads\/2024\/03\/cancha-de-tejo-madrigal.jpg","width":700,"height":394},{"@type":"BreadcrumbList","@id":"https:\/\/luchonoticias.com\/editor\/autoridades-logran-la-recuperacion-de-espacio-publico-en-el-barrio-madrigal-de-neiva\/#breadcrumb","itemListElement":[{"@type":"ListItem","position":1,"name":"Portada","item":"https:\/\/luchonoticias.com\/editor\/"},{"@type":"ListItem","position":2,"name":"Autoridades logran la recuperaci\u00f3n de espacio p\u00fablico en el barrio Madrigal de Neiva"}]},{"@type":"WebSite","@id":"https:\/\/luchonoticias.com\/editor\/#website","url":"https:\/\/luchonoticias.com\/editor\/","name":"","description":"","publisher":{"@id":"https:\/\/luchonoticias.com\/editor\/#\/schema\/person\/7a7fd911f58561fd056dbac7b55af9cd"},"potentialAction":[{"@type":"SearchAction","target":{"@type":"EntryPoint","urlTemplate":"https:\/\/luchonoticias.com\/editor\/?s={search_term_string}"},"query-input":{"@type":"PropertyValueSpecification","valueRequired":true,"valueName":"search_term_string"}}],"inLanguage":"es"},{"@type":["Person","Organization"],"@id":"https:\/\/luchonoticias.com\/editor\/#\/schema\/person\/7a7fd911f58561fd056dbac7b55af9cd","name":"admin","image":{"@type":"ImageObject","inLanguage":"es","@id":"https:\/\/luchonoticias.com\/editor\/#\/schema\/person\/image\/","url":"https:\/\/luchonoticias.com\/editor\/wp-content\/uploads\/2024\/02\/cropped-cropped-logolu.webp","contentUrl":"https:\/\/luchonoticias.com\/editor\/wp-content\/uploads\/2024\/02\/cropped-cropped-logolu.webp","width":382,"height":170,"caption":"admin"},"logo":{"@id":"https:\/\/luchonoticias.com\/editor\/#\/schema\/person\/image\/"},"sameAs":["https:\/\/www.facebook.com\/luchonoticiasneiva"]},{"@type":"Person","@id":"https:\/\/luchonoticias.com\/editor\/#\/schema\/person\/29217990ddf6f14e35912b2866d591fb","name":"Editor General","image":{"@type":"ImageObject","inLanguage":"es","@id":"https:\/\/luchonoticias.com\/editor\/#\/schema\/person\/image\/","url":"https:\/\/luchonoticias.com\/editor\/wp-content\/uploads\/2024\/02\/cropped-cropped-logolu-150x150.webp","contentUrl":"https:\/\/luchonoticias.com\/editor\/wp-content\/uploads\/2024\/02\/cropped-cropped-logolu-150x150.webp","caption":"Editor General"},"sameAs":["https:\/\/luchonoticias.com\/"],"url":"https:\/\/luchonoticias.com\/editor\/author\/editor-general\/"}]}},"_links":{"self":[{"href":"https:\/\/luchonoticias.com\/editor\/wp-json\/wp\/v2\/posts\/69878","targetHints":{"allow":["GET"]}}],"collection":[{"href":"https:\/\/luchonoticias.com\/editor\/wp-json\/wp\/v2\/posts"}],"about":[{"href":"https:\/\/luchonoticias.com\/editor\/wp-json\/wp\/v2\/types\/post"}],"author":[{"embeddable":true,"href":"https:\/\/luchonoticias.com\/editor\/wp-json\/wp\/v2\/users\/2"}],"replies":[{"embeddable":true,"href":"https:\/\/luchonoticias.com\/editor\/wp-json\/wp\/v2\/comments?post=69878"}],"version-history":[{"count":0,"href":"https:\/\/luchonoticias.com\/editor\/wp-json\/wp\/v2\/posts\/69878\/revisions"}],"wp:featuredmedia":[{"embeddable":true,"href":"https:\/\/luchonoticias.com\/editor\/wp-json\/wp\/v2\/media\/69879"}],"wp:attachment":[{"href":"https:\/\/luchonoticias.com\/editor\/wp-json\/wp\/v2\/media?parent=69878"}],"wp:term":[{"taxonomy":"category","embeddable":true,"href":"https:\/\/luchonoticias.com\/editor\/wp-json\/wp\/v2\/categories?post=69878"},{"taxonomy":"post_tag","embeddable":true,"href":"https:\/\/luchonoticias.com\/editor\/wp-json\/wp\/v2\/tags?post=69878"}],"curies":[{"name":"wp","href":"https:\/\/api.w.org\/{rel}","templated":true}]}}