{"id":69882,"date":"2024-03-01T15:27:00","date_gmt":"2024-03-01T20:27:00","guid":{"rendered":"https:\/\/luchonoticias.com\/?p=69882"},"modified":"2024-03-01T15:27:00","modified_gmt":"2024-03-01T20:27:00","slug":"aprobados-en-primer-debate-dos-proyectos-de-ordenanza-que-permitiran-avanzar-en-la-formalizacion-de-predios-rurales-en-el-huila","status":"publish","type":"post","link":"https:\/\/luchonoticias.com\/editor\/aprobados-en-primer-debate-dos-proyectos-de-ordenanza-que-permitiran-avanzar-en-la-formalizacion-de-predios-rurales-en-el-huila\/","title":{"rendered":"Aprobados en primer debate dos proyectos de ordenanza que permitir\u00e1n avanzar en la formalizaci\u00f3n de predios rurales en el Huila"},"content":{"rendered":"<p>Teniendo en cuenta que la titulaci\u00f3n de predios es un paso crucial para que los campesinos accedan a toda la oferta institucional del estado, logrando impulso para sus proyectos productivos, la Gobernaci\u00f3n del Huila viene avanzando desde varios frentes para contribuir con ese prop\u00f3sito, desde la sensibilizaci\u00f3n de pobladores rurales, la revisi\u00f3n de casos con el apoyo de su equipo interdisciplinario de formalizaci\u00f3n, y la articulaci\u00f3n con aliados estrat\u00e9gicos para facilitar los procesos de formalizaci\u00f3n.<\/p>\n<p>A este importante trabajo se suma el decido apoyo de la Asamblea Departamental del Huila mediante la aprobaci\u00f3n de proyectos de ordenanza, encaminados a facilitarle el proceso de titulaci\u00f3n de predios a las familias campesinas, mediante la exenci\u00f3n del pago de impuestos al departamento.<\/p>\n<p>Es as\u00ed como este jueves al cierre del primer periodo de sesiones ordinarias de 2024, se le dio tr\u00e1mite y aprobaci\u00f3n en primer debate a los proyectos de ordenanza 003 y 004 de 2024, construidos y estructurados por el diputado Sergio Andr\u00e9s Trujillo Perdomo, por medio de los cuales se exime en un 100% del\u00a0 pago de impuestos de registro, y de m\u00e1s grav\u00e1menes que generen los tramites de t\u00edtulos de propiedad que se encuentren en sentencias judiciales, actos, contratos, escrituras p\u00fablicas, resoluciones de adjudicaci\u00f3n y dem\u00e1s actos o negocios jur\u00eddicos.<\/p>\n<p>Estos descuentos aplican para todos los beneficiarios de la \u201cEstrategia territorial para la gesti\u00f3n de la regularizaci\u00f3n de la propiedad rural para el departamento del Huila\u201d, y los programas de formalizaci\u00f3n de la propiedad rural del Ministerio de Agricultura, asumido por la Agencia Nacional de Tierras.<\/p>\n<p>Una vez estas dos ordenanzas sean aprobadas por la Asamblea Departamental del Huila, y sancionadas por el gobernador, tendr\u00e1n vigencia hasta el 31 de diciembre del a\u00f1o 2027.<\/p>\n<p>Para el secretario de agricultura y miner\u00eda del departamento, Carlos Alberto Cuellar Medina, este es un gran logro que sin duda va a impactar positivamente a los pobladores rurales, no solo facilitando los tramites de titulaci\u00f3n sino cuidando su econom\u00eda mediante la exenci\u00f3n del pago de impuestos.<\/p>\n<p>Por su parte el diputado Sergio Andr\u00e9s Trujillo Perdomo, sostuvo que la formalizaci\u00f3n de predios es una necesidad sentida de las familias campesinas, donde el gobierno departamental se ha preparado para dar respuesta mediante la consolidaci\u00f3n de un equipo de tierras con el que se viene avanzando en la titulaci\u00f3n de tierras, donde el trabajo adelantado por la Gobernaci\u00f3n del Huila aunado a estas dos ordenanzas se convierte en una herramienta fundamental, necesaria, y eficaz, que brinda apoyo jur\u00eddico, t\u00e9cnico, y financiero, a los campesinos del departamento que hoy est\u00e1n en lista de espera para lograr la titulaci\u00f3n de sus predios.<\/p>\n","protected":false},"excerpt":{"rendered":"<p>Teniendo en cuenta que la titulaci\u00f3n de predios es un paso crucial para que los campesinos accedan a toda la oferta institucional del estado, logrando impulso para sus proyectos productivos, la Gobernaci\u00f3n del Huila viene avanzando desde varios frentes para contribuir con ese prop\u00f3sito, desde la sensibilizaci\u00f3n de pobladores rurales, la revisi\u00f3n de casos con [&hellip;]<\/p>\n","protected":false},"author":2,"featured_media":69883,"comment_status":"closed","ping_status":"open","sticky":false,"template":"","format":"standard","meta":{"footnotes":""},"categories":[36,33],"tags":[],"class_list":["post-69882","post","type-post","status-publish","format-standard","has-post-thumbnail","hentry","category-destacado","category-huila"],"yoast_head":"<!-- This site is optimized with the Yoast SEO plugin v26.6 - https:\/\/yoast.com\/wordpress\/plugins\/seo\/ -->\n<title>Aprobados en primer debate dos proyectos de ordenanza que permitir\u00e1n avanzar en la formalizaci\u00f3n de predios rurales en el Huila -<\/title>\n<meta name=\"robots\" content=\"index, follow, max-snippet:-1, max-image-preview:large, max-video-preview:-1\" \/>\n<link rel=\"canonical\" href=\"https:\/\/luchonoticias.com\/editor\/aprobados-en-primer-debate-dos-proyectos-de-ordenanza-que-permitiran-avanzar-en-la-formalizacion-de-predios-rurales-en-el-huila\/\" \/>\n<meta property=\"og:locale\" content=\"es_ES\" \/>\n<meta property=\"og:type\" content=\"article\" \/>\n<meta property=\"og:title\" content=\"Aprobados en primer debate dos proyectos de ordenanza que permitir\u00e1n avanzar en la formalizaci\u00f3n de predios rurales en el Huila -\" \/>\n<meta property=\"og:url\" content=\"https:\/\/luchonoticias.com\/editor\/aprobados-en-primer-debate-dos-proyectos-de-ordenanza-que-permitiran-avanzar-en-la-formalizacion-de-predios-rurales-en-el-huila\/\" \/>\n<meta property=\"article:publisher\" content=\"https:\/\/www.facebook.com\/luchonoticiasneiva\" \/>\n<meta property=\"article:published_time\" content=\"2024-03-01T20:27:00+00:00\" \/>\n<meta property=\"og:image\" content=\"https:\/\/luchonoticias.com\/editor\/wp-content\/uploads\/2024\/03\/predios-rurales-huila.jpg\" \/>\n\t<meta property=\"og:image:width\" content=\"700\" \/>\n\t<meta property=\"og:image:height\" content=\"394\" \/>\n\t<meta property=\"og:image:type\" content=\"image\/jpeg\" \/>\n<meta name=\"author\" content=\"Editor General\" \/>\n<meta name=\"twitter:card\" content=\"summary_large_image\" \/>\n<meta name=\"twitter:label1\" content=\"Escrito por\" \/>\n\t<meta name=\"twitter:data1\" content=\"Editor General\" \/>\n\t<meta name=\"twitter:label2\" content=\"Tiempo de lectura\" \/>\n\t<meta name=\"twitter:data2\" content=\"2 minutos\" \/>\n<script type=\"application\/ld+json\" class=\"yoast-schema-graph\">{\"@context\":\"https:\/\/schema.org\",\"@graph\":[{\"@type\":\"Article\",\"@id\":\"https:\/\/luchonoticias.com\/editor\/aprobados-en-primer-debate-dos-proyectos-de-ordenanza-que-permitiran-avanzar-en-la-formalizacion-de-predios-rurales-en-el-huila\/#article\",\"isPartOf\":{\"@id\":\"https:\/\/luchonoticias.com\/editor\/aprobados-en-primer-debate-dos-proyectos-de-ordenanza-que-permitiran-avanzar-en-la-formalizacion-de-predios-rurales-en-el-huila\/\"},\"author\":{\"name\":\"Editor General\",\"@id\":\"https:\/\/luchonoticias.com\/editor\/#\/schema\/person\/29217990ddf6f14e35912b2866d591fb\"},\"headline\":\"Aprobados en primer debate dos proyectos de ordenanza que permitir\u00e1n avanzar en la formalizaci\u00f3n de predios rurales en el Huila\",\"datePublished\":\"2024-03-01T20:27:00+00:00\",\"mainEntityOfPage\":{\"@id\":\"https:\/\/luchonoticias.com\/editor\/aprobados-en-primer-debate-dos-proyectos-de-ordenanza-que-permitiran-avanzar-en-la-formalizacion-de-predios-rurales-en-el-huila\/\"},\"wordCount\":487,\"publisher\":{\"@id\":\"https:\/\/luchonoticias.com\/editor\/#\/schema\/person\/7a7fd911f58561fd056dbac7b55af9cd\"},\"image\":{\"@id\":\"https:\/\/luchonoticias.com\/editor\/aprobados-en-primer-debate-dos-proyectos-de-ordenanza-que-permitiran-avanzar-en-la-formalizacion-de-predios-rurales-en-el-huila\/#primaryimage\"},\"thumbnailUrl\":\"https:\/\/luchonoticias.com\/editor\/wp-content\/uploads\/2024\/03\/predios-rurales-huila.jpg\",\"articleSection\":[\"Destacado\",\"Huila\"],\"inLanguage\":\"es\"},{\"@type\":\"WebPage\",\"@id\":\"https:\/\/luchonoticias.com\/editor\/aprobados-en-primer-debate-dos-proyectos-de-ordenanza-que-permitiran-avanzar-en-la-formalizacion-de-predios-rurales-en-el-huila\/\",\"url\":\"https:\/\/luchonoticias.com\/editor\/aprobados-en-primer-debate-dos-proyectos-de-ordenanza-que-permitiran-avanzar-en-la-formalizacion-de-predios-rurales-en-el-huila\/\",\"name\":\"Aprobados en primer debate dos proyectos de ordenanza que permitir\u00e1n avanzar en la formalizaci\u00f3n de predios rurales en el Huila -\",\"isPartOf\":{\"@id\":\"https:\/\/luchonoticias.com\/editor\/#website\"},\"primaryImageOfPage\":{\"@id\":\"https:\/\/luchonoticias.com\/editor\/aprobados-en-primer-debate-dos-proyectos-de-ordenanza-que-permitiran-avanzar-en-la-formalizacion-de-predios-rurales-en-el-huila\/#primaryimage\"},\"image\":{\"@id\":\"https:\/\/luchonoticias.com\/editor\/aprobados-en-primer-debate-dos-proyectos-de-ordenanza-que-permitiran-avanzar-en-la-formalizacion-de-predios-rurales-en-el-huila\/#primaryimage\"},\"thumbnailUrl\":\"https:\/\/luchonoticias.com\/editor\/wp-content\/uploads\/2024\/03\/predios-rurales-huila.jpg\",\"datePublished\":\"2024-03-01T20:27:00+00:00\",\"breadcrumb\":{\"@id\":\"https:\/\/luchonoticias.com\/editor\/aprobados-en-primer-debate-dos-proyectos-de-ordenanza-que-permitiran-avanzar-en-la-formalizacion-de-predios-rurales-en-el-huila\/#breadcrumb\"},\"inLanguage\":\"es\",\"potentialAction\":[{\"@type\":\"ReadAction\",\"target\":[\"https:\/\/luchonoticias.com\/editor\/aprobados-en-primer-debate-dos-proyectos-de-ordenanza-que-permitiran-avanzar-en-la-formalizacion-de-predios-rurales-en-el-huila\/\"]}]},{\"@type\":\"ImageObject\",\"inLanguage\":\"es\",\"@id\":\"https:\/\/luchonoticias.com\/editor\/aprobados-en-primer-debate-dos-proyectos-de-ordenanza-que-permitiran-avanzar-en-la-formalizacion-de-predios-rurales-en-el-huila\/#primaryimage\",\"url\":\"https:\/\/luchonoticias.com\/editor\/wp-content\/uploads\/2024\/03\/predios-rurales-huila.jpg\",\"contentUrl\":\"https:\/\/luchonoticias.com\/editor\/wp-content\/uploads\/2024\/03\/predios-rurales-huila.jpg\",\"width\":700,\"height\":394},{\"@type\":\"BreadcrumbList\",\"@id\":\"https:\/\/luchonoticias.com\/editor\/aprobados-en-primer-debate-dos-proyectos-de-ordenanza-que-permitiran-avanzar-en-la-formalizacion-de-predios-rurales-en-el-huila\/#breadcrumb\",\"itemListElement\":[{\"@type\":\"ListItem\",\"position\":1,\"name\":\"Portada\",\"item\":\"https:\/\/luchonoticias.com\/editor\/\"},{\"@type\":\"ListItem\",\"position\":2,\"name\":\"Aprobados en primer debate dos proyectos de ordenanza que permitir\u00e1n avanzar en la formalizaci\u00f3n de predios rurales en el Huila\"}]},{\"@type\":\"WebSite\",\"@id\":\"https:\/\/luchonoticias.com\/editor\/#website\",\"url\":\"https:\/\/luchonoticias.com\/editor\/\",\"name\":\"\",\"description\":\"\",\"publisher\":{\"@id\":\"https:\/\/luchonoticias.com\/editor\/#\/schema\/person\/7a7fd911f58561fd056dbac7b55af9cd\"},\"potentialAction\":[{\"@type\":\"SearchAction\",\"target\":{\"@type\":\"EntryPoint\",\"urlTemplate\":\"https:\/\/luchonoticias.com\/editor\/?s={search_term_string}\"},\"query-input\":{\"@type\":\"PropertyValueSpecification\",\"valueRequired\":true,\"valueName\":\"search_term_string\"}}],\"inLanguage\":\"es\"},{\"@type\":[\"Person\",\"Organization\"],\"@id\":\"https:\/\/luchonoticias.com\/editor\/#\/schema\/person\/7a7fd911f58561fd056dbac7b55af9cd\",\"name\":\"admin\",\"image\":{\"@type\":\"ImageObject\",\"inLanguage\":\"es\",\"@id\":\"https:\/\/luchonoticias.com\/editor\/#\/schema\/person\/image\/\",\"url\":\"https:\/\/luchonoticias.com\/editor\/wp-content\/uploads\/2024\/02\/cropped-cropped-logolu.webp\",\"contentUrl\":\"https:\/\/luchonoticias.com\/editor\/wp-content\/uploads\/2024\/02\/cropped-cropped-logolu.webp\",\"width\":382,\"height\":170,\"caption\":\"admin\"},\"logo\":{\"@id\":\"https:\/\/luchonoticias.com\/editor\/#\/schema\/person\/image\/\"},\"sameAs\":[\"https:\/\/www.facebook.com\/luchonoticiasneiva\"]},{\"@type\":\"Person\",\"@id\":\"https:\/\/luchonoticias.com\/editor\/#\/schema\/person\/29217990ddf6f14e35912b2866d591fb\",\"name\":\"Editor General\",\"image\":{\"@type\":\"ImageObject\",\"inLanguage\":\"es\",\"@id\":\"https:\/\/luchonoticias.com\/editor\/#\/schema\/person\/image\/\",\"url\":\"https:\/\/luchonoticias.com\/editor\/wp-content\/uploads\/2024\/02\/cropped-cropped-logolu-150x150.webp\",\"contentUrl\":\"https:\/\/luchonoticias.com\/editor\/wp-content\/uploads\/2024\/02\/cropped-cropped-logolu-150x150.webp\",\"caption\":\"Editor General\"},\"sameAs\":[\"https:\/\/luchonoticias.com\/\"],\"url\":\"https:\/\/luchonoticias.com\/editor\/author\/editor-general\/\"}]}<\/script>\n<!-- \/ Yoast SEO plugin. -->","yoast_head_json":{"title":"Aprobados en primer debate dos proyectos de ordenanza que permitir\u00e1n avanzar en la formalizaci\u00f3n de predios rurales en el Huila -","robots":{"index":"index","follow":"follow","max-snippet":"max-snippet:-1","max-image-preview":"max-image-preview:large","max-video-preview":"max-video-preview:-1"},"canonical":"https:\/\/luchonoticias.com\/editor\/aprobados-en-primer-debate-dos-proyectos-de-ordenanza-que-permitiran-avanzar-en-la-formalizacion-de-predios-rurales-en-el-huila\/","og_locale":"es_ES","og_type":"article","og_title":"Aprobados en primer debate dos proyectos de ordenanza que permitir\u00e1n avanzar en la formalizaci\u00f3n de predios rurales en el Huila -","og_url":"https:\/\/luchonoticias.com\/editor\/aprobados-en-primer-debate-dos-proyectos-de-ordenanza-que-permitiran-avanzar-en-la-formalizacion-de-predios-rurales-en-el-huila\/","article_publisher":"https:\/\/www.facebook.com\/luchonoticiasneiva","article_published_time":"2024-03-01T20:27:00+00:00","og_image":[{"width":700,"height":394,"url":"https:\/\/luchonoticias.com\/editor\/wp-content\/uploads\/2024\/03\/predios-rurales-huila.jpg","type":"image\/jpeg"}],"author":"Editor General","twitter_card":"summary_large_image","twitter_misc":{"Escrito por":"Editor General","Tiempo de lectura":"2 minutos"},"schema":{"@context":"https:\/\/schema.org","@graph":[{"@type":"Article","@id":"https:\/\/luchonoticias.com\/editor\/aprobados-en-primer-debate-dos-proyectos-de-ordenanza-que-permitiran-avanzar-en-la-formalizacion-de-predios-rurales-en-el-huila\/#article","isPartOf":{"@id":"https:\/\/luchonoticias.com\/editor\/aprobados-en-primer-debate-dos-proyectos-de-ordenanza-que-permitiran-avanzar-en-la-formalizacion-de-predios-rurales-en-el-huila\/"},"author":{"name":"Editor General","@id":"https:\/\/luchonoticias.com\/editor\/#\/schema\/person\/29217990ddf6f14e35912b2866d591fb"},"headline":"Aprobados en primer debate dos proyectos de ordenanza que permitir\u00e1n avanzar en la formalizaci\u00f3n de predios rurales en el Huila","datePublished":"2024-03-01T20:27:00+00:00","mainEntityOfPage":{"@id":"https:\/\/luchonoticias.com\/editor\/aprobados-en-primer-debate-dos-proyectos-de-ordenanza-que-permitiran-avanzar-en-la-formalizacion-de-predios-rurales-en-el-huila\/"},"wordCount":487,"publisher":{"@id":"https:\/\/luchonoticias.com\/editor\/#\/schema\/person\/7a7fd911f58561fd056dbac7b55af9cd"},"image":{"@id":"https:\/\/luchonoticias.com\/editor\/aprobados-en-primer-debate-dos-proyectos-de-ordenanza-que-permitiran-avanzar-en-la-formalizacion-de-predios-rurales-en-el-huila\/#primaryimage"},"thumbnailUrl":"https:\/\/luchonoticias.com\/editor\/wp-content\/uploads\/2024\/03\/predios-rurales-huila.jpg","articleSection":["Destacado","Huila"],"inLanguage":"es"},{"@type":"WebPage","@id":"https:\/\/luchonoticias.com\/editor\/aprobados-en-primer-debate-dos-proyectos-de-ordenanza-que-permitiran-avanzar-en-la-formalizacion-de-predios-rurales-en-el-huila\/","url":"https:\/\/luchonoticias.com\/editor\/aprobados-en-primer-debate-dos-proyectos-de-ordenanza-que-permitiran-avanzar-en-la-formalizacion-de-predios-rurales-en-el-huila\/","name":"Aprobados en primer debate dos proyectos de ordenanza que permitir\u00e1n avanzar en la formalizaci\u00f3n de predios rurales en el Huila -","isPartOf":{"@id":"https:\/\/luchonoticias.com\/editor\/#website"},"primaryImageOfPage":{"@id":"https:\/\/luchonoticias.com\/editor\/aprobados-en-primer-debate-dos-proyectos-de-ordenanza-que-permitiran-avanzar-en-la-formalizacion-de-predios-rurales-en-el-huila\/#primaryimage"},"image":{"@id":"https:\/\/luchonoticias.com\/editor\/aprobados-en-primer-debate-dos-proyectos-de-ordenanza-que-permitiran-avanzar-en-la-formalizacion-de-predios-rurales-en-el-huila\/#primaryimage"},"thumbnailUrl":"https:\/\/luchonoticias.com\/editor\/wp-content\/uploads\/2024\/03\/predios-rurales-huila.jpg","datePublished":"2024-03-01T20:27:00+00:00","breadcrumb":{"@id":"https:\/\/luchonoticias.com\/editor\/aprobados-en-primer-debate-dos-proyectos-de-ordenanza-que-permitiran-avanzar-en-la-formalizacion-de-predios-rurales-en-el-huila\/#breadcrumb"},"inLanguage":"es","potentialAction":[{"@type":"ReadAction","target":["https:\/\/luchonoticias.com\/editor\/aprobados-en-primer-debate-dos-proyectos-de-ordenanza-que-permitiran-avanzar-en-la-formalizacion-de-predios-rurales-en-el-huila\/"]}]},{"@type":"ImageObject","inLanguage":"es","@id":"https:\/\/luchonoticias.com\/editor\/aprobados-en-primer-debate-dos-proyectos-de-ordenanza-que-permitiran-avanzar-en-la-formalizacion-de-predios-rurales-en-el-huila\/#primaryimage","url":"https:\/\/luchonoticias.com\/editor\/wp-content\/uploads\/2024\/03\/predios-rurales-huila.jpg","contentUrl":"https:\/\/luchonoticias.com\/editor\/wp-content\/uploads\/2024\/03\/predios-rurales-huila.jpg","width":700,"height":394},{"@type":"BreadcrumbList","@id":"https:\/\/luchonoticias.com\/editor\/aprobados-en-primer-debate-dos-proyectos-de-ordenanza-que-permitiran-avanzar-en-la-formalizacion-de-predios-rurales-en-el-huila\/#breadcrumb","itemListElement":[{"@type":"ListItem","position":1,"name":"Portada","item":"https:\/\/luchonoticias.com\/editor\/"},{"@type":"ListItem","position":2,"name":"Aprobados en primer debate dos proyectos de ordenanza que permitir\u00e1n avanzar en la formalizaci\u00f3n de predios rurales en el Huila"}]},{"@type":"WebSite","@id":"https:\/\/luchonoticias.com\/editor\/#website","url":"https:\/\/luchonoticias.com\/editor\/","name":"","description":"","publisher":{"@id":"https:\/\/luchonoticias.com\/editor\/#\/schema\/person\/7a7fd911f58561fd056dbac7b55af9cd"},"potentialAction":[{"@type":"SearchAction","target":{"@type":"EntryPoint","urlTemplate":"https:\/\/luchonoticias.com\/editor\/?s={search_term_string}"},"query-input":{"@type":"PropertyValueSpecification","valueRequired":true,"valueName":"search_term_string"}}],"inLanguage":"es"},{"@type":["Person","Organization"],"@id":"https:\/\/luchonoticias.com\/editor\/#\/schema\/person\/7a7fd911f58561fd056dbac7b55af9cd","name":"admin","image":{"@type":"ImageObject","inLanguage":"es","@id":"https:\/\/luchonoticias.com\/editor\/#\/schema\/person\/image\/","url":"https:\/\/luchonoticias.com\/editor\/wp-content\/uploads\/2024\/02\/cropped-cropped-logolu.webp","contentUrl":"https:\/\/luchonoticias.com\/editor\/wp-content\/uploads\/2024\/02\/cropped-cropped-logolu.webp","width":382,"height":170,"caption":"admin"},"logo":{"@id":"https:\/\/luchonoticias.com\/editor\/#\/schema\/person\/image\/"},"sameAs":["https:\/\/www.facebook.com\/luchonoticiasneiva"]},{"@type":"Person","@id":"https:\/\/luchonoticias.com\/editor\/#\/schema\/person\/29217990ddf6f14e35912b2866d591fb","name":"Editor General","image":{"@type":"ImageObject","inLanguage":"es","@id":"https:\/\/luchonoticias.com\/editor\/#\/schema\/person\/image\/","url":"https:\/\/luchonoticias.com\/editor\/wp-content\/uploads\/2024\/02\/cropped-cropped-logolu-150x150.webp","contentUrl":"https:\/\/luchonoticias.com\/editor\/wp-content\/uploads\/2024\/02\/cropped-cropped-logolu-150x150.webp","caption":"Editor General"},"sameAs":["https:\/\/luchonoticias.com\/"],"url":"https:\/\/luchonoticias.com\/editor\/author\/editor-general\/"}]}},"_links":{"self":[{"href":"https:\/\/luchonoticias.com\/editor\/wp-json\/wp\/v2\/posts\/69882","targetHints":{"allow":["GET"]}}],"collection":[{"href":"https:\/\/luchonoticias.com\/editor\/wp-json\/wp\/v2\/posts"}],"about":[{"href":"https:\/\/luchonoticias.com\/editor\/wp-json\/wp\/v2\/types\/post"}],"author":[{"embeddable":true,"href":"https:\/\/luchonoticias.com\/editor\/wp-json\/wp\/v2\/users\/2"}],"replies":[{"embeddable":true,"href":"https:\/\/luchonoticias.com\/editor\/wp-json\/wp\/v2\/comments?post=69882"}],"version-history":[{"count":0,"href":"https:\/\/luchonoticias.com\/editor\/wp-json\/wp\/v2\/posts\/69882\/revisions"}],"wp:featuredmedia":[{"embeddable":true,"href":"https:\/\/luchonoticias.com\/editor\/wp-json\/wp\/v2\/media\/69883"}],"wp:attachment":[{"href":"https:\/\/luchonoticias.com\/editor\/wp-json\/wp\/v2\/media?parent=69882"}],"wp:term":[{"taxonomy":"category","embeddable":true,"href":"https:\/\/luchonoticias.com\/editor\/wp-json\/wp\/v2\/categories?post=69882"},{"taxonomy":"post_tag","embeddable":true,"href":"https:\/\/luchonoticias.com\/editor\/wp-json\/wp\/v2\/tags?post=69882"}],"curies":[{"name":"wp","href":"https:\/\/api.w.org\/{rel}","templated":true}]}}